{"id":3116,"date":"2015-09-01T00:58:18","date_gmt":"2015-09-01T03:58:18","guid":{"rendered":"http:\/\/www.jornalrol.com.br\/?p=3116"},"modified":"2015-09-01T00:58:18","modified_gmt":"2015-09-01T03:58:18","slug":"projeto-exibe-filmes-com-robin-williams-em-itapetininga","status":"publish","type":"post","link":"https:\/\/jornalrol.com.br\/?p=3116","title":{"rendered":"Projeto exibe filmes com Robin Williams em Itapetininga"},"content":{"rendered":"<div class=\"pdfprnt-buttons pdfprnt-buttons-post pdfprnt-top-right\"><a href=\"https:\/\/jornalrol.com.br\/index.php?rest_route=%2Fwp%2Fv2%2Fposts%2F3116&print=pdf\" class=\"pdfprnt-button pdfprnt-button-pdf\" target=\"_blank\" ><\/a><a href=\"https:\/\/jornalrol.com.br\/index.php?rest_route=%2Fwp%2Fv2%2Fposts%2F3116&print=print\" class=\"pdfprnt-button pdfprnt-button-print\" target=\"_blank\" ><img decoding=\"async\" src=\"https:\/\/jornalrol.com.br\/wp-content\/plugins\/pdf-print\/images\/print.png\" alt=\"image_print\" title=\"Conte\u00fado de impress\u00e3o\" \/><\/a><\/div><div class=\"materia-titulo\">\n<h1 class=\"entry-title\">Sess\u00e3o desta segunda-feira apresenta &#8216;Sociedade dos Poetas Mortos&#8217;.\u00a0Longas ser\u00e3o exibidos no audit\u00f3rio Ab\u00edlio Victor; entrada \u00e9 livre e gratuita<\/h1>\n<\/div>\n<p><!--more--><\/p>\n<div class=\"materia-assinatura-linha\"><\/div>\n<div class=\"materia-assinatura-letra\"><\/div>\n<p>Publicado pela TV Tem<\/p>\n<div class=\"compartilhamento-materia\">\n<div class=\"share-bar share-bar-container share-theme-natural\" data-title=\"Projeto exibe filmes com Robin Williams em Itapetininga\" data-url=\"http:\/\/g1.globo.com\/sao-paulo\/itapetininga-regiao\/noticia\/2015\/08\/projeto-exibe-filmes-com-robin-williams-em-itapetininga.html\" data-image-url=\"http:\/\/s2.glbimg.com\/nZbmV3nA9DgKOuJBGNY6kykWsm0=\/1200x630\/s.glbimg.com\/jo\/g1\/f\/original\/2014\/08\/12\/dps2221.jpg\" data-hashtags=\"#G1\">\n<div class=\"share-button share-googleplus share-small\"><\/div>\n<div class=\"share-button share-pinterest share-small\"><\/div>\n<\/div>\n<\/div>\n<div id=\"materia-letra\" class=\"materia-conteudo entry-content\">\n<div>\n<div class=\"foto componente_materia midia-largura-620\"><img loading=\"lazy\" decoding=\"async\" title=\"Robin Williams em Sociedade dos poetas mortos (Foto: Reprodu\u00e7\u00e3o\/IMDB)\" src=\"http:\/\/s2.glbimg.com\/mM9vhlEKYE5Li6p2_9iYCn__tqI=\/620x465\/s.glbimg.com\/jo\/g1\/f\/original\/2014\/08\/12\/dps2221.jpg\" alt=\"Robin Williams em Sociedade dos poetas mortos (Foto: Reprodu\u00e7\u00e3o\/IMDB)\" width=\"620\" height=\"465\" \/><strong>Robin Williams em Sociedade dos poetas mortos (Foto: Reprodu\u00e7\u00e3o\/IMDB)<\/strong><\/div>\n<p>O projeto Cine Janelas exibir\u00e1 tr\u00eas filmes com o ator Robin Williams durante sess\u00f5es nesta semana em <a class=\"premium-tip\" href=\"http:\/\/g1.globo.com\/sp\/itapetininga-regiao\/cidade\/itapetininga.html\">Itapetininga<\/a> (SP). O primeiro deles \u00e9 o longa-metragem \u201cSociedade dos poetas mortos\u201d, que ser\u00e1 exibido nesta segunda-feira (31), \u00e0s 20h. A a\u00e7\u00e3o pretende homenagear o artista falecido h\u00e1 pouco mais de um ano. Todas as apresenta\u00e7\u00f5es ocorrer\u00e3o no audit\u00f3rio Ab\u00edlio Victor. A entrada \u00e9 livre e gratuita.<\/p>\n<p>Os filmes \u201cG\u00eanio Indom\u00e1vel\u201d e \u201cAmor al\u00e9m da vida\u201d tamb\u00e9m ser\u00e3o exibidos. As pr\u00f3ximas sess\u00f5es ocorrer\u00e3o na quarta-feira (2) e na sexta-feira (4) respectivamente.<\/p>\n<p>Os interessados devem comparecer ao Audit\u00f3rio Ab\u00edlio Victor, que se encontra na \u00e1rea central da cidade. Outras informa\u00e7\u00f5es podem ser obtidas pelo (15) 3272-3401.<\/p>\n<\/div>\n<\/div>\n","protected":false},"excerpt":{"rendered":"<p>Sess\u00e3o desta segunda-feira apresenta &#8216;Sociedade dos Poetas Mortos&#8217;.\u00a0Longas ser\u00e3o exibidos no audit\u00f3rio Ab\u00edlio Victor; entrada \u00e9 livre e gratuita<\/p>\n","protected":false},"author":3,"featured_media":0,"comment_status":"closed","ping_status":"closed","sticky":false,"template":"","format":"standard","meta":{"_jetpack_newsletter_access":"","_jetpack_dont_email_post_to_subs":false,"_jetpack_newsletter_tier_id":0,"_jetpack_memberships_contains_paywalled_content":false,"_jetpack_memberships_contains_paid_content":false,"footnotes":""},"categories":[7],"tags":[1972],"class_list":["post-3116","post","type-post","status-publish","format-standard","hentry","category-comunicacao","tag-cinema"],"aioseo_notices":[],"views":0,"jetpack_featured_media_url":"","jetpack_sharing_enabled":true,"jetpack_likes_enabled":true,"jetpack-related-posts":[{"id":66953,"url":"https:\/\/jornalrol.com.br\/?p=66953","url_meta":{"origin":3116,"position":0},"title":"Hipocrisia","author":"Pietro Costa","date":"27 de maio de 2024","format":false,"excerpt":"Dunhill, Marlboro, Gold Flake, Lucky Strike e Insignia para exibir charme. Com single malt e blends exclusivos, recebia as visitas para ostentar classe...","rel":"","context":"Em &quot;Literatura&quot;","block_context":{"text":"Literatura","link":"https:\/\/jornalrol.com.br\/?cat=9285"},"img":{"alt_text":"\"Para exibir charme Com single malt e blends exclusivos...\"","src":"https:\/\/i0.wp.com\/jornalrol.com.br\/wp-content\/uploads\/2024\/05\/OIG4-1-2.jpg?resize=350%2C200&ssl=1","width":350,"height":200,"srcset":"https:\/\/i0.wp.com\/jornalrol.com.br\/wp-content\/uploads\/2024\/05\/OIG4-1-2.jpg?resize=350%2C200&ssl=1 1x, https:\/\/i0.wp.com\/jornalrol.com.br\/wp-content\/uploads\/2024\/05\/OIG4-1-2.jpg?resize=525%2C300&ssl=1 1.5x, https:\/\/i0.wp.com\/jornalrol.com.br\/wp-content\/uploads\/2024\/05\/OIG4-1-2.jpg?resize=700%2C400&ssl=1 2x"},"classes":[]},{"id":3084,"url":"https:\/\/jornalrol.com.br\/?p=3084","url_meta":{"origin":3116,"position":1},"title":"Dica cultural: assistir filmes do ator Robin Williams de gra\u00e7a no Cine Janelas","author":"Helio Rubens","date":"26 de agosto de 2015","format":false,"excerpt":"Secretaria de Cultura prepara homenagem a Robin Williams Ser\u00e3o exibidos tr\u00eas t\u00edtulos durante a semana, com entrada gratuita Em homenagem ao grande ator Robin Williams, falecido h\u00e1 pouco mais de um ano, a Secretaria de Cultura e Turismo, atrav\u00e9s do Cine Janelas, exibir\u00e1 tr\u00eas filmes do grande astro, grande sucesso\u2026","rel":"","context":"Em &quot;Comunica\u00e7\u00e3o&quot;","block_context":{"text":"Comunica\u00e7\u00e3o","link":"https:\/\/jornalrol.com.br\/?cat=7"},"img":{"alt_text":"","src":"","width":0,"height":0},"classes":[]},{"id":28580,"url":"https:\/\/jornalrol.com.br\/?p=28580","url_meta":{"origin":3116,"position":2},"title":"Projeto CineCaf\u00e9 do Sesc Sorocaba exibe o filme &#039;Legalize j\u00e1&#039;","author":"Sergio Diniz da Costa","date":"16 de julho de 2019","format":false,"excerpt":"O projeto\u00a0CineCaf\u00e9\u00a0do\u00a0Sesc Sorocaba, exibe de 2 a 30\/07, um recorte com filmes brasileiros lan\u00e7ados em 2018 e 2019 \u00a0 O projeto\u00a0CineCaf\u00e9\u00a0do\u00a0Sesc Sorocaba, exibe de 2 a 30\/07, um recorte com filmes brasileiros lan\u00e7ados em 2018 e 2019, com uma curadoria que destaca a diversidade das produ\u00e7\u00f5es. Ap\u00f3s as exibi\u00e7\u00f5es, acontece\u2026","rel":"","context":"Em &quot;Comunica\u00e7\u00e3o&quot;","block_context":{"text":"Comunica\u00e7\u00e3o","link":"https:\/\/jornalrol.com.br\/?cat=7"},"img":{"alt_text":"","src":"https:\/\/i0.wp.com\/www.jornalrol.com.br\/wp-content\/uploads\/2019\/07\/Legalize-Ja-300x141.jpg?resize=350%2C200","width":350,"height":200},"classes":[]},{"id":10952,"url":"https:\/\/jornalrol.com.br\/?p=10952","url_meta":{"origin":3116,"position":3},"title":"Cine Clube de Itapetininga exibe dia 11 filmes do Festival do Minuto","author":"Helio Rubens","date":"7 de junho de 2017","format":false,"excerpt":"\u00a0Cine Clube de Itapetininga exibe filmes do Festival do Minuto O Cine Clube de Itapetininga exibe filmes do Festival do Minuto\u00a0dia 11 de JUNHO de 2017, DOMINGO, com inicio exatamente \u00e0s 17 horas. Criado em 1991, o Festival do Minuto trabalha com a sele\u00e7\u00e3o de imagens em movimento \u2013 de\u2026","rel":"","context":"Em &quot;Comunica\u00e7\u00e3o&quot;","block_context":{"text":"Comunica\u00e7\u00e3o","link":"https:\/\/jornalrol.com.br\/?cat=7"},"img":{"alt_text":"","src":"https:\/\/i0.wp.com\/www.jornalrol.com.br\/wp-content\/uploads\/2017\/06\/festival.png?resize=350%2C200","width":350,"height":200},"classes":[]},{"id":6190,"url":"https:\/\/jornalrol.com.br\/?p=6190","url_meta":{"origin":3116,"position":4},"title":"Saiu na TV Tem: Sesi exibe filme &#039;Esta Vida&#039; de gra\u00e7a em Itapetininga","author":"Helio Rubens","date":"9 de setembro de 2016","format":false,"excerpt":"Evento ocorre neste s\u00e1bado (10), a partir das 20h. \u00a0Classifica\u00e7\u00e3o \u00e9 para maiores de 12 anos. A\u00e7\u00e3o faz parte da mostra \u201cDinamarca em Fam\u00edlia\u201d (Foto: Divulga\u00e7\u00e3o) O filme europeu \u201cEsta Vida\u201d ser\u00e1 exibido no Sesi de Itapetinga (SP) neste s\u00e1bado (10), \u00e0s 20h. A classifica\u00e7\u00e3o \u00e9 para maiores de 12\u2026","rel":"","context":"Em &quot;Comunica\u00e7\u00e3o&quot;","block_context":{"text":"Comunica\u00e7\u00e3o","link":"https:\/\/jornalrol.com.br\/?cat=7"},"img":{"alt_text":"A\u00e7\u00e3o faz parte da mostra \u201cDinamarca em Fam\u00edlia\u201d  (Foto: Divulga\u00e7\u00e3o)","src":"https:\/\/i0.wp.com\/s2.glbimg.com\/0FQSJCFHKTc1JXvmjIQP-XPqZPI%3D\/620x465\/s.glbimg.com\/jo\/g1\/f\/original\/2016\/09\/08\/sesi_filme-dinamarques.jpg?resize=350%2C200","width":350,"height":200,"srcset":"https:\/\/i0.wp.com\/s2.glbimg.com\/0FQSJCFHKTc1JXvmjIQP-XPqZPI%3D\/620x465\/s.glbimg.com\/jo\/g1\/f\/original\/2016\/09\/08\/sesi_filme-dinamarques.jpg?resize=350%2C200 1x, https:\/\/i0.wp.com\/s2.glbimg.com\/0FQSJCFHKTc1JXvmjIQP-XPqZPI%3D\/620x465\/s.glbimg.com\/jo\/g1\/f\/original\/2016\/09\/08\/sesi_filme-dinamarques.jpg?resize=525%2C300 1.5x"},"classes":[]},{"id":32056,"url":"https:\/\/jornalrol.com.br\/?p=32056","url_meta":{"origin":3116,"position":5},"title":"TV Cultura exibe especial sobre as Cruzadas","author":"Sergio Diniz da Costa","date":"18 de junho de 2020","format":false,"excerpt":"A s\u00e9rie da BBC explora os detalhes de um dos momentos hist\u00f3ricos mais brutais da humanidade. Vai ao ar neste s\u00e1bado (20\/6), \u00e0s 22h Neste\u00a0s\u00e1bado (20\/6), a faixa\u00a0Cultura Mundo\u00a0exibe a s\u00e9rie\u00a0As Cruzadas.\u00a0Em tr\u00eas epis\u00f3dios, a produ\u00e7\u00e3o da BBC explora a hist\u00f3ria de um dos momentos que ficou marcado por sua\u2026","rel":"","context":"Em &quot;Comunica\u00e7\u00e3o&quot;","block_context":{"text":"Comunica\u00e7\u00e3o","link":"https:\/\/jornalrol.com.br\/?cat=7"},"img":{"alt_text":"","src":"https:\/\/i0.wp.com\/www.jornalrol.com.br\/wp-content\/uploads\/2020\/06\/021017-025702-300x230.png?resize=350%2C200","width":350,"height":200},"classes":[]}],"_links":{"self":[{"href":"https:\/\/jornalrol.com.br\/index.php?rest_route=\/wp\/v2\/posts\/3116","targetHints":{"allow":["GET"]}}],"collection":[{"href":"https:\/\/jornalrol.com.br\/index.php?rest_route=\/wp\/v2\/posts"}],"about":[{"href":"https:\/\/jornalrol.com.br\/index.php?rest_route=\/wp\/v2\/types\/post"}],"author":[{"embeddable":true,"href":"https:\/\/jornalrol.com.br\/index.php?rest_route=\/wp\/v2\/users\/3"}],"replies":[{"embeddable":true,"href":"https:\/\/jornalrol.com.br\/index.php?rest_route=%2Fwp%2Fv2%2Fcomments&post=3116"}],"version-history":[{"count":0,"href":"https:\/\/jornalrol.com.br\/index.php?rest_route=\/wp\/v2\/posts\/3116\/revisions"}],"wp:attachment":[{"href":"https:\/\/jornalrol.com.br\/index.php?rest_route=%2Fwp%2Fv2%2Fmedia&parent=3116"}],"wp:term":[{"taxonomy":"category","embeddable":true,"href":"https:\/\/jornalrol.com.br\/index.php?rest_route=%2Fwp%2Fv2%2Fcategories&post=3116"},{"taxonomy":"post_tag","embeddable":true,"href":"https:\/\/jornalrol.com.br\/index.php?rest_route=%2Fwp%2Fv2%2Ftags&post=3116"}],"curies":[{"name":"wp","href":"https:\/\/api.w.org\/{rel}","templated":true}]}}