{"id":3118,"date":"2015-09-01T10:49:33","date_gmt":"2015-09-01T13:49:33","guid":{"rendered":"http:\/\/www.jornalrol.com.br\/?p=3118"},"modified":"2015-09-01T10:49:33","modified_gmt":"2015-09-01T13:49:33","slug":"genealogia-afranio-mello-fornece-informacoes-sobre-as-familias-correia-e-morais","status":"publish","type":"post","link":"https:\/\/jornalrol.com.br\/?p=3118","title":{"rendered":"Genealogia: Afr\u00e2nio Mello fornece informa\u00e7\u00f5es sobre as FAMILIAS CORREIA E MORAIS"},"content":{"rendered":"<div class=\"pdfprnt-buttons pdfprnt-buttons-post pdfprnt-top-right\"><a href=\"https:\/\/jornalrol.com.br\/index.php?rest_route=%2Fwp%2Fv2%2Fposts%2F3118&print=pdf\" class=\"pdfprnt-button pdfprnt-button-pdf\" target=\"_blank\" ><\/a><a href=\"https:\/\/jornalrol.com.br\/index.php?rest_route=%2Fwp%2Fv2%2Fposts%2F3118&print=print\" class=\"pdfprnt-button pdfprnt-button-print\" target=\"_blank\" ><img decoding=\"async\" src=\"https:\/\/jornalrol.com.br\/wp-content\/plugins\/pdf-print\/images\/print.png\" alt=\"image_print\" title=\"Conte\u00fado de impress\u00e3o\" \/><\/a><\/div><h2><strong><u>Afr\u00e2nio Mello: ATENDIMENTO N\u00daMEROS 533 E 534.<\/u><\/strong><!--more--><\/h2>\n<p>Cleumar, boa tarde.<\/p>\n<p>A hist\u00f3ria dos seus ancestrais voc\u00ea tem que ir formando, como todo mundo,<\/p>\n<p>pai,m\u00e3e,av\u00f3s,bisavos, etc&#8230;..<\/p>\n<p>Documentos : certid\u00f5es de nascimento e\u00a0 de \u00f3bito.<\/p>\n<p>Locais : cart\u00f3rios, igrejas, funer\u00e1rias, Hospedaria dos Imigrantes de S.Paulo e do Rio.<\/p>\n<p>Assim voc\u00ea vai formando e quando percebe ela j\u00e1 est\u00e1 imensa, tanto para os ascendentes<\/p>\n<p>como para os descendentes.<\/p>\n<p>O que tenho s\u00e3o arquivos de SOBRENOMES e de BRAS\u00d5ES e estes estou encaminhando para<\/p>\n<p>seu estudo.<\/p>\n<p>Agora, se n\u00e3o tiver os nomes dos seus antepassados mais antigos, n\u00e3o vai encontr\u00e1-los nos<\/p>\n<p>arquivos.<\/p>\n<p><strong>Corr\u00eaa e ou Correia.<\/strong>&#8230;&#8230;&#8230;&#8230;&#8230;&#8230;..\u00a0 30 p\u00e1ginas com 9 bras\u00f5es e mais 4 bras\u00f5es em separado ;<\/p>\n<p><strong>Moraes \/ Morais \/ Morales<\/strong>&#8230;&#8230;..\u00a0 19 p\u00e1ginas com 20 bra\u00f5es e mais 17 bras\u00f5es em separado.<\/p>\n<p>Voc\u00ea est\u00e1 recebendo abaixo um resumo dos arquivos principais e no caso do Moraes, tem um<\/p>\n<p>em especial, o fam\u00edlia <strong><u>MORAES CORREIA.<\/u><\/strong><\/p>\n<p>Divista-se em sua pesquisa e espero que encontre os seus ancestrais.<\/p>\n<p>Afr\u00e2nio Franco de Oliveira Mello<br \/>\nIHGGI \/ ROL &#8211; Jornal On Line<\/p>\n<p>&nbsp;<\/p>\n<h2><strong><img decoding=\"async\" class=\" alignleft\" src=\"https:\/\/mail.google.com\/mail\/u\/2\/?ui=2&amp;ik=d4016f14b7&amp;view=fimg&amp;th=14f7aa2bb577f393&amp;attid=0.0.1&amp;disp=emb&amp;attbid=ANGjdJ_QfgVmdUHK0gSnVKmix6dZfbahEu9kguMZbuK1RPORYWr1AZJRFszAuPzt28_pLZoqusdm0pFHll3gO88BjNNWxW8vu--LnuR2ocW5Cjm6WJgWM8WreIQ5KOI&amp;sz=w264-h556&amp;ats=1441107643472&amp;rm=14f7aa2bb577f393&amp;zw&amp;atsh=1\" alt=\"clip_image002\" \/>M<\/strong><strong>orais, <\/strong><strong>M<\/strong><strong>oraes<\/strong><strong>,<\/strong> ignora-se se os deste nome o tiraram do lugar de Morais, em Tr\u00e1s-os-Montes, ou se prov\u00eam dos <strong><em>Morales<\/em><\/strong> da Espanha.<\/h2>\n<p>Os genealogistas atribuem-lhes remotas mas incomprovadas origens, se bem que seja indiscut\u00edvel que a fam\u00edlia j\u00e1 existia em Portugal usando este sobrenome durante a primeira Dinastia.<\/p>\n<p>&nbsp;<\/p>\n<p><strong>Moraes, <\/strong>sobrenome de origem geogr\u00e1fica. Top\u00f4nimo de Portugal. Plural de um substantivo <em>moral <\/em>que devia ter significado \u00ab<em>amoreiral<\/em>\u00bb. O espanhol tem <em>moral<\/em>, amoreira, e o sobrenome <em>Morales<\/em>. O substantivo desapareceu, ficando s\u00f3 o top\u00f4nimo e o sobrenome. Gu\u00e9rios derivou de <em>Murales<\/em>, muros (Antenor Nascentes, II, 207). Do espanhol <em>Morales<\/em>, lugar onde h\u00e1 amoreiras (Anu\u00e1rio Geneal\u00f3gico Latino, IV, 25). O solar desta fam\u00edlia \u00e9 no lugar de Morais, t\u00earmo de Bragan\u00e7a, prov\u00edncia de Tr\u00e1s-os-Montes, Portugal. Gon\u00e7alo Rodrigues de Morais, senhor de muitos lugares, era descendente dos senhores da cidade de Bragan\u00e7a; em 1217 deu sua ermida de Santa Catarina aos franciscanos, quando foi a Bragan\u00e7a fundar o convento (Anu\u00e1rio Geneal\u00f3gico Latino, I, 67). Ilha da Madeira: o genealogista Henrique Henriques de Noronha, em sua importante obra Nobili\u00e1rio Geneal\u00f3gico<em> das Fam\u00edlias da Ilha da Madeira<\/em>, composta em 1700, dedicou-se ao estudo desta fam\u00edlia [Henriques de Noronha &#8211; Nobili\u00e1rio da Ilha da Madeira, Tomo II, 365]. Brasil: No Rio de Janeiro, entre as mais antigas, a de Diogo de Morais, n. no Rio, e fal. antes de 1721. Cas. no Rio, em 1695, com Fel\u00edcia de Abreu Pereira, n. em Lisboa, e fal. no Rio, em 1721 (Rheingantz, II, 619). Antiga e importante fam\u00edlia estabelecida em S\u00e3o Paulo, procedente, na metr\u00f3pole portuguesa, de Rui Martins de Morais, alcaide-mor de Bragan\u00e7a [1321], Senhor de Morais, 3.\u00ba Padroeiro do Convento de S. Francisco, que deixou numerosa descend\u00eancia do seu cas. com Alda Gon\u00e7alves Moreira. Foram pais de Ignez Rodrigues de Morais, que do seu cas. com D. Mendo Esteves de Antas, da Casa de Vimioso, descendem os Moraes de Antas, de S\u00e3o Paulo. Deste \u00faltimo casal &#8211; Mendo e Ign\u00eaz, foi descendente, seu quarto neto, Baltazar de Morais de Antas [Mogadouro &#8211; a.1600], que passou para o Brasil, tornando-se tronco de uma das principais fam\u00edlias de S\u00e3o Paulo.<\/p>\n<p>&nbsp;<\/p>\n<p>&nbsp;<\/p>\n<h2><strong><img decoding=\"async\" class=\" alignleft\" src=\"https:\/\/mail.google.com\/mail\/u\/2\/?ui=2&amp;ik=d4016f14b7&amp;view=fimg&amp;th=14f7aa2bb577f393&amp;attid=0.0.2&amp;disp=emb&amp;attbid=ANGjdJ9Y-4X6SFRwKKXRkeNTEOFEZN26ivUhbeLZKWMSpOuwiqAyh6VVwPWJjvbGRvsOY5FGTho7At1MXltIU3ckxzphalOiCtdUwXrBKRMegFIyKlDrWUo1Uohs_Co&amp;sz=w274-h556&amp;ats=1441107643473&amp;rm=14f7aa2bb577f393&amp;zw&amp;atsh=1\" alt=\"clip_image003\" \/>Moraes C\u00f4rrea<\/strong> :Fam\u00edlia\u00a0 estabelecidas no Rio Grande do Norte, que teve dois ramos emigrados para o Piau\u00ed, onde deixaram numerosa descend\u00eancia.<\/h2>\n<p>Passaram para o Piau\u00ed, vindos de A\u00e7u (RN), por volta de 1863, os irm\u00e3os Francisco Severiano de Morais Correia Filho e Luiz Ant\u00f4nio de Morais Corr\u00eaa. Estabeleceram-se em Amarra\u00e7\u00e3o, cidade que hoje tem o nome em homenagem a um dos membros desta fam\u00edlia: &#8211; Luiz Corr\u00eaa. O primeiro, Francisco Severiano foi o iniciador da Ind\u00fastria salineira em Amarra\u00e7\u00e3o, e passou a domiciliar-se em Parna\u00edba (PI), onde exerceu o cargo de Intendente de Parna\u00edba [1899]. Deixou numerosa descend\u00eancia do seu cas., c.1862, com Maria Cleofas de Miranda e Castro. Entre os descendentes do casal, registram-se: I &#8211; o filho, Jonas de Morais Correia, jornalista, chefe pol\u00edtico, Intendente de Parna\u00edba [PI-1901], Presidente da Assembl\u00e9ia Legislatura do Piau\u00ed [1912] e Patrono de uma das Cadeiras da Academia Piauiense de Letras. Com gera\u00e7\u00e3o do seu cas. com Maria Firmina Ramos; II &#8211; o filho, Dr. Luiz de Morais Correia, Pol\u00edtico, Jurista, Soci\u00f3logo, Jornalista e escritor. Juiz Federal no Cear\u00e1. Membro da Academia Cearense de Letras e da Academia Piauiense de Letras; III &#8211; o neto, Dr. Oswaldo de Morais Corr\u00eaa [1890- ?], Diplomata. Bacharel em Ci\u00eancias Jur\u00eddicas e Sociais [SP-1911]. C\u00f4nsul de 1\u00aa Classe [1931], C\u00f4nsul Geral [1932] e Embaixador do Brasil no Equador; IV &#8211; o neto, Jos\u00e9 de Morais Corr\u00eaa, um dos pioneiros da Ind\u00fastria de beneficiamento da am\u00eandoa do baba\u00e7u e da cerca de carna\u00faba; V &#8211; o neto Dr. Jo\u00e3o Orlando de Morais Correia, m\u00e9dico, Prefeito de Parna\u00edba [PI-1951]; VI &#8211; o neto, Dr. Lauro Andrade Correia, Engenheiro Industrial. Diretor Administrativo de \u201cMoraes S.A.\u201d. Prefeito de Parna\u00edba [PI-1963]; VII &#8211; o neto, Jonas de Morais Correia Filho [21.09.1903, Parna\u00edba, PI -], filho do item I. Militar, professor e advogado. Engenheiro, pela Escola Militar de Realengo. Contador, pelo I.B.C. Bacharel em Direito, pela Faculdade Direito de Niter\u00f3i, RJ [1936]. Professor Catedr\u00e1tico de Portugu\u00eas (Literatura), no Col\u00e9gio Militar. Professor Catedr\u00e1tico, na Escola Superior de Com\u00e9rcio. Diretor do Departamento de Educa\u00e7\u00e3o Prim\u00e1ria. Secret\u00e1rio Geral de Educa\u00e7\u00e3o e Cultura, RJ. Deputado Federal. Membro da Constituinte [1946] e da Comiss\u00e3o de Educa\u00e7\u00e3o e Cultura da C\u00e2mara dos Deputados. Diretor do Ensino Geral do Col\u00e9gio Militar. General de Divis\u00e3o. Mambro da Academia Brasileira de Filologia, do Instotito Geogr\u00e1fico e Hist\u00f3rico Militar do Brasil e dos Institutos Hist\u00f3ricos do Rio de Janeiro, Paran\u00e1 e Sergipe. Cidad\u00e3o Carioca. Oficial da Ordem do M\u00e9rito Militar. Grande Oficial da Ordel El Sol del Per\u00fa. Comendador da Ordem Nacional do M\u00e9rito, do Paraguai. Com gera\u00e7\u00e3o do seu cas. com Valmirina Ramos; VIII &#8211; o bisneto, Jonas de Morais Correia Neto [22.11.1925, Rio, RJ -], militar. Escola Militar [1945]. Major [10.1955]. Est\u00e1gio de Instru\u00e7\u00e3o no Corpo Qu\u00edmico do Ex\u00e9rcito dos EE.UU [1948]. Fez o curso da Escola de Comunica\u00e7\u00e3o e do Estado Maior do Ex\u00e9rcito. Membro do Instituto Hist\u00f3rico e Geogr\u00e1fico do Sergipe e da Sociedade Brasileira de Geografia. Agraciado com as Medalhas Imperatriz Leopoldina, Anchieta e Pacificador. O segundo, Luiz Ant\u00f4nio, comerciante, pol\u00edtico e propriet\u00e1rio, foi Intendente de Parna\u00edba [1905]. Deixou gera\u00e7\u00e3o do seu cas. com Ang\u00e9lica Tavares Silva. Ainda, entre os importantes membros desta fam\u00edlia, registra-se Jozias Benedito de Moraes, que deixou gera\u00e7\u00e3o do seu cas., por volta de 1889, com Joana Rita de Moraes Correia. Entre os descendentes do casal, registram-se: I &#8211; o filho, Ozias de Moraes Correia [11.03.1893, Parna\u00edba, PI -], homem de neg\u00f3cios. Membro da Federa\u00e7\u00e3o do Com\u00e9rcio Atacadista do Estado do Piau\u00ed e do Conselho Central Diocesano da Sociedade S\u00e3o Vicente de Paula. Com gera\u00e7\u00e3o do seu cas. com Flora de Moraes Santos; II &#8211; o filho, Almyr de Moraes Correia [21.03.1914, Parna\u00edba, PI -], comerciante, contador, funcion\u00e1rio do Banco do Brasil, em Porto Alegre, RS [1933-35]. Empregado de Moraes Cia., na Parna\u00edba, PI. Chefe da Se\u00e7\u00e3o de Importa\u00e7\u00e3o [1935-40]. S\u00f3cio-Fundador da Moraes &amp; Cia. Ltda., em S\u00e3o Luiz, MA [1947]. Diretor da Associa\u00e7\u00e3o Comercial do Maranh\u00e3o.<\/p>\n<p>&nbsp;<\/p>\n<p>&nbsp;<\/p>\n<h2><strong><img decoding=\"async\" class=\" alignleft\" src=\"https:\/\/mail.google.com\/mail\/u\/2\/?ui=2&amp;ik=d4016f14b7&amp;view=fimg&amp;th=14f7aa2bb577f393&amp;attid=0.0.3&amp;disp=emb&amp;attbid=ANGjdJ-Y7EZFrQZcbs2THvXGKex2cE9tUaZSOEgJREbNXZnHJjzM96m-xz49HKRBbLUKm-ai9R2SctwNF1YqvOfKAYresCXb1LeZP5PB2jrNaPlAv4tm9l19PkXRZvQ&amp;sz=w400-h476&amp;ats=1441107643476&amp;rm=14f7aa2bb577f393&amp;zw&amp;atsh=1\" alt=\"image\" \/>C<\/strong><strong>orreia ou <\/strong><strong>C<\/strong><strong>orr\u00eaa<\/strong>, grande e ilustre linhagem portuguesa, a sua genealogia pode tra\u00e7ar-se documentalmente desde \u00e9pocas bastante remotas.<\/h2>\n<p>A ela pertenceu Dom Frei Paio Peres Correia, que foi mestre da Calatrava. \u00c9 de admitir que o seu nome nascesse das armas que se sabe que usavam desde pelo menos a segunda metade do s\u00e9culo XIII. O ramo dos Correias que conservou o senhorio do couto de Farel\u00e3es &#8211; e que, p\u00f4r isso mesmo, eram designados p\u00f4r Correias de Farel\u00e3es &#8211; aliou-se \u00e0 linhagem dos Aguiares e comemorou tal liga\u00e7\u00e3o heraldicamente, tendo passado a usar outras armas.<\/p>\n<p>Outro ramo (Belas) veio ligar-se com os Atouguias pelo casamento e, desse modo, a herdar o senhorio de Belas, pelo que passou a usar as armas daquela linhagem, com o timbre da sua. Ant\u00f4nio Correia, a quem fazem derivar dos Correias de Farel\u00e3es, distinguiu-se muito na \u00cdndia, durante o governo de Diogo Lopes de Sequeira e foi capit\u00e3o-mor de uma frota contra o Rei de Bahrem ou B\u00e9rem, a quem venceu. P\u00f4r tal raz\u00e3o lhe deu o Rei Dom Jo\u00e3o III p\u00f4r carta de 14 de Janeiro de 1540 um \u00abacrescentamento\u00bb honroso de armas.<\/p>\n<p>Este Ant\u00f4nio Correia deixou prog\u00eanie, tanto em Portugal como na \u00cdndia, tendo o primeiro ramo adotado a designa\u00e7\u00e3o de Correia de Bar\u00e9m. O segundo, talvez proveniente de uma filha natural, permaneceu no reino de Ormuz, ai dando origem a uma ilustre fam\u00edlia que readaptou a religi\u00e3o maometana e se mesti\u00e7ou com uma fam\u00edlia principesca dos Emirados \u00c1rabes Unidos, que n\u00e3o esqueceu as origens portuguesas, usando \u00e0 europ\u00e9ia as armas daquele seu antecessor.<\/p>\n<p>Subsistem na atualidade algumas fam\u00edlias que mant\u00eam o uso da grafia antiga, Corr\u00eaa. Na impossibilidade de sabermos em rigor quem assim assina ou est\u00e1 registado, p\u00f4r uma quest\u00e3o de uniformiza\u00e7\u00e3o adotamos aqui a grafia moderna, isto \u00e9 , Correia.<\/p>\n<p>De <em>correia, <\/em>subst. com. Leite Vasconcelos, considera de origem geogr\u00e1fica (Antenor Nascentes, II,81). Portugal: Sobre a origem geneal\u00f3gica desta fam\u00edlia, escreveu o dicionarista portugu\u00eas Pinho Leal, em sua obra Portugal Antigo e Moderno<em> &#8211; Diccionario<\/em>, datado de 1874: <em>Principia em D. Payo Ramires, <\/em>rico-homem<em> de D. Affonso VI, de Castella, cavalleiro portuguez, do qual foi <\/em>filho<em> D. Sancho Paes Correia, <\/em>casado<em> com D. Urraca Hueres, dos quaes foi <\/em>filho<em> D. Payo Soares Correia que casou com D. Gontinha Godins, de cujo <\/em>matrim\u00f4nio<em>houve dois filhos. Por morte de sua <\/em>mulher<em>, casou D. Payo Soares com D. <\/em>Maria<em> Gomes da Silva, de quem teve Pedro Paes Correia, que casou com D. Dordia Paes de Aguiar, e ao inclyto D. Payo Peres Correia (cognominado o Josu\u00e9 Portuguez, por fazer parar o sol, em uma batalha contra os <\/em>mouros<em> algarvios) <\/em>mestre<em> da <\/em>Ordem<em> de S. Thiago, valoroso <\/em>general<em> portuguez e fronteiro-mor do <\/em>Algarve [Pinho Leal &#8211; Diccion\u00e1rio, II, 163]. Em Portugal, procede de Paio Ramiro, cavaleiro portugu\u00eas, rico-homem, que passou \u00e0quele pa\u00eds com o conde D. Henrique em 1089. Entre os seus descendentes, registra-se seu terceiro neto D. Paio Corr\u00eaa, mestre da ordem de Santiago em toda a Espanha (Sanches Baena, II,52). Espanha: Fam\u00edlia origin\u00e1ria da vila de Salceda, comarca de T\u00fay, prov. de Pontevedra, na Galiza, Espanha(Anu\u00e1rio Geneal\u00f3gico Latino, I, 36; Carrafa, XXVII, 196). Ilha da Graciosa: sobre a hist\u00f3ria desta fam\u00edlia e sua passagem pela Ilha Graciosa, escreveu no ano de 1717, o Padre Antonio Cordeiro, em sua Hist\u00f3ria Insulana das Ilhas a Portugal Sugeytas, Livro VII &#8211;<em>Das Ilhas de S. Jorge, e Graciosa<\/em>, Cap\u00edtulo VIII &#8211; <em>Da <\/em>nobreza<em>, &amp; qualidade dos primeiros Donatarios, Sodr\u00e8s, Barretos, Correas, Cunhas, Perestrellos, Furtados, Mendon\u00e7as, &amp; outros Povoadores da Ilha Graciosa <\/em>[Antonio Cordeiro &#8211; Hist\u00f3ria Insulana, Livro VII, Ilha da Graciosa]. Ilha da S\u00e3o Miguel: sobre a hist\u00f3ria desta fam\u00edlia e sua passagem pela Ilha de S\u00e3o Miguel, escreveu no ano de 1717, o Padre Antonio Cordeiro, em sua Hist\u00f3ria Insulana das Ilhas a Portugal Sugeytas, Livro V &#8211; <em>Da fatal Ilha de S. Miguel<\/em>, Cap\u00edtulo XVII &#8211; <em>De alguns homes famosos, &amp; familias que vier\u00e3o povoar a Ilha de S\u00e3o Miguel<\/em>; T\u00edtulo III &#8211; <em>Dos Gagos, Raposos, Pontes, Bicudos, Correas, Pachecos<\/em>[Antonio Cordeiro &#8211; Hist\u00f3ria Insulana, Livro V, Ilha de S\u00e3o Miguel]. O genealogista portugu\u00eas Gaspar Fructuoso, em sua Hist\u00f3ria Geneal\u00f3gica de Sam Miguel [Saudadas da Terra], escrita por volta de 1580, dedicou-se ao estudo desta fam\u00edlia, em seu Cap\u00edtulo XVI &#8211;<em>Dos Furtados e Correas, Nobres Fidalgos, Tambem Povoadores d\u00b4esta Ilha de Sam Miguel <\/em>[Gaspar Fructuoso- Saudades da Terra, 138]. Galiza: o genealogista Frei Jos\u00e9 S. Crespo Pozo, O. de M., em sua obra <em>Linajes y Blasones de <\/em>Galicia, dedica-se ao estudo desta fam\u00edlia &#8211;<em>Correa <\/em>[Pozo &#8211; Linajes de Galicia]. Brasil: Numerosas foram as fam\u00edlias, que passaram com este sobrenome para diversas partes do Brasil, em v\u00e1rias ocasi\u00f5es. N\u00e3o se pode considerar que todos os Corr\u00eaas existentes no Brasil, mesmo procedentes de Portugal, sejam parentes, porque s\u00e3o in\u00fameras as fam\u00edlias que adotaram este sobrenome pela simples raz\u00e3o de ser de origem geogr\u00e1fica (do lugar de Corr\u00eaa), ou de uma alcunha. O mesmo se aplica no campo da her\u00e1ldica. Jamais se pode considerar que uma Carta de Bras\u00e3o de Armas de um antigo Corr\u00eaa se estenda a todos aqueles que apresentam este mesmo sobrenome, porque n\u00e3o possuem a mesma origem. No Rio de Janeiro, entre as mais antigas, encontra-se a fam\u00edlia do cap. Jo\u00e3o Ant\u00f4nio Correia [c.1592 &#8211; RJ], filho de Ant\u00f4nio Correia, que deixou descend\u00eancia, a partir de 1622, com Ana de Azeredo [c.1602 &#8211; 1675, RJ] (Rheingantz, I,379). Rheingantz registra mais 125 fam\u00edlias com este sobrenome, nos s\u00e9cs. XVI e XVII, que deixaram numerosa descend\u00eancia no Rio de Janeiro. Em S\u00e3o Paulo, entre as mais antigas, cabe registrar a fam\u00edlia de Geraldo Corr\u00eaa, nat. de Braga, que, em 1595, j\u00e1 residia em S. Paulo, onde deixou gera\u00e7\u00e3o de seu cas. com Maria Soares. Fal. em 1668 (AM, Piratininga, 41). Ainda, em S\u00e3o Paulo, com ramifica\u00e7\u00f5es na Col\u00f4nia do Sacramento, registram-se a fam\u00edlia F\u00e9lix Corr\u00eaa (v.s.) e a fam\u00edlia de Sebasti\u00e3o Fernandes Corr\u00eaa, natural de Santa Eul\u00e1lia. 1\u00ba Provedor Propriet\u00e1rio e Contador da fazenda Real da Capitania de S\u00e3o Vicente e de S\u00e3o Paulo. Deixou numerosa descend\u00eancia do seu cas., c.1618, com Ana Ribeiro, filha de Sebasti\u00e3o de Freitas, patriarca desta fam\u00edlia Freitas (v.s.), de S\u00e3o Paulo Na Bahia, entre outras, registra-se a fam\u00edlia de Pedro Vaz Correia, que mereceu do rei distintas merc\u00eas, pelos servi\u00e7os prestados na \u00cdndia. Deixou gera\u00e7\u00e3o de seu casamento com Felipa de Santiago, filha de Tom\u00e9 Fernandes Bai\u00e3o, patriarca desta fam\u00edlia Bai\u00e3o (v.s.), na Bahia (Jaboat\u00e3o, 868). No Maranh\u00e3o, entre as mais antigas, encontra-se a de Agostinho Corr\u00eaa, um dos \u00abpovoadores de S. Luiz\u00bb, que foi Governador e Capit\u00e3o General do Estado do Maranh\u00e3o (1656), e que deixou descend\u00eancia.<\/p>\n<p>&nbsp;<\/p>\n<p>&nbsp;<\/p>\n<p>&nbsp;<\/p>\n<p>&nbsp;<\/p>\n<p>&nbsp;<\/p>\n<p>&nbsp;<\/p>\n<p>&nbsp;<\/p>\n<p>&nbsp;<\/p>\n<p>&nbsp;<\/p>\n<p><strong>From:<\/strong> <a href=\"mailto:cleumarmoraes@hotmail.com\">cleumar moraes correia<\/a><\/p>\n<p><strong>Sent:<\/strong> Sunday, August 23, 2015 11:42 PM<\/p>\n<p><strong>To:<\/strong> <a href=\"mailto:afranio@tintaspig.com.br\">afranio@tintaspig.com.br<\/a><\/p>\n<p><strong>Subject:<\/strong> historia do nome..<\/p>\n<p>&nbsp;<\/p>\n<p><em><strong>\u00a0<\/strong><\/em>Ol\u00e1 gostaria de conhecer a hist\u00f3ria de meus ancestrais se puder me ajudar, desde j\u00e1 agradece.<br \/>\n<strong>Cleumar Moraes Correia<\/strong><\/p>\n<p><strong>Advogado \/ OAB 42.736<\/strong><\/p>\n","protected":false},"excerpt":{"rendered":"<p>Afr\u00e2nio Mello: ATENDIMENTO N\u00daMEROS 533 E 534.<\/p>\n","protected":false},"author":3,"featured_media":0,"comment_status":"closed","ping_status":"closed","sticky":false,"template":"","format":"standard","meta":{"_jetpack_newsletter_access":"","_jetpack_dont_email_post_to_subs":false,"_jetpack_newsletter_tier_id":0,"_jetpack_memberships_contains_paywalled_content":false,"_jetpack_memberships_contains_paid_content":false,"footnotes":""},"categories":[7],"tags":[657],"class_list":["post-3118","post","type-post","status-publish","format-standard","hentry","category-comunicacao","tag-afranio-mello"],"aioseo_notices":[],"views":0,"jetpack_featured_media_url":"","jetpack_sharing_enabled":true,"jetpack_likes_enabled":true,"jetpack-related-posts":[{"id":5639,"url":"https:\/\/jornalrol.com.br\/?p=5639","url_meta":{"origin":3118,"position":0},"title":"Genealogia: Afr\u00e2nio Melllo fornece informa\u00e7\u00f5es sobre a fam\u00edlia CORR\u00caA","author":"Helio Rubens","date":"22 de julho de 2016","format":false,"excerpt":"Afr\u00e2nio Franco de Oliveira Mello - ATENDIMENTO N\u00daMERO 758 \u00a0 Bom dia, S\u00e9rgio Eu tamb\u00e9m sou de Fam\u00edlia Corr\u00eaa. Minha m\u00e3e \u00e9 Corr\u00eaa Franco. Escrevi um livro sobre os Orsi e os Ramacciotti, outro ramo do lado da minha m\u00e3e. Estou fazendo tamb\u00e9m Alves de Almeida e Oliveira Mello do\u2026","rel":"","context":"Em &quot;Comunica\u00e7\u00e3o&quot;","block_context":{"text":"Comunica\u00e7\u00e3o","link":"https:\/\/jornalrol.com.br\/?cat=7"},"img":{"alt_text":"image","src":"https:\/\/mail.google.com\/mail\/u\/1\/?ui=2&ik=d4016f14b7&view=fimg&th=1560db6e21234f58&attid=0.0.1&disp=emb&attbid=ANGjdJ-F5qURj-UfTPTC9i48_ybUWUBAdOt9a7f5PaF_XImL7EaJrewy-amqbxqw7P06MAVFWZYHJscpEzP5letNe_c5Ted79fjTnVyDa96oExfaPVN-PYj4zwiJArI&sz=w400-h476&ats=1469187813520&rm=1560db6e21234f58&zw&atsh=1","width":350,"height":200},"classes":[]},{"id":5680,"url":"https:\/\/jornalrol.com.br\/?p=5680","url_meta":{"origin":3118,"position":1},"title":"Genealogia: Afr\u00e2nio Mello fornece informa\u00e7\u00f5es sobre as familias CORR\u00caIA e MELLO","author":"Helio Rubens","date":"25 de julho de 2016","format":false,"excerpt":"Afr\u00e2nio Franco de Oliveira Mello - ATENDIMENTO N\u00daMEROS 781 e 782 \u00a0 Caro Jos\u00e9 Jorge, boa noite. N\u00e3o tenho condi\u00e7\u00f5es de localizar pessoas. O que tenho \u00e9 um bom arquivo de SOBRENOMES. Muitas vezes as pessoas que me solicitam pesquisas encontram nesses arquivos cita\u00e7\u00f5es sobre seus parentes. Estou enviado para\u2026","rel":"","context":"Em &quot;Comunica\u00e7\u00e3o&quot;","block_context":{"text":"Comunica\u00e7\u00e3o","link":"https:\/\/jornalrol.com.br\/?cat=7"},"img":{"alt_text":"","src":"","width":0,"height":0},"classes":[]},{"id":3983,"url":"https:\/\/jornalrol.com.br\/?p=3983","url_meta":{"origin":3118,"position":2},"title":"Genealogia: Afr\u00e2nio Mello fornece informa\u00e7\u00f5es sobre a familia Matias","author":"Helio Rubens","date":"29 de dezembro de 2015","format":false,"excerpt":"Afr\u00e2nio Franco de Oliveira Mello: ATENDIMENTO N\u00daMERO 590 \u00a0 Cara Francisca,boa tarde quase noite. \u00a0 Os arquivos comppletos que envio atendem s\u00f3 aos solicitantes. No Site do Rol-Jornal On Line vai um resumo para todos verem que existe o sobrenome e , caso se interessem, fa\u00e7am o pedido, como voc\u00ea\u2026","rel":"","context":"Em &quot;Comunica\u00e7\u00e3o&quot;","block_context":{"text":"Comunica\u00e7\u00e3o","link":"https:\/\/jornalrol.com.br\/?cat=7"},"img":{"alt_text":"Afr\u00e2nio Mello","src":"https:\/\/i0.wp.com\/www.jornalrol.com.br\/wp-content\/uploads\/2015\/07\/Afr%C3%A2nio-para-o-ROL-2.jpg?resize=350%2C200","width":350,"height":200},"classes":[]},{"id":17464,"url":"https:\/\/jornalrol.com.br\/?p=17464","url_meta":{"origin":3118,"position":3},"title":"Genealogia: Afr\u00e2nio Mello fornece informa\u00e7\u00f5es sobre a fam\u00edlia MARIANO","author":"Helio Rubens","date":"2 de abril de 2018","format":false,"excerpt":"Afr\u00e2nio Franco de Oliveira Mello - ATENDIMENTOS N\u00daMEROS 1019 Adriano, \u00faltima remessa e espero que fique contente com o que enviei. Voc\u00ea tem um bom material de pesquisa com os 13 arquivos que enviei. MARIANO.............................. 2 p\u00e1ginas e 2 bras\u00f5es e um hist\u00f3rico em PDF. Se tiver mais alguma pesquisa\u2026","rel":"","context":"Em &quot;Comunica\u00e7\u00e3o&quot;","block_context":{"text":"Comunica\u00e7\u00e3o","link":"https:\/\/jornalrol.com.br\/?cat=7"},"img":{"alt_text":"","src":"https:\/\/i0.wp.com\/www.jornalrol.com.br\/wp-content\/uploads\/2018\/03\/afranio-150x150.jpg?resize=350%2C200","width":350,"height":200},"classes":[]},{"id":36384,"url":"https:\/\/jornalrol.com.br\/?p=36384","url_meta":{"origin":3118,"position":4},"title":"Genealogia: Afr\u00e2nio Mello presta informa\u00e7\u00f5es sobre as fam\u00edlias Mendes, Meira e Leite","author":"ADM","date":"5 de janeiro de 2021","format":false,"excerpt":"Afr\u00e2nio Mello presta informa\u00e7\u00f5es sobre as fam\u00edlias MENDES, MEIRA e LEITE ATENDIMENTOS N\u00daMEROS \u00a01.309,1.310 E 1.311 Caro Silas, boa noite. Estou atendendo sua solicita\u00e7\u00e3o sobre os arquivos de sua fam\u00edlia. O Cyr\u00edaco eu n\u00e3o tenho, mas tenho os outros tr\u00eas. Ai v\u00e3o eles s\u00f3 no seu endere\u00e7o e, logo abaixo,\u2026","rel":"","context":"Em &quot;Comunica\u00e7\u00e3o&quot;","block_context":{"text":"Comunica\u00e7\u00e3o","link":"https:\/\/jornalrol.com.br\/?cat=7"},"img":{"alt_text":"","src":"https:\/\/i0.wp.com\/www.jornalrol.com.br\/wp-content\/uploads\/2020\/04\/afranio-150x150-1.jpg?resize=350%2C200","width":350,"height":200},"classes":[]},{"id":9707,"url":"https:\/\/jornalrol.com.br\/?p=9707","url_meta":{"origin":3118,"position":5},"title":"Afr\u00e2nio Mello cumprimenta o ROL pelos 23 anos de vida do jornal","author":"Helio Rubens","date":"23 de abril de 2017","format":false,"excerpt":"Afr\u00e2nio Mello cumprimenta o ROL pelos 23 anos de vida do jornal Helio Rubens, cumprimento o ROL - Regi\u00e3o On Line pelos 23 anos no ar. Agrade\u00e7o imensamente sua gentileza em abrir espa\u00e7o para eu divulgar o meu arquivo sobre Genealogia. Gra\u00e7as \u00e0 grande penetra\u00e7\u00e3o que o ROL tem na\u2026","rel":"","context":"Em &quot;Comunica\u00e7\u00e3o&quot;","block_context":{"text":"Comunica\u00e7\u00e3o","link":"https:\/\/jornalrol.com.br\/?cat=7"},"img":{"alt_text":"","src":"https:\/\/i0.wp.com\/www.jornalrol.com.br\/wp-content\/uploads\/2017\/01\/afranio.jpg?resize=350%2C200","width":350,"height":200},"classes":[]}],"_links":{"self":[{"href":"https:\/\/jornalrol.com.br\/index.php?rest_route=\/wp\/v2\/posts\/3118","targetHints":{"allow":["GET"]}}],"collection":[{"href":"https:\/\/jornalrol.com.br\/index.php?rest_route=\/wp\/v2\/posts"}],"about":[{"href":"https:\/\/jornalrol.com.br\/index.php?rest_route=\/wp\/v2\/types\/post"}],"author":[{"embeddable":true,"href":"https:\/\/jornalrol.com.br\/index.php?rest_route=\/wp\/v2\/users\/3"}],"replies":[{"embeddable":true,"href":"https:\/\/jornalrol.com.br\/index.php?rest_route=%2Fwp%2Fv2%2Fcomments&post=3118"}],"version-history":[{"count":0,"href":"https:\/\/jornalrol.com.br\/index.php?rest_route=\/wp\/v2\/posts\/3118\/revisions"}],"wp:attachment":[{"href":"https:\/\/jornalrol.com.br\/index.php?rest_route=%2Fwp%2Fv2%2Fmedia&parent=3118"}],"wp:term":[{"taxonomy":"category","embeddable":true,"href":"https:\/\/jornalrol.com.br\/index.php?rest_route=%2Fwp%2Fv2%2Fcategories&post=3118"},{"taxonomy":"post_tag","embeddable":true,"href":"https:\/\/jornalrol.com.br\/index.php?rest_route=%2Fwp%2Fv2%2Ftags&post=3118"}],"curies":[{"name":"wp","href":"https:\/\/api.w.org\/{rel}","templated":true}]}}