{"id":3120,"date":"2015-09-01T12:56:53","date_gmt":"2015-09-01T15:56:53","guid":{"rendered":"http:\/\/www.jornalrol.com.br\/?p=3120"},"modified":"2015-09-01T12:56:53","modified_gmt":"2015-09-01T15:56:53","slug":"dia-da-arvore-no-parque-estadual-carlos-botelho","status":"publish","type":"post","link":"https:\/\/jornalrol.com.br\/?p=3120","title":{"rendered":"Dia da \u00c1rvore no Parque Estadual Carlos Botelho"},"content":{"rendered":"<div class=\"pdfprnt-buttons pdfprnt-buttons-post pdfprnt-top-right\"><a href=\"https:\/\/jornalrol.com.br\/index.php?rest_route=%2Fwp%2Fv2%2Fposts%2F3120&print=pdf\" class=\"pdfprnt-button pdfprnt-button-pdf\" target=\"_blank\" ><\/a><a href=\"https:\/\/jornalrol.com.br\/index.php?rest_route=%2Fwp%2Fv2%2Fposts%2F3120&print=print\" class=\"pdfprnt-button pdfprnt-button-print\" target=\"_blank\" ><img decoding=\"async\" src=\"https:\/\/jornalrol.com.br\/wp-content\/plugins\/pdf-print\/images\/print.png\" alt=\"image_print\" title=\"Conte\u00fado de impress\u00e3o\" \/><\/a><\/div><h2><strong>Alunos da\u00a0EMEI Paulo Roberto Ortiz de Camargo participam de atividades como trilha monitorada e plantio de mudas nativas<\/strong><\/h2>\n<p><!--more--><\/p>\n<p><strong><br \/>\n<a href=\"http:\/\/www.jornalrol.com.br\/wp-content\/uploads\/2015\/09\/PECB-Trilha-da-Figueira-Credito-WWf-Brasil-Adriano-Gambarini.jpg\"><img loading=\"lazy\" decoding=\"async\" class=\"alignleft size-medium wp-image-3123\" src=\"http:\/\/www.jornalrol.com.br\/wp-content\/uploads\/2015\/09\/PECB-Trilha-da-Figueira-Credito-WWf-Brasil-Adriano-Gambarini-300x199.jpg\" alt=\"PECB Trilha da Figueira- Credito WWf-Brasil-Adriano Gambarini\" width=\"300\" height=\"199\" \/><\/a>Dia 21 de setembro, das 9h \u00e0s 15h, o Parque Estadual Carlos Botelho (PECB) recebe a\u00a0EMEI Paulo Roberto Ortiz de Camargo\u00a0para comemorar o Dia da \u00c1rvore, celebrado neste mesmo dia.\u00a0Por meio de palestras, trilhas e plantio de mudas nativas as crian\u00e7as ser\u00e3o sensibilizadas sobre a import\u00e2ncia da natureza e das florestas.\u00a0<\/strong><\/p>\n<p><strong>Programa\u00e7\u00e3o<br \/>\n<\/strong>9h \u2013 Recep\u00e7\u00e3o dos alunos<br \/>\n9h30 \u2013 Palestra sobre o PECB e a import\u00e2ncia da preserva\u00e7\u00e3o da biodiversidade<br \/>\n10h30 \u2013 Trilha Interpretativa<br \/>\n12h \u2013 Intervalo<br \/>\n13h \u2013 Visita ao Mini Museu de Zoologia e ao Centro de Exposi\u00e7\u00e3o Tem\u00e1tico<br \/>\n15h \u2013 Encerramento da visita<\/p>\n<p><strong>Sobre a UC<\/strong><\/p>\n<p>O PECB \u00e9 um importante abrigo da vida silvestre da regi\u00e3o sudeste do Estado de S\u00e3o Paulo, protegendo os remanescentes da Mata Atl\u00e2ntica da regi\u00e3o.\u00a0 Seu objetivo \u00e9 assegurar integral prote\u00e7\u00e3o \u00e0 flora, \u00e0 fauna e \u00e0s belezas naturais, al\u00e9m de garantir sua utiliza\u00e7\u00e3o para fins educacionais, recreativos e cient\u00edficos.<\/p>\n<p><strong><u>SERVI\u00c7O<\/u><\/strong><br \/>\n<strong>Parque Estadual Carlos Botelho<\/strong><br \/>\nAcesso pela Rodovia SP 139, km 78,5 \u2013 Bairro do Abaitinga \u2013 S\u00e3o Miguel Arcanjo \u2013 SP<br \/>\n<strong>Dias e hor\u00e1rios de funcionamento:<\/strong>\u00a0segunda a domingo e feriados, das 8h \u00e0s 17h<br \/>\n<strong>Ingresso:<\/strong>\u00a0R$ 12,00 (Crian\u00e7as de at\u00e9 12 anos, adultos com mais de 60 e pessoas com defici\u00eancia tamb\u00e9m n\u00e3o pagam. Estudantes pagam meia entrada, mediante apresenta\u00e7\u00e3o de documento)<br \/>\n<strong>Telefone:<\/strong>\u00a0(15) 3379-6031<br \/>\n<strong>E-mail:<\/strong>\u00a0<a href=\"mailto:pe.carlosbotelho@fflorestal.sp.gov.br\">pe.carlosbotelho@fflorestal.sp.gov.br<\/a><\/p>\n","protected":false},"excerpt":{"rendered":"<p>Alunos da\u00a0EMEI Paulo Roberto Ortiz de Camargo participam de atividades como trilha monitorada e plantio de mudas nativas<\/p>\n","protected":false},"author":3,"featured_media":0,"comment_status":"closed","ping_status":"closed","sticky":false,"template":"","format":"standard","meta":{"_jetpack_newsletter_access":"","_jetpack_dont_email_post_to_subs":false,"_jetpack_newsletter_tier_id":0,"_jetpack_memberships_contains_paywalled_content":false,"_jetpack_memberships_contains_paid_content":false,"footnotes":""},"categories":[7],"tags":[5537],"class_list":["post-3120","post","type-post","status-publish","format-standard","hentry","category-comunicacao","tag-meio-ambiente"],"aioseo_notices":[],"views":0,"jetpack_featured_media_url":"","jetpack_sharing_enabled":true,"jetpack_likes_enabled":true,"jetpack-related-posts":[{"id":3180,"url":"https:\/\/jornalrol.com.br\/?p=3180","url_meta":{"origin":3120,"position":0},"title":"Parque Estadual Carlos Botelho completa 33 anos","author":"Helio Rubens","date":"8 de setembro de 2015","format":false,"excerpt":"Para celebrar a data, UC oferece programa\u00e7\u00e3o especial para os alunos da\u00a0Escola Municipal de Ensino Infantil e Fundamental Leonardo Antonio Vieira No pr\u00f3ximo dia 10 de setembro, o Parque Estadual Carlos Botelho (PECB) completa 33 anos. Para celebrar a data, no dia 8 de setembro, das 9h \u00e0s 14h, a\u2026","rel":"","context":"Em &quot;Comunica\u00e7\u00e3o&quot;","block_context":{"text":"Comunica\u00e7\u00e3o","link":"https:\/\/jornalrol.com.br\/?cat=7"},"img":{"alt_text":"Rio da Mata Atl\u00e2ntica Fabio Colombini (1)","src":"https:\/\/i0.wp.com\/www.jornalrol.com.br\/wp-content\/uploads\/2015\/09\/Rio-da-Mata-Atl%C3%A2ntica-Fabio-Colombini-1-242x300.jpg?resize=350%2C200","width":350,"height":200},"classes":[]},{"id":10858,"url":"https:\/\/jornalrol.com.br\/?p=10858","url_meta":{"origin":3120,"position":1},"title":"Semana do Meio Ambiente ter\u00e1 em Itapetininga plantio de \u00e1rvore, doa\u00e7\u00e3o de mudas e coleta de \u00f3leo de cozinha","author":"Helio Rubens","date":"1 de junho de 2017","format":false,"excerpt":"A Prefeitura de Itapetininga ir\u00e1 realizar, de\u00a04 a\u00a010 de junho, a Semana do Meio Ambiente Est\u00e3o programados plantio e doa\u00e7\u00e3o de mudas, oficina de reaproveitamento de res\u00edduos s\u00f3lidos, coleta de \u00f3leo de cozinha, palestra sobre a posse respons\u00e1vel de c\u00e3es e gatos e montagem de lixeiras ecol\u00f3gicas. O evento tem\u2026","rel":"","context":"Em &quot;Comunica\u00e7\u00e3o&quot;","block_context":{"text":"Comunica\u00e7\u00e3o","link":"https:\/\/jornalrol.com.br\/?cat=7"},"img":{"alt_text":"","src":"","width":0,"height":0},"classes":[]},{"id":2087,"url":"https:\/\/jornalrol.com.br\/?p=2087","url_meta":{"origin":3120,"position":2},"title":"Ser\u00e1 em Junho a 15a. EXPO-ECO, segundo o jornal Bem Estar","author":"Helio Rubens","date":"31 de maio de 2015","format":false,"excerpt":"Jornal Bem Estar, de Itapetininga Ocorrer\u00e1 no per\u00edodo de 01 a 13 de junho, na C\u00e2mara Municipal de Itapetininga, a 15\u00aa edi\u00e7\u00e3o da Expo Eco, com exposi\u00e7\u00e3o ecol\u00f3gica de fotos do meio ambiente de Itapetininga e regi\u00e3o, bem como exposi\u00e7\u00e3o de trabalhos e a\u00e7\u00f5es de diversas entidades voltadas ao meio\u2026","rel":"","context":"Em &quot;Comunica\u00e7\u00e3o&quot;","block_context":{"text":"Comunica\u00e7\u00e3o","link":"https:\/\/jornalrol.com.br\/?cat=7"},"img":{"alt_text":"Expo","src":"https:\/\/i0.wp.com\/www.jornalrol.com.br\/wp-content\/uploads\/2015\/05\/Expo-184x300.jpg?resize=350%2C200","width":350,"height":200},"classes":[]},{"id":71176,"url":"https:\/\/jornalrol.com.br\/?p=71176","url_meta":{"origin":3120,"position":3},"title":"Trilhas e Tropas","author":"Sergio Diniz da Costa","date":"6 de dezembro de 2024","format":false,"excerpt":"No dia 12 de dezembro de 2025, \u00e0s 19h, na Casa Kennedy, a genealogista e professora Alba Regina Franco Carron Luisi lan\u00e7ar\u00e1 o livro Trilhas e Tropas.","rel":"","context":"Em &quot;lan\u00e7amentos&quot;","block_context":{"text":"lan\u00e7amentos","link":"https:\/\/jornalrol.com.br\/?cat=9462"},"img":{"alt_text":"Capa do livro Trilhas e Tropas, de Alba Regina F.C. Luisi","src":"https:\/\/i0.wp.com\/jornalrol.com.br\/wp-content\/uploads\/2024\/12\/capa-do-livro_pages-to-jpg-0001.jpg?resize=350%2C200&ssl=1","width":350,"height":200},"classes":[]},{"id":3090,"url":"https:\/\/jornalrol.com.br\/?p=3090","url_meta":{"origin":3120,"position":4},"title":"Lan\u00e7amento da Frente Parlamentar de Apoio \u00e0 Silvicultura reunir\u00e1 Secret\u00e1rios de Estado, Deputados e lideran\u00e7as da regi\u00e3o nesta pr\u00f3xima 2\u00aa, dia 31 em Itapetininga","author":"Helio Rubens","date":"27 de agosto de 2015","format":false,"excerpt":"Ser\u00e1 lan\u00e7ada em Itapetininga, nesta pr\u00f3xima segunda-feira, \u00a0dia 31, \u00e0s 10 h,\u00a0na C\u00e2mara Municipal, a\u00a0Frente Parlamentar de Apoio \u00e0 Silvicultura, coordenada pelo deputado estadual Edson Giriboni, autor da iniciativa A Frente \u00e9 formada por representantes de 10 partidos (PV, PSDB, PT, PC do B, DEM, PSB, PSD, PEN, PRB, PDT).\u00a0Al\u00e9m\u2026","rel":"","context":"Em &quot;Comunica\u00e7\u00e3o&quot;","block_context":{"text":"Comunica\u00e7\u00e3o","link":"https:\/\/jornalrol.com.br\/?cat=7"},"img":{"alt_text":"","src":"","width":0,"height":0},"classes":[]},{"id":9244,"url":"https:\/\/jornalrol.com.br\/?p=9244","url_meta":{"origin":3120,"position":5},"title":"Reinaldo Canto: &#039;Plant for the Planet: Uma viagem e muitos significados&#039;","author":"Sergio Diniz da Costa","date":"5 de abril de 2017","format":false,"excerpt":"\u00a0 Reinaldo Canto: 'Plant for the Planet: Uma viagem e muitos significados' Por Reinaldo Canto, especial para a Envolverde Projeto\u00a0 Plant for the Planet da AccorHotels leva camareiras a conhecer \u00e1reas de reflorestamento que elas ajudam a manter Uma cena bonita de se ver! Mo\u00e7as e rapazes, alguns bem jovens\u2026","rel":"","context":"Em &quot;Comunica\u00e7\u00e3o&quot;","block_context":{"text":"Comunica\u00e7\u00e3o","link":"https:\/\/jornalrol.com.br\/?cat=7"},"img":{"alt_text":"","src":"https:\/\/i0.wp.com\/www.jornalrol.com.br\/wp-content\/uploads\/2014\/11\/Foto-close-cortada.jpg?resize=350%2C200","width":350,"height":200},"classes":[]}],"_links":{"self":[{"href":"https:\/\/jornalrol.com.br\/index.php?rest_route=\/wp\/v2\/posts\/3120","targetHints":{"allow":["GET"]}}],"collection":[{"href":"https:\/\/jornalrol.com.br\/index.php?rest_route=\/wp\/v2\/posts"}],"about":[{"href":"https:\/\/jornalrol.com.br\/index.php?rest_route=\/wp\/v2\/types\/post"}],"author":[{"embeddable":true,"href":"https:\/\/jornalrol.com.br\/index.php?rest_route=\/wp\/v2\/users\/3"}],"replies":[{"embeddable":true,"href":"https:\/\/jornalrol.com.br\/index.php?rest_route=%2Fwp%2Fv2%2Fcomments&post=3120"}],"version-history":[{"count":0,"href":"https:\/\/jornalrol.com.br\/index.php?rest_route=\/wp\/v2\/posts\/3120\/revisions"}],"wp:attachment":[{"href":"https:\/\/jornalrol.com.br\/index.php?rest_route=%2Fwp%2Fv2%2Fmedia&parent=3120"}],"wp:term":[{"taxonomy":"category","embeddable":true,"href":"https:\/\/jornalrol.com.br\/index.php?rest_route=%2Fwp%2Fv2%2Fcategories&post=3120"},{"taxonomy":"post_tag","embeddable":true,"href":"https:\/\/jornalrol.com.br\/index.php?rest_route=%2Fwp%2Fv2%2Ftags&post=3120"}],"curies":[{"name":"wp","href":"https:\/\/api.w.org\/{rel}","templated":true}]}}