{"id":3127,"date":"2015-09-01T13:05:14","date_gmt":"2015-09-01T16:05:14","guid":{"rendered":"http:\/\/www.jornalrol.com.br\/?p=3127"},"modified":"2015-09-01T13:05:14","modified_gmt":"2015-09-01T16:05:14","slug":"leitor-de-portugal-pede-informacoes-genealogicas-alguem-pode-ajudar","status":"publish","type":"post","link":"https:\/\/jornalrol.com.br\/?p=3127","title":{"rendered":"Leitor de Portugal pede informa\u00e7\u00f5es geneal\u00f3gicas. Algu\u00e9m pode ajudar?"},"content":{"rendered":"<div class=\"pdfprnt-buttons pdfprnt-buttons-post pdfprnt-top-right\"><a href=\"https:\/\/jornalrol.com.br\/index.php?rest_route=%2Fwp%2Fv2%2Fposts%2F3127&print=pdf\" class=\"pdfprnt-button pdfprnt-button-pdf\" target=\"_blank\" ><\/a><a href=\"https:\/\/jornalrol.com.br\/index.php?rest_route=%2Fwp%2Fv2%2Fposts%2F3127&print=print\" class=\"pdfprnt-button pdfprnt-button-print\" target=\"_blank\" ><img decoding=\"async\" src=\"https:\/\/jornalrol.com.br\/wp-content\/plugins\/pdf-print\/images\/print.png\" alt=\"image_print\" title=\"Conte\u00fado de impress\u00e3o\" \/><\/a><\/div><h2><strong>Em correspond\u00eancia enviada para o genealogista Afr\u00e2nio Mello, leitor de Portugal relata suas dificuldades. O ROL pede apoio dos leitores\u00a0<\/strong><\/h2>\n<p><!--more--><\/p>\n<div>O leitor\u00a0Jo\u00e3o Lu\u00eds Esqu\u00edvel, l\u00e1 da Ilha Terceira, A\u00e7ores, Portugal escreveu para o genealogista:<\/div>\n<div>\n<p>&#8220;Estimado Afr\u00e2nio Mello, boa tarde,<br \/>\nEscrevi h\u00e1 pouco tempo um texto sobre Manuel Beckman e sua fam\u00edlia os ramos portugueses e os brasileiros.\u00a0Creio que tem interesse e curiosidade sobre estes temas hist\u00f3rico-geneal\u00f3gicos e a sua divulga\u00e7\u00e3o junto das popula\u00e7\u00f5es e\/ou comunidade de historiadores profissionais e amadores.<br \/>\nManuel Beckman \u00e9 de todos conhecido mas talvez n\u00e3o seja todo o resto da sua fam\u00edlia e o destaque que tiveram quer no Brasil quer em Portugal.<\/p>\n<p><a href=\"http:\/\/genalg.blogspot.pt\/2015\/08\/a-familia-beckman-e-as-suas-linhas.html\" target=\"_blank\">http:\/\/genalg.blogspot.pt\/2015\/08\/a-familia-beckman-e-as-suas-linhas.html<\/a><\/p>\n<p>Num artigo publicado no Jornal ROL \u00a0em que cita una das fam\u00edlias Alves e no qual escreve \u201c\u2026 Antiga e importante fam\u00edlia, de origem portuguesa, estabelecida no Par\u00e1, para onde passou o Cirurgi\u00e3o Juli\u00e3o Alves da Costa, natural de Torres Vedras, Lisboa, Portugal,\u00a0 e falecido no Par\u00e1, por volta de 1812. Capit\u00e3o Cirurgi\u00e3o-Mor do 1.\u00ba Regimento de Linha do Par\u00e1. Filho de Domingos Jo\u00e3o e de Maria Francisca. Deixou gera\u00e7\u00e3o do seu casamento, em Bel\u00e9m [PA], com Maria Joaquina de Almeida, filha de Pedro B. de Almeida e de Margarida dos Santos. Entre os descendentes do casal, registram-se: I &#8211; o filho, padre Greg\u00f3rio Alves da Costa, Vig\u00e1rio Colado da Cidade de Macap\u00e1; II &#8211; o filho, o Capit\u00e3o de Mil\u00edcias Juli\u00e3o Alves da Costa. Recebeu uma sesmaria em Macap\u00e1 [22.01.1760]; III &#8211; o filho, o Capit\u00e3o de Mil\u00edcias Hil\u00e1rio Pedro da Costa; IV &#8211; a filha, Fel\u00edcia Joaquina da Costa, casada com o Sargento-Mor Manuel Joaquim de Abreu, Governador de Macap\u00e1; e V &#8211; a filha, <u>Joana Batista da Costa, que foi casada com Joaquim Beckman<\/u>.\u201d\u00a0Sabe dizer-me onde se enquadra este Joaquim Beckman no meu trabalho?\u00a0Pe\u00e7o desculpa pelo atrevimento.\u00a0Cumprimentos,<\/p>\n<p>Jo\u00e3o Lu\u00eds Esqu\u00edvel<br \/>\nIlha Terceira, A\u00e7ores, Portugal&#8221;.<\/p>\n<\/div>\n<p>O genealogista respondeu:<\/p>\n<p>&#8220;Caro Jo\u00e3o, a\u00a0cita\u00e7\u00e3o do Joaquim Beckman \u00e9 em fun\u00e7\u00e3o do seu casamento com a Joana.\u00a0N\u00e3o tenho refer\u00eancias dele nos meus arquivos.\u00a0Veja que a data \u00e9 de 1760 mais ou menos e , assim sendo, voc\u00ea poderia\u00a0pesquisar na Igreja Cat\u00f3lica da cidade de Macap\u00e1, de onde veio a cita\u00e7\u00e3o.<br \/>\nEntrei no endere\u00e7o de sua p\u00e1gina da Familia Beckman, copiei e vou disseminar.<br \/>\nVou solicitar ao jornal \u00a0ROL \u2013 Regi\u00e3o\u00a0On Line, que fa\u00e7a a divulga\u00e7\u00e3o para ver se\u00a0algum dos nossos leitores poder\u00e1 ajud\u00e1-lo.<br \/>\nGrato.<br \/>\nAfr\u00e2nio Franco de Oliveira Mello<br \/>\nIHGGI \/ ROL &#8211; Regi\u00e3o\u00a0On Line<\/p>\n<h2><span style=\"color: #800000;\"><strong><span style=\"text-decoration: underline;\">Pedido do Editor<\/span>:\u00a0<\/strong><\/span><\/h2>\n<h2><strong>Solicito a quem puder ajudar o leitor de Portugal, inicando &#8216;fontes&#8217; de pesquisa, que o fa\u00e7a enviando correspond\u00eancia para jornalrol@gmail.com a\/c de Afr\u00e2nio Mello.<\/strong><\/h2>\n<div>\n<div dir=\"ltr\">\n<div>\n<div><\/div>\n<div><\/div>\n<\/div>\n<\/div>\n<\/div>\n","protected":false},"excerpt":{"rendered":"<p>Em correspond\u00eancia enviada para o genealogista Afr\u00e2nio Mello, leitor de Portugal relata suas dificuldades. O ROL pede apoio dos leitores\u00a0<\/p>\n","protected":false},"author":3,"featured_media":0,"comment_status":"closed","ping_status":"closed","sticky":false,"template":"","format":"standard","meta":{"_jetpack_newsletter_access":"","_jetpack_dont_email_post_to_subs":false,"_jetpack_newsletter_tier_id":0,"_jetpack_memberships_contains_paywalled_content":false,"_jetpack_memberships_contains_paid_content":false,"footnotes":""},"categories":[7],"tags":[657],"class_list":["post-3127","post","type-post","status-publish","format-standard","hentry","category-comunicacao","tag-afranio-mello"],"aioseo_notices":[],"views":0,"jetpack_featured_media_url":"","jetpack_sharing_enabled":true,"jetpack_likes_enabled":true,"jetpack-related-posts":[{"id":3113,"url":"https:\/\/jornalrol.com.br\/?p=3113","url_meta":{"origin":3127,"position":0},"title":"Leitor da Ilha Terceira, A\u00e7ores, Portugal precisa de informa\u00e7\u00f5es. Algu\u00e9m pode ajudar?","author":"Helio Rubens","date":"1 de setembro de 2015","format":false,"excerpt":"Em correspond\u00eancia enviada para o genealogista Afr\u00e2nio Mello, leitor de Portugal relata suas dificuldades. O ROL pede apoio dos leitores\u00a0 O leitor\u00a0Jo\u00e3o Lu\u00eds Esqu\u00edvel, l\u00e1 da Ilha Terceira, A\u00e7ores, Portugal escreveu para o genealogista: \"Estimado Afr\u00e2nio Mello, boa tarde, Escrevi h\u00e1 pouco tempo um texto sobre Manuel Beckman e sua\u2026","rel":"","context":"Em &quot;Comunica\u00e7\u00e3o&quot;","block_context":{"text":"Comunica\u00e7\u00e3o","link":"https:\/\/jornalrol.com.br\/?cat=7"},"img":{"alt_text":"","src":"","width":0,"height":0},"classes":[]},{"id":2797,"url":"https:\/\/jornalrol.com.br\/?p=2797","url_meta":{"origin":3127,"position":1},"title":"Alcance internacional do ROL","author":"Helio Rubens","date":"30 de julho de 2015","format":false,"excerpt":"Depois de leitores de Portugal e de v\u00e1rias cidades brasileiras de S\u00e3o Paulo, Minas Gerais, Paan\u00e9, Santa Catarina e Rio Grande do Sul, entrarem em contato com o nosso jornal, agora veio um pedido de um leitor da Argentina A coluna de Genealogia, assinada pelo genealogista Afr\u00e2nio Franco de Oliveira\u2026","rel":"","context":"Em &quot;Comunica\u00e7\u00e3o&quot;","block_context":{"text":"Comunica\u00e7\u00e3o","link":"https:\/\/jornalrol.com.br\/?cat=7"},"img":{"alt_text":"Afr\u00e2nio Mello","src":"https:\/\/i0.wp.com\/www.jornalrol.com.br\/wp-content\/uploads\/2015\/07\/Afr%C3%A2nio-para-o-ROL-2.jpg?resize=350%2C200","width":350,"height":200},"classes":[]},{"id":3767,"url":"https:\/\/jornalrol.com.br\/?p=3767","url_meta":{"origin":3127,"position":2},"title":"Genealogia: em breve ser\u00e3o reiniciadas as publica\u00e7\u00f5es","author":"Helio Rubens","date":"21 de novembro de 2015","format":false,"excerpt":"Aviso do Editor: o genealogista Afr\u00e2nio Mello\u00a0em breve retornar\u00e1 com suas publica\u00e7\u00f5es Muitos pedidos de estudos gratuitos pedindo informa\u00e7\u00f5es sobre\u00a0sobrenomes de familias chegam \u00e0 nossa Reda\u00e7\u00e3o quase diariamente. Eles prov\u00e9m de v\u00e1rias cidades brasileiras e at\u00e9 outros pa\u00edses, como j\u00e1 tivemos, de leitores que moram em Portugal, Sui\u00e7a, Estados Unidos,\u00a0Canad\u00e1\u2026","rel":"","context":"Em &quot;Comunica\u00e7\u00e3o&quot;","block_context":{"text":"Comunica\u00e7\u00e3o","link":"https:\/\/jornalrol.com.br\/?cat=7"},"img":{"alt_text":"Afr\u00e2nio Mello","src":"https:\/\/i0.wp.com\/www.jornalrol.com.br\/wp-content\/uploads\/2015\/07\/Afr%C3%A2nio-para-o-ROL-2.jpg?resize=350%2C200","width":350,"height":200},"classes":[]},{"id":2794,"url":"https:\/\/jornalrol.com.br\/?p=2794","url_meta":{"origin":3127,"position":3},"title":"ROL  com alcance internacional","author":"Helio Rubens","date":"30 de julho de 2015","format":false,"excerpt":"Depois de leitores de Portugal e de v\u00e1rias cidades brasileiras de S\u00e3o Paulo, Minas Gerais, Paan\u00e9, Santa Catarina e Rio Grande do Sul, entrarem em contato com o nosso jornal, agora veio um pedido de um leitor da Argentina A coluna de Genealogia, assinada pelo genealogista Afr\u00e2nio Franco de Oliveira\u2026","rel":"","context":"Em &quot;Comunica\u00e7\u00e3o&quot;","block_context":{"text":"Comunica\u00e7\u00e3o","link":"https:\/\/jornalrol.com.br\/?cat=7"},"img":{"alt_text":"Afr\u00e2io Mello","src":"https:\/\/i0.wp.com\/www.jornalrol.com.br\/wp-content\/uploads\/2015\/02\/FOTO-CLOSE-AFRANIO.jpg?resize=350%2C200","width":350,"height":200},"classes":[]},{"id":2702,"url":"https:\/\/jornalrol.com.br\/?p=2702","url_meta":{"origin":3127,"position":4},"title":"Leitora atesta a idoneidade e o acerto das pesquisas do genealogista Afr\u00e2nio Mello. A proximidade dos 500 atendimentos atesta o grande alcance do ROL","author":"Helio Rubens","date":"21 de julho de 2015","format":false,"excerpt":"O irm\u00e3o da leitora foi identificado no trabalho do genealogista! Ap\u00f3s ter atendido gratuitamente mais um pedido de leitor do nosso jornal, o genealogista Afr\u00e2nio Mello viu sem trabalho ser reconhecido por uma leitora. No atendimento numero 487, Afr\u00e2nio Mello explicou para a leitora Ana Rangel as dificuldades que encontrou:\u2026","rel":"","context":"Em &quot;Comunica\u00e7\u00e3o&quot;","block_context":{"text":"Comunica\u00e7\u00e3o","link":"https:\/\/jornalrol.com.br\/?cat=7"},"img":{"alt_text":"Genealogista Afr\u00e2nio Mello","src":"https:\/\/i0.wp.com\/www.jornalrol.com.br\/wp-content\/uploads\/2014\/11\/FOTO-CLOSE-AFRANIO.jpg?resize=350%2C200","width":350,"height":200},"classes":[]},{"id":36511,"url":"https:\/\/jornalrol.com.br\/?p=36511","url_meta":{"origin":3127,"position":5},"title":"Genealogia: Afr\u00e2nio Mello Presta informa\u00e7\u00f5es sobre a fam\u00edlia Valad\u00e3o","author":"ADM","date":"9 de janeiro de 2021","format":false,"excerpt":"Afr\u00e2nio Mello presta informa\u00e7\u00f5es sobre a fam\u00edlia VALAD\u00c3O ATENDIMENTO N\u00daMERO 1.315 Caros Jos\u00e9 Luiz Nogueira e M\u00e1rcio Valad\u00e3o. Em aten\u00e7\u00e3o ao pedido de voc\u00eas dois estou encaminhando o arquivo do sobrenome VALAD\u00c3O. VALAD\u00c3O..................... 3 p\u00e1ginas e 1 bras\u00e3o e mais 1 em separado para quadros. Abaixo um resumo para os\u2026","rel":"","context":"Em &quot;Comunica\u00e7\u00e3o&quot;","block_context":{"text":"Comunica\u00e7\u00e3o","link":"https:\/\/jornalrol.com.br\/?cat=7"},"img":{"alt_text":"","src":"https:\/\/i0.wp.com\/www.jornalrol.com.br\/wp-content\/uploads\/2020\/04\/afranio-150x150-1.jpg?resize=350%2C200","width":350,"height":200},"classes":[]}],"_links":{"self":[{"href":"https:\/\/jornalrol.com.br\/index.php?rest_route=\/wp\/v2\/posts\/3127","targetHints":{"allow":["GET"]}}],"collection":[{"href":"https:\/\/jornalrol.com.br\/index.php?rest_route=\/wp\/v2\/posts"}],"about":[{"href":"https:\/\/jornalrol.com.br\/index.php?rest_route=\/wp\/v2\/types\/post"}],"author":[{"embeddable":true,"href":"https:\/\/jornalrol.com.br\/index.php?rest_route=\/wp\/v2\/users\/3"}],"replies":[{"embeddable":true,"href":"https:\/\/jornalrol.com.br\/index.php?rest_route=%2Fwp%2Fv2%2Fcomments&post=3127"}],"version-history":[{"count":0,"href":"https:\/\/jornalrol.com.br\/index.php?rest_route=\/wp\/v2\/posts\/3127\/revisions"}],"wp:attachment":[{"href":"https:\/\/jornalrol.com.br\/index.php?rest_route=%2Fwp%2Fv2%2Fmedia&parent=3127"}],"wp:term":[{"taxonomy":"category","embeddable":true,"href":"https:\/\/jornalrol.com.br\/index.php?rest_route=%2Fwp%2Fv2%2Fcategories&post=3127"},{"taxonomy":"post_tag","embeddable":true,"href":"https:\/\/jornalrol.com.br\/index.php?rest_route=%2Fwp%2Fv2%2Ftags&post=3127"}],"curies":[{"name":"wp","href":"https:\/\/api.w.org\/{rel}","templated":true}]}}