{"id":3211,"date":"2015-09-11T17:35:02","date_gmt":"2015-09-11T20:35:02","guid":{"rendered":"http:\/\/www.jornalrol.com.br\/?p=3211"},"modified":"2015-09-11T17:35:02","modified_gmt":"2015-09-11T20:35:02","slug":"artigo-de-celio-pezza-jesus-foi-casado-com-maria-madalena","status":"publish","type":"post","link":"https:\/\/jornalrol.com.br\/?p=3211","title":{"rendered":"Artigo de Celio Pezza: &#039;Jesus foi casado com Maria Madalena?&#039;"},"content":{"rendered":"<div class=\"pdfprnt-buttons pdfprnt-buttons-post pdfprnt-top-right\"><a href=\"https:\/\/jornalrol.com.br\/index.php?rest_route=%2Fwp%2Fv2%2Fposts%2F3211&print=pdf\" class=\"pdfprnt-button pdfprnt-button-pdf\" target=\"_blank\" ><\/a><a href=\"https:\/\/jornalrol.com.br\/index.php?rest_route=%2Fwp%2Fv2%2Fposts%2F3211&print=print\" class=\"pdfprnt-button pdfprnt-button-print\" target=\"_blank\" ><img decoding=\"async\" src=\"https:\/\/jornalrol.com.br\/wp-content\/plugins\/pdf-print\/images\/print.png\" alt=\"image_print\" title=\"Conte\u00fado de impress\u00e3o\" \/><\/a><\/div><h2><strong>Cr\u00f4nica # 278 &#8211;\u00a0Jesus foi casado com Maria Madalena?<\/strong><!--more--><\/h2>\n<figure id=\"attachment_86\" aria-describedby=\"caption-attachment-86\" style=\"width: 276px\" class=\"wp-caption alignleft\"><a href=\"http:\/\/www.jornalrol.com.br\/wp-content\/uploads\/2014\/11\/Foto-close.jpg\"><img loading=\"lazy\" decoding=\"async\" class=\"size-full wp-image-86\" src=\"http:\/\/www.jornalrol.com.br\/wp-content\/uploads\/2014\/11\/Foto-close.jpg\" alt=\"Colunista do ROL\" width=\"276\" height=\"182\" \/><\/a><figcaption id=\"caption-attachment-86\" class=\"wp-caption-text\">Celio Pezza<\/figcaption><\/figure>\n<p>Essa quest\u00e3o percorre o mundo de tempos em tempos, mas, um estudo conduzido por cientistas dos Estados Unidos, das universidades de Harvard, Columbia e MIT, concluiu recentemente, que realmente Jesus era casado com Maria Madalena.<\/p>\n<p>Essa pesquisa levou em conta um papiro descoberto em 2012, parte do Evangelho da Esposa de Jesus, escrito em copta, antiga l\u00edngua morta.<\/p>\n<p>Nele se encontra a frase: \u201cJesus disse-lhes: Minha esposa&#8230;\u201d, referindo-se a Maria Madalena.<\/p>\n<p>A an\u00e1lise da composi\u00e7\u00e3o qu\u00edmica do papel, da tinta e os padr\u00f5es de oxida\u00e7\u00e3o, s\u00e3o consistentes com outros papiros antigos, como por exemplo, o Evangelho de S\u00e3o Jo\u00e3o, o Evangelho de Felipe, Tom\u00e9, Judas, Tiago e tantos outros considerados ap\u00f3crifos pela Igreja e banidos pelo imperador de Roma, Constantino, durante o 1\u00ba. Conc\u00edlio de Nic\u00e9ia, em maio de 325.<\/p>\n<p>Tamb\u00e9m no Evangelho de Felipe, encontramos trechos que dizem: \u201cA companheira de Jesus \u00e9 Maria Madalena\u201d.<\/p>\n<p>A passagem sobre o casamento de Jesus com Madalena teria sido suprimido do Evangelho de Marcos, pelo bispo Clemente, da Alexandria, esse mesmo que escreveu uma carta para seu colega Teodoro, contando ter mandado apagar o epis\u00f3dio da ressurei\u00e7\u00e3o de L\u00e1zaro, porque o evangelista deixara claro que Jesus e Maria eram marido e mulher.<\/p>\n<p>Essa carta foi descoberta em 1958, pelo professor Morton Smith, professor de Hist\u00f3ria Antiga da Universidade de Columbia, dentro de um livro de Santo In\u00e1cio de Anti\u00f3quia, num mosteiro perto de Jerusal\u00e9m.<\/p>\n<p>Tamb\u00e9m sabemos que Jesus ensinava nas sinagogas e era um rabino.<\/p>\n<p>Ora, para ser rabino e poder ensinar nos templos, ele teria que ser casado, pois a lei judaica era clara e s\u00f3 os casados podiam ensinar nos templos.<\/p>\n<p>Evidente que o Vaticano nega tudo e considera os papiros como farsas, apesar das provas cient\u00edficas.<\/p>\n<p>A Igreja, desde Greg\u00f3rio, O Grande, estigmatizou Maria Madalena como uma devassa, prostituta, e assim foi ensinado durante s\u00e9culos nas escolas cat\u00f3licas.<\/p>\n<p>Em 1969, o Vaticano corrigiu essa deforma\u00e7\u00e3o, declarando que a hist\u00f3ria b\u00edblica de que Jesus tinha expulsado v\u00e1rios dem\u00f4nios dela, n\u00e3o queria dizer que era uma prostituta, pois na \u00e9poca acreditavam que muitas doen\u00e7as estavam relacionadas com os dem\u00f4nios.<\/p>\n<p>Existem vers\u00f5es nos evangelhos ap\u00f3crifos, que dizem que Maria Madalena, al\u00e9m de esposa de Jesus, tamb\u00e9m era uma grande l\u00edder e possivelmente foi uma das fundadoras do Cristianismo.<\/p>\n<p>Talvez agora, o papa jesu\u00edta, Francisco, que j\u00e1 se mostrou um mestre em falar sobre assuntos evitados pelos outros papas, possa abrir algumas verdades que s\u00e3o evitadas, apesar de evidentes.<\/p>\n<p>Como dizia o pr\u00f3prio Jesus: \u201cO pior cego \u00e9 aquele que n\u00e3o quer ver.\u201d<\/p>\n<p>&nbsp;<\/p>\n<p>C\u00e9lio Pezza\u00a0\u00a0 \/\u00a0 Agosto, 2015<\/p>\n","protected":false},"excerpt":{"rendered":"<p>Cr\u00f4nica # 278 &#8211;\u00a0Jesus foi casado com Maria Madalena?<\/p>\n","protected":false},"author":3,"featured_media":0,"comment_status":"closed","ping_status":"closed","sticky":false,"template":"","format":"standard","meta":{"_jetpack_newsletter_access":"","_jetpack_dont_email_post_to_subs":false,"_jetpack_newsletter_tier_id":0,"_jetpack_memberships_contains_paywalled_content":false,"_jetpack_memberships_contains_paid_content":false,"footnotes":""},"categories":[7],"tags":[1789],"class_list":["post-3211","post","type-post","status-publish","format-standard","hentry","category-comunicacao","tag-celio-pezza"],"aioseo_notices":[],"views":0,"jetpack_featured_media_url":"","jetpack_sharing_enabled":true,"jetpack_likes_enabled":true,"jetpack-related-posts":[{"id":6372,"url":"https:\/\/jornalrol.com.br\/?p=6372","url_meta":{"origin":3211,"position":0},"title":"Celio Pezza: &#039;Jesus foi casado com Maria Madalena?&#039;","author":"Helio Rubens","date":"4 de outubro de 2016","format":false,"excerpt":"C\u00e9lio Pezza -\u00a0Cr\u00f4nica # 329 -\u00a0Jesus foi casado com Maria Madalena? Essa quest\u00e3o percorre o mundo de tempos em tempos, mas, um estudo conduzido por cientistas dos Estados Unidos, das universidades de Harvard, Columbia e MIT, concluiu que realmente Jesus era casado com Maria Madalena. Essa pesquisa levou em conta\u2026","rel":"","context":"Em &quot;Comunica\u00e7\u00e3o&quot;","block_context":{"text":"Comunica\u00e7\u00e3o","link":"https:\/\/jornalrol.com.br\/?cat=7"},"img":{"alt_text":"Colunista do ROL","src":"https:\/\/i0.wp.com\/www.jornalrol.com.br\/wp-content\/uploads\/2015\/01\/Foto-close.jpg?resize=350%2C200","width":350,"height":200},"classes":[]},{"id":17367,"url":"https:\/\/jornalrol.com.br\/?p=17367","url_meta":{"origin":3211,"position":1},"title":"C\u00e9lio Pezza: &#039;Arqu\u00e9tipos femininos&#039;","author":"Sergio Diniz da Costa","date":"28 de mar\u00e7o de 2018","format":false,"excerpt":"\u00a0\"Em 2016, o papa Francisco instituiu a data de Maria Madalena em festa lit\u00fargica, assinalando a relev\u00e2ncia desta mulher e seu amor por Cristo. Ele enfatizou seu t\u00edtulo de \u2018ap\u00f3stala dos ap\u00f3stolos\u2019. Esse gesto, cheio de simbolismo, repercutiu muito entre estudiosos, mas foi dada pouca aten\u00e7\u00e3o pelos religiosos e defensores\u2026","rel":"","context":"Em &quot;Comunica\u00e7\u00e3o&quot;","block_context":{"text":"Comunica\u00e7\u00e3o","link":"https:\/\/jornalrol.com.br\/?cat=7"},"img":{"alt_text":"","src":"https:\/\/i0.wp.com\/www.jornalrol.com.br\/wp-content\/uploads\/2017\/01\/Imagem-close-Google-1.jpeg?resize=350%2C200","width":350,"height":200},"classes":[]},{"id":2258,"url":"https:\/\/jornalrol.com.br\/?p=2258","url_meta":{"origin":3211,"position":2},"title":"Artigo de Celio Pezza: &#039;20 de Maio de 325 \u2013 O 1\u00ba. Conc\u00edlio de Nic\u00e9ia&#039;","author":"Helio Rubens","date":"22 de junho de 2015","format":false,"excerpt":"Cr\u00f4nica # 266 -\u00a020 de Maio de 325 \u2013 O 1\u00ba. Conc\u00edlio de Nic\u00e9ia \u00a0 Em 20 de maio de 325 DC, aconteceu na cidade de Nic\u00e9ia, perto de Constantinopla, o primeiro evento ecum\u00eanico que daria origem \u00e0 religi\u00e3o cat\u00f3lica. Na \u00e9poca, o imperador de Roma, Constantino, que estava com\u2026","rel":"","context":"Em &quot;Comunica\u00e7\u00e3o&quot;","block_context":{"text":"Comunica\u00e7\u00e3o","link":"https:\/\/jornalrol.com.br\/?cat=7"},"img":{"alt_text":"Celio Pezza","src":"https:\/\/i0.wp.com\/www.jornalrol.com.br\/wp-content\/uploads\/2014\/11\/Foto-close.jpg?resize=350%2C200","width":350,"height":200},"classes":[]},{"id":5370,"url":"https:\/\/jornalrol.com.br\/?p=5370","url_meta":{"origin":3211,"position":3},"title":"Artigo de Celio Pezza:  &#039;O 1\u00ba Conc\u00edlio de Nic\u00e9ia&#039;","author":"Helio Rubens","date":"24 de junho de 2016","format":false,"excerpt":"C\u00e9lio Pezza - Cr\u00f4nica # 317 Em maio de 325 DC, teve in\u00edcio na cidade de Nic\u00e9ia, perto de\u00a0Constantinopla, o primeiro evento ecum\u00eanico que daria origem \u00e0 religi\u00e3o\u00a0cat\u00f3lica. Na \u00e9poca, o imperador de Roma, Constantino, que estava com o\u00a0imp\u00e9rio em crise, viu que uma alian\u00e7a com os crist\u00e3os poderia aumentar\u00a0seu\u2026","rel":"","context":"Em &quot;Comunica\u00e7\u00e3o&quot;","block_context":{"text":"Comunica\u00e7\u00e3o","link":"https:\/\/jornalrol.com.br\/?cat=7"},"img":{"alt_text":"Colunista do ROL","src":"https:\/\/i0.wp.com\/www.jornalrol.com.br\/wp-content\/uploads\/2015\/01\/Foto-close.jpg?resize=350%2C200","width":350,"height":200},"classes":[]},{"id":5512,"url":"https:\/\/jornalrol.com.br\/?p=5512","url_meta":{"origin":3211,"position":4},"title":"Artigo de Celio Pezza: &#039;O 1\u00ba Concilio de Nic\u00e9ia&#039;","author":"Helio Rubens","date":"7 de julho de 2016","format":false,"excerpt":"Celio Pezza - Cr\u00f4nica # 317\u00a0O 1\u00ba. Conc\u00edlio de Nic\u00e9ia \u00a0 Em maio de 325 DC, teve in\u00edcio na cidade de Nic\u00e9ia, perto de Constantinopla, o primeiro evento ecum\u00eanico que daria origem \u00e0 religi\u00e3o cat\u00f3lica. Na \u00e9poca, o imperador de Roma, Constantino, que estava com o imp\u00e9rio em crise, viu\u2026","rel":"","context":"Em &quot;Comunica\u00e7\u00e3o&quot;","block_context":{"text":"Comunica\u00e7\u00e3o","link":"https:\/\/jornalrol.com.br\/?cat=7"},"img":{"alt_text":"","src":"","width":0,"height":0},"classes":[]},{"id":18403,"url":"https:\/\/jornalrol.com.br\/?p=18403","url_meta":{"origin":3211,"position":5},"title":"C\u00e9lio Pezza: &#039;O 1\u00ba Conc\u00edlio de Nic\u00e9ia&#039;","author":"Sergio Diniz da Costa","date":"16 de maio de 2018","format":false,"excerpt":"C\u00e9lio Pezza # Cronica n\u00ba 338 - 'O 1\u00ba concilio de Nic\u00e9ia' \"Em maio de 325 DC, teve in\u00edcio na cidade de Nic\u00e9ia, perto de Constantinopla, o primeiro evento ecum\u00eanico que daria origem \u00e0 religi\u00e3o cat\u00f3lica.\" \u00a0 Em maio de 325 DC, teve in\u00edcio na cidade de Nic\u00e9ia, perto de\u2026","rel":"","context":"Em &quot;Comunica\u00e7\u00e3o&quot;","block_context":{"text":"Comunica\u00e7\u00e3o","link":"https:\/\/jornalrol.com.br\/?cat=7"},"img":{"alt_text":"","src":"https:\/\/i0.wp.com\/www.jornalrol.com.br\/wp-content\/uploads\/2017\/01\/Imagem-close-Google-1.jpeg?resize=350%2C200","width":350,"height":200},"classes":[]}],"_links":{"self":[{"href":"https:\/\/jornalrol.com.br\/index.php?rest_route=\/wp\/v2\/posts\/3211","targetHints":{"allow":["GET"]}}],"collection":[{"href":"https:\/\/jornalrol.com.br\/index.php?rest_route=\/wp\/v2\/posts"}],"about":[{"href":"https:\/\/jornalrol.com.br\/index.php?rest_route=\/wp\/v2\/types\/post"}],"author":[{"embeddable":true,"href":"https:\/\/jornalrol.com.br\/index.php?rest_route=\/wp\/v2\/users\/3"}],"replies":[{"embeddable":true,"href":"https:\/\/jornalrol.com.br\/index.php?rest_route=%2Fwp%2Fv2%2Fcomments&post=3211"}],"version-history":[{"count":0,"href":"https:\/\/jornalrol.com.br\/index.php?rest_route=\/wp\/v2\/posts\/3211\/revisions"}],"wp:attachment":[{"href":"https:\/\/jornalrol.com.br\/index.php?rest_route=%2Fwp%2Fv2%2Fmedia&parent=3211"}],"wp:term":[{"taxonomy":"category","embeddable":true,"href":"https:\/\/jornalrol.com.br\/index.php?rest_route=%2Fwp%2Fv2%2Fcategories&post=3211"},{"taxonomy":"post_tag","embeddable":true,"href":"https:\/\/jornalrol.com.br\/index.php?rest_route=%2Fwp%2Fv2%2Ftags&post=3211"}],"curies":[{"name":"wp","href":"https:\/\/api.w.org\/{rel}","templated":true}]}}