{"id":3213,"date":"2015-09-11T22:23:23","date_gmt":"2015-09-12T01:23:23","guid":{"rendered":"http:\/\/www.jornalrol.com.br\/?p=3213"},"modified":"2015-09-11T22:23:23","modified_gmt":"2015-09-12T01:23:23","slug":"troca-de-livros-no-senac-itapetininga-de-8-a-12-de-setembro","status":"publish","type":"post","link":"https:\/\/jornalrol.com.br\/?p=3213","title":{"rendered":"Troca de livros no Senac Itapetininga  de 8 a 12 de setembro"},"content":{"rendered":"<div class=\"pdfprnt-buttons pdfprnt-buttons-post pdfprnt-top-right\"><a href=\"https:\/\/jornalrol.com.br\/index.php?rest_route=%2Fwp%2Fv2%2Fposts%2F3213&print=pdf\" class=\"pdfprnt-button pdfprnt-button-pdf\" target=\"_blank\" ><\/a><a href=\"https:\/\/jornalrol.com.br\/index.php?rest_route=%2Fwp%2Fv2%2Fposts%2F3213&print=print\" class=\"pdfprnt-button pdfprnt-button-print\" target=\"_blank\" ><img decoding=\"async\" src=\"https:\/\/jornalrol.com.br\/wp-content\/plugins\/pdf-print\/images\/print.png\" alt=\"image_print\" title=\"Conte\u00fado de impress\u00e3o\" \/><\/a><\/div><div>\n<div>\n<h2>Haver\u00e1 tamb\u00e9m programa\u00e7\u00e3o cultural sobre a import\u00e2ncia da leitura<\/h2>\n<\/div>\n<div><\/div>\n<\/div>\n<p><!--more--><\/p>\n<div>\n<p style=\"text-align: right;\">\u00a0(publicado pela TV Tem)<\/p>\n<\/div>\n<div>\n<div>\n<h2><img loading=\"lazy\" decoding=\"async\" class=\"CToWUd a6T alignleft\" tabindex=\"0\" title=\"Feira de troca de livros \u00e9 promovida at\u00e9 s\u00e1bado (12) em Itapetininga (Foto: Divulga\u00e7\u00e3o\/ Senac)\" src=\"https:\/\/mail.google.com\/mail\/u\/2\/?ui=2&amp;ik=d4016f14b7&amp;view=fimg&amp;th=14fb92c6aef2fbdf&amp;attid=0.1&amp;disp=emb&amp;attbid=ANGjdJ81IoL6uLps1ty29rAjGcecYz2fCcYSWs8o1alA_XxjfQT4a31v2oYlsVNYrV48fXBypJsKZez7fOgsyKiSSexn0raRsOr4SX9_dTbHYkg9JC0yqwcGLodOEXk&amp;sz=w1240-h930&amp;ats=1442020594169&amp;rm=14fb92c6aef2fbdf&amp;zw&amp;atsh=1\" alt=\"Feira de troca de livros \u00e9 promovida at\u00e9 s\u00e1bado (12) em Itapetininga (Foto: Divulga\u00e7\u00e3o\/ Senac)\" width=\"347\" height=\"260\" \/><strong>Feira de troca de livros \u00e9 promovida at\u00e9 s\u00e1bado (12) em Itapetininga (Foto: Divulga\u00e7\u00e3o\/ Senac)<\/strong><\/h2>\n<p>O Senac em\u00a0<a href=\"http:\/\/g1.globo.com\/sp\/itapetininga-regiao\/cidade\/itapetininga.html\" target=\"_blank\">Itapetininga<\/a>\u00a0(SP) realiza, de 8 a 12 de setembro, uma feira para troca de livros na unidade. Este ano, a institui\u00e7\u00e3o disp\u00f5e de aproximadamente 500 livros e 100 gibis, entre eles t\u00edtulos de literatura, muito utilizados por pessoas que estudam para vestibular. A entrada \u00e9 de gra\u00e7a para todos os p\u00fablicos.<\/p>\n<p>A feira ocorre na biblioteca da unidade e o hor\u00e1rio de funcionamento \u00e9 de segunda a sexta-feira, das 8h \u00e0s 22h30 e, aos s\u00e1bados, das 8h \u00e0s 14h. O objetivo \u00e9 incentivar a leitura e o compartilhamento de t\u00edtulos novos ou usados com a comunidade local.<\/p>\n<p>De acordo com o respons\u00e1vel pela biblioteca do Senac Itapetininga, Diogo Frederico Ravacci, as trocas devem ser de livro por livro ou gibi por gibi. N\u00e3o ser\u00e3o aceitos os materiais com conte\u00fado did\u00e1tico, pol\u00edtico ou religioso, enciclop\u00e9dias, dicion\u00e1rios, guias e revistas.<\/p>\n<p>Al\u00e9m disso, os interessados devem levar obras em bom estado de conserva\u00e7\u00e3o. Nos livros n\u00e3o podem conter etiquetas de outras bibliotecas sem o carimbo de doa\u00e7\u00e3o da institui\u00e7\u00e3o e indica\u00e7\u00e3o de selo de livros gratuitos, distribu\u00eddos pelos governos municipal, estadual, federal ou de institui\u00e7\u00f5es banc\u00e1rias.<\/p>\n<p><strong>Programa\u00e7\u00e3o Cultural<\/strong><br \/>\nAl\u00e9m da troca de livros e gibis, a feira traz ainda uma programa\u00e7\u00e3o cultural para todas as idades. De 8 a 12 de setembro, a unidade exibir\u00e1 um v\u00eddeo sobre a import\u00e2ncia da leitura, onde escolas poder\u00e3o agendar hor\u00e1rio para levar os alunos.<\/p>\n<p>A Feira de Troca de Livros ocorre no Senac Itapetininga desde 2009 e, segundo a gerente da unidade, Helo\u00edsa Vendramini, o p\u00fablico participa ativamente. \u201cEsta feira pretende despertar a curiosidade e o prazer por ler. Uma boa e prazerosa leitura desenvolve a dimens\u00e3o humana, nutrindo o intelecto e a sensibilidade\u201d, afirma.<\/p>\n<div><img loading=\"lazy\" decoding=\"async\" class=\"CToWUd a6T alignleft\" tabindex=\"0\" title=\"Gibis tamb\u00e9m est\u00e3o dispon\u00edveis para troca em feira de livros (Foto: Divulga\u00e7\u00e3o\/ Senac)\" src=\"https:\/\/mail.google.com\/mail\/u\/2\/?ui=2&amp;ik=d4016f14b7&amp;view=fimg&amp;th=14fb92c6aef2fbdf&amp;attid=0.2&amp;disp=emb&amp;attbid=ANGjdJ9c2t8Ak_p8RZHBSkjvE39_6x-FJ0DTKeOTyl2yPXrJey8qi2-Cmgo6nPUw0l9pADc03XfeHRVQxxvVVMTWI8wfwyIalVwJAJM_QZiWY90zB6J8Wxv5iyJpKbM&amp;sz=w1240-h930&amp;ats=1442020594172&amp;rm=14fb92c6aef2fbdf&amp;zw&amp;atsh=1\" alt=\"Gibis tamb\u00e9m est\u00e3o dispon\u00edveis para troca em feira de livros (Foto: Divulga\u00e7\u00e3o\/ Senac)\" width=\"620\" height=\"465\" \/><strong>Gibis tamb\u00e9m est\u00e3o dispon\u00edveis para troca em feira de livros <\/strong><\/div>\n<div><\/div>\n<div><strong>(Foto: Divulga\u00e7\u00e3o\/ Senac)<\/strong><\/div>\n<\/div>\n<\/div>\n<p>&nbsp;<\/p>\n","protected":false},"excerpt":{"rendered":"<p>Haver\u00e1 tamb\u00e9m programa\u00e7\u00e3o cultural sobre a import\u00e2ncia da leitura<\/p>\n","protected":false},"author":3,"featured_media":0,"comment_status":"closed","ping_status":"closed","sticky":false,"template":"","format":"standard","meta":{"_jetpack_newsletter_access":"","_jetpack_dont_email_post_to_subs":false,"_jetpack_newsletter_tier_id":0,"_jetpack_memberships_contains_paywalled_content":false,"_jetpack_memberships_contains_paid_content":false,"footnotes":""},"categories":[7],"tags":[5164],"class_list":["post-3213","post","type-post","status-publish","format-standard","hentry","category-comunicacao","tag-livros"],"aioseo_notices":[],"views":0,"jetpack_featured_media_url":"","jetpack_sharing_enabled":true,"jetpack_likes_enabled":true,"jetpack-related-posts":[{"id":3170,"url":"https:\/\/jornalrol.com.br\/?p=3170","url_meta":{"origin":3213,"position":0},"title":"Senac Itapetininga realiza Feira de Troca de Livros","author":"Helio Rubens","date":"7 de setembro de 2015","format":false,"excerpt":"Evento acontece de 8 a 12 de setembro. Programa\u00e7\u00e3o inclui exibi\u00e7\u00e3o de v\u00eddeo sobre a import\u00e2ncia da leitura e pode ser agendada por escolas da cidade \u00a0 Com o objetivo de incentivar a leitura e o compartilhamento de t\u00edtulos novos ou usados com a comunidade o Senac Itapetininga realiza, de\u2026","rel":"","context":"Em &quot;Comunica\u00e7\u00e3o&quot;","block_context":{"text":"Comunica\u00e7\u00e3o","link":"https:\/\/jornalrol.com.br\/?cat=7"},"img":{"alt_text":"","src":"","width":0,"height":0},"classes":[]},{"id":9734,"url":"https:\/\/jornalrol.com.br\/?p=9734","url_meta":{"origin":3213,"position":1},"title":"Senac Itapetininga promove Semana de Leitura com a Feira de Troca de Livros","author":"Helio Rubens","date":"25 de abril de 2017","format":false,"excerpt":"Est\u00e3o dispon\u00edveis para troca cerca de 500 livros e 50 gibis O Senac Itapetininga realiza de 24 a 29 de abril a Semana Senac de Leitura. A iniciativa, que tem como objetivo refletir sobre a import\u00e2ncia da produ\u00e7\u00e3o escrita e da leitura como elementos formadores de indiv\u00edduos cr\u00edticos, acontece em\u2026","rel":"","context":"Em &quot;Comunica\u00e7\u00e3o&quot;","block_context":{"text":"Comunica\u00e7\u00e3o","link":"https:\/\/jornalrol.com.br\/?cat=7"},"img":{"alt_text":"","src":"https:\/\/i0.wp.com\/www.jornalrol.com.br\/wp-content\/uploads\/2017\/04\/livros-300x205.jpg?resize=350%2C200","width":350,"height":200},"classes":[]},{"id":17824,"url":"https:\/\/jornalrol.com.br\/?p=17824","url_meta":{"origin":3213,"position":2},"title":"Semana da Literatura no Senac de Itapetininga","author":"Helio Rubens","date":"24 de abril de 2018","format":false,"excerpt":"O evento durar\u00e1 at\u00e9 o dia 28 e tem filmes e feira de troca de livros O Senac de Itapetininga est\u00e1 promovendo de 23 a 28 de abril a 3\u00aa Semana Senac de Leitura. O evento \u00e9 realizado tamb\u00e9m em todas as unidades da institui\u00e7\u00e3o e ter\u00e1 v\u00e1rias atra\u00e7\u00f5es culturais,\u2026","rel":"","context":"Em &quot;Comunica\u00e7\u00e3o&quot;","block_context":{"text":"Comunica\u00e7\u00e3o","link":"https:\/\/jornalrol.com.br\/?cat=7"},"img":{"alt_text":"Al\u00e9m de livros, cerca de 100 gibis tamb\u00e9m est\u00e3o dispon\u00edveis para troca. (Foto: Carlos Alberto Soares \/ TV TEM)","src":"https:\/\/i0.wp.com\/s2.glbimg.com\/NQc9Ae5aQFL30V9xuYIQCUDSpZg%3D\/0x0%3A620x465\/984x0\/smart\/filters%3Astrip_icc%28%29\/s.glbimg.com\/jo\/g1\/f\/original\/2012\/10\/22\/feira_livros_senac_003_620_gibis.jpg?resize=350%2C200&ssl=1","width":350,"height":200},"classes":[]},{"id":3186,"url":"https:\/\/jornalrol.com.br\/?p=3186","url_meta":{"origin":3213,"position":3},"title":"Senac Itapetininga promove feira de troca de livros e exibi\u00e7\u00e3o de v\u00eddeo (TV Tem)","author":"Helio Rubens","date":"9 de setembro de 2015","format":false,"excerpt":"Evento acontece de 8 a 12 de setembro, segundo os organizadores.\u00a0Haver\u00e1 tamb\u00e9m programa\u00e7\u00e3o cultural sobre a import\u00e2ncia da leitura. Do G1 Itapetininga e Regi\u00e3o O Senac em Itapetininga (SP) realiza, de 8 a 12 de setembro, uma feira para troca de livros na unidade. Este ano, a institui\u00e7\u00e3o disp\u00f5e de\u2026","rel":"","context":"Em &quot;Comunica\u00e7\u00e3o&quot;","block_context":{"text":"Comunica\u00e7\u00e3o","link":"https:\/\/jornalrol.com.br\/?cat=7"},"img":{"alt_text":"","src":"","width":0,"height":0},"classes":[]},{"id":1823,"url":"https:\/\/jornalrol.com.br\/?p=1823","url_meta":{"origin":3213,"position":4},"title":"SEMANA BRASILEIRA DE ENFERMAGEM SER\u00c1 COMEMORADO EM ITAPETININGA","author":"Helio Rubens","date":"13 de maio de 2015","format":false,"excerpt":"A 7\u00aa Semana Senac de Enfermagem ter\u00e1 como destaque atendimento gratuito de Quick Massage e palestra com profissional da \u00e1rea \u00a0 O Senac S\u00e3o Paulo realiza, entre 12 e 20 de maio, a 7\u00aa Semana Senac de Enfermagem nas unidades da Grande S\u00e3o Paulo e interior do Estado. A enfermagem\u2026","rel":"","context":"Em &quot;Comunica\u00e7\u00e3o&quot;","block_context":{"text":"Comunica\u00e7\u00e3o","link":"https:\/\/jornalrol.com.br\/?cat=7"},"img":{"alt_text":"","src":"","width":0,"height":0},"classes":[]},{"id":1262,"url":"https:\/\/jornalrol.com.br\/?p=1262","url_meta":{"origin":3213,"position":5},"title":"Itapetininga: CURSOS GRATUITOS NO SENAC PARA ALUNOS DE BAIXA RENDA","author":"Helio Rubens","date":"19 de mar\u00e7o de 2015","format":false,"excerpt":"Senac de Itapetininga oferece 257 vagas para cursos t\u00e9cnicos gratuitos Interessados podem fazer inscri\u00e7\u00f5es at\u00e9 2 meses antes do in\u00edcio das aulas. As \u00e1reas de estudo s\u00e3o: tecnologia da informa\u00e7\u00e3o, beleza e est\u00e9tica, administra\u00e7\u00e3o e neg\u00f3cios, sa\u00fade e bem-estar. No total, s\u00e3o 257 vagas gratuitas. Os interessados podem se inscrever\u2026","rel":"","context":"Em &quot;Comunica\u00e7\u00e3o&quot;","block_context":{"text":"Comunica\u00e7\u00e3o","link":"https:\/\/jornalrol.com.br\/?cat=7"},"img":{"alt_text":"","src":"","width":0,"height":0},"classes":[]}],"_links":{"self":[{"href":"https:\/\/jornalrol.com.br\/index.php?rest_route=\/wp\/v2\/posts\/3213","targetHints":{"allow":["GET"]}}],"collection":[{"href":"https:\/\/jornalrol.com.br\/index.php?rest_route=\/wp\/v2\/posts"}],"about":[{"href":"https:\/\/jornalrol.com.br\/index.php?rest_route=\/wp\/v2\/types\/post"}],"author":[{"embeddable":true,"href":"https:\/\/jornalrol.com.br\/index.php?rest_route=\/wp\/v2\/users\/3"}],"replies":[{"embeddable":true,"href":"https:\/\/jornalrol.com.br\/index.php?rest_route=%2Fwp%2Fv2%2Fcomments&post=3213"}],"version-history":[{"count":0,"href":"https:\/\/jornalrol.com.br\/index.php?rest_route=\/wp\/v2\/posts\/3213\/revisions"}],"wp:attachment":[{"href":"https:\/\/jornalrol.com.br\/index.php?rest_route=%2Fwp%2Fv2%2Fmedia&parent=3213"}],"wp:term":[{"taxonomy":"category","embeddable":true,"href":"https:\/\/jornalrol.com.br\/index.php?rest_route=%2Fwp%2Fv2%2Fcategories&post=3213"},{"taxonomy":"post_tag","embeddable":true,"href":"https:\/\/jornalrol.com.br\/index.php?rest_route=%2Fwp%2Fv2%2Ftags&post=3213"}],"curies":[{"name":"wp","href":"https:\/\/api.w.org\/{rel}","templated":true}]}}