{"id":3216,"date":"2015-09-11T23:57:07","date_gmt":"2015-09-12T02:57:07","guid":{"rendered":"http:\/\/www.jornalrol.com.br\/?p=3216"},"modified":"2015-09-11T23:57:07","modified_gmt":"2015-09-12T02:57:07","slug":"eleicao-do-conselho-nacional-de-politicas-culturais-do-minc","status":"publish","type":"post","link":"https:\/\/jornalrol.com.br\/?p=3216","title":{"rendered":"Elei\u00e7\u00e3o do Conselho Nacional de Politicas Culturais do MINC"},"content":{"rendered":"<div class=\"pdfprnt-buttons pdfprnt-buttons-post pdfprnt-top-right\"><a href=\"https:\/\/jornalrol.com.br\/index.php?rest_route=%2Fwp%2Fv2%2Fposts%2F3216&print=pdf\" class=\"pdfprnt-button pdfprnt-button-pdf\" target=\"_blank\" ><\/a><a href=\"https:\/\/jornalrol.com.br\/index.php?rest_route=%2Fwp%2Fv2%2Fposts%2F3216&print=print\" class=\"pdfprnt-button pdfprnt-button-print\" target=\"_blank\" ><img decoding=\"async\" src=\"https:\/\/jornalrol.com.br\/wp-content\/plugins\/pdf-print\/images\/print.png\" alt=\"image_print\" title=\"Conte\u00fado de impress\u00e3o\" \/><\/a><\/div><h2><strong>O Conselho Nacional de Pol\u00edticas Culturais (CNPC) \u00e9 uma inst\u00e2ncia de di\u00e1logo e participa\u00e7\u00e3o popular entre a Sociedade Civil organizada e o Estado Brasileiro. Tem por finalidade colaborar na avalia\u00e7\u00e3o e proposi\u00e7\u00e3o das pol\u00edticas p\u00fablicas para a cultura em andamento ou ainda o desenvolvimento de novas frentes de atua\u00e7\u00e3o.<\/strong><\/h2>\n<p><!--more--><\/p>\n<p><strong>\u00a0<\/strong><\/p>\n<p><strong>Participe da Etapa Presencial do Estado de S\u00e3o Paulo<\/strong><\/p>\n<p><strong>Dia 25\/9, das 9h \u00e0s 18h<\/strong><\/p>\n<p>Local<strong>: Secretaria de Cultura do Estado de S\u00e3o Paulo<\/strong><\/p>\n<p>Rua Mau\u00e1, 51, 1\u00ba andar. Luz, S\u00e3o Paulo, SP<\/p>\n<p>&nbsp;<\/p>\n<p><strong>Programa\u00e7\u00e3o (Audit\u00f3rio):<\/strong><\/p>\n<p><strong>09h00: <\/strong>Mesa de abertura, com a presen\u00e7a de representantes do Minist\u00e9rio da Cultura, Secretaria Estadual de Cultura e Secretarias Municipais de Cultura.<\/p>\n<p><strong>15h00:<\/strong> Roda de conversa sobre participa\u00e7\u00e3o social na gest\u00e3o de pol\u00edticas culturais.<\/p>\n<p>Durante o dia tamb\u00e9m acontecer\u00e3o apresenta\u00e7\u00f5es culturais.<\/p>\n<p>&nbsp;<\/p>\n<p><strong>Vota\u00e7\u00e3o (Sal\u00e3o Nobre):<\/strong><\/p>\n<p><strong>09h00 \u00e0s 18h00<\/strong>: a inscri\u00e7\u00e3o e vota\u00e7\u00e3o, tanto de candidatos quanto de eleitores. N\u00e3o \u00e9 necess\u00e1rio confirmar presen\u00e7a, mas \u00e9 fundamental, para a valida\u00e7\u00e3o dos inscritos, que todos que passarem pelo Encontro assinem as listas de presen\u00e7a.<\/p>\n<p>&nbsp;<\/p>\n<p><strong>Como Funciona:<\/strong><\/p>\n<p><strong>De 9 a 25 de setembro acontecem, nos 27 estados brasileiros, as etapas estaduais do processo eleitoral, que eleger\u00e3o os Delegados para a Etapa Nacional, ocasi\u00e3o em que ser\u00e3o eleitos, entre os delegados, os membros dos 17 Colegiados Setoriais (<\/strong>Arquitetura e Urbanismo; Arquivos; Arte Digital; Artes Visuais; Artesanato; Circo; Culturas Afro-Brasileiras; Culturas dos Povos Ind\u00edgenas; Culturas populares; Dan\u00e7a; Design; Literatura; Livro e Leitura; Moda; M\u00fasica; Patrim\u00f4nio Imaterial; Patrim\u00f4nio Material; e Teatro)<strong>. Os delegados eleitos participam da Etapa Nacional e podem concorrer a uma vaga no Colegiado Setorial de sua atua\u00e7\u00e3o. <\/strong>Essas inst\u00e2ncias t\u00eam por atribui\u00e7\u00e3o debater, analisar, acompanhar, solicitar informa\u00e7\u00f5es e fornecer subs\u00eddios ao CNPC para a defini\u00e7\u00e3o de pol\u00edticas, diretrizes e estrat\u00e9gias dos respectivos setores culturais.<\/p>\n<p><strong>Ap\u00f3s ter sua composi\u00e7\u00e3o definida, cada Colegiado Setorial eleger\u00e1 um representante para a categoria no Conselho Nacional de Pol\u00edticas Culturais.<\/strong><\/p>\n<p>&nbsp;<\/p>\n<p><strong>O Processo Eleitoral:<\/strong><\/p>\n<p><strong>Para ser votante, qualquer pessoa acima de 16 anos pode se inscrever; para ser candidato a delegado, deve ter mais de 18 anos e atua\u00e7\u00e3o comprovada na \u00e1rea em que se candidata. Em ambos os casos a inscri\u00e7\u00e3o para votar ou ser candidato s\u00f3 pode ocorrer para um dos Colegiados Setoriais citados acima.\u00a0<\/strong><\/p>\n<p><strong>O processo eleitoral tem fases virtuais e presenciais. As inscri\u00e7\u00f5es, tanto de eleitores quanto de candidatos a delegados, devem ser realizadas na plataforma online. A vota\u00e7\u00e3o tamb\u00e9m ser\u00e1 totalmente virtual \u2013 ou seja, todos devem registrar seu voto pelo site<\/strong><a href=\"http:\/\/www.cultura.gov.br\/votacultura\">www.cultura.gov.br\/votacultura<\/a><strong>. Assim, se garante que o maior n\u00famero de interessados poss\u00edvel participe do processo.<\/strong><\/p>\n<p><strong>No entanto, para garantir o debate entre os envolvidos no processo eleitoral e a sua mobiliza\u00e7\u00e3o, o n\u00famero de delegados que os setoriais de cada estado eleger\u00e3o para a etapa nacional depender\u00e1 do n\u00famero de presentes no Encontro Estadual, que aqui em S\u00e3o Paulo acontecer\u00e1 dia 25\/9. A propor\u00e7\u00e3o \u00e9 a seguinte:<\/strong><\/p>\n<p>&nbsp;<\/p>\n<p><strong>VOTA CULTURA!<\/strong><\/p>\n<p><strong>Convocamos os artistas, ativistas, militantes, grupos, coletivos culturais e todas as pessoas que entendem a arte e a cultura como parte fundamental da constru\u00e7\u00e3o da cidadania e da igualdade para participar do processo e colaborar com a mobiliza\u00e7\u00e3o, a fim de construir um Conselho Nacional representativo e democr\u00e1tico.<\/strong><\/p>\n<p><strong>Em caso de d\u00favidas sobre como participar do processo eleitoral ou do Encontro Estadual, entre em contato com a Representa\u00e7\u00e3o Regional do Minist\u00e9rio da Cultura em S\u00e3o Paulo: 2766-4300, ou pelo email <a href=\"mailto:tassia.nunes@cultura.gov.br\">tassia.nunes@cultura.gov.br<\/a>.<\/strong><\/p>\n","protected":false},"excerpt":{"rendered":"<p>O Conselho Nacional de Pol\u00edticas Culturais (CNPC) \u00e9 uma inst\u00e2ncia de di\u00e1logo e participa\u00e7\u00e3o popular entre a Sociedade Civil organizada e o Estado Brasileiro. Tem por finalidade colaborar na avalia\u00e7\u00e3o e proposi\u00e7\u00e3o das pol\u00edticas p\u00fablicas para a cultura em andamento ou ainda<\/p>\n<p class=\"link-more\"><a class=\"myButt \" href=\"https:\/\/jornalrol.com.br\/?p=3216\">Read More<\/a><\/p>\n","protected":false},"author":3,"featured_media":0,"comment_status":"closed","ping_status":"closed","sticky":false,"template":"","format":"standard","meta":{"_jetpack_newsletter_access":"","_jetpack_dont_email_post_to_subs":false,"_jetpack_newsletter_tier_id":0,"_jetpack_memberships_contains_paywalled_content":false,"_jetpack_memberships_contains_paid_content":false,"footnotes":""},"categories":[7],"tags":[2510],"class_list":["post-3216","post","type-post","status-publish","format-standard","hentry","category-comunicacao","tag-cultura"],"aioseo_notices":[],"views":0,"jetpack_featured_media_url":"","jetpack_sharing_enabled":true,"jetpack_likes_enabled":true,"jetpack-related-posts":[{"id":3306,"url":"https:\/\/jornalrol.com.br\/?p=3306","url_meta":{"origin":3216,"position":0},"title":"Representantes estaduais de cultura","author":"Helio Rubens","date":"18 de setembro de 2015","format":false,"excerpt":"Elei\u00e7\u00f5es Conselho Nacional de Pol\u00edtica Cultural - Etapa S\u00e3o Paulo O Conselho Nacional de Pol\u00edtica Cultural - CNPC \u00e9 um \u00f3rg\u00e3o colegiado integrante da estrutura b\u00e1sica do Minist\u00e9rio da Cultura que tem como finalidade propor a formula\u00e7\u00e3o de pol\u00edticas p\u00fablicas, com vistas a promover a articula\u00e7\u00e3o e o debate dos\u2026","rel":"","context":"Em &quot;Comunica\u00e7\u00e3o&quot;","block_context":{"text":"Comunica\u00e7\u00e3o","link":"https:\/\/jornalrol.com.br\/?cat=7"},"img":{"alt_text":"image001","src":"https:\/\/i0.wp.com\/www.jornalrol.com.br\/wp-content\/uploads\/2015\/09\/image001-300x300.jpg?resize=350%2C200","width":350,"height":200},"classes":[]},{"id":22659,"url":"https:\/\/jornalrol.com.br\/?p=22659","url_meta":{"origin":3216,"position":1},"title":"4\u00aa Confer\u00eancia Municipal de Cultura em Tatui ter\u00e1 presen\u00e7a do secret\u00e1rio da Cultura.","author":"Helio Rubens","date":"20 de novembro de 2018","format":false,"excerpt":"4\u00aa CONFER\u00caNCIA MUNICIPAL DE CULTURA DE TATU\u00cd\u00a0SER\u00c1\u00a0\u00a0NA PR\u00d3XIMA SEMANA E TER\u00c1 A PRESEN\u00c7A DO SECRET\u00c1RIO ESTADUAL DA CULTURA A Prefeitura de Tatu\u00ed, por meio da Secretaria de Esporte, Cultura, Turismo, Lazer e Juventude, juntamente com o Conselho Municipal de Pol\u00edticas Culturais, realizar\u00e1 na pr\u00f3xima quinta-feira (29\/11), das 14h \u00e0s 17h,\u2026","rel":"","context":"Em &quot;Comunica\u00e7\u00e3o&quot;","block_context":{"text":"Comunica\u00e7\u00e3o","link":"https:\/\/jornalrol.com.br\/?cat=7"},"img":{"alt_text":"","src":"https:\/\/ci5.googleusercontent.com\/proxy\/dGKw52tWW79720CILd6zKNZqm4Ym3eV-NrgHSMUrDA4SxQd7CDVXqcinE6IxD0icYhehasl8Kgp3cdAdEa3sD_W-D6LWLsYD4VSsdM-RylQhJrttPvDZ_V5TvalEGTPYJg7XHdMu6QX-_LG0cfbOiGbJIzl7Dn2WX_4fR-5iM6R_PgvQb_Tf=s0-d-e1-ft#http:\/\/assets.mktnaweb.com\/accounts\/2013\/06\/13\/17128\/pictures\/1669\/original_CULTURA%20SECRET%C3%81RIO.jpg?1542710812","width":350,"height":200},"classes":[]},{"id":22699,"url":"https:\/\/jornalrol.com.br\/?p=22699","url_meta":{"origin":3216,"position":2},"title":"Foram abertas as inscri\u00e7\u00f5es para o edital de Pontos de Cultura, que premiar\u00e1 544 iniciativas culturais","author":"Sergio Diniz da Costa","date":"22 de novembro de 2018","format":false,"excerpt":"Pontos de Cultura s\u00e3o grupos, coletivos e entidades de natureza ou finalidade cultural que desenvolvem e articulam atividades culturais em suas comunidades e em redes As inscri\u00e7\u00f5es se encerram impreterivelmente \u00e0s 23h59 do dia 1\u00ba de dezembro de 2018 Foram abertas as inscri\u00e7\u00f5es para o edital de Pontos de Cultura,\u2026","rel":"","context":"Em &quot;Comunica\u00e7\u00e3o&quot;","block_context":{"text":"Comunica\u00e7\u00e3o","link":"https:\/\/jornalrol.com.br\/?cat=7"},"img":{"alt_text":"","src":"https:\/\/i0.wp.com\/www.jornalrol.com.br\/wp-content\/uploads\/2018\/11\/pontos-640x480-300x225.jpg?resize=350%2C200","width":350,"height":200},"classes":[]},{"id":2324,"url":"https:\/\/jornalrol.com.br\/?p=2324","url_meta":{"origin":3216,"position":3},"title":"A Secretaria da Cidadania e Diversidade Cultural do Minist\u00e9rio da Cultura lan\u00e7ar\u00e1 no dia 2 de julho tr\u00eas editais, parte de suas a\u00e7\u00f5es para a gest\u00e3o 2015.","author":"Helio Rubens","date":"27 de junho de 2015","format":false,"excerpt":"\u00a0 Os primeiros editais priorizam a\u00e7\u00f5es de cultura transversais, m\u00eddia livre e redes culturais, e pol\u00edticas espec\u00edficas para grupos vulner\u00e1veis como o dos povos ind\u00edgenas. \u00a0 S\u00e3o editais que sinalizam o compromisso do MinC em apoiar de maneira cont\u00ednua e descentralizada as iniciativas culturais que est\u00e3o na base da sociedade\u2026","rel":"","context":"Em &quot;Comunica\u00e7\u00e3o&quot;","block_context":{"text":"Comunica\u00e7\u00e3o","link":"https:\/\/jornalrol.com.br\/?cat=7"},"img":{"alt_text":"editais","src":"https:\/\/i0.wp.com\/www.jornalrol.com.br\/wp-content\/uploads\/2015\/06\/editais-300x300.jpg?resize=350%2C200","width":350,"height":200},"classes":[]},{"id":31068,"url":"https:\/\/jornalrol.com.br\/?p=31068","url_meta":{"origin":3216,"position":4},"title":"Inscri\u00e7\u00f5es para o Cultura Presente nas Redes podem ser feitas at\u00e9 25 de abril","author":"Sergio Diniz da Costa","date":"17 de abril de 2020","format":false,"excerpt":"Poder\u00e3o se inscrever no edital on-line: pessoas f\u00edsicas maiores de 18 anos, artistas e produtores residentes no estado do Rio comprovadamente h\u00e1 mais de um ano Seguem at\u00e9 o dia 25 de abril, as inscri\u00e7\u00f5es para o pr\u00eamio Cultura Presente nas Redes, iniciativa da Secretaria de Estado de Cultura e\u2026","rel":"","context":"Em &quot;Comunica\u00e7\u00e3o&quot;","block_context":{"text":"Comunica\u00e7\u00e3o","link":"https:\/\/jornalrol.com.br\/?cat=7"},"img":{"alt_text":"","src":"https:\/\/i0.wp.com\/www.jornalrol.com.br\/wp-content\/uploads\/2020\/04\/Edital-estado-300x197.jpg?resize=350%2C200","width":350,"height":200},"classes":[]},{"id":4558,"url":"https:\/\/jornalrol.com.br\/?p=4558","url_meta":{"origin":3216,"position":5},"title":"Confer\u00eancia de Cultura acontece no fim de semana e re\u00fane principais agentes culturais da cidade de Itapetininga","author":"Helio Rubens","date":"31 de mar\u00e7o de 2016","format":false,"excerpt":"Uma s\u00e9rie de debates e palestras vai definir alguns pontos importantes para o desenvolvimento cultural de Itapetininga \u201cA Confer\u00eancia \u00e9 uma possibilidade da popula\u00e7\u00e3o dialogar sobre o que \u00e9 cultura e expor cr\u00edticas e necessidades nas mais variadas ramifica\u00e7\u00f5es como m\u00fasica, dan\u00e7a, teatro, gastronomia, artes pl\u00e1sticas, arquitetura, cren\u00e7as, costumes, literatura\u2026","rel":"","context":"Em &quot;Comunica\u00e7\u00e3o&quot;","block_context":{"text":"Comunica\u00e7\u00e3o","link":"https:\/\/jornalrol.com.br\/?cat=7"},"img":{"alt_text":"","src":"","width":0,"height":0},"classes":[]}],"_links":{"self":[{"href":"https:\/\/jornalrol.com.br\/index.php?rest_route=\/wp\/v2\/posts\/3216","targetHints":{"allow":["GET"]}}],"collection":[{"href":"https:\/\/jornalrol.com.br\/index.php?rest_route=\/wp\/v2\/posts"}],"about":[{"href":"https:\/\/jornalrol.com.br\/index.php?rest_route=\/wp\/v2\/types\/post"}],"author":[{"embeddable":true,"href":"https:\/\/jornalrol.com.br\/index.php?rest_route=\/wp\/v2\/users\/3"}],"replies":[{"embeddable":true,"href":"https:\/\/jornalrol.com.br\/index.php?rest_route=%2Fwp%2Fv2%2Fcomments&post=3216"}],"version-history":[{"count":0,"href":"https:\/\/jornalrol.com.br\/index.php?rest_route=\/wp\/v2\/posts\/3216\/revisions"}],"wp:attachment":[{"href":"https:\/\/jornalrol.com.br\/index.php?rest_route=%2Fwp%2Fv2%2Fmedia&parent=3216"}],"wp:term":[{"taxonomy":"category","embeddable":true,"href":"https:\/\/jornalrol.com.br\/index.php?rest_route=%2Fwp%2Fv2%2Fcategories&post=3216"},{"taxonomy":"post_tag","embeddable":true,"href":"https:\/\/jornalrol.com.br\/index.php?rest_route=%2Fwp%2Fv2%2Ftags&post=3216"}],"curies":[{"name":"wp","href":"https:\/\/api.w.org\/{rel}","templated":true}]}}