{"id":3218,"date":"2015-09-12T00:02:54","date_gmt":"2015-09-12T03:02:54","guid":{"rendered":"http:\/\/www.jornalrol.com.br\/?p=3218"},"modified":"2015-09-12T00:02:54","modified_gmt":"2015-09-12T03:02:54","slug":"genealogista-recebe-cumprimentos-pelo-trabalho-que-realiza-como-colunista-do-nosso-jornal","status":"publish","type":"post","link":"https:\/\/jornalrol.com.br\/?p=3218","title":{"rendered":"Genealogista recebe cumprimentos pelo trabalho que realiza como colunista do nosso jornal"},"content":{"rendered":"<div class=\"pdfprnt-buttons pdfprnt-buttons-post pdfprnt-top-right\"><a href=\"https:\/\/jornalrol.com.br\/index.php?rest_route=%2Fwp%2Fv2%2Fposts%2F3218&print=pdf\" class=\"pdfprnt-button pdfprnt-button-pdf\" target=\"_blank\" ><\/a><a href=\"https:\/\/jornalrol.com.br\/index.php?rest_route=%2Fwp%2Fv2%2Fposts%2F3218&print=print\" class=\"pdfprnt-button pdfprnt-button-print\" target=\"_blank\" ><img decoding=\"async\" src=\"https:\/\/jornalrol.com.br\/wp-content\/plugins\/pdf-print\/images\/print.png\" alt=\"image_print\" title=\"Conte\u00fado de impress\u00e3o\" \/><\/a><\/div><h2><strong>Pela troca de correspond\u00eancia fica claro o cumprimento do leitor ao trabalho do genealogista Afr\u00e2nio Mello<\/strong><!--more--><\/h2>\n<figure id=\"attachment_2799\" aria-describedby=\"caption-attachment-2799\" style=\"width: 222px\" class=\"wp-caption alignleft\"><a href=\"http:\/\/www.jornalrol.com.br\/wp-content\/uploads\/2015\/07\/Afr\u00e2nio-para-o-ROL-2.jpg\"><img loading=\"lazy\" decoding=\"async\" class=\"size-full wp-image-2799\" src=\"http:\/\/www.jornalrol.com.br\/wp-content\/uploads\/2015\/07\/Afr\u00e2nio-para-o-ROL-2.jpg\" alt=\"Afr\u00e2nio Mello\" width=\"222\" height=\"259\" \/><\/a><figcaption id=\"caption-attachment-2799\" class=\"wp-caption-text\">Afr\u00e2nio Mello<\/figcaption><\/figure>\n<p>Cl\u00e1udio, boa tarde.<\/p>\n<p>Eu trabalho com Genealogia e tenho uma coluna no Rol- Regi\u00e3o On Line,<\/p>\n<p>onde atendo pedidos do Brasil e do Exterior de forma gratu\u00edta<\/p>\n<p>J\u00e1 atendi in\u00fameros solicitantes de SOBRENOMES de origens diversas e<\/p>\n<p>essa \u00e9 a base do meu arquivo.<\/p>\n<p>Recebi mensagem abaixo copiada e gostaria de saber em posso ajud\u00e1-lo.<\/p>\n<p>Estou encaminhando ao Helio Rubens, jornalista e administrador do Jornal<\/p>\n<p>Eletr\u00f4nico para que possa disseminar.<\/p>\n<p>Grande abra\u00e7o<\/p>\n<p>Afr\u00e2nio Franco de Oliveira Mello<br \/>\nIHGGI \/ ROL &#8211; Jornal On Line<\/p>\n<p>&nbsp;<\/p>\n<p>\u201c<\/p>\n<p><strong>De:<\/strong> <a href=\"mailto:formulario@comunidades.net\">formulario@comunidades.net<\/a><br \/>\n<strong>Enviada:<\/strong> Quinta-feira, 10 de Setembro de 2015 16:40<br \/>\n<strong>Para:<\/strong> <a href=\"mailto:jlnogueira@bol.com.br\">jlnogueira@bol.com.br<\/a><br \/>\n<strong>Assunto:<\/strong> Genealogia<\/p>\n<p>Ol\u00e1,<\/p>\n<p>Esta Mensagem foi enviada da sua P\u00e1gina de Contactos em http:\/\/jlnogueira.no.comunidades.net.<\/p>\n<p><strong>Nome:<\/strong> Claudio Donizete Querido<br \/>\n<strong>EMail:<\/strong> <a href=\"mailto:claudioqueridocunha@gmail.com\">claudioqueridocunha@gmail.com<\/a><br \/>\n<strong>Site:<\/strong> http:\/\/almanakcunhense.com.br<br \/>\n<strong>Endere\u00e7o:<\/strong> Rua Manoel Prudente de Toledo,126 &#8211; Bairro Cajuru<br \/>\n<strong>C\u00f3digo Postal \/ CEP:<\/strong> 12530900<br \/>\n<strong>Cidade \/ Localidade:<\/strong> Cunha\/SP<br \/>\n<strong>Pa\u00eds:<\/strong> Brasil<br \/>\n<strong>Telem\u00f3vel \/ Celular:<\/strong> 12997602714<\/p>\n<p><strong>Assunto da Mensagem:<\/strong> Genealogia<\/p>\n<p><strong>Mensagem Enviada:<\/strong> Parab\u00e9ns pelo site muito legal sou estudante do ultimo ano do curso de Hist\u00f3ria &#8211;<\/p>\n<p>Unisal Lorena estou muito interessado em atuar na \u00e1rea da pesquisa especialmente genealogia e sobre o vale do para\u00edba.\u00a0 \u201c<\/p>\n","protected":false},"excerpt":{"rendered":"<p>Pela troca de correspond\u00eancia fica claro o cumprimento do leitor ao trabalho do genealogista Afr\u00e2nio Mello<\/p>\n","protected":false},"author":3,"featured_media":0,"comment_status":"closed","ping_status":"closed","sticky":false,"template":"","format":"standard","meta":{"_jetpack_newsletter_access":"","_jetpack_dont_email_post_to_subs":false,"_jetpack_newsletter_tier_id":0,"_jetpack_memberships_contains_paywalled_content":false,"_jetpack_memberships_contains_paid_content":false,"footnotes":""},"categories":[7],"tags":[657],"class_list":["post-3218","post","type-post","status-publish","format-standard","hentry","category-comunicacao","tag-afranio-mello"],"aioseo_notices":[],"views":0,"jetpack_featured_media_url":"","jetpack_sharing_enabled":true,"jetpack_likes_enabled":true,"jetpack-related-posts":[{"id":9707,"url":"https:\/\/jornalrol.com.br\/?p=9707","url_meta":{"origin":3218,"position":0},"title":"Afr\u00e2nio Mello cumprimenta o ROL pelos 23 anos de vida do jornal","author":"Helio Rubens","date":"23 de abril de 2017","format":false,"excerpt":"Afr\u00e2nio Mello cumprimenta o ROL pelos 23 anos de vida do jornal Helio Rubens, cumprimento o ROL - Regi\u00e3o On Line pelos 23 anos no ar. Agrade\u00e7o imensamente sua gentileza em abrir espa\u00e7o para eu divulgar o meu arquivo sobre Genealogia. Gra\u00e7as \u00e0 grande penetra\u00e7\u00e3o que o ROL tem na\u2026","rel":"","context":"Em &quot;Comunica\u00e7\u00e3o&quot;","block_context":{"text":"Comunica\u00e7\u00e3o","link":"https:\/\/jornalrol.com.br\/?cat=7"},"img":{"alt_text":"","src":"https:\/\/i0.wp.com\/www.jornalrol.com.br\/wp-content\/uploads\/2017\/01\/afranio.jpg?resize=350%2C200","width":350,"height":200},"classes":[]},{"id":6845,"url":"https:\/\/jornalrol.com.br\/?p=6845","url_meta":{"origin":3218,"position":1},"title":"Incr\u00edvel a qualidade de leitores do ROL!","author":"Helio Rubens","date":"14 de novembro de 2016","format":false,"excerpt":"Coluna de Genealogia recebe pedido de importante autoridade dos Estados Unidos! Que o nosso jornal ROL - REGI\u00c3O ON LINE tem audi\u00eancia qualificada e \u00e9 acessado por leitores de v\u00e1rios pa\u00edses do mundo, isso n\u00f3s j\u00e1 sab\u00edamos: as estat\u00edsticas de acesso informadas periodicamente pelo nosso webmaster Jo\u00e3o Ferrari, da Itape\u2026","rel":"","context":"Em &quot;Comunica\u00e7\u00e3o&quot;","block_context":{"text":"Comunica\u00e7\u00e3o","link":"https:\/\/jornalrol.com.br\/?cat=7"},"img":{"alt_text":"Colunista do ROL","src":"https:\/\/i0.wp.com\/www.jornalrol.com.br\/wp-content\/uploads\/2014\/11\/FOTO-CLOSE-AFRANIO.jpg?resize=350%2C200","width":350,"height":200},"classes":[]},{"id":2702,"url":"https:\/\/jornalrol.com.br\/?p=2702","url_meta":{"origin":3218,"position":2},"title":"Leitora atesta a idoneidade e o acerto das pesquisas do genealogista Afr\u00e2nio Mello. A proximidade dos 500 atendimentos atesta o grande alcance do ROL","author":"Helio Rubens","date":"21 de julho de 2015","format":false,"excerpt":"O irm\u00e3o da leitora foi identificado no trabalho do genealogista! Ap\u00f3s ter atendido gratuitamente mais um pedido de leitor do nosso jornal, o genealogista Afr\u00e2nio Mello viu sem trabalho ser reconhecido por uma leitora. No atendimento numero 487, Afr\u00e2nio Mello explicou para a leitora Ana Rangel as dificuldades que encontrou:\u2026","rel":"","context":"Em &quot;Comunica\u00e7\u00e3o&quot;","block_context":{"text":"Comunica\u00e7\u00e3o","link":"https:\/\/jornalrol.com.br\/?cat=7"},"img":{"alt_text":"Genealogista Afr\u00e2nio Mello","src":"https:\/\/i0.wp.com\/www.jornalrol.com.br\/wp-content\/uploads\/2014\/11\/FOTO-CLOSE-AFRANIO.jpg?resize=350%2C200","width":350,"height":200},"classes":[]},{"id":36511,"url":"https:\/\/jornalrol.com.br\/?p=36511","url_meta":{"origin":3218,"position":3},"title":"Genealogia: Afr\u00e2nio Mello Presta informa\u00e7\u00f5es sobre a fam\u00edlia Valad\u00e3o","author":"ADM","date":"9 de janeiro de 2021","format":false,"excerpt":"Afr\u00e2nio Mello presta informa\u00e7\u00f5es sobre a fam\u00edlia VALAD\u00c3O ATENDIMENTO N\u00daMERO 1.315 Caros Jos\u00e9 Luiz Nogueira e M\u00e1rcio Valad\u00e3o. Em aten\u00e7\u00e3o ao pedido de voc\u00eas dois estou encaminhando o arquivo do sobrenome VALAD\u00c3O. VALAD\u00c3O..................... 3 p\u00e1ginas e 1 bras\u00e3o e mais 1 em separado para quadros. Abaixo um resumo para os\u2026","rel":"","context":"Em &quot;Comunica\u00e7\u00e3o&quot;","block_context":{"text":"Comunica\u00e7\u00e3o","link":"https:\/\/jornalrol.com.br\/?cat=7"},"img":{"alt_text":"","src":"https:\/\/i0.wp.com\/www.jornalrol.com.br\/wp-content\/uploads\/2020\/04\/afranio-150x150-1.jpg?resize=350%2C200","width":350,"height":200},"classes":[]},{"id":17464,"url":"https:\/\/jornalrol.com.br\/?p=17464","url_meta":{"origin":3218,"position":4},"title":"Genealogia: Afr\u00e2nio Mello fornece informa\u00e7\u00f5es sobre a fam\u00edlia MARIANO","author":"Helio Rubens","date":"2 de abril de 2018","format":false,"excerpt":"Afr\u00e2nio Franco de Oliveira Mello - ATENDIMENTOS N\u00daMEROS 1019 Adriano, \u00faltima remessa e espero que fique contente com o que enviei. Voc\u00ea tem um bom material de pesquisa com os 13 arquivos que enviei. MARIANO.............................. 2 p\u00e1ginas e 2 bras\u00f5es e um hist\u00f3rico em PDF. Se tiver mais alguma pesquisa\u2026","rel":"","context":"Em &quot;Comunica\u00e7\u00e3o&quot;","block_context":{"text":"Comunica\u00e7\u00e3o","link":"https:\/\/jornalrol.com.br\/?cat=7"},"img":{"alt_text":"","src":"https:\/\/i0.wp.com\/www.jornalrol.com.br\/wp-content\/uploads\/2018\/03\/afranio-150x150.jpg?resize=350%2C200","width":350,"height":200},"classes":[]},{"id":30456,"url":"https:\/\/jornalrol.com.br\/?p=30456","url_meta":{"origin":3218,"position":5},"title":"Afr\u00e2nio Mello ultrapassa a casa dos 1.200 atendimentos","author":"Helio Rubens","date":"3 de fevereiro de 2020","format":false,"excerpt":"\u00a0 MAIS DE 1.200 ATENDIMENTOS A LEITORES! SERVI\u00c7OS INTEIRAMENTE GRATUITOS O genealogista Afr\u00e2nio Franco de\u00a0 Oliveira Mello \u00e9, sem d\u00favida nenhuma, o colunista do nosso jornal que mais recebe correspond\u00eancia e o que mais atende solicita\u00e7\u00f5es de leitores. A origem das reivindica\u00e7\u00f5es solicitando estudos de nomes de fam\u00edlia vem de\u2026","rel":"","context":"Em &quot;Comunica\u00e7\u00e3o&quot;","block_context":{"text":"Comunica\u00e7\u00e3o","link":"https:\/\/jornalrol.com.br\/?cat=7"},"img":{"alt_text":"","src":"https:\/\/i0.wp.com\/www.jornalrol.com.br\/wp-content\/uploads\/2018\/03\/afranio-150x150.jpg?resize=350%2C200","width":350,"height":200},"classes":[]}],"_links":{"self":[{"href":"https:\/\/jornalrol.com.br\/index.php?rest_route=\/wp\/v2\/posts\/3218","targetHints":{"allow":["GET"]}}],"collection":[{"href":"https:\/\/jornalrol.com.br\/index.php?rest_route=\/wp\/v2\/posts"}],"about":[{"href":"https:\/\/jornalrol.com.br\/index.php?rest_route=\/wp\/v2\/types\/post"}],"author":[{"embeddable":true,"href":"https:\/\/jornalrol.com.br\/index.php?rest_route=\/wp\/v2\/users\/3"}],"replies":[{"embeddable":true,"href":"https:\/\/jornalrol.com.br\/index.php?rest_route=%2Fwp%2Fv2%2Fcomments&post=3218"}],"version-history":[{"count":0,"href":"https:\/\/jornalrol.com.br\/index.php?rest_route=\/wp\/v2\/posts\/3218\/revisions"}],"wp:attachment":[{"href":"https:\/\/jornalrol.com.br\/index.php?rest_route=%2Fwp%2Fv2%2Fmedia&parent=3218"}],"wp:term":[{"taxonomy":"category","embeddable":true,"href":"https:\/\/jornalrol.com.br\/index.php?rest_route=%2Fwp%2Fv2%2Fcategories&post=3218"},{"taxonomy":"post_tag","embeddable":true,"href":"https:\/\/jornalrol.com.br\/index.php?rest_route=%2Fwp%2Fv2%2Ftags&post=3218"}],"curies":[{"name":"wp","href":"https:\/\/api.w.org\/{rel}","templated":true}]}}