{"id":3220,"date":"2015-09-12T00:34:25","date_gmt":"2015-09-12T03:34:25","guid":{"rendered":"http:\/\/www.jornalrol.com.br\/?p=3220"},"modified":"2015-09-12T00:34:25","modified_gmt":"2015-09-12T03:34:25","slug":"genealogia-afranio-mello-fornece-informacoes-sobre-a-familia-cestari-2","status":"publish","type":"post","link":"https:\/\/jornalrol.com.br\/?p=3220","title":{"rendered":"Genealogia: Afr\u00e2nio Mello fornece informa\u00e7\u00f5es sobre a FAMILIA CESTARI"},"content":{"rendered":"<div class=\"pdfprnt-buttons pdfprnt-buttons-post pdfprnt-top-right\"><a href=\"https:\/\/jornalrol.com.br\/index.php?rest_route=%2Fwp%2Fv2%2Fposts%2F3220&print=pdf\" class=\"pdfprnt-button pdfprnt-button-pdf\" target=\"_blank\" ><\/a><a href=\"https:\/\/jornalrol.com.br\/index.php?rest_route=%2Fwp%2Fv2%2Fposts%2F3220&print=print\" class=\"pdfprnt-button pdfprnt-button-print\" target=\"_blank\" ><img decoding=\"async\" src=\"https:\/\/jornalrol.com.br\/wp-content\/plugins\/pdf-print\/images\/print.png\" alt=\"image_print\" title=\"Conte\u00fado de impress\u00e3o\" \/><\/a><\/div><h2><strong><u>Afr\u00e2nio Mello &#8211; ATENDIMENTO N\u00daMERO 540<\/u><\/strong><!--more--><\/h2>\n<p>&nbsp;<\/p>\n<p>Prezada S\u00edlvio,<\/p>\n<p>&nbsp;<\/p>\n<p>O sobrenome CESTARI tem diversas grafias : Cestare,Cestari,Cestaro,Cester,Cestone,Cestai entre outros.<\/p>\n<p>Como abaixo informado no arquivo extra\u00eddo do\u00a0\u00a0 Dicion\u00e1rio de Ciro Mioranza, Dic. de Sobrenomes Italianos, vol. I,<\/p>\n<p>p\u00e1gina 94. Sua origem representa uma profiss\u00e3o, cargo ou fun\u00e7\u00e3o e estes s\u00e3o de origem latina.<\/p>\n<p>&nbsp;<\/p>\n<p>N\u00e3o encontrei referencias ao seu ascendente Pietro Luigi Cestaro e sim Luigi Cestaro mas n\u00e3o \u00e9 a mesma pessoa.<\/p>\n<p>&nbsp;<\/p>\n<p>Voc\u00ea tem que ver na Hospedaria dos Imigrantes de S\u00e3o Paulo e do Rio de Janeiro.Esses arquivos est\u00e3o digitalizados<\/p>\n<p>e com os nomes e datas voc\u00ea os encontrar\u00e1.<\/p>\n<p>Encontrando ter\u00e1 certid\u00e3o do registro da entrada e quem veio com ele.<\/p>\n<p>&nbsp;<\/p>\n<p>Segue arquivo com 15 p\u00e1ginas, 2 bras\u00f5es dentro dele, e 4 bras\u00f5es separados para voc\u00ea fazer quadros.<\/p>\n<p>Espero ter contribu\u00eddo com sua pesquisa.<\/p>\n<p>&nbsp;<\/p>\n<p>Grande abra\u00e7o.<\/p>\n<p>&nbsp;<\/p>\n<p>Afr\u00e2nio Franco de Oliveira Mello<br \/>\nIHGGI \/ ROL &#8211; Jornal On Line<\/p>\n<p>&nbsp;<\/p>\n<p>&nbsp;<\/p>\n<p>&nbsp;<\/p>\n<p>&nbsp;<\/p>\n<h2><strong><img decoding=\"async\" class=\" alignleft\" src=\"https:\/\/mail.google.com\/mail\/u\/2\/?ui=2&amp;ik=d4016f14b7&amp;view=fimg&amp;th=14fbdd46a92582a6&amp;attid=0.0.1&amp;disp=emb&amp;attbid=ANGjdJ_fUt6lBHmVgIznGxEortPPs96cwTputWhmgzdEJfaDZ_CGV0r_XieuViJl9GCltZW_QTT1h7Q4Waij6SLuxULVlsEqIa8xSKLEzeACaEu_3Xi4bqaozOY34vo&amp;sz=w284-h344&amp;ats=1442025677860&amp;rm=14fbdd46a92582a6&amp;zw&amp;atsh=1\" alt=\"clip_image002\" \/>\u00a0\u00a0<img decoding=\"async\" class=\" alignleft\" src=\"https:\/\/mail.google.com\/mail\/u\/2\/?ui=2&amp;ik=d4016f14b7&amp;view=fimg&amp;th=14fbdd46a92582a6&amp;attid=0.0.2&amp;disp=emb&amp;attbid=ANGjdJ-ixhSGsYftR1WyMcp1F9vltFRm6WJ-6j33y-mFVogAsvE7U41wO89g9SdGluhg2RSLeKioMtCVcA_6Mn6GouzLuseKqMZg-RJw-dSIERkFiVyKajqHtG-qBzk&amp;sz=w362-h400&amp;ats=1442025677861&amp;rm=14fbdd46a92582a6&amp;zw&amp;atsh=1\" alt=\"clip_image004\" \/>C<\/strong><strong>estare, Cestari, Cestaro, Cester, Cestone,<\/strong> \u00a0sobrenomes de origem italiana. Do latim <strong><em>cistarius,<\/em><\/strong> cesteiro, fabricante e mercador de cestas [Ciro Mioranza, Dic. de Sobrenomes Italianos, vol. I].<\/h2>\n<p><strong>Cestare<\/strong> : sobrenome de uma fam\u00edlia de origem italiana, estabelecida no Brasil, onde chegou, em 24.03.1884, a bordo do vapor Scrivia, Giovanni Cestare, natural da It\u00e1lia, procedente de Genova, 22 anos de idade, com destino a Boetuva, estado de S\u00e3o Paulo[Hospedaria dos Imigrantes &#8211; S\u00e3o Paulo, Livro 002, p\u00e1g. 025 &#8211; 24.03.1884]. Veio em companhia de Dionizio Cestare, natural da It\u00e1lia, procedente de Genova, 16 anos de idade [Hospedaria dos Imigrantes &#8211; S\u00e3o Paulo, Livro 002, p\u00e1g. 025 &#8211; 24.03.1884].<\/p>\n<p><strong>\u00a0Cestari<\/strong> : sobrenome de origem italiana, forma pl. de Cestaro [Ciro Mioranza, Dic. de Sobrenomes Italianos, vol. I]. Sobrenome de uma fam\u00edlia de origem italiana, estabelecida em S\u00e3o Paulo, por onde passou Antonio Cestari, nasc. a 04.07.1925, em Montesano Sulla Marcellana, Prov\u00edncia de Salerno, It\u00e1lia [Arquivo Cunha Bueno &#8211; spmt]. Sobrenome de uma fam\u00edlia de origem italiana, estabelecida em S\u00e3o Paulo, por onde passou Antonio Cestari, nasc. a 23.01.1934, em Montesano Sulla Marcellana, Prov\u00edncia de Salerno, It\u00e1lia. Sobrenome de uma fam\u00edlia de origem italiana, estabelecida em S\u00e3o Paulo, por onde passou Antonio Michele Cestari, nasc. a 23.07.1936, em Montesano Sulla Marcellana, Prov\u00edncia de Salerno, It\u00e1lia. Sobrenome de uma fam\u00edlia de origem italiana, estabelecida em S\u00e3o Paulo, por onde passou Felice Cestari, nasc. a 19.08.1911, em Montesano Sulla Marcellana, Prov\u00edncia de Salerno, It\u00e1lia. Sobrenome de uma fam\u00edlia de origem italiana, estabelecida em S\u00e3o Paulo, por onde passou Giovanni Antonio Cestari, nasc. a 23.12.1898, em Montesano Sulla Marcellana, Prov\u00edncia de Salerno, It\u00e1lia. Sobrenome de uma fam\u00edlia de origem italiana, estabelecida em S\u00e3o Paulo, por onde passou Giuseppe Cestari, nasc. a 07.02.1886, em Boara Pisani, Prov\u00edncia de Padova, It\u00e1lia. Sobrenome de uma fam\u00edlia de origem italiana, estabelecida em S\u00e3o Paulo, por onde passou Giuseppina Cestari, nasc. a 03.11.1922, em Montesano Sulla Marcellana, Prov\u00edncia de Salerno, It\u00e1lia. Sobrenome de uma fam\u00edlia de origem italiana, estabelecida em S\u00e3o Paulo, por onde passou Luigi Cestari, nasc. a 05.01.1869, em Padova, Prov\u00edncia de Padova, It\u00e1lia. Sobrenome de uma fam\u00edlia de origem italiana, estabelecida em S\u00e3o Paulo, por onde passou Luigi Cestari, nasc. a 08.01.1925, em Montesano Sulla Marcellana, Prov\u00edncia de Salerno, It\u00e1lia. Sobrenome de uma fam\u00edlia de origem italiana, estabelecida em S\u00e3o Paulo, por onde passou Mario Cestari, nasc. a 08.05.1904, em Tramutola, Prov\u00edncia de Potenza, It\u00e1lia. Sobrenome de uma fam\u00edlia de origem italiana, estabelecida em S\u00e3o Paulo, por onde passou Mario Cestari, nasc. a 21.12.1932, em Trento, Prov\u00edncia de Trento, It\u00e1lia. Sobrenome de uma fam\u00edlia de origem italiana, estabelecida em S\u00e3o Paulo, por onde passou Michelangelo Cestari, nasc. a 12.10.1898, em Montesano Sulla Marcellana, Prov\u00edncia de Salerno, It\u00e1lia. Sobrenome de uma fam\u00edlia de origem italiana, estabelecida em S\u00e3o Paulo, para onde assou Michele Pasquale Cestari, nasc. a 04.04.1923, em Montesano Sulla Marcellana, Prov\u00edncia de Salerno, It\u00e1lia. Sobrenome de uma fam\u00edlia de origem italiana, estabelecida em S\u00e3o Paulo, por onde passou Vincenzantonio Cestari, nasc. a 02.05.1901, em Montesano Sulla Marcellana, Prov\u00edncia de Salerno, It\u00e1lia. Sobrenome de uma fam\u00edlia de origem italiana, estabelecida em S\u00e3o Paulo, por onde passou Vincenzo Cestari, nasc. a 09.01.1913, em Montesano Sulla Marcellana, Prov\u00edncia de Salerno, It\u00e1lia [ Arquivo Cunha Bueno &#8211; spmt].<\/p>\n<p>&nbsp;<\/p>\n<p><strong>Cestaro <\/strong>: Sobrenome de uma fam\u00edlia de origem italiana, estabelecida em S\u00e3o Paulo, por onde passou Bruno Cestaro, nasc. a 08.10.1926, em Favaro Veneto, Prov\u00edncia de Venezia, It\u00e1lia [Arquivo Cunha Bueno &#8211; spmt]. Sobrenome de uma fam\u00edlia de origem italiana, estabelecida em S\u00e3o Paulo, por onde passou Celso Erminio Cestaro, nasc. a 18.10.1883, em Quinto Vincentino, Prov\u00edncia de Vicenza, It\u00e1lia.<\/p>\n<p><strong>Cester <\/strong>: sobrenome de origem italiana, var. dialetal set. de Cestaro [Ciro Mioranza, Dic. de Sobrenomes Italianos, vol. I]. Sobrenome de uma fam\u00edlia de origem italiana, estabelecida em S\u00e3o Paulo, por onde passou Francesco Cester, nasc. a 11.04.1878, em Chiarano, Prov\u00edncia de Treviso, It\u00e1lia [Arquivo Cunha Bueno &#8211; spmt].\u00a0 Ao lado o bras\u00e3o dos Cester.<\/p>\n<p><strong>Cestone<\/strong>: sobrenome de origem italiana, derivado de Cesta com o suf. sing. -one; fabricante de cestas de grandes dimens\u00f5es, cest\u00f5es [Ciro Mioranza, Dic. de Sobrenomes Italianos, vol. I]. Sobrenome de uma fam\u00edlia de origem italiana, estabelecida em S\u00e3o Paulo, por onde passou Maria Antonia Cestone, nasc. a 21.01.1928, em Calitri, Prov\u00edncia de Avellino, It\u00e1lia [Arquivo Cunha Bueno &#8211; spmt]. Sobrenome de uma fam\u00edlia de origem italiana, estabelecida em S\u00e3o Paulo, por onde passou Michele Cestone, nasc. a 08.04.1930, em Calitri, Prov\u00edncia de Avellino, It\u00e1lia. Sobrenome de uma fam\u00edlia de origem italiana, estabelecida em S\u00e3o Paulo, por onde passou Rosa Cestone, nasc. a 28.10.1928, em Calitri, Prov\u00edncia de Avellino, It\u00e1lia.\u00a0 Ao o bras\u00e3o dos Cestone<\/p>\n<p>&nbsp;<\/p>\n<p><img decoding=\"async\" src=\"https:\/\/mail.google.com\/mail\/u\/2\/?ui=2&amp;ik=d4016f14b7&amp;view=fimg&amp;th=14fbdd46a92582a6&amp;attid=0.0.3&amp;disp=emb&amp;attbid=ANGjdJ-0u6NikltC_ZxGNc-TZNMIk2EzAyQ3R_JnAFbLRIMhmdfrc8mysE38Dy8oHt7l0MPFWJVbNhs5igMmJYJ20VVyEgF4Nk-up-d_zBWmikgTIghdy-jFN4XgdgA&amp;sz=w1168-h1364&amp;ats=1442025677866&amp;rm=14fbdd46a92582a6&amp;zw&amp;atsh=1\" alt=\"clip_image006\" \/><\/p>\n<p>&nbsp;<\/p>\n<h1>Mapa da Distribui\u00e7\u00e3o do Sobrenome na It\u00e1lia<\/h1>\n<p><img decoding=\"async\" src=\"https:\/\/mail.google.com\/mail\/u\/2\/?ui=2&amp;ik=d4016f14b7&amp;view=fimg&amp;th=14fbdd46a92582a6&amp;attid=0.0.4&amp;disp=emb&amp;attbid=ANGjdJ96T4MAqOoBqp7l-cE0a1jTsmxsYDmwcsW1B3EcQCTJRJjmZ284eKGhtUgnclA-4gEeVk2M9gIOV9eB9E0qIJIAU_2p4W8ckfglDMAPeULAV0PvZHRIEa4fB1w&amp;sz=w1342-h1498&amp;ats=1442025677866&amp;rm=14fbdd46a92582a6&amp;zw&amp;atsh=1\" alt=\"clip_image008\" \/><\/p>\n<p>&nbsp;<\/p>\n<p>&nbsp;<\/p>\n<p>&nbsp;<\/p>\n<p><strong>Saga dos Cestari no Brasil<\/strong><\/p>\n<p>&nbsp;<\/p>\n<p><strong>Antonio Cestari<\/strong> nasceu em Piazzola sul Brenta, Padova, Italia. Ele casou-se com Dominica Cestari.<\/p>\n<p>&nbsp;<\/p>\n<p>Eles tiveram os seguintes filhos<\/p>\n<p><strong>Giovanni (Jo\u00e3o) Cestari<\/strong> nasceu em 1868 e faleceu em 27 agosto 1950.<\/p>\n<p><strong>Luigi (Luiz) Cestari<\/strong> nasceu em 5 janeiro 1869 e faleceu em 1944<\/p>\n<p>&nbsp;<\/p>\n<p><strong>Giovanni (Jo\u00e3o) Cestari,<\/strong> nasceu em 1868 em Piazzola sul Brenta, Padova, Italia. Ele faleceu em 27 agosto 1950 em Botuvera, Santa Catarina, Brazil. Giovanni (Jo\u00e3o) Cestari casou-se com Giovanna (Joanna) Sachetti.<\/p>\n<p>Veio para o Brazil com dois irm\u00e3os. Um ficou em S\u00e3o Paulo e montou uma fabrica<br \/>\nde macacos hidr\u00e1ulicos\u00a0 o outro foi para o Rio Grande do Sul e montou uma fabrica de biscoitos.<\/p>\n<p>&nbsp;<\/p>\n<p>Eles tiveram os seguintes filhos<\/p>\n<h2>Luiz Cestari<\/h2>\n<p><strong>Antonio Cestari<\/strong>,\u00a0 nasceu em 25 fevereiro 1897 em Brusque Santa Catarina Brazil. Ele casou-se com Maria Fronza,\u00a0 que nasceu em 28 fevereiro 1900 em Rodeio Santa Catarina Brazil<\/p>\n<p>Eles tiveram os seguintes filhos<\/p>\n<p><strong>Ervino Cestari<\/strong>.<\/p>\n<p><strong>Brunilda Cestari<\/strong> nasceu em 23 agosto 1932.<\/p>\n<p><strong>Valmor Cestari<\/strong>.<\/p>\n<p><strong>Tarc\u00edzio Cestari<\/strong><\/p>\n<p><strong>Hippolito Cestari <\/strong>nasceu em 23 julho 1925 em Rodeio Santa Catarina Brazil. Ele casou-se com Eleonora Eble. O casamento acabou em div\u00f3rcio<\/p>\n<p>&nbsp;<\/p>\n<p>Eles tiveram os seguintes filhos<\/p>\n<p><strong>Barbara Maria Cestari<\/strong>.<\/p>\n<p><strong>Ondina Irene Cestari<\/strong><\/p>\n<p>&nbsp;<\/p>\n<p><strong>Vitor Ferreira<\/strong> casou-se com Ondina Irene Cestari<\/p>\n<p>&nbsp;<\/p>\n<p>Eles tiveram os seguintes filhos<\/p>\n<p><strong>Vera Marcia Cestari Ferreira<\/strong>.<\/p>\n<p><strong>Marcelo Fabiano Cestari Ferreira<\/strong>,\u00a0 nasceu em 25 dezembro 1967 em Imbituba Santa Catarina Brazil. Ele casou-se com Marilene Aparecida da Silva.<\/p>\n<p><strong>Sandro Luciano Cestari Ferreira<\/strong>.<\/p>\n<p><strong>Patr\u00edcia Cestari Ferreira<\/strong>.<\/p>\n<p>&nbsp;<\/p>\n<p>&nbsp;<\/p>\n<p>&nbsp;<\/p>\n<p><strong>Wolnei Chucre<\/strong> casou-se com Vera Marcia Cestari Ferreira. O casamento acabou em div\u00f3rcio<\/p>\n<p>&nbsp;<\/p>\n<p>Eles tiveram os seguintes filhos<\/p>\n<p><strong>Barbara Chucre<\/strong>.<\/p>\n<p><strong>Fernando Chucre<\/strong>.<\/p>\n<p><strong>Vitor Hugo Chucre<\/strong>.<\/p>\n<p>&nbsp;<\/p>\n<h3>Membros de Destaque da fam\u00edlia Cestari<\/h3>\n<p><img decoding=\"async\" class=\"aligncenter\" src=\"https:\/\/mail.google.com\/mail\/u\/2\/?ui=2&amp;ik=d4016f14b7&amp;view=fimg&amp;th=14fbdd46a92582a6&amp;attid=0.0.5&amp;disp=emb&amp;attbid=ANGjdJ8rYqvAP9swcNA4QwO5DiuPLifdQgYMn4Jyb3FFOUl3_agEF8zbN2vEfAX8K9AtSXO0El2j8lzLFC-1cg43G_Bttnuc6RR8nXnvOTVbj0lh0Yhs2oFY0nvto6s&amp;sz=w898-h296&amp;ats=1442025677870&amp;rm=14fbdd46a92582a6&amp;zw&amp;atsh=1\" alt=\"clip_image009\" \/><br \/>\n<strong>\u00a0Quem somos: <\/strong>A Industrias Metal\u00fargicas Cestari S.R.L. \u00e9 uma moderna f\u00e1brica de carretas graneleiras autodescarreg\u00e1veis de: 6, 7.5, 14, 18 toneladas com um eixo e 18 toneladas com dois eixos, 22 e 26 toneladas de capacidade. Nossa tecnificada f\u00e1brica encontra-se na cidade de Col\u00f3n, Prov\u00edncia de Buenos Aires, Rep\u00fablica Argentina.<\/p>\n<p>Produzimos mais de 2 unidades por dia, que s\u00e3o enviadas diretamente ao campo. Todas as partes das nossas carretas s\u00e3o completamente realizadas em nossa f\u00e1brica com mais de 80 funcion\u00e1rios. Cerca de 6000 unidades Cestari trabalham no campo argentino e em pa\u00edses lim\u00edtrofes. E h\u00e1 v\u00e1rios anos participam tamb\u00e9m das colheitas nos campos europeus.<\/p>\n<p><strong>O senhor Andr\u00e9s Cestari nasceu em Codogn\u00e9, Prov\u00edncia de Treviso, na It\u00e1lia, no dia 8 de Abril de 1891, <\/strong>e emigrou para a Argentina em 1905, come\u00e7ando a trabalhar quando acabava de completar 14 anos.<\/p>\n<p><img decoding=\"async\" class=\"aligncenter\" src=\"https:\/\/mail.google.com\/mail\/u\/2\/?ui=2&amp;ik=d4016f14b7&amp;view=fimg&amp;th=14fbdd46a92582a6&amp;attid=0.0.8&amp;disp=emb&amp;attbid=ANGjdJ9FYIoV9iYl2XLN1GXxH6SiydSffyl8gzAKmSzF9nnyj8QiBaQBnaGa4ADXat6pjRLwHJpH8lZGArNnsBbdcW3H61xvS-bVAbBi1sFOXaSfeOULJ5AUYO2OJag&amp;sz=w898-h296&amp;ats=1442025677871&amp;rm=14fbdd46a92582a6&amp;zw&amp;atsh=1\" alt=\"clip_image014\" \/><\/p>\n<p>&nbsp;<\/p>\n<p>&nbsp;<\/p>\n<ul>\n<li><strong>Andr\u00e9s Cestari iniciou a atividade industrial na cidade de Col\u00f3n, <\/strong>Prov\u00edncia de Buenos Aires, na Argentina. No come\u00e7o fabricou portas, janelas e grades para abastecer a crescente demanda de ferragens de obra para a pujante cidade.<\/li>\n<\/ul>\n<p><img decoding=\"async\" class=\" aligncenter\" src=\"https:\/\/mail.google.com\/mail\/u\/2\/?ui=2&amp;ik=d4016f14b7&amp;view=fimg&amp;th=14fbdd46a92582a6&amp;attid=0.0.9&amp;disp=emb&amp;attbid=ANGjdJ9JgU9Vr6sQRBvxhbQsUew-U6cBB_XK_7yYjx-JfYBaRBsGMSrbxN0-IDWWbGx4JJN2NylYDmZHEugtZjjin9-ji45_BoRXJgkN7e6OxekiF22W1G_x38VKMGg&amp;sz=w396-h278&amp;ats=1442025677872&amp;rm=14fbdd46a92582a6&amp;zw&amp;atsh=1\" alt=\"clip_image015\" \/><\/p>\n<p><strong>\u00c9 em 1930 quando come\u00e7a a fabrica\u00e7\u00e3o e instala\u00e7\u00e3o de reservat\u00f3rios para o transporte de cereal.<\/strong> Os mesmos eram aplicados em caminh\u00f5es com o primitivo sistema de carga a granel e descarga por grade desliz\u00e1vel inferior. Foram nossos primeiros contatos com implementos para o transporte de cereal.<\/p>\n<p><strong>Em 1941 <\/strong>se incorpora a fabrica\u00e7\u00e3o de pinos e casquilhos para correntes de tratores esteira, que eram produzidos com licen\u00e7a americana. Fornec\u00edamos tamb\u00e9m, servi\u00e7o t\u00e9cnico para os mesmos tratores. Atend\u00edamos empresas de todo o pa\u00eds, inclusive Vialidade Nacional.<\/p>\n<table>\n<tbody>\n<tr>\n<td width=\"624\"><strong>Em 1981 <\/strong>projetamos um novo equipamento para transporte de cereal que denominamos Carreta Graneleira Autodescarreg\u00e1vel. O processo de desenvolvimento e implementa\u00e7\u00e3o do prot\u00f3tipo durou 7 meses. Uma vez constru\u00eddo, foi submetido a dois anos de testes no campo. Chegando aos resultados esperados de rendimento e resist\u00eancia, foi ent\u00e3o oferecido ao mercado. Depois de um tempo de conhecimento dos usu\u00e1rios, e vendo as vantagens de seu uso, teve a ampla aceita\u00e7\u00e3o que possuem atualmente. Unidades que foram fabricadas naqueles anos, hoje continuam trabalhando plenamente. Isto demonstra a fortaleza dos materiais utilizados em todas as nossas carretas graneleiras<strong>\u2022<\/strong> O aparecimento de nossos equipamentos no mercado agr\u00edcola significou uma revolu\u00e7\u00e3o com rela\u00e7\u00e3o ao anterior sistema de colheita de cereal, por sua rapidez e efetividade. Substituiu o trabalho de tr\u00eas carretas graneleiras comuns com a vantagem adicional da descarga direta ao caminh\u00e3o. Tudo isso significou uma grande economia de empregados, combust\u00edvel e tempo.&nbsp;<\/td>\n<\/tr>\n<tr>\n<td width=\"624\"><\/td>\n<\/tr>\n<\/tbody>\n<\/table>\n<p>Nosso endere\u00e7o: Calle 9 N\u00ba1068 entre 55 e 56 C.C. N\u00ba137 &#8211; (B2720DRV) Cidade de Col\u00f3n, Prov\u00edncia de Buenos Aires &#8211; Argentina. Telefax (54-2473) 430490 e PABX<br \/>\n<img decoding=\"async\" src=\"https:\/\/mail.google.com\/mail\/u\/2\/?ui=2&amp;ik=d4016f14b7&amp;view=fimg&amp;th=14fbdd46a92582a6&amp;attid=0.0.10&amp;disp=emb&amp;attbid=ANGjdJ-sQnC-XDVXWk9_0LELF2e4gZxG57zqrJSi6fjkiwx9DRZu2sCRdiCxmoX91bYAILhelgLu6plv7rjmc1b8dKJwz4kF_l9K-SNKL-U6P1fSkTCI7Oy4vOzl8Po&amp;sz=w332-h490&amp;ats=1442025677874&amp;rm=14fbdd46a92582a6&amp;zw&amp;atsh=1\" alt=\"clip_image019\" \/><\/p>\n<p>&nbsp;<\/p>\n<p>&nbsp;<\/p>\n<p>&nbsp;<\/p>\n<p>RAFFAELE &#8220;LELLO&#8221; CESTARI artista Ferrarese nato nel 1957, si \u00e8 diplomato all&#8217;istituto d&#8217;arte Dosso Dossi. Pittore di eccellenti doti grafiche usa la tecnica classica ad olio per fissare sulla tela oggetti del vivere quotidiano ed immagini legate ad esperienze personali<strong>.<\/strong><\/p>\n<p>&nbsp;<\/p>\n<p>&nbsp;<\/p>\n<h2 style=\"text-align: center;\">\u00a0 \u00a0\u00a0ANTONIO FERNANDO CESTARI<\/h2>\n<p style=\"text-align: center;\">GALERIA VIRTUAL<\/p>\n<p style=\"text-align: center;\">\u00a0Fone: 3842-1294 \/ 3045-7070<\/p>\n<p style=\"text-align: center;\"><strong>afcestari@dtlink.com.br<\/strong><\/p>\n<p><img decoding=\"async\" class=\" alignright\" src=\"https:\/\/mail.google.com\/mail\/u\/2\/?ui=2&amp;ik=d4016f14b7&amp;view=fimg&amp;th=14fbdd46a92582a6&amp;attid=0.0.11&amp;disp=emb&amp;attbid=ANGjdJ_e83wmR6iULf28900DF8VySA8i6g6y68fjZ9gTaAzFEBwL_j_ILXxvErlrnj9IwW9mpSMYCQ4uxX9QxCC9biinXyZyP6bQznJvlSTtkL8nu4QCnJcpnGzYgqA&amp;sz=w518-h508&amp;ats=1442025677875&amp;rm=14fbdd46a92582a6&amp;zw&amp;atsh=1\" alt=\"clip_image021\" \/><br \/>\n<img decoding=\"async\" class=\" alignleft\" src=\"https:\/\/mail.google.com\/mail\/u\/2\/?ui=2&amp;ik=d4016f14b7&amp;view=fimg&amp;th=14fbdd46a92582a6&amp;attid=0.0.12&amp;disp=emb&amp;attbid=ANGjdJ-OCp1TLIhenLd1ZzDmjaYNCJ00Q3HhPqi-1ZSBiU3RSu_SFg3XRceJyZtEd_BSvpW2dcPOAtCRj6i6I_ppDvQvUwmYZ_YAH4hyU8iOq9OnDdbp_tRlDYPkXXg&amp;sz=w490-h490&amp;ats=1442025677875&amp;rm=14fbdd46a92582a6&amp;zw&amp;atsh=1\" alt=\"clip_image023\" \/><\/p>\n<p>&nbsp;<\/p>\n<p>&nbsp;<\/p>\n<p>&nbsp;<\/p>\n<p>&nbsp;<\/p>\n<p>&nbsp;<\/p>\n<p>&nbsp;<\/p>\n<p><img decoding=\"async\" src=\"https:\/\/mail.google.com\/mail\/u\/2\/?ui=2&amp;ik=d4016f14b7&amp;view=fimg&amp;th=14fbdd46a92582a6&amp;attid=0.0.13&amp;disp=emb&amp;attbid=ANGjdJ8cTrWeCsnXPC8N-JHPnZ8mkhuyTh6XcEA8M1kRQtk1DpPPk_hQ-F0P2ZirIHc2Wc0V_JlFd4Ttu9AhJ4rFf2ehi8W8vMWGQj0E8gr1SoOiimt4YwlM34MOCug&amp;sz=w626-h616&amp;ats=1442025677875&amp;rm=14fbdd46a92582a6&amp;zw&amp;atsh=1\" alt=\"clip_image025\" \/>\u00a0 \u00a0 \u00a0<img decoding=\"async\" class=\" alignright\" src=\"https:\/\/mail.google.com\/mail\/u\/2\/?ui=2&amp;ik=d4016f14b7&amp;view=fimg&amp;th=14fbdd46a92582a6&amp;attid=0.0.14&amp;disp=emb&amp;attbid=ANGjdJ9Lff0Ho1cS7DQhFJO7-13QuWdqm1iBa9O76wIibeJsVNRBZIz_2_Q7ptRiJB-x12l3gWM30RNPC1utA9T_tCTSWciIxjBdSzJrrl9GR203cdHQ92fD9pse91k&amp;sz=w600-h602&amp;ats=1442025677876&amp;rm=14fbdd46a92582a6&amp;zw&amp;atsh=1\" alt=\"clip_image027\" \/><\/p>\n<p>&nbsp;<\/p>\n<p><strong><img decoding=\"async\" src=\"https:\/\/mail.google.com\/mail\/u\/2\/?ui=2&amp;ik=d4016f14b7&amp;view=fimg&amp;th=14fbdd46a92582a6&amp;attid=0.0.15&amp;disp=emb&amp;attbid=ANGjdJ-UaW5BgfNS0cJnNijxdmQKl-CnJZMXXe8Gq9a1E1TxMzCAORKEw7xNt8z-dMIO9ZLxFl49J5mLXRgrfI2Ox1FVaDBPG8SKpCwk2K7-pbP4UmtKQPq3esHPLyg&amp;sz=w364-h210&amp;ats=1442025677876&amp;rm=14fbdd46a92582a6&amp;zw&amp;atsh=1\" alt=\"clip_image029\" \/><\/strong><\/p>\n<p><strong>1901<\/strong> &#8211; Luigi Cestari funda a empresa Luis Cestari Ltda, selaria, ferraria e pro-dutora de componentes forjados pa-ra ve\u00edculos de tra\u00e7\u00e3o animal.<\/p>\n<p><img decoding=\"async\" src=\"https:\/\/mail.google.com\/mail\/u\/2\/?ui=2&amp;ik=d4016f14b7&amp;view=fimg&amp;th=14fbdd46a92582a6&amp;attid=0.0.16&amp;disp=emb&amp;attbid=ANGjdJ-T_xnsmXb2tdYhmTRwoWMZizfXYiJjQdAJgxNTRUCn4zBFbZluDz0dAGtPYh2KK0UtaIkNLboSo90NVOCAfSydLfIJFnlOgP4gFHaW3BxkdEBN6t3WgxQmSQc&amp;sz=w582-h408&amp;ats=1442025677876&amp;rm=14fbdd46a92582a6&amp;zw&amp;atsh=1\" alt=\"clip_image031\" \/><\/p>\n<p><strong>1922<\/strong> &#8211; \u00c9 iniciada a fundi\u00e7\u00e3o de ferro, utili-zado pela Cestari para a produ\u00e7\u00e3o de implementos agr\u00edcolas, arados, cavadeiras, semeadeiras, artefatos de ferro fundido, m\u00e1quinas para be-neficiar mamona, bombas hidr\u00e1ulicas e acess\u00f3rios agr\u00edcolas em geral.<br \/>\n<strong>1928 <\/strong>&#8211; \u00c9 iniciada a fundi\u00e7\u00e3o de ferro, utili-zado pela Cestari para a produ\u00e7\u00e3o de implementos agr\u00edcolas, arados, cavadeiras, semeadeiras, artefatos de ferro fundido, m\u00e1quinas para be-neficiar mamona, bombas hidr\u00e1ulicas e acess\u00f3rios agr\u00edcolas em geral.<\/p>\n<p><strong>1938 <\/strong>&#8211; Tem in\u00edcio a fabrica\u00e7\u00e3o de macacos \u201ctipo realejo\u201d que, \u00e0 \u00e9poca, tornou-se refer\u00eancia por sua robustez e durabilidade.<\/p>\n<p>A ind\u00fastria passa a denominar-se Irm\u00e3os Cestari S.A.<\/p>\n<p><strong>1945<\/strong> A Ind\u00fastria e Comercio Irm\u00e3os Cestari passa a produzir m\u00e1quinas, componentes industriais para m\u00e1qui-nas e d\u00e1 in\u00edcio \u00e0 fabrica\u00e7\u00e3o de ferramentas para o setor automotivo, que crescia no Brasil, impulsionado pelos ve\u00edculos importados.<\/p>\n<p><strong>1953- <\/strong>\u00a0Sob o comando de Alcides Cestari, o engenheiro Iouguslavo Ivan Alberding introduz a fabrica\u00e7\u00e3o de redutores e lan\u00e7a o primeiro redutor de fabrica\u00e7\u00e3o Cestari. O primeiro exemplar, ainda, est\u00e1 em plena opera\u00e7\u00e3o.<\/p>\n<p><img decoding=\"async\" src=\"https:\/\/mail.google.com\/mail\/u\/2\/?ui=2&amp;ik=d4016f14b7&amp;view=fimg&amp;th=14fbdd46a92582a6&amp;attid=0.0.17&amp;disp=emb&amp;attbid=ANGjdJ_edJrpGxtZ6BiAowoN01mi51yaq_CAHpp0uSD3KfkiclZ7WGXGeqljZa86SyZddIm8oTAwsXrRWV8gefNV5tpwOrMv1GJyTFUu8EgaqWYy6YFzASBm2DgSSF8&amp;sz=w640-h448&amp;ats=1442025677877&amp;rm=14fbdd46a92582a6&amp;zw&amp;atsh=1\" alt=\"clip_image033\" \/><\/p>\n<p><strong>1960<\/strong>&#8211; Ainda sob a Gest\u00e3o da segunda gera\u00e7\u00e3o, Alcides Cestari consolida a s\u00e9rie de redutores mole\/duro e lan\u00e7a a linha convencional.<\/p>\n<p><strong>1964-<\/strong> Nascem as s\u00e9ries de redutores HS, HD e HT<\/p>\n<p><strong>1973-<\/strong>\u00a0\u00a0\u00a0\u00a0 \u00c9 organizada a Cestari Industrial e Comercial S.A. que, \u00e0 mesma \u00e9poca, investe maci\u00e7amente no incremento de sua produtividade e moderniza\u00e7\u00e3o.<\/p>\n<p><img decoding=\"async\" src=\"https:\/\/mail.google.com\/mail\/u\/2\/?ui=2&amp;ik=d4016f14b7&amp;view=fimg&amp;th=14fbdd46a92582a6&amp;attid=0.0.18&amp;disp=emb&amp;attbid=ANGjdJ9GjJ7lBphJ_bqvZFrpbv__4R5yeowcGakBawWTKvNekoGn9QiJ95GRosWhHftAsj5rYH8UMYMgD2IMAQPN2AveCS9UHoWkhu7AtOKnZ9Tb4t4uDA4A8xss_Bs&amp;sz=w386-h600&amp;ats=1442025677878&amp;rm=14fbdd46a92582a6&amp;zw&amp;atsh=1\" alt=\"clip_image035\" \/><\/p>\n<p><strong>2001-<\/strong> A Cestari \u00e9 agraciada com o Certificado de M\u00e9rito 2000 da General Motors do Brasil. Na oportunidade, o Presidente da GM-FIAT Worldwide Purchasing Company, Sr. Bo Andersen, premiou as melhores Empresas por seu desempenho. A Cestari figurou como vencedora na Categoria Grupos Met\u00e1licos.<br \/>\n<strong>2003-<\/strong>A Cestari lan\u00e7a a s\u00e9rie de redutores de alum\u00ednio e completa sua linha de redutores de pequeno porte. Neste mesmo ano, passa a produzir o Helimax E 54 para 250.000 Nm.<\/p>\n<p><img decoding=\"async\" src=\"https:\/\/mail.google.com\/mail\/u\/2\/?ui=2&amp;ik=d4016f14b7&amp;view=fimg&amp;th=14fbdd46a92582a6&amp;attid=0.0.19&amp;disp=emb&amp;attbid=ANGjdJ-Lccnq5kYFzd5ZkR8ROFkSK6KU6kG8gCGocvxGLgFNviRAevN0dxAb_pO1h3Xr2lPt3rJGf5zQUAAIYCss_spC3egRcBQ3lN-JeaGNnK-cUavmXegTw7c_cwY&amp;sz=w356-h540&amp;ats=1442025677879&amp;rm=14fbdd46a92582a6&amp;zw&amp;atsh=1\" alt=\"clip_image037\" \/><\/p>\n<p>F\u00e1brica (matriz):<br \/>\nRodovia Monte Alto \/ Vista Alegre, Km. 3<br \/>\nCX. Postal. 331 CEP: 15910-000<br \/>\nMonte Alto &#8211; S\u00e3o Paulo &#8211; Brasil<br \/>\nFone: 0055 (16) 3244-1022<br \/>\nFAX: 0055 (16) 3244-1025<\/p>\n<p>&nbsp;<\/p>\n<p>Classe 1983 per <strong>Giorgia Cestari<\/strong>, vicentina doc, del segno del scorpione. Diplomata all&#8217;Istituo Montagna di Vicenza con diploma di Grafico Pubblicitario, Giorgia si divide tra lo studio universitario, l&#8217;apprendimento delle lingue straniere, gli hobbies e il grande sogno di lavorare a tempo pieno nel mondo della moda e dello spettacolo. Amante della musica, del ballo e dei viaggi, questa meravigliosa Miss pu\u00f2 gi\u00e0 vantare, nonostante la giovanissima et\u00e0, un nutrito numero di partecipazioni ad eventi di rilievo. Oltre a cimentarsi infatti in svariati concorsi di bellezza, ottenendo importanti affermazioni, quali Miss Vicenza 2003, Giorgia ha pi\u00f9 volte preso parte a trasmissioni televisive, tra cui alcuni network sportivi su TVA Vicenza, ma soprattutto ha collezionato prestigiose pubblicazioni su riviste specializzate: a questo proposito, non si possono certamente dimenticare i servizi apparsi sulla nota rivista di settore ESTYLO di Los Angeles (USA), che l&#8217;ha ospitata sia nel 2002 che nel 2003.<\/p>\n<p>&nbsp;<\/p>\n<h2 style=\"text-align: center;\"><img decoding=\"async\" src=\"https:\/\/mail.google.com\/mail\/u\/2\/?ui=2&amp;ik=d4016f14b7&amp;view=fimg&amp;th=14fbdd46a92582a6&amp;attid=0.0.20&amp;disp=emb&amp;attbid=ANGjdJ_LqN3o6jiQVBtPiJ1VEizCv7HN3OD-vF5jPNBGz2uqmXDl3Roa7bVayIGkM0G7p9h7E2-BiAfdDRWTFE0MtNmH0895Ltvr_hqG-l2mCRhvm7iGk7piY3iAZcE&amp;sz=w274-h400&amp;ats=1442025677880&amp;rm=14fbdd46a92582a6&amp;zw&amp;atsh=1\" alt=\"clip_image038\" \/>Fam\u00edlia Cestaro<\/h2>\n<p>&nbsp;<\/p>\n<p>Registra-se <strong>Rosa Cestaro<\/strong>, nascida em 27.08.1799, Montagnana, Padova, Veneto, It\u00e1lia; casou-se com Giovanni Belluzzo em 25.02.1829, ele nascido em 09.03.1792; filha de <strong>Santo Cestaro<\/strong>, nascido em 1773 na mesma localidade e Maria Graglio, nascida em 1777 na mesma localidade; neta paterna de <strong>Domenico Cestaro<\/strong>, nascido em 1747 e neta materna de Santo Graglio. Teve uma filha em seu casamento: Magherita Belluzzo, nascida em 03.09.1835.<\/p>\n<p>&nbsp;<\/p>\n<p>Registra-se <strong>Luigi Cestaro<\/strong>, nascido em 1859, Veneto, It\u00e1lia; casou-se em 1889 com Santa Valeza, ela nascida em 1868; filho de<strong>Angelo Cestaro<\/strong>, nascido em 1843 e <strong>Anna Cestaro<\/strong>, nascida em 1845. De seu casamento teve os seguintes filhos: <strong>Angelo Luigi Cestari<\/strong>, nascido em 30.01.1891 e falecido em 16.02.1954 e <strong>Silvio Cestari<\/strong>, nascido em 1894.<\/p>\n<p>&nbsp;<\/p>\n<p>Registra-se <strong>Adriana Cestaro<\/strong>, nascido em 25.08.1770, Stanghella, Padova, Veneto, It\u00e1lia; filho de <strong>Francesco Cestaro<\/strong>, nascido em 1749.<\/p>\n<p>&nbsp;<\/p>\n<p>&nbsp;<\/p>\n<p>Registra-se <strong>Maria Cestaro<\/strong>, nascida em 1729, Selzano, Veneza, Veneto, It\u00e1lia e falecida em 09.05.1801.<\/p>\n<p>&nbsp;<\/p>\n<p>&nbsp;<\/p>\n<p>Registra-se <strong>Maria Cestaro<\/strong>, nascida, 1875, Veneto, It\u00e1lia; casou-se com Giacomo Rigato em 23.11.1893, ele nascido em 16.08.1871; filha de <strong>Giovanni Cestaro, na<\/strong>scido em 1845. Do seu casamento teve os seguintes filhos: Giovanni Vincenzo Rigato, nascido em 23.08.1894 e Pietro Luigi Rigato, nascido em 09.07.1896.<\/p>\n<p>&nbsp;<\/p>\n<p>Registra-se <strong>Caterina Cestaro<\/strong>, nascida em 1796, Mongrassano, Consenza, Veneto, It\u00e1lia e falecida em 12.07.1861 na mesma localidade; casou-se com Giuseppe Talarico, nascido em 1790 e falecido em 01.04.1845. Do seu casamento teve uma filha: Teresa Maria Talarico, nascida em 26.05.1834.<\/p>\n<p>&nbsp;<\/p>\n<p>&nbsp;<\/p>\n<p>Registra-se <strong>Gaetano Cestaro<\/strong>, nascido em 1818, Veneto, It\u00e1lia e falecido em 1887; casou-se com Rosa Belloni Bonomi, nascida em 1823 e falecida em 24.12.1888.<\/p>\n<p>&nbsp;<\/p>\n<p>&nbsp;<\/p>\n<p>Registra-se <strong>Giuseppe Cestaro<\/strong>, nascido em 1844, Marola, Vicenza, Veneto, It\u00e1lia; casou-se com Angela Sandron Lissandron, nascida em 1849 e falecida em 14.08.1891, Polegge, Vicenza, It\u00e1lia. Do seu casamento teve um filha: <strong>Maria Cestaro<\/strong>, nascida em 13.09.1886, Vivaro, Vncenza, It\u00e1lia e falecida em 31.12.1886. Polegge, Vincenza, It\u00e1lia.<\/p>\n<p>&nbsp;<\/p>\n<p>Registra-se <strong>Domenego Cestaro<\/strong>, nascido em 21.02.1656, Canizzano, Treviso, It\u00e1lia e falecido em 17.05.1719 na mesma localidade.<\/p>\n<p>&nbsp;<\/p>\n<p>&nbsp;<\/p>\n<p>&nbsp;<\/p>\n<p>Registra-se <strong>Domenico Cestaro<\/strong>, nascido em 1603, Veneto, It\u00e1lia; casou-se com Vincenza Lanza em 30.08.1625, ela nascida em 1605.<\/p>\n<p>&nbsp;<\/p>\n<p>&nbsp;<\/p>\n<p><img decoding=\"async\" src=\"https:\/\/mail.google.com\/mail\/u\/2\/?ui=2&amp;ik=d4016f14b7&amp;view=fimg&amp;th=14fbdd46a92582a6&amp;attid=0.0.22&amp;disp=emb&amp;attbid=ANGjdJ8dqML8tSt9FcPmbQb4zJ5is4Iw5t_PFtbs_nzUX8pm1xRcFgW6Yt5UAyuxOJcPz7D6LeYRoPs1yerrGbcfBv-VXf779Ln_3LSelduibCDblqgOymOtl57HSnM&amp;sz=w1132-h1358&amp;ats=1442025677886&amp;rm=14fbdd46a92582a6&amp;zw&amp;atsh=1\" alt=\"clip_image042\" \/><img decoding=\"async\" src=\"https:\/\/mail.google.com\/mail\/u\/2\/?ui=2&amp;ik=d4016f14b7&amp;view=fimg&amp;th=14fbdd46a92582a6&amp;attid=0.0.22&amp;disp=emb&amp;attbid=ANGjdJ8dqML8tSt9FcPmbQb4zJ5is4Iw5t_PFtbs_nzUX8pm1xRcFgW6Yt5UAyuxOJcPz7D6LeYRoPs1yerrGbcfBv-VXf779Ln_3LSelduibCDblqgOymOtl57HSnM&amp;sz=w1132-h1358&amp;ats=1442025677886&amp;rm=14fbdd46a92582a6&amp;zw&amp;atsh=1\" alt=\"clip_image042\" \/><\/p>\n<p>&nbsp;<\/p>\n<p>&nbsp;<\/p>\n<p><strong>From:<\/strong> <a href=\"mailto:shcoliveira@outlook.com\">S\u00edlvia Oliveira<\/a><\/p>\n<p><strong>Sent:<\/strong> Tuesday, September 08, 2015 4:13 PM<\/p>\n<p><strong>To:<\/strong> <a href=\"mailto:afranio@tintaspig.com.br\">afranio@tintaspig.com.br<\/a><\/p>\n<p><strong>Subject:<\/strong> Genealogia Cestaro<\/p>\n<p>&nbsp;<\/p>\n<p>Boa tarde, Sr. Afr\u00e2nio.<\/p>\n<p>&nbsp;<\/p>\n<p>Vi na internet que e senhor tem muitas informa\u00e7\u00f5es sobre fam\u00edlias italianas que vieram para o Brasil.<\/p>\n<p>Gostaria de saber se tem algo a respeito da minha fam\u00edlia, vieram para o Brasil em 1891 no navio Andrea Doria, Sr Pietro Luigi Cestaro, casado com D. Fortunata Martelo, com 3 filhos Raimondo Sebastiano, Pietuiro Giovani e Carolina Maria.<\/p>\n<p>&nbsp;<\/p>\n<p>Muito obrigada,<\/p>\n<p>&nbsp;<\/p>\n<p>S\u00edlvia H. Cestari de Oliveira<\/p>\n","protected":false},"excerpt":{"rendered":"<p>Afr\u00e2nio Mello &#8211; ATENDIMENTO N\u00daMERO 540<\/p>\n","protected":false},"author":3,"featured_media":0,"comment_status":"closed","ping_status":"closed","sticky":false,"template":"","format":"standard","meta":{"_jetpack_newsletter_access":"","_jetpack_dont_email_post_to_subs":false,"_jetpack_newsletter_tier_id":0,"_jetpack_memberships_contains_paywalled_content":false,"_jetpack_memberships_contains_paid_content":false,"footnotes":""},"categories":[7],"tags":[656],"class_list":["post-3220","post","type-post","status-publish","format-standard","hentry","category-comunicacao","tag-afranio"],"aioseo_notices":[],"views":0,"jetpack_featured_media_url":"","jetpack_sharing_enabled":true,"jetpack_likes_enabled":true,"jetpack-related-posts":[{"id":14848,"url":"https:\/\/jornalrol.com.br\/?p=14848","url_meta":{"origin":3220,"position":0},"title":"Genealogia: Afr\u00e2nio Mello fornece informa\u00e7\u00f5es gratuitas sobre a familia  CESTARI \/ CESTARO","author":"Helio Rubens","date":"23 de novembro de 2017","format":false,"excerpt":"Afr\u00e2nio Franco de Oliveira Mello - ATENDIMENTO N\u00daMERO 928 Prezada Alessandra, boa tarde. O arquivo que tenho foi tirado e site italiano e traduzido para o portugu\u00eas, Existe o mesmo arquivo em outros sites de genealogia no Brasil. O que posso fazer para voc\u00ea e enviar o arquivo do sobrenome\u2026","rel":"","context":"Em &quot;Comunica\u00e7\u00e3o&quot;","block_context":{"text":"Comunica\u00e7\u00e3o","link":"https:\/\/jornalrol.com.br\/?cat=7"},"img":{"alt_text":"","src":"https:\/\/i0.wp.com\/www.jornalrol.com.br\/wp-content\/uploads\/2017\/01\/afranio.jpg?resize=350%2C200","width":350,"height":200},"classes":[]},{"id":3031,"url":"https:\/\/jornalrol.com.br\/?p=3031","url_meta":{"origin":3220,"position":1},"title":"Genealogia: Afr\u00e2nio Mello fornece informa\u00e7\u00f5es sobre a FAMILIA CESTARI","author":"Helio Rubens","date":"20 de agosto de 2015","format":false,"excerpt":"Afr\u00e2nio Mello - ATENDIMENTO N\u00daMERO 514 \u00a0 Caro Diego. Estou aproveitando um atendimento sobre o mesmo sobrenome, datado de 16.06.2014. Foi enviado ao Bruno Portelli.\u00a0 brunoportelli@hotmail.com Veja o arquivo anexado. Tem um belo bras\u00e3o. A origem n\u00e3op \u00e9 s\u00f3 Trentina e de diversou outros lugares da It\u00e1lia. A busca da\u2026","rel":"","context":"Em &quot;Comunica\u00e7\u00e3o&quot;","block_context":{"text":"Comunica\u00e7\u00e3o","link":"https:\/\/jornalrol.com.br\/?cat=7"},"img":{"alt_text":"","src":"","width":0,"height":0},"classes":[]},{"id":3503,"url":"https:\/\/jornalrol.com.br\/?p=3503","url_meta":{"origin":3220,"position":2},"title":"Genealogia: Afr\u00e2nio Mello fornece informa\u00e7\u00f5es sobre a familia CESTARI","author":"Helio Rubens","date":"16 de outubro de 2015","format":false,"excerpt":"Afr\u00e2nio Franco de Oliveira Mello: ATENDIMENTO N\u00daMERO 546 \u00a0 Prezada Adriana, bom dia. Envio o arquivo do sobrenome de sua fam\u00edlia, com todas as grafias conhecidas.\u00a0S\u00e3o 15 p\u00e1ginas ao todo e dois bras\u00f5es junto com o mesmo.\u00a0Outros seguem em separado.\u00a0S\u00e3o todos com a mesma origem.... CISTARIUS.. cesteiro, como pode ver\u2026","rel":"","context":"Em &quot;Comunica\u00e7\u00e3o&quot;","block_context":{"text":"Comunica\u00e7\u00e3o","link":"https:\/\/jornalrol.com.br\/?cat=7"},"img":{"alt_text":"","src":"","width":0,"height":0},"classes":[]},{"id":14873,"url":"https:\/\/jornalrol.com.br\/?p=14873","url_meta":{"origin":3220,"position":3},"title":"Afr\u00e2nio Mello atende leitora sobre questao de cidadania e fornece informa\u00e7\u00f5es sobre a fam\u00edlia CESTARI","author":"Helio Rubens","date":"24 de novembro de 2017","format":false,"excerpt":"Afr\u00e2nio Franco de Oliveira Mello - ATENDIMENTO N\u00daMERO 930 \u00a0 Alini, bom dia. As informa\u00e7\u00f5es sobre o sobrenome CESTARI foram tiradas h\u00e1 mais ou menos 10 anos do site italiano da FAM\u00cdLIA CESTARI. Tem uma informa\u00e7\u00e3o de que o Governo Italiano est\u00e1 dando cidadania para os descendentes de pessoas que\u2026","rel":"","context":"Em &quot;Comunica\u00e7\u00e3o&quot;","block_context":{"text":"Comunica\u00e7\u00e3o","link":"https:\/\/jornalrol.com.br\/?cat=7"},"img":{"alt_text":"","src":"https:\/\/i0.wp.com\/www.jornalrol.com.br\/wp-content\/uploads\/2017\/01\/afranio.jpg?resize=350%2C200","width":350,"height":200},"classes":[]},{"id":16289,"url":"https:\/\/jornalrol.com.br\/?p=16289","url_meta":{"origin":3220,"position":4},"title":"Genealogia: Afr\u00e2nio Mello fornece informa\u00e7\u00f5es gratuitas sobre familias. Nesta edi\u00e7\u00e3o, familias CESTARI, ANJOS, MUNARO e VERONESEI","author":"Helio Rubens","date":"5 de fevereiro de 2018","format":false,"excerpt":"Afr\u00e2nio Franco de Oliveira Mello - ATENDIMENTOS N\u00daMEROS\u00a0\u00a0 965,966,967 e 968 Depois de muitas pesquisas segue os arquivos solicitados : CESTARI\/SESTARA...................... 29 p\u00e1ginas e 5 bras\u00f5es . A grafia italiana \u00e9 a CESTARI. Tem diversas varia\u00e7\u00f5es ; Este sobrenome tem as varia\u00e7\u00f5es : S\u00e8sta,Sest\u00e0n,Sestani,S\u00e8sti,Sestini,Sesto e Sestu. ANJOS\/ANGELI...........................\u00a0\u00a0 2 p\u00e1ginas e\u2026","rel":"","context":"Em &quot;Comunica\u00e7\u00e3o&quot;","block_context":{"text":"Comunica\u00e7\u00e3o","link":"https:\/\/jornalrol.com.br\/?cat=7"},"img":{"alt_text":"","src":"","width":0,"height":0},"classes":[]},{"id":3983,"url":"https:\/\/jornalrol.com.br\/?p=3983","url_meta":{"origin":3220,"position":5},"title":"Genealogia: Afr\u00e2nio Mello fornece informa\u00e7\u00f5es sobre a familia Matias","author":"Helio Rubens","date":"29 de dezembro de 2015","format":false,"excerpt":"Afr\u00e2nio Franco de Oliveira Mello: ATENDIMENTO N\u00daMERO 590 \u00a0 Cara Francisca,boa tarde quase noite. \u00a0 Os arquivos comppletos que envio atendem s\u00f3 aos solicitantes. No Site do Rol-Jornal On Line vai um resumo para todos verem que existe o sobrenome e , caso se interessem, fa\u00e7am o pedido, como voc\u00ea\u2026","rel":"","context":"Em &quot;Comunica\u00e7\u00e3o&quot;","block_context":{"text":"Comunica\u00e7\u00e3o","link":"https:\/\/jornalrol.com.br\/?cat=7"},"img":{"alt_text":"Afr\u00e2nio Mello","src":"https:\/\/i0.wp.com\/www.jornalrol.com.br\/wp-content\/uploads\/2015\/07\/Afr%C3%A2nio-para-o-ROL-2.jpg?resize=350%2C200","width":350,"height":200},"classes":[]}],"_links":{"self":[{"href":"https:\/\/jornalrol.com.br\/index.php?rest_route=\/wp\/v2\/posts\/3220","targetHints":{"allow":["GET"]}}],"collection":[{"href":"https:\/\/jornalrol.com.br\/index.php?rest_route=\/wp\/v2\/posts"}],"about":[{"href":"https:\/\/jornalrol.com.br\/index.php?rest_route=\/wp\/v2\/types\/post"}],"author":[{"embeddable":true,"href":"https:\/\/jornalrol.com.br\/index.php?rest_route=\/wp\/v2\/users\/3"}],"replies":[{"embeddable":true,"href":"https:\/\/jornalrol.com.br\/index.php?rest_route=%2Fwp%2Fv2%2Fcomments&post=3220"}],"version-history":[{"count":0,"href":"https:\/\/jornalrol.com.br\/index.php?rest_route=\/wp\/v2\/posts\/3220\/revisions"}],"wp:attachment":[{"href":"https:\/\/jornalrol.com.br\/index.php?rest_route=%2Fwp%2Fv2%2Fmedia&parent=3220"}],"wp:term":[{"taxonomy":"category","embeddable":true,"href":"https:\/\/jornalrol.com.br\/index.php?rest_route=%2Fwp%2Fv2%2Fcategories&post=3220"},{"taxonomy":"post_tag","embeddable":true,"href":"https:\/\/jornalrol.com.br\/index.php?rest_route=%2Fwp%2Fv2%2Ftags&post=3220"}],"curies":[{"name":"wp","href":"https:\/\/api.w.org\/{rel}","templated":true}]}}