{"id":3223,"date":"2015-09-13T23:39:27","date_gmt":"2015-09-14T02:39:27","guid":{"rendered":"http:\/\/www.jornalrol.com.br\/?p=3223"},"modified":"2015-09-13T23:39:27","modified_gmt":"2015-09-14T02:39:27","slug":"artigo-de-celso-lungaretti-o-impeachment-bate-a-porta","status":"publish","type":"post","link":"https:\/\/jornalrol.com.br\/?p=3223","title":{"rendered":"Artigo de Celso Lungaretti: &#039;O impeachment bate \u00e0 porta&#039;"},"content":{"rendered":"<div class=\"pdfprnt-buttons pdfprnt-buttons-post pdfprnt-top-right\"><a href=\"https:\/\/jornalrol.com.br\/index.php?rest_route=%2Fwp%2Fv2%2Fposts%2F3223&print=pdf\" class=\"pdfprnt-button pdfprnt-button-pdf\" target=\"_blank\" ><\/a><a href=\"https:\/\/jornalrol.com.br\/index.php?rest_route=%2Fwp%2Fv2%2Fposts%2F3223&print=print\" class=\"pdfprnt-button pdfprnt-button-print\" target=\"_blank\" ><img decoding=\"async\" src=\"https:\/\/jornalrol.com.br\/wp-content\/plugins\/pdf-print\/images\/print.png\" alt=\"image_print\" title=\"Conte\u00fado de impress\u00e3o\" \/><\/a><\/div><h2 style=\"font-style: inherit; font-weight: inherit;\"><strong>DOS EMPRES\u00c1RIOS \u00c0 DILMA: &#8220;OU D\u00c1 OU N\u00d3S DESCEMOS!&#8221;. DA &#8216;FOLHA&#8217; \u00c0 DILMA: &#8220;ARROCHE A SOCIEDADE OU RENUNCIE!&#8221;.<\/strong><\/h2>\n<p><!--more--><\/p>\n<p><strong>Por Celso Lungaretti, no blogue\u00a0<a href=\"http:\/\/naufrago-da-utopia.blogspot.com.br\/\">N\u00e1ufrago da Utopia<\/a><\/strong><strong>.<\/strong><\/p>\n<table>\n<tbody>\n<tr>\n<td>\u00a0<img decoding=\"async\" src=\"https:\/\/ci5.googleusercontent.com\/proxy\/vqa-g31SjhEhAOkhH4mAPT9gNkM2QB_GNukIf4TpRJLdLIV_ZI885gIEAHPnPzQGqv17Bzn5JrbxNwtRQRovGQz6WpExE2iYXgihMP7ChrXqj8no4Lxl3sedSgon-u8EcmvlEFkTk-sS96U-A7_wOMvAqv-HtDo820tw7E07YgtKcIhcC-fw8luZiEmztZ2T_Aqe8GZMk207rKWyMLEpxdsnz1Y326INqzVjL19T43RN1mqDvVE1mJ_J_8TL3BybHIHVhmZlLFJNfvYGH867iFh-s7IxuH-j2rPqRxoiARAWbfXzs3Lv3HDb_ZUAedXhf6QBiHmw2cM=s0-d-e1-ft#https:\/\/images-blogger-opensocial.googleusercontent.com\/gadgets\/proxy?url=http%3A%2F%2Fwww.brasil247.com%2Fimages%2Fcache%2F1000x357%2Fcrop%2Fimages%257Ccms-image-000455852.jpg&amp;container=blogger&amp;gadget=a&amp;rewriteMime=image%2F*\" alt=\"\" \/><\/td>\n<\/tr>\n<tr>\n<td><strong>Oct\u00e1vio Frias Filho lan\u00e7a ultimato: ou Dilma aproveita a &#8220;\u00faltima chance&#8221; ou deve renunciar.<\/strong><\/td>\n<\/tr>\n<\/tbody>\n<\/table>\n<p><strong>Q<\/strong>uem tem acompanhado meu \u00a0trabalho n\u00e3o se surpreender\u00e1 com os v\u00e1rios ind\u00edcios de que a contagem regressiva para o defenestramento da presidenta Dilma Rousseff est\u00e1 chegando ao fim.<\/p>\n<p>Neste domingo, 13, a\u00a0<strong><u>Folha de S. Paulo<\/u><\/strong>\u00a0n\u00e3o s\u00f3 assume em editorial que tal desfecho j\u00e1 entrou na ordem do dia, como o faz num editorial excepcional, publicado na capa, com o t\u00edtulo alarmista de\u00a0<a href=\"http:\/\/www1.folha.uol.com.br\/opiniao\/2015\/09\/1681108-ultima-chance.shtml\"><strong><u>\u00daltima chance<\/u><\/strong>\u00a0<\/a>:<\/p>\n<p><strong>&#8220;<\/strong>\u00c0s voltas com uma grav\u00edssima crise pol\u00edtico-econ\u00f4mica, que ajudou a criar e a que tem respondido de forma err\u00e1tica e descoordenada; vivendo a corros\u00e3o vertiginosa de seu apoio popular e parlamentar, a que se soma o desmantelamento \u00e9tico do PT e dos partidos que lhe prestaram apoio, a administra\u00e7\u00e3o Dilma Rousseff est\u00e1 por um fio.<\/p>\n<p>A presidente abusou do direito de errar. Em menos de dez meses de segundo mandato, perdeu a credibilidade e esgotou as reservas de paci\u00eancia que a sociedade lhe tinha a conferir. Precisa, agora, demonstrar que ainda tem capacidade pol\u00edtica de apresentar rumos para o pa\u00eds no tempo que lhe resta de governo<strong>&#8220;<\/strong>.<\/p>\n<p><img loading=\"lazy\" decoding=\"async\" class=\" alignright\" src=\"https:\/\/ci6.googleusercontent.com\/proxy\/2TO1-C8vK_YLImUzGr8-ELoyU_rQo4nJlLsuS-4Wu5Bsf57kjlaC1Tg5FqoP9DdZlXVeHTY8HeI7-eVm0Uunek7ESr02qdq5pqEUxoD2vmZNCadLwu5LjxBHm81Y-jw1G0hQxsawoHwl-EK7WKiEh2-zN8HFOcPyPqfUJXbGTCGK4eG3qKswyiV1xED5UOp5_7uCZOF7MEKcVMbfQmuDX2mV4ml2ChTXhH8doRm2PMtE-bWKrFHEMQsJ73acl_tyhn1YQUfe4IP1fXQ59hOKyVGzfbg_qMyMClA7ejTdb2HeQbTXd8PHTiJDqqtRJhh9=s0-d-e1-ft#https:\/\/images-blogger-opensocial.googleusercontent.com\/gadgets\/proxy?url=http%3A%2F%2Fwww.boxvideolocadora.com.br%2Fprodutos%2Ffoto1%2Fgrande%2Fultimato%2520bourne.jpg&amp;container=blogger&amp;gadget=a&amp;rewriteMime=image%2F*\" alt=\"\" width=\"297\" height=\"428\" \/>Previsivelmente, o jornal pede que se reequilibrem as finan\u00e7as p\u00fablicas com medidas ainda mais draconianas do que as propostas por Joaquim Levy e prop\u00f5e que exploradores e explorados dividam entre si o sacrif\u00edcio. Omite que os primeiros (mesmo numa perspectiva capitalista) sempre foram beneficiados demais e os segundos, prejudicados demais. \u00c9 hora, isto sim, de reequilibrarem-se os pesos da balan\u00e7a, entregando a conta para os que, mesmo perdendo os an\u00e9is, ainda conservar\u00e3o gordos os dedos.<\/p>\n<p>E se Dilma n\u00e3o fizer o que a\u00a0<strong><u>Folha<\/u><\/strong>\u00a0exige, ou seja, a radicaliza\u00e7\u00e3o do chamado\u00a0<strong><em>austeric\u00eddio<\/em><\/strong>? A\u00ed o jornal comprova mais uma vez que n\u00e3o ter sido casual seu apoio \u00e0\u00a0<strong><em>dita-nada-branda<\/em><\/strong>:<\/p>\n<p><strong>&#8220;<\/strong>Ser\u00e3o imensas, escusado dizer, as resist\u00eancias da sociedade a iniciativas desse tipo. O pa\u00eds, contudo, n\u00e3o tem escolha. A presidente Dilma Rousseff tampouco: n\u00e3o lhe restar\u00e1, caso se dobre sob o peso da crise, sen\u00e3o\u00a0<strong><u>abandonar suas responsabilidades presidenciais e, eventualmente, o cargo que ocupa<\/u>&#8221;\u00a0<\/strong>(o grifo \u00e9 meu).<\/p>\n<p>Pronto, o g\u00eanio saiu da garrafa: o jornal mais influente do Pa\u00eds j\u00e1 se arroga o direito de sugerir o impeachment, ao mesmo tempo que d\u00e1 um ultimato velado \u00e0 presidenta!<\/p>\n<p>E por que o faz neste instante? A resposta est\u00e1 em tr\u00eas not\u00edcias da mesma edi\u00e7\u00e3o dominical da\u00a0<strong><u>Folha<\/u><\/strong>:<\/p>\n<p><strong>&#8220;<\/strong>Empres\u00e1rios fizeram chegar ao governo a avalia\u00e7\u00e3o de que, com a perda do grau de investimento do pa\u00eds, a presidente Dilma Rousseff precisa agir rapidamente e mostrar resultados at\u00e9 outubro. Caso contr\u00e1rio, afirmaram, ficar\u00e1 dif\u00edcil manter o apoio do setor empresarial, um dos \u00faltimos lastros do governo petista.<\/p>\n<p>&nbsp;<\/p>\n<p>&nbsp;<\/p>\n<p><img loading=\"lazy\" decoding=\"async\" class=\" alignleft\" src=\"https:\/\/ci6.googleusercontent.com\/proxy\/0SUZn5M-SZfut_CLIz5k8Xub2Ufy3eDZm7tRcbkx9ID2VwB4CujZcpb8-5cUbQ8fgpgZM65ZK_3hrR4NMbK6JLJsef9vPvY-aWWaTztCYxKSCWoieCKFVpCTAaO8youIV7QfiPgH_TvFkLkFWC8PFoOrPcouqu2kapSqNigDPdpv86lclW4_wOT8tfTf_9Q4fNxRkVnc9K5wRRfOVwT6molzwctNjRloJ-3Zi5BNJKvPCm07p7H7-CA3Vi1-v9tAhGuDdHLOsFgGXSanzVKy5GEDrg7lXhuWY-SBTW-qpAOChm102Qw4Ys4834MonfMYa_rzTs32OdE_wb-nvqITWh8mIQ_Ew_tRozIQNLczE6zRjCYN70D_Hq5aNmCCv0GgjPvHR7jdqse8Uux1aoUmH_B7BGG9FiY=s0-d-e1-ft#https:\/\/images-blogger-opensocial.googleusercontent.com\/gadgets\/proxy?url=http%3A%2F%2Fkdfrases.com%2Ffrases-imagens2%2Fabriu-contagem-regressiva-uma-explosao-vai-acontecer-ou-comeca-ou-desmorona-de-vez-mestre-arievlis-frase-2785-34329.jpg&amp;container=blogger&amp;gadget=a&amp;rewriteMime=image%2F*\" alt=\"\" width=\"576\" height=\"271\" \/>A conjectura foi transmitida a interlocutores da presidente como um alerta para a necessidade da petista ser firme na defini\u00e7\u00e3o de medidas para reequilibrar as contas p\u00fablicas, a despeito de cr\u00edticas ao ajuste de setores do PT e do ex-presidente Lula<strong>&#8220;<\/strong>.\u00a0<strong>[Ou seja, os tais empres\u00e1rios s\u00e3o o sujeito oculto do editorial da\u00a0<u>Folha<\/u>. O\u00a0<em>ou d\u00e1 ou n\u00f3s descemos\u00a0<\/em>foi inspirado por eles, que exigem rendi\u00e7\u00e3o incondicional. Eu avisei que as coisas chegariam a este ponto; Dilma teria sa\u00eddo bem melhor na foto caso houvesse reagido antes de lhe colocarem a corda no pesco\u00e7o. Demorou demais para escolher o lado certo e, agora, s\u00f3 salvar\u00e1 seu mandato se aceitar tornar-se uma fantoche expl\u00edcita do capital.]<\/strong><\/p>\n<p><strong>&#8220;<\/strong>A C\u00e2mara deve come\u00e7ar a tratar formalmente do processo de impeachment de Dilma Rousseff nesta semana, quando deputados de oposi\u00e7\u00e3o apresentar\u00e3o requerimentos ao presidente da Casa, Eduardo Cunha (PMDB-RJ), para que ele se posicione sobre os 13 pedidos de deposi\u00e7\u00e3o.<\/p>\n<p>Cunha j\u00e1 avisou que pretende negar, se n\u00e3o todas, boa parte das a\u00e7\u00f5es exigindo o impeachment. Com os demais, ele continuaria protelando.<\/p>\n<table>\n<tbody>\n<tr>\n<td>\u00a0<img loading=\"lazy\" decoding=\"async\" class=\" alignright\" src=\"https:\/\/ci3.googleusercontent.com\/proxy\/YxWyFfByIkY2AhbnyZAgX7-QqsO3NPUbu5WQlSRaoX6J6H7plCGnUAKlOlnXKC-gXBJct4qohqmGJ2GPDifxCMe_iDykBc4giPMUZSOTjooHuCWRd-6ViKV-OVeO6qIgc-tHsq3e5l73Hup03wlYIKYV3Mq_f0jVpF-ndL0TQH9L7_fIFuubIP3Sy6eXbeoz1i7luF6WP_7PyhiiAUZLXXWqxdYp1wv6i-mOBsO4ITuVxqYNGOR2kvKy2HatBWJvIZ3xQRARO1Xxa58etwfBPvvrZZQGQFhZUhUcrnEeZzU69QgfnVAhc7yC6hfKiNUNbJkL1fwpM86WneNK29oCmPoLkpYjYTebGsZOqsrrquX4--RH0q5EMJknIm9zPUBtlGHA=s0-d-e1-ft#https:\/\/images-blogger-opensocial.googleusercontent.com\/gadgets\/proxy?url=http%3A%2F%2Fi2.wp.com%2Fwww.sul21.com.br%2Fjornal%2Fwp-content%2Fuploads%2F2014%2F03%2F20140331correio-da-manha-basta.jpg%3Fresize%3D613%252C584&amp;container=blogger&amp;gadget=a&amp;rewriteMime=image%2F*\" alt=\"\" width=\"444\" height=\"423\" \/><\/td>\n<\/tr>\n<tr>\n<td><strong>Quem fez editorial similar&#8230; acabou fechando!<\/strong><\/td>\n<\/tr>\n<\/tbody>\n<\/table>\n<p>O roteiro dos defensores do afastamento \u00e9 ent\u00e3o apresentar recursos questionando uma das recusas de Cunha. Assim, o caso precisaria ser submetido ao plen\u00e1rio. Se for aprovado por maioria simples, o processo \u00e9 deflagrado<strong>&#8220;<\/strong>.<strong>\u00a0[Ou seja, est\u00e1 prontinho o roteiro caso Dilma n\u00e3o se submeta \u00e0 tutela proposta, vendendo a alma definitivamente ao diabo: deputados partid\u00e1rios do impeachment pedir\u00e3o uma defini\u00e7\u00e3o ao Cunha, este negar\u00e1 alguns pedidos e os ditos cujos colocar\u00e3o tal recusa para discuss\u00e3o no plen\u00e1rio. A\u00ed, com a popularidade da Dilma na casa de um d\u00edgito, n\u00e3o \u00e9 dif\u00edcil adivinhar qual ser\u00e1 a decis\u00e3o dos parlamentares, sabendo que marcharem contra a corrente poder\u00e1 ser-lhes fatal nas elei\u00e7\u00f5es futuras]<\/strong><\/p>\n<p><strong>&#8220;<\/strong>Diante do avan\u00e7o do movimento pr\u00f3-impeachment no Congresso, Dilma Rousseff montou nos \u00faltimos dias uma &#8216;for\u00e7a-tarefa&#8217; integrada por ministros de sua confian\u00e7a para mapear os apoios de que o governo disp\u00f5e<strong>&#8220;<\/strong>.\u00a0<strong>[Ou seja, o pr\u00f3prio Pal\u00e1cio do Planalto, por via obl\u00edqua, confirma que a batalha derradeira se aproxima.]<\/strong><\/p>\n<p>De resto, n\u00e3o me traz satisfa\u00e7\u00e3o nenhuma vir h\u00e1 bom tempo acertando todas as minhas previs\u00f5es. Mas, tenho a sensa\u00e7\u00e3o de dever cumprido. Como jornalista, informei muito bem meu p\u00fablico, ao contr\u00e1rio dos que passaram o tempo todo teclando\u00a0<strong><em>wishful thinking<\/em><\/strong>.<\/p>\n<p><img loading=\"lazy\" decoding=\"async\" class=\" alignleft\" src=\"https:\/\/ci3.googleusercontent.com\/proxy\/g-y5MxUs61nWCAXYBVg1_KSZbRpsaG4l2WEKX2-QADe9Hy0VYT_kasbQIroBeX7LrgFB2-dAU8xVjdPiXzHsSL3iuDQ-y41qEJDrvKynn4cVWv8214YMfzWhwxlagKMQMDJ74iLL0Bm_aPEqLrBIuQvQJoYFbZGiI3VE1eIP1u-ridnl-HzxlCVEn1glS4qQmN-2sugt5sD9VMB6Kao2_hWb2QUacNJoMevnVdsdM979hpaGf30beTjwNqjWyQIGEEfu2mdD1ctLobzz_m9TUaxWDxXRDwRM4-OqUMIjxXH_HCmaBQwmMsKFx_quFM4=s0-d-e1-ft#https:\/\/images-blogger-opensocial.googleusercontent.com\/gadgets\/proxy?url=http%3A%2F%2Fi0.statig.com.br%2Fbancodeimagens%2F7o%2Fe2%2Fxd%2F7oe2xd256287gfb9kedt2ydm9.jpg&amp;container=blogger&amp;gadget=a&amp;rewriteMime=image%2F*\" alt=\"\" width=\"441\" height=\"276\" \/>E como revolucion\u00e1rio, h\u00e1 cerca de um ano venho apontando \u00e0s for\u00e7as de esquerda os erros que cometiam e sugerindo op\u00e7\u00f5es:<\/p>\n<table>\n<tbody>\n<tr>\n<td><\/td>\n<\/tr>\n<tr>\n<td><strong>A posse do Levy: come\u00e7o do fim para Dilma.<\/strong><\/td>\n<\/tr>\n<\/tbody>\n<\/table>\n<ul>\n<li>n\u00e3o desconstruir Marina Silva, deixando para ela o mico de impor o arrocho fiscal;<\/li>\n<\/ul>\n<ul>\n<li>trocar a candidatura da Dilma pela do Lula, porque ela claramente n\u00e3o estava \u00e0 altura do quadro dram\u00e1tico que se delineava para 2015;<\/li>\n<\/ul>\n<ul>\n<li>a articula\u00e7\u00e3o de um governo de uni\u00e3o nacional ou a montagem de um gabinete de crise quando a economia come\u00e7ou a desandar no in\u00edcio do ano, pois assim dividiria com a oposi\u00e7\u00e3o a responsabilidade pela degringola econ\u00f4mica e pelos rem\u00e9dios amargos;<\/li>\n<\/ul>\n<ul>\n<li>quando a derrubada de Dilma passou a despontar como inevit\u00e1vel, a convoca\u00e7\u00e3o um plebiscito sobre o ajuste fiscal, prevendo a ren\u00fancia dela caso o povo dissesse\u00a0<u><strong>n\u00e3o<\/strong><\/u>\u00a0(seria uma sa\u00edda mais altaneira e digna, \u00e0 maneira do De Gaulle);<\/li>\n<\/ul>\n<ul>\n<li>reassumir as bandeiras de esquerda, para ao menos cair pelas raz\u00f5es certas e n\u00e3o por ter pretendido governar com a direita mas n\u00e3o a haver conseguido satisfazer:<\/li>\n<\/ul>\n<ul>\n<li>renunciar antes de ser impedida, para o triunfo da direita n\u00e3o se tornar mais triunfal ainda.<\/li>\n<\/ul>\n<p>E, claro, passei todo o tempo pedindo a cabe\u00e7a do Joaquim Levy, o cavalo de Troia que preparou o caminho para a pior derrota da esquerda brasileira desde 1964.<\/p>\n<p>Moral da Hist\u00f3ria: nem sempre os que ousam dizer verdades inconvenientes querem o mal de algu\u00e9m; nem sempre os que s\u00f3 afagam lhe fazem algum bem.<\/p>\n<p>&#8220;Metida tenho a m\u00e3o na consci\u00eancia \/ e s\u00f3 falo verdades puras \/ que me foram ditadas pela viva experi\u00eancia&#8221; &#8211;disse Cam\u00f5es. E digo eu.<\/p>\n<p><strong>DILMA PODER\u00c1 SER LEMBRADA COMO GUERREIRA DERRUBADA PELAS ELITES OU COMO GUERRILHEIRA QUE VIROU\u00a0<\/strong><strong>SUCO<\/strong><\/p>\n<p><strong>Por Celso Lungaretti, no blogue\u00a0<a href=\"http:\/\/naufrago-da-utopia.blogspot.com.br\/\">N\u00e1ufrago da Utopia<\/a><\/strong><strong>.<\/strong><\/p>\n<p><strong><img decoding=\"async\" class=\" alignleft\" src=\"https:\/\/3.bp.blogspot.com\/-5LpiFEwsnlU\/VRMOce5m9fI\/AAAAAAAAQAo\/z1ZV5IBgFmU\/s1600\/DILMA%2B-%2BSEM%2BRUMO.jpg\" alt=\"\" \/>N<\/strong>a abertura do seu cl\u00e1ssico\u00a0<strong><u>Conversa na Catedral<\/u><\/strong>, Mario Vargas Llosa perguntou em que momento o Peru tinha se f&#8230; No caso do PT, eu apontaria tr\u00eas momentos:<\/p>\n<ul>\n<li>quando a vota\u00e7\u00e3o p\u00edfia que obteve na elei\u00e7\u00e3o de 1982 levou os dirigentes a decidirem evitar dali em diante a identifica\u00e7\u00e3o com a resist\u00eancia \u00e0 ditadura. Naquele pleito, a propaganda eleitoral gratuita, obedecendo \u00e0 Lei Falc\u00e3o, restringia-se \u00e0 leitura de dados e exibi\u00e7\u00e3o de fotos dos candidatos. Muitos do PT, orgulhosamente, citaram o tempo de c\u00e1rcere cumprido como presos pol\u00edticos. A direita retrucou com desqualifica\u00e7\u00f5es do tipo &#8220;eles n\u00e3o t\u00eam curr\u00edculos, t\u00eam fichas criminais&#8221;. E, ao inv\u00e9s de defenderem o direito que os seres humanos dignos deste nome tinham de combater a tirania, os petistas passaram a n\u00e3o tocar mais no assunto em campanhas eleitorais. Foi quando negaram a revolu\u00e7\u00e3o pela primeira vez.<\/li>\n<\/ul>\n<ul>\n<li>quando, tamb\u00e9m na d\u00e9cada de 1980, afrouxou os crit\u00e9rios de filia\u00e7\u00e3o, permitindo o ingresso indiscriminado de carreiristas e oportunistas de todos os matizes, desideologizando o partido. Tratou-se do expediente adotado pela corrente majorit\u00e1ria para colocar-se em grande vantagem sobre as demais tend\u00eancias, ao pre\u00e7o de descaracterizar o partido. Foi quando o PT negou a revolu\u00e7\u00e3o pela segunda vez.<\/li>\n<\/ul>\n<ul>\n<li>quando, respondendo \u00e0s acusa\u00e7\u00f5es p\u00fablicas de um militante exemplar contra o safado que pilotava o primeiro grande esquema de desvio de recursos dos cofres p\u00fablicos para o partido, expulsou o acusador, emitindo sinal verde para a corrup\u00e7\u00e3o (vide\u00a0<a href=\"http:\/\/naufrago-da-utopia.blogspot.com.br\/2014\/10\/o-pt-esqueceu-as-licoes-do-velho.html\"><strong>aqui<\/strong><\/a>). Ao optar pela moral\u00a0<strong><em>deles<\/em><\/strong>\u00a0em detrimento da\u00a0<strong><em>nossa<\/em><\/strong>, o PT negou a revolu\u00e7\u00e3o pela terceira vez.<\/li>\n<\/ul>\n<p><img decoding=\"async\" class=\" alignright\" src=\"https:\/\/1.bp.blogspot.com\/-oknB_ZmKIqk\/UM5Tv73Kl6I\/AAAAAAAADkw\/WdTW4Z-FW9w\/s1600\/FIGURA+3.jpg\" alt=\"\" \/>O resto foi consequ\u00eancia: por colocar a conquista do poder sob o capitalismo como objetivo supremo, escanteando a revolu\u00e7\u00e3o, n\u00e3o teve pejo de firmar um pacto repulsivo com os\u00a0<strong><em>donos do Brasil<\/em><\/strong>\u00a0em 2002:\u00a0<strong><em>se voc\u00eas n\u00e3o interferirem, deixando-nos ganhar a elei\u00e7\u00e3o e assumir o poder, abdicaremos de fixar n\u00f3s mesmos as diretrizes macroecon\u00f4micas, acatando fielmente as determina\u00e7\u00f5es do grande capital e contemplando sempre seus interesses<\/em><\/strong>. Lula assumiu com autonomia apenas sobre os<strong><em>\u00a0minist\u00e9rios das miudezas<\/em><\/strong>, pois quem dava as cartas nos minist\u00e9rios econ\u00f4micos era a burguesia.<\/p>\n<p>No in\u00edcio o esquema funcionou a contento por se tratar de um per\u00edodo altamente favor\u00e1vel \u00e0s commodities brasileiras, tanto que sob Lula\u00a0o PIB cresceu, em m\u00e9dia, 4% ao ano. Era o suficiente para saciar o pantagru\u00e9lico apetite dos grandes capitalistas, sobrar um tantinho a mais do que antes para colocar na mesa dos pobres (insuficiente, contudo, para caracterizar a emerg\u00eancia de uma nova classe m\u00e9dia, mera propaganda enganosa&#8230;) e ainda queimar rios de dinheiro em barganhas com os partidos fisiol\u00f3gicos, comprando seu apoio mediante o loteamento de Pastas e cargos, al\u00e9m, \u00e9 claro, do\u00a0<strong><em>por fora<\/em><\/strong>\u00a0de mensal\u00f5es e petrol\u00f5es.<\/p>\n<p><strong><u>SOB DILMA, CRESCIMENTO\u00a0<\/u><\/strong><\/p>\n<p><strong><u>DO\u00a0<\/u><\/strong><strong><u>PIB\u00a0<\/u><\/strong><strong><u>CAIU PELA METADE.<\/u><\/strong><\/p>\n<p><img decoding=\"async\" class=\" alignleft\" src=\"https:\/\/1.bp.blogspot.com\/-fhLp9Dj4QYA\/VUpB2qEodOI\/AAAAAAAAA8I\/aTi_30_HIaw\/s1600\/charge_divida_publica1_1.jpg\" alt=\"\" \/>A mar\u00e9 virou no primeiro governo de Dilma Rousseff, quando a evolu\u00e7\u00e3o do PIB caiu pela metade, passando a ser de 2,1% a.a. Ent\u00e3o, tornou-se imposs\u00edvel contentar, ao mesmo tempo, o grande capital, \u00a0os trabalhadores e os sanguessugas da pol\u00edtica. As receitas se tornaram insuficientes para bancar os privil\u00e9gios da burguesia e a gastan\u00e7a do Estado.<\/p>\n<p>O poder econ\u00f4mico passou a exigir um arrocho fiscal e uma\u00a0<strong><em>recess\u00e3o purgativa<\/em><\/strong>, que sacrificariam os outros dois contingentes, enquanto os burgueses continuariam desfrutando suas fortunas escandalosas.<\/p>\n<p>Eu alertei que um partido dito dos trabalhadores implementar uma pol\u00edtica econ\u00f4mica t\u00e3o desfavor\u00e1vel aos trabalhadores o destruiria. Era o momento de o PT, ou renegar o pacto mefistof\u00e9lico firmado em 2002 e propor uma alternativa \u00e0 ortodoxia capitalista, ou ent\u00e3o deixar em outras m\u00e3os o acatamento das exig\u00eancias do grande capital (bastaria, p. ex., n\u00e3o ter desconstru\u00eddo a candidatura de Marina Silva com a campanha de sataniza\u00e7\u00e3o mais falaciosa da pol\u00edtica brasileira em todos os tempos).<\/p>\n<p>Nem uma coisa, nem outra. Dilma se reelegeu na bacia das almas e, de imediato, prestou vassalagem aos verdadeiramente poderosos, entregando a condu\u00e7\u00e3o da economia ao neoliberal Joaquim Levy (ademais, um economista de segunda categoria, sem curr\u00edculo \u00e0 altura do posto).<\/p>\n<p><img decoding=\"async\" class=\" alignright\" src=\"https:\/\/ci5.googleusercontent.com\/proxy\/Pu2lT3Gk0SuvyvGZeM7tE7SyyS4kPmMrKrPTgxMWNkBKh2Wj7eM-TTCPBb-eJCHMirwLyWUOJvfl03DMax1omjgHeY0O5S6PboLMx6V1w02UfmLCWGAo9RIolV1rzxyOIdCz-TKrDsjOLQmxdHdLntpDERqEsHhJG6jhXci34CytGBxFAr2W71Q84MFREsRNLqTLyp_4Y3mL5WBXGgXVQByr3T4KEGMB4RaNdERqq0phh8_iyDcd3nvT05aHDBr9xPSp_eccafsfNq94_9Lh7azQKrARhvj7Cn0YEhkVr8ZYfZaIS6ZfD_u0hsgN7qMbdaxUTkENZl4=s0-d-e1-ft#https:\/\/images-blogger-opensocial.googleusercontent.com\/gadgets\/proxy?url=http%3A%2F%2Fwww.psdbnacamara.com.br%2Fwordpress%2Fwp-content%2Fuploads%2F2014%2F08%2Fcharge-28071.jpg&amp;container=blogger&amp;gadget=a&amp;rewriteMime=image%2F*\" alt=\"\" \/>Deu no que deu. O fato de, na campanha eleitoral, haver jurado solenemente que n\u00e3o faria o que incumbiu Levy de fazer, deixou em cacos a popularidade de Dilma. E um governo fraco e sem credibilidade n\u00e3o consegue convencer nem obrigar burguesia, trabalhadores e sanguessugas a sacrificarem-se para que as contas p\u00fablicas voltem a um m\u00ednimo equil\u00edbrio. Os tr\u00eas contingentes defendem vigorosamente seus interesses, imobilizando Levy, enquanto a situa\u00e7\u00e3o econ\u00f4mica se deteriora cada vez mais.<\/p>\n<p>Dilma est\u00e1 excessivamente desmoralizada para mediar qualquer acordo entre o capital, o trabalho e a ociosidade. O governo cair\u00e1 antes, pois o que se empenham em derrub\u00e1-lo n\u00e3o t\u00eam motivo nenhum para recuarem agora que est\u00e3o com a faca e o queijo nas m\u00e3os (e, sem a participa\u00e7\u00e3o deles, n\u00e3o haver\u00e1 pacto de salva\u00e7\u00e3o nacional capaz de vingar, mesmo que Lula e FHC se tranquem para conversar durante uma semana inteira). \u00c9 simples assim.<\/p>\n<p>Ent\u00e3o, as op\u00e7\u00f5es que lhe restam hoje n\u00e3o passam de duas:<\/p>\n<ul>\n<li>a ren\u00fancia antes de ser impedida, para n\u00e3o conceder triunfo t\u00e3o apote\u00f3tico aos inimigos; ou<\/li>\n<li>uma guinada corajosa \u00e0 esquerda, fazendo o aumento da arrecada\u00e7\u00e3o recair sobre as costas dos que t\u00eam demais e sempre foram privilegiados e n\u00e3o dos trabalhadores que sempre foram tosquiados, al\u00e9m de extinguir o sem-n\u00famero de Pastas e cargos que s\u00f3 servem como moeda de barganha pol\u00edtica e cabides de emprego.<\/li>\n<\/ul>\n<p>Sem ilus\u00f5es, contudo. \u00c9 tarde demais para Dilma salvar seu mandato; mas pode, ainda, salvar a reputa\u00e7\u00e3o.<\/p>\n<p><img decoding=\"async\" class=\" alignleft\" src=\"https:\/\/ci3.googleusercontent.com\/proxy\/RozNwxdvkelt4aDDmf2euWgIU-jl6tCrEy4zEZ3QbmjrL82XHl3WmxzhtHLRTX8Ii7r3GvPX20sRDMIL1t1kHSP1jzjEYn9qoIHuZnTLWddwsg5lHw2kTjTfsq4=s0-d-e1-ft#https:\/\/caideboca.files.wordpress.com\/2008\/07\/inflacao.jpg?w=400&amp;h=268\" alt=\"\" \/>Se tiver contra si a burguesia coesa (at\u00e9 o Trabuco&#8230;) e os parlamentares contrariados, sequiosos por retaliarem com o impeachment, a queda vir\u00e1 a toque de caixa. E da\u00ed? Por acaso \u00e9 prefer\u00edvel a atual agonia lenta, essas iniciativas err\u00e1ticas que fracassam umas ap\u00f3s outras, essa intermin\u00e1vel sucess\u00e3o de vexames e trapalhadas, com o mesm\u00edssimo desfecho esperando no final da linha? S\u00f3 se a Dilma for masoquista&#8230;<\/p>\n<p>Voltando \u00e1s origens, Dilma seria ao menos lembrada como uma\u00a0<strong><em>guerreira derrubada pelas elites<\/em><\/strong>\u00a0e n\u00e3o como uma\u00a0<strong><em>guerrilheira que virou suco<\/em><\/strong>.<\/p>\n<p>Com o tempo, \u00a0a historiografia de esquerda minimizaria sua guinada neoliberal em 2015, assim como quase ningu\u00e9m lembra mais que Jo\u00e3o Goulart chegou a ter como ministro da Fazenda o conservador Carvalho Pinto (o qual, justi\u00e7a seja feita, equivalia a Levy em termos ideol\u00f3gicos, mas era infinitamente melhor como economista e administrador).<\/p>\n<p><strong>OUTROS POSTS RECENTES DO BLOGUE\u00a0<a href=\"http:\/\/naufrago-da-utopia.blogspot.com.br\/\">N\u00c1UFRAGO DA UTOPIA<\/a>\u00a0(clique p\/ abrir):<\/strong><\/p>\n<p><strong><a href=\"http:\/\/naufrago-da-utopia.blogspot.com.br\/2015\/09\/sabado-battisti-lanca-novo-livro-no-rj.html\"><u>S\u00c1BADO BATTISTI LAN\u00c7A NOVO LIVRO NO RJ<\/u><\/a><\/strong><\/p>\n<p><strong><a href=\"http:\/\/naufrago-da-utopia.blogspot.com.br\/2015\/09\/o-maquiavelico-fernando-haddad-e-suas.html\"><u>O MAQUIAV\u00c9LICO FERNANDO HADDAD E SUAS IMPOSI\u00c7\u00d5ES DITATORIAIS<\/u><\/a><\/strong><\/p>\n<p><strong><a href=\"http:\/\/naufrago-da-utopia.blogspot.com.br\/2015\/09\/dilma-esta-disposta-receber-deus-e-todo.html\"><u>DILMA EST\u00c1 DISPOSTA A ACOLHER DEUS E TODO MUNDO&#8230; MENOS O SNOWDEN!!!<\/u><\/a><\/strong><\/p>\n<p><strong><a href=\"http:\/\/naufrago-da-utopia.blogspot.com.br\/2015\/09\/queda-brutal-da-aprovacao-dilma.html\"><u>&#8220;QUEDA BRUTAL DA APROVA\u00c7\u00c3O A DILMA EXPRESSA A DIMENS\u00c3O GIGANTESCA DA REPULSA \u00c0 SUA POL\u00cdTICA ECON\u00d4MICA&#8221;<\/u><\/a><\/strong><\/p>\n<p><a href=\"http:\/\/naufrago-da-utopia.blogspot.com.br\/2015\/09\/o-apocalipse-esta-proximo.html\"><strong><u>O APOCAL\u00cdPSE EST\u00c1 PR\u00d3XIMO!!!<\/u><\/strong><\/a><\/p>\n<p><a href=\"http:\/\/naufrago-da-utopia.blogspot.com.br\/2015\/09\/a-dilma-tem-o-que-temer-do-temer-claro.html\"><strong><u>A DILMA TEM O QUE TEMER DO TEMER? SEM D\u00daVIDA! A SEMELHAN\u00c7A COM O AMIGO DA ON\u00c7A N\u00c3O \u00c9 CASUAL&#8230;<\/u><\/strong><\/a><\/p>\n<p><strong><a href=\"http:\/\/naufrago-da-utopia.blogspot.com.br\/2015\/09\/por-que-dilma-nao-transfere-sede-do.html\"><u>POR QUE DILMA N\u00c3O TRANSFERE A SEDE DO GOVERNO PARA A CIDADE DE DEUS?<\/u><\/a><\/strong><\/p>\n<p><strong><a href=\"http:\/\/naufrago-da-utopia.blogspot.com.br\/2015\/09\/foi-uma-vitoria-de-pirro-e-dilma-esta.html\"><u>FOI UMA VIT\u00d3RIA DE PIRRO. E DILMA EST\u00c1 PAGANDO POR ELA AGORA.<\/u><\/a><\/strong><\/p>\n<p><strong><a href=\"http:\/\/naufrago-da-utopia.blogspot.com.br\/2015\/09\/depois-da-martaxa-teremos-dilma.html\"><u>DEPOIS DA &#8216;MARTAXA&#8217;, TEMOS A &#8216;DILMA TRIBUTEFF&#8217;?<\/u><\/a><\/strong><\/p>\n","protected":false},"excerpt":{"rendered":"<p>DOS EMPRES\u00c1RIOS \u00c0 DILMA: &#8220;OU D\u00c1 OU N\u00d3S DESCEMOS!&#8221;. DA &#8216;FOLHA&#8217; \u00c0 DILMA: &#8220;ARROCHE A SOCIEDADE OU RENUNCIE!&#8221;.<\/p>\n","protected":false},"author":3,"featured_media":0,"comment_status":"closed","ping_status":"closed","sticky":false,"template":"","format":"standard","meta":{"_jetpack_newsletter_access":"","_jetpack_dont_email_post_to_subs":false,"_jetpack_newsletter_tier_id":0,"_jetpack_memberships_contains_paywalled_content":false,"_jetpack_memberships_contains_paid_content":false,"footnotes":""},"categories":[7],"tags":[1797],"class_list":["post-3223","post","type-post","status-publish","format-standard","hentry","category-comunicacao","tag-celso-lungaretti"],"aioseo_notices":[],"views":0,"jetpack_featured_media_url":"","jetpack_sharing_enabled":true,"jetpack_likes_enabled":true,"jetpack-related-posts":[{"id":4487,"url":"https:\/\/jornalrol.com.br\/?p=4487","url_meta":{"origin":3223,"position":0},"title":"Artigo de Celso Lungaretti: &#039;DILMA, LULA E MORO: N\u00c3O H\u00c1 INOCENTE NESTE IMBROGLIO!&#039;","author":"Helio Rubens","date":"21 de mar\u00e7o de 2016","format":false,"excerpt":"Celso Lungaretti -\u00a0TR\u00caS PERDIDOS NUMA NOITE SUJA O\u00a0que ocorreu na \u00faltima 4\u00aa feira (16\/03) foi o abuso de poder de um juiz reagindo ao abuso de poder de uma presidente da Rep\u00fablica para livrar a cara de um ex-presidente da Rep\u00fablica. Por Celso Lungaretti, no blogue\u00a0N\u00e1ufrago da Utopia. Mesmo que\u2026","rel":"","context":"Em &quot;Comunica\u00e7\u00e3o&quot;","block_context":{"text":"Comunica\u00e7\u00e3o","link":"https:\/\/jornalrol.com.br\/?cat=7"},"img":{"alt_text":"","src":"","width":0,"height":0},"classes":[]},{"id":4503,"url":"https:\/\/jornalrol.com.br\/?p=4503","url_meta":{"origin":3223,"position":1},"title":"Artigo e Celso Lungaretti: &#039;O USO DO CACHIMBO FAZ A BOCA TORTA: GOVERNO AGORA EXUMA E REAPROVEITA OS CLICH\u00caS DA DITADURA MILITAR!&#039;","author":"Helio Rubens","date":"22 de mar\u00e7o de 2016","format":false,"excerpt":"Celso Lungaretti -\u00a0PEGAR DILMA NA MENTIRA \u00c9 AMEA\u00c7AR A SEGURAN\u00c7A NACIONAL?! FAL\u00c1 S\u00c9RIO... \u00a0 Por Celso Lungaretti, no blogue\u00a0N\u00e1ufrago da Utopia. Se dizer as mais crassas asneiras sujeitasse presidente a impeachment, a Dilma estaria mais encalacrada ainda do que j\u00e1 est\u00e1. Como brasileiro, sinto imensa vergonha cada vez que ela\u2026","rel":"","context":"Em &quot;Comunica\u00e7\u00e3o&quot;","block_context":{"text":"Comunica\u00e7\u00e3o","link":"https:\/\/jornalrol.com.br\/?cat=7"},"img":{"alt_text":"","src":"","width":0,"height":0},"classes":[]},{"id":4452,"url":"https:\/\/jornalrol.com.br\/?p=4452","url_meta":{"origin":3223,"position":2},"title":"Celso Lungaretti: &#039;DILMA, ACABOU.\u00a0&#039;","author":"Helio Rubens","date":"17 de mar\u00e7o de 2016","format":false,"excerpt":"N\u00c3O TEM MAIS JEITO. \u00a0 Por Celso Lungaretti, no blogue\u00a0N\u00e1ufrago da Utopia. Dilma, acabou. N\u00e3o tem mais jeito. Voc\u00ea fez hoje o que decerto n\u00e3o fazia no tempo em que ambos \u00e9ramos militantes da VAR-Palmares: numa conversa que poderia ser interceptada, deu nome aos bois ao inv\u00e9s de passar o\u2026","rel":"","context":"Em &quot;Comunica\u00e7\u00e3o&quot;","block_context":{"text":"Comunica\u00e7\u00e3o","link":"https:\/\/jornalrol.com.br\/?cat=7"},"img":{"alt_text":"","src":"https:\/\/ci4.googleusercontent.com\/proxy\/7nMTjVScygVQxIy4twmNgpyWSlE4XUFE_PN9mZ6Nda-8WY5B6mn213vIbASf59fDb8odsvt9DsssykjyR0zxwcHZyHd2DTzm8pM17YSR06nz_sez1vAwW1KMnH_e0-hW_Cz5myrnpZ-K06jm_iiaKPAemBD2zLgMXkLLhW2_hmN7nCgIZB73Yl6TGgwMA85Xe6R0AIy3wwrhGIUBp3iTOwW4oZ71O-hCeSdmIjVus5e7cdQWSoGJDfYYmh96y_oeKAIB4kLY5XiM=s0-d-e1-ft#https:\/\/images-blogger-opensocial.googleusercontent.com\/gadgets\/proxy?url=http%3A%2F%2Fwww.mdig.com.br%2Fmedia%2F10680%2FLula.jpg&container=blogger&gadget=a&rewriteMime=image%2F*","width":350,"height":200},"classes":[]},{"id":4423,"url":"https:\/\/jornalrol.com.br\/?p=4423","url_meta":{"origin":3223,"position":3},"title":"Artigo de Celso Lungaretti: &#039;DA RAINHA DA INGLATERRA PARA DILMA: &quot;EU SOU VOC\u00ca AMANH\u00c3&quot;","author":"Helio Rubens","date":"15 de mar\u00e7o de 2016","format":false,"excerpt":"Celso Lungaretti\\;\u00a0DILMA CAI!!! Por Celso Lungaretti, no blogue\u00a0N\u00e1ufrago da Utopia. Foi um fim de semana decisivo: as centenas de convencionais do PMDB e os milh\u00f5es de manifestantes contra o governo de Dilma Rousseff conseguiram afast\u00e1-la do exerc\u00edcio efetivo da Presid\u00eancia da Rep\u00fablica. Com a exasperante lerdeza de racioc\u00ednio que a\u2026","rel":"","context":"Em &quot;Comunica\u00e7\u00e3o&quot;","block_context":{"text":"Comunica\u00e7\u00e3o","link":"https:\/\/jornalrol.com.br\/?cat=7"},"img":{"alt_text":"","src":"https:\/\/i0.wp.com\/2.bp.blogspot.com\/-i8FxARX4IKw\/U25ABamDG5I\/AAAAAAAAL9M\/jFzs-fgDynI\/s1600\/dilma%2Bescorrega.JPG?resize=350%2C200&ssl=1","width":350,"height":200,"srcset":"https:\/\/i0.wp.com\/2.bp.blogspot.com\/-i8FxARX4IKw\/U25ABamDG5I\/AAAAAAAAL9M\/jFzs-fgDynI\/s1600\/dilma%2Bescorrega.JPG?resize=350%2C200&ssl=1 1x, https:\/\/i0.wp.com\/2.bp.blogspot.com\/-i8FxARX4IKw\/U25ABamDG5I\/AAAAAAAAL9M\/jFzs-fgDynI\/s1600\/dilma%2Bescorrega.JPG?resize=525%2C300&ssl=1 1.5x"},"classes":[]},{"id":4446,"url":"https:\/\/jornalrol.com.br\/?p=4446","url_meta":{"origin":3223,"position":4},"title":"Artigo de Celso Lungaretti: &#039;A \u00daLTIMA CARTADA DO GOVERNO PARA EVITAR O IMPEACHMENT&#039;","author":"Helio Rubens","date":"16 de mar\u00e7o de 2016","format":false,"excerpt":"LULA SUPERMINISTRO. VAI DAR CERTO? Por Celso Lungaretti, no blogue\u00a0N\u00e1ufrago da Utopia. A\u00a0posse de Luiz In\u00e1cio Lula da Silva como superministro significa, em termos pr\u00e1ticos, que Dilma Rousseff desistiu de ser presidente de fato e tentar\u00e1 manter-se como presidente figurativa, cumprindo fun\u00e7\u00f5es cerimoniais at\u00e9 o final do seu mandato. Mas,\u2026","rel":"","context":"Em &quot;Comunica\u00e7\u00e3o&quot;","block_context":{"text":"Comunica\u00e7\u00e3o","link":"https:\/\/jornalrol.com.br\/?cat=7"},"img":{"alt_text":"","src":"https:\/\/ci6.googleusercontent.com\/proxy\/byI2wKdJqVWgAg5kjPkWiw7WhrmdQ9x5m4Xdpe8TM7PKlN2dhQTncT35LynBz3foNj3jRYQgw5Ae8xSr069kZxBsY134lBXvEfEJExl_xwrkVS_Mn88P2dzbDRqxUs2E-zcp_sdpdc2UKisz-VJiRw-SRjOWphmYxBVmq5duNmgTdTIza6eb9FrV_hQkbyUgB9A0aXDmtQ_k6AZK59a001DP8bpC4wsFt0LAkVvimC3w63kmCj79AOZrr5ALGa1p9cKPv40CqXNH3kE0folEz2i0F7Xdm_4pYSxyDdk9nqE1emQWIWc3rXW770PgJg=s0-d-e1-ft#https:\/\/images-blogger-opensocial.googleusercontent.com\/gadgets\/proxy?url=http%3A%2F%2Fwww.blogdogarotinho.com.br%2Fblog%2Ffotos%2F20150919_dilmasempodercapaepoca.jpg&container=blogger&gadget=a&rewriteMime=image%2F*","width":350,"height":200},"classes":[]},{"id":2919,"url":"https:\/\/jornalrol.com.br\/?p=2919","url_meta":{"origin":3223,"position":5},"title":"Artigo de Celso Lungaretti: &#039;Tira o bode da sala, Dilma!!!&#039;","author":"Helio Rubens","date":"6 de agosto de 2015","format":false,"excerpt":"COM A NOVA DIREITA ENTRANDO COESA NA BATALHA DAS RUAS E AS FOR\u00c7AS PROGRESSISTAS ATIRANDO EM DUAS DIRE\u00c7\u00d5ES, OS AUG\u00daRIOS S\u00c3O P\u00c9SSIMOS! Celso Lungaretti, no blogue\u00a0N\u00e1ufrago da Utopia A\u00a0melhor antevis\u00e3o do que nos espera no restante do\u00a0m\u00eas do cachorro louco\u00a0\u00e9 a do dirigente dos sem-teto, Guilherme Boulos,\u00a0neste artigo aqui: \"Agosto\u2026","rel":"","context":"Em &quot;Comunica\u00e7\u00e3o&quot;","block_context":{"text":"Comunica\u00e7\u00e3o","link":"https:\/\/jornalrol.com.br\/?cat=7"},"img":{"alt_text":"","src":"https:\/\/ci3.googleusercontent.com\/proxy\/u_KT7lakIUeOPJgM76XkoY1NDWcTj8pywO06QnoSH77QZtAY3Wd5khnmDvKpIFBcjm7QHjfBV3DllmfObXhxaB-ZbZ9dOZXH_9A3UgjgSxMdIfVzAVFPBwMhYl77RHRxRm2Eh8M6t3mW09laOiy5RZvB3ECmQir2imTUy0J1qtEOqsocdNRxccmRghTXJT9or1XrvLWFchemqzyQCM7W60jZN2jUUdmjRJ6gZ1s2nMnKRFQ_LZ_aLwmS2vv-8LeFFI1cpAk1fwmmclSB8u9QfnQS-Kz9FYdKzQ7mo7AlIdLKK96UDpE-SAE4rhFVsLuCjVjfGWW7FCh5wjNM=s0-d-e1-ft#https:\/\/images-blogger-opensocial.googleusercontent.com\/gadgets\/proxy?url=http%3A%2F%2Fwww.radiopiratininga.com.br%2Facordasaojose%2Fwp-content%2Fuploads%2F2011%2F08%2Fbodesala.jpg&container=blogger&gadget=a&rewriteMime=image%2F*","width":350,"height":200},"classes":[]}],"_links":{"self":[{"href":"https:\/\/jornalrol.com.br\/index.php?rest_route=\/wp\/v2\/posts\/3223","targetHints":{"allow":["GET"]}}],"collection":[{"href":"https:\/\/jornalrol.com.br\/index.php?rest_route=\/wp\/v2\/posts"}],"about":[{"href":"https:\/\/jornalrol.com.br\/index.php?rest_route=\/wp\/v2\/types\/post"}],"author":[{"embeddable":true,"href":"https:\/\/jornalrol.com.br\/index.php?rest_route=\/wp\/v2\/users\/3"}],"replies":[{"embeddable":true,"href":"https:\/\/jornalrol.com.br\/index.php?rest_route=%2Fwp%2Fv2%2Fcomments&post=3223"}],"version-history":[{"count":0,"href":"https:\/\/jornalrol.com.br\/index.php?rest_route=\/wp\/v2\/posts\/3223\/revisions"}],"wp:attachment":[{"href":"https:\/\/jornalrol.com.br\/index.php?rest_route=%2Fwp%2Fv2%2Fmedia&parent=3223"}],"wp:term":[{"taxonomy":"category","embeddable":true,"href":"https:\/\/jornalrol.com.br\/index.php?rest_route=%2Fwp%2Fv2%2Fcategories&post=3223"},{"taxonomy":"post_tag","embeddable":true,"href":"https:\/\/jornalrol.com.br\/index.php?rest_route=%2Fwp%2Fv2%2Ftags&post=3223"}],"curies":[{"name":"wp","href":"https:\/\/api.w.org\/{rel}","templated":true}]}}