{"id":3225,"date":"2015-09-14T11:25:19","date_gmt":"2015-09-14T14:25:19","guid":{"rendered":"http:\/\/www.jornalrol.com.br\/?p=3225"},"modified":"2015-09-14T11:25:19","modified_gmt":"2015-09-14T14:25:19","slug":"artigo-de-celso-lungaretti-ultimato-da-folha-a-dilma-arroche-os-brasileiros-ou-enuncie","status":"publish","type":"post","link":"https:\/\/jornalrol.com.br\/?p=3225","title":{"rendered":"Artigo de Celso Lungaretti: &#039;Ultimato da &#039;Folha&#039; \u00e0 Dilma: arroche os brasileiros ou renuncie!&#039;"},"content":{"rendered":"<div class=\"pdfprnt-buttons pdfprnt-buttons-post pdfprnt-top-right\"><a href=\"https:\/\/jornalrol.com.br\/index.php?rest_route=%2Fwp%2Fv2%2Fposts%2F3225&print=pdf\" class=\"pdfprnt-button pdfprnt-button-pdf\" target=\"_blank\" ><\/a><a href=\"https:\/\/jornalrol.com.br\/index.php?rest_route=%2Fwp%2Fv2%2Fposts%2F3225&print=print\" class=\"pdfprnt-button pdfprnt-button-print\" target=\"_blank\" ><img decoding=\"async\" src=\"https:\/\/jornalrol.com.br\/wp-content\/plugins\/pdf-print\/images\/print.png\" alt=\"image_print\" title=\"Conte\u00fado de impress\u00e3o\" \/><\/a><\/div><div><strong><span style=\"color: #cc0000; font-family: 'arial black', sans-serif; font-size: xx-large;\">ULTIMATO DA &#8216;FOLHA&#8217; \u00c0 DILMA: ARROCHE OS BRASILEIROS OU RENUNCIE!<\/span><\/strong><\/div>\n<p><!--more--><\/p>\n<div><\/div>\n<div><b><span style=\"font-family: 'arial black', sans-serif;\"><span style=\"color: #38761d;\">Por Celso Lungaretti, no blogue\u00a0<\/span><a href=\"http:\/\/naufrago-da-utopia.blogspot.com.br\/\" target=\"_blank\"><span style=\"color: #ff0000;\">N\u00e1ufrago da Utopia<\/span><\/a><\/span><\/b><b><span style=\"font-family: 'arial black', sans-serif;\"><span style=\"color: #38761d;\">.<\/span><\/span><\/b><\/div>\n<div><\/div>\n<div>\n<div>\n<table cellspacing=\"0\" cellpadding=\"0\" align=\"center\">\n<tbody>\n<tr>\n<td><a href=\"http:\/\/www.brasil247.com\/images\/cache\/1000x357\/crop\/images%7Ccms-image-000455902.jpg\" target=\"_blank\"><img loading=\"lazy\" decoding=\"async\" class=\"CToWUd\" src=\"https:\/\/ci6.googleusercontent.com\/proxy\/l0qYkaQL2HNd-HSb8dLJJ5Z6bsPMCjwTsqD32jx-wE4TCAtTkmc2d4u2rUn42zFCCC2o_BWt5d5PEYJBea2wjMLI21n-fjX2ziCGKs54Hoj4rAgIMWrWEAlQwZbnypFqpG0LnmjscTyxgppD63hmqPnVqLDHMnForCxQjxrgUtpQgl6jsyu5xEVTEDZZz7cnL1e2_lf41ovnLwmW04vHs8JSp-j5kbN7eYG57xBghhpn45jGAm_pMnSJlDmPP3GtcDoUzQKWoeVALR3zSJu4ZgEAvsmjL7YN-e26GY07XpPbqJOjig90q-PmqN1So1rbOuH2DPbckY8=s0-d-e1-ft#https:\/\/images-blogger-opensocial.googleusercontent.com\/gadgets\/proxy?url=http%3A%2F%2Fwww.brasil247.com%2Fimages%2Fcache%2F1000x357%2Fcrop%2Fimages%257Ccms-image-000455902.jpg&amp;container=blogger&amp;gadget=a&amp;rewriteMime=image%2F*\" alt=\"\" width=\"640\" height=\"228\" border=\"0\" \/><\/a><\/td>\n<\/tr>\n<tr>\n<td><span style=\"color: #0b5394; font-family: 'arial black', sans-serif; font-size: small;\"><b>Oct\u00e1vio Frias Filho s\u00f3 d\u00e1 duas op\u00e7\u00f5es a Dilma: ou aproveita a &#8220;\u00faltima chance&#8221; ou deve renunciar.<\/b><\/span><\/td>\n<\/tr>\n<\/tbody>\n<\/table>\n<p><b><span style=\"font-family: 'Helvetica Neue', Arial, Helvetica, sans-serif; font-size: xx-large;\">Q<\/span><\/b>uem acompanha meu \u00a0trabalho n\u00e3o se surpreender\u00e1 com os v\u00e1rios ind\u00edcios de que a contagem regressiva para o defenestramento da presidenta Dilma Rousseff est\u00e1 chegando ao fim.\u00a0 Era, como sempre afirmei, a consequ\u00eancia \u00f3bvia dos enormes erros cometidos; e o governo, aparvalhado e impotente, n\u00e3o conseguiu reverter o movimento inercial que o conduzia para o mais amargo fim.<\/p>\n<\/div>\n<div><\/div>\n<div>\n<p>No \u00faltimo domingo, 13, a\u00a0<b><u>Folha de S. Paulo<\/u><\/b>\u00a0n\u00e3o s\u00f3 assumiu em editorial que tal desfecho j\u00e1 entrou na ordem do dia, como o fez num editorial excepcionalmente publicado na capa, com o t\u00edtulo alarmista de\u00a0<a href=\"http:\/\/www1.folha.uol.com.br\/opiniao\/2015\/09\/1681108-ultima-chance.shtml\" target=\"_blank\"><span style=\"color: #ff0000;\"><b><u>\u00daltima chance<\/u><\/b>\u00a0<\/span><\/a>:<\/p>\n<\/div>\n<blockquote><p><b><span style=\"color: #ff0000; font-family: Verdana, sans-serif; font-size: x-large;\">&#8220;<\/span><\/b>\u00c0s voltas com uma grav\u00edssima crise pol\u00edtico-econ\u00f4mica, que ajudou a criar e a que tem respondido de forma err\u00e1tica e descoordenada; vivendo a corros\u00e3o vertiginosa de seu apoio popular e parlamentar, a que se soma o desmantelamento \u00e9tico do PT e dos partidos que lhe prestaram apoio, a administra\u00e7\u00e3o Dilma Rousseff est\u00e1 por um fio.<\/p><\/blockquote>\n<blockquote><p>A presidente abusou do direito de errar. Em menos de dez meses de segundo mandato, perdeu a credibilidade e esgotou as reservas de paci\u00eancia que a sociedade lhe tinha a conferir. Precisa, agora, demonstrar que ainda tem capacidade pol\u00edtica de apresentar rumos para o pa\u00eds no tempo que lhe resta de governo<b><span style=\"color: #ff0000; font-family: Verdana, sans-serif; font-size: x-large;\">&#8220;<\/span><\/b>.<\/p><\/blockquote>\n<p><a href=\"http:\/\/www.boxvideolocadora.com.br\/produtos\/foto1\/grande\/ultimato%20bourne.jpg\" target=\"_blank\"><img loading=\"lazy\" decoding=\"async\" class=\"CToWUd\" src=\"https:\/\/ci6.googleusercontent.com\/proxy\/2TO1-C8vK_YLImUzGr8-ELoyU_rQo4nJlLsuS-4Wu5Bsf57kjlaC1Tg5FqoP9DdZlXVeHTY8HeI7-eVm0Uunek7ESr02qdq5pqEUxoD2vmZNCadLwu5LjxBHm81Y-jw1G0hQxsawoHwl-EK7WKiEh2-zN8HFOcPyPqfUJXbGTCGK4eG3qKswyiV1xED5UOp5_7uCZOF7MEKcVMbfQmuDX2mV4ml2ChTXhH8doRm2PMtE-bWKrFHEMQsJ73acl_tyhn1YQUfe4IP1fXQ59hOKyVGzfbg_qMyMClA7ejTdb2HeQbTXd8PHTiJDqqtRJhh9=s0-d-e1-ft#https:\/\/images-blogger-opensocial.googleusercontent.com\/gadgets\/proxy?url=http%3A%2F%2Fwww.boxvideolocadora.com.br%2Fprodutos%2Ffoto1%2Fgrande%2Fultimato%2520bourne.jpg&amp;container=blogger&amp;gadget=a&amp;rewriteMime=image%2F*\" alt=\"\" width=\"221\" height=\"320\" border=\"0\" \/><\/a><\/p>\n<div>\n<p>Previsivelmente, o jornal pede que se reequilibrem as finan\u00e7as p\u00fablicas com medidas ainda mais draconianas do que as propostas por Joaquim Levy e prop\u00f5e que exploradores e explorados dividam entre si o sacrif\u00edcio.<\/p>\n<p>Omite que os primeiros (mesmo numa perspectiva capitalista) sempre foram beneficiados demais e os segundos, prejudicados demais. Seria hora, isto sim, de reequilibrarem-se os pesos da balan\u00e7a, entregando a conta para os que, mesmo perdendo os an\u00e9is, ainda conservar\u00e3o gordos os dedos.<\/p>\n<\/div>\n<div><\/div>\n<div>\n<p>E se Dilma n\u00e3o fizer o que a\u00a0<b><u>Folha<\/u><\/b>\u00a0exige, ou seja, a radicaliza\u00e7\u00e3o do chamado\u00a0<b><i><span style=\"font-family: Verdana, sans-serif;\">austeric\u00eddio<\/span><\/i><\/b>? A\u00ed o jornal comprova mais uma vez que n\u00e3o ter sido casual seu apoio \u00e0\u00a0<i><span style=\"font-family: Verdana, sans-serif;\"><b>dita<\/b>(nada)<b>branda<\/b><\/span><\/i>:<\/p>\n<\/div>\n<blockquote><p><b><span style=\"color: #ff0000; font-family: Verdana, sans-serif; font-size: x-large;\">&#8220;<\/span><\/b>Ser\u00e3o imensas, escusado dizer, as resist\u00eancias da sociedade a iniciativas desse tipo. O pa\u00eds, contudo, n\u00e3o tem escolha. A presidente Dilma Rousseff tampouco: n\u00e3o lhe restar\u00e1, caso se dobre sob o peso da crise, sen\u00e3o\u00a0<b><span style=\"font-family: Verdana, sans-serif;\"><u>abandonar suas responsabilidades presidenciais e, eventualmente, o cargo que ocupa<\/u><\/span><span style=\"color: #ff0000; font-family: Verdana, sans-serif; font-size: x-large;\">&#8221;\u00a0<\/span><\/b>(o grifo \u00e9 meu).<\/p><\/blockquote>\n<div>\n<p>Pronto, o g\u00eanio saiu da garrafa: o jornal mais influente do Pa\u00eds j\u00e1 se arroga o direito de sugerir o impeachment, ao mesmo tempo que d\u00e1 um ultimato velado \u00e0 presidenta!<\/p>\n<\/div>\n<div><\/div>\n<div>\n<p>E por que o faz neste instante? A resposta est\u00e1 em tr\u00eas not\u00edcias da mesma edi\u00e7\u00e3o dominical da\u00a0<b><u>Folha<\/u><\/b>:<\/p>\n<\/div>\n<blockquote><p><b><span style=\"color: #ff0000; font-family: Verdana, sans-serif; font-size: x-large;\">&#8220;<\/span><\/b>Empres\u00e1rios fizeram chegar ao governo a avalia\u00e7\u00e3o de que, com a perda do grau de investimento do pa\u00eds, a presidente Dilma Rousseff precisa agir rapidamente e mostrar resultados at\u00e9 outubro. Caso contr\u00e1rio, afirmaram, ficar\u00e1 dif\u00edcil manter o apoio do setor empresarial, um dos \u00faltimos lastros do governo petista.<\/p><\/blockquote>\n<blockquote><p><a href=\"http:\/\/domtotal.com\/img\/charges\/1153.jpg\" target=\"_blank\"><img loading=\"lazy\" decoding=\"async\" class=\"CToWUd\" src=\"https:\/\/ci6.googleusercontent.com\/proxy\/UlGZzfNouSOOpb6bEW-zYxm3WkHIRYx8NfI9C1pS--q41T7wmSevz0RjkIHpFwwJYMJdEGpAKBIja1WLXs1vOTCnLwI8BALmILsqZ9TCwxihGmFAAoomEzwiFGgeiSx6QLDcb_xirdtF9oHL1J8yXeqw6Wvw6UiuZlVrAiT72LV2Ctdro9naP2a7tau75JwnWKsF1ipcBpaqMiUQL6z0JpDT5dEFqgBM9jriLgPIpriauNXHF1nbQiOcpJ817jMOVclzirR6=s0-d-e1-ft#https:\/\/images-blogger-opensocial.googleusercontent.com\/gadgets\/proxy?url=http%3A%2F%2Fdomtotal.com%2Fimg%2Fcharges%2F1153.jpg&amp;container=blogger&amp;gadget=a&amp;rewriteMime=image%2F*\" alt=\"\" width=\"320\" height=\"320\" border=\"0\" \/><\/a><\/p>\n<p>A conjectura foi transmitida a interlocutores da presidente como um alerta para a necessidade da petista ser firme na defini\u00e7\u00e3o de medidas para reequilibrar as contas p\u00fablicas, a despeito de cr\u00edticas ao ajuste de setores do PT e do ex-presidente Lula<b><span style=\"color: #ff0000; font-family: Verdana, sans-serif; font-size: x-large;\">&#8220;<\/span><\/b>.\u00a0<b><span style=\"color: #274e13; font-family: Verdana, sans-serif;\">[Ou seja, os tais empres\u00e1rios s\u00e3o o sujeito oculto do editorial da\u00a0<u>Folha<\/u>. O\u00a0<\/span><span style=\"color: #274e13; font-family: Arial, Helvetica, sans-serif; font-size: x-large;\"><i>ou d\u00e1 ou n\u00f3s descemos\u00a0<\/i><\/span><span style=\"color: #274e13; font-family: Verdana, sans-serif;\">foi inspirado por eles, que exigem rendi\u00e7\u00e3o incondicional. Eu avisei que as coisas chegariam a este ponto; Dilma teria sa\u00eddo bem melhor na foto caso houvesse reagido antes de lhe colocarem a corda no pesco\u00e7o. Demorou demais para escolher o lado certo e, agora, s\u00f3 salvar\u00e1 seu mandato se aceitar tornar-se uma fantoche expl\u00edcita dos rica\u00e7os.]<\/span><\/b><\/p><\/blockquote>\n<blockquote><p><b><span style=\"color: #ff0000; font-family: Verdana, sans-serif; font-size: x-large;\">&#8220;<\/span><\/b>A C\u00e2mara deve come\u00e7ar a tratar formalmente do processo de impeachment de Dilma Rousseff nesta semana, quando deputados de oposi\u00e7\u00e3o apresentar\u00e3o requerimentos ao presidente da Casa, Eduardo Cunha (PMDB-RJ), para que ele se posicione sobre os 13 pedidos de deposi\u00e7\u00e3o.<\/p><\/blockquote>\n<blockquote><p>Cunha j\u00e1 avisou que pretende negar, se n\u00e3o todas, boa parte das a\u00e7\u00f5es exigindo o impeachment. Com os demais, ele continuaria protelando.<\/p><\/blockquote>\n<table cellspacing=\"0\" cellpadding=\"0\">\n<tbody>\n<tr>\n<td><a href=\"http:\/\/i2.wp.com\/www.sul21.com.br\/jornal\/wp-content\/uploads\/2014\/03\/20140331correio-da-manha-basta.jpg?resize=613%2C584\" target=\"_blank\"><img loading=\"lazy\" decoding=\"async\" class=\"CToWUd\" src=\"https:\/\/ci3.googleusercontent.com\/proxy\/YxWyFfByIkY2AhbnyZAgX7-QqsO3NPUbu5WQlSRaoX6J6H7plCGnUAKlOlnXKC-gXBJct4qohqmGJ2GPDifxCMe_iDykBc4giPMUZSOTjooHuCWRd-6ViKV-OVeO6qIgc-tHsq3e5l73Hup03wlYIKYV3Mq_f0jVpF-ndL0TQH9L7_fIFuubIP3Sy6eXbeoz1i7luF6WP_7PyhiiAUZLXXWqxdYp1wv6i-mOBsO4ITuVxqYNGOR2kvKy2HatBWJvIZ3xQRARO1Xxa58etwfBPvvrZZQGQFhZUhUcrnEeZzU69QgfnVAhc7yC6hfKiNUNbJkL1fwpM86WneNK29oCmPoLkpYjYTebGsZOqsrrquX4--RH0q5EMJknIm9zPUBtlGHA=s0-d-e1-ft#https:\/\/images-blogger-opensocial.googleusercontent.com\/gadgets\/proxy?url=http%3A%2F%2Fi2.wp.com%2Fwww.sul21.com.br%2Fjornal%2Fwp-content%2Fuploads%2F2014%2F03%2F20140331correio-da-manha-basta.jpg%3Fresize%3D613%252C584&amp;container=blogger&amp;gadget=a&amp;rewriteMime=image%2F*\" alt=\"\" width=\"320\" height=\"304\" border=\"0\" \/><\/a><\/td>\n<\/tr>\n<tr>\n<td><b><span style=\"color: #0b5394; font-family: 'arial black', sans-serif; font-size: small;\">Jornal que fez editoriais similares&#8230; faliu!<\/span><\/b><\/td>\n<\/tr>\n<\/tbody>\n<\/table>\n<blockquote><p>O roteiro dos defensores do afastamento \u00e9 ent\u00e3o apresentar recursos questionando uma das recusas de Cunha. Assim, o caso precisaria ser submetido ao plen\u00e1rio. Se for aprovado por maioria simples, o processo \u00e9 deflagrado<b><span style=\"color: #ff0000; font-family: Verdana, sans-serif; font-size: x-large;\">&#8220;<\/span><\/b>.<b><span style=\"color: #274e13; font-family: Verdana, sans-serif;\">\u00a0[Ou seja, est\u00e1 prontinho o roteiro caso Dilma n\u00e3o se submeta \u00e0 tutela proposta, vendendo a alma definitivamente ao diabo: deputados partid\u00e1rios do impeachment pedir\u00e3o uma defini\u00e7\u00e3o ao Cunha, este negar\u00e1 alguns pedidos e os ditos cujos colocar\u00e3o tal recusa para discuss\u00e3o no plen\u00e1rio. A\u00ed, com a popularidade da Dilma na casa de um d\u00edgito, n\u00e3o \u00e9 dif\u00edcil adivinhar qual ser\u00e1 a decis\u00e3o dos parlamentares, sabendo que marcharem contra a corrente poder\u00e1 ser-lhes fatal nas elei\u00e7\u00f5es futuras]<\/span><\/b><\/p><\/blockquote>\n<blockquote><p><b><span style=\"color: #ff0000; font-family: Verdana, sans-serif; font-size: x-large;\">&#8220;<\/span><\/b>Diante do avan\u00e7o do movimento pr\u00f3-impeachment no Congresso, Dilma Rousseff montou nos \u00faltimos dias uma &#8216;for\u00e7a-tarefa&#8217; integrada por ministros de sua confian\u00e7a para mapear os apoios de que o governo disp\u00f5e<b><span style=\"color: #ff0000; font-family: Verdana, sans-serif; font-size: x-large;\">&#8220;<\/span><\/b>.\u00a0<b><span style=\"color: #274e13; font-family: Verdana, sans-serif;\">[Ou seja, o pr\u00f3prio Pal\u00e1cio do Planalto, por via obl\u00edqua, confirma que a batalha derradeira se aproxima. E, face aos resultados obtidos at\u00e9 agora, o que podemos esperar dos ministros de confian\u00e7a da Dilma, se n\u00e3o novos desastres?]<\/span><\/b><\/p><\/blockquote>\n<div><\/div>\n<div>\n<p>De resto, n\u00e3o me traz satisfa\u00e7\u00e3o nenhuma vir h\u00e1 bom tempo acertando todas as minhas previs\u00f5es. Mas, tenho a sensa\u00e7\u00e3o de dever cumprido. Como jornalista, informei muito bem meu p\u00fablico, ao contr\u00e1rio dos que passaram o tempo todo teclando\u00a0<b><span style=\"font-family: Verdana, sans-serif;\"><i>wishful thinking<\/i><\/span><\/b>.<\/p>\n<\/div>\n<div>\n<table cellspacing=\"0\" cellpadding=\"0\">\n<tbody>\n<tr>\n<td><a href=\"http:\/\/i0.statig.com.br\/bancodeimagens\/7o\/e2\/xd\/7oe2xd256287gfb9kedt2ydm9.jpg\" target=\"_blank\"><img loading=\"lazy\" decoding=\"async\" class=\"CToWUd\" src=\"https:\/\/ci3.googleusercontent.com\/proxy\/g-y5MxUs61nWCAXYBVg1_KSZbRpsaG4l2WEKX2-QADe9Hy0VYT_kasbQIroBeX7LrgFB2-dAU8xVjdPiXzHsSL3iuDQ-y41qEJDrvKynn4cVWv8214YMfzWhwxlagKMQMDJ74iLL0Bm_aPEqLrBIuQvQJoYFbZGiI3VE1eIP1u-ridnl-HzxlCVEn1glS4qQmN-2sugt5sD9VMB6Kao2_hWb2QUacNJoMevnVdsdM979hpaGf30beTjwNqjWyQIGEEfu2mdD1ctLobzz_m9TUaxWDxXRDwRM4-OqUMIjxXH_HCmaBQwmMsKFx_quFM4=s0-d-e1-ft#https:\/\/images-blogger-opensocial.googleusercontent.com\/gadgets\/proxy?url=http%3A%2F%2Fi0.statig.com.br%2Fbancodeimagens%2F7o%2Fe2%2Fxd%2F7oe2xd256287gfb9kedt2ydm9.jpg&amp;container=blogger&amp;gadget=a&amp;rewriteMime=image%2F*\" alt=\"\" width=\"400\" height=\"250\" border=\"0\" \/><\/a><\/td>\n<\/tr>\n<tr>\n<td><b><span style=\"color: #0b5394; font-family: 'arial black', sans-serif; font-size: small;\">Posse de Levy foi o come\u00e7o do fim para Dilma<\/span><\/b><\/td>\n<\/tr>\n<\/tbody>\n<\/table>\n<p>E como homem de ideais, h\u00e1 cerca de um ano venho apontando \u00e0s for\u00e7as de esquerda os erros que cometiam e sugerindo op\u00e7\u00f5es:<\/p>\n<\/div>\n<ul>\n<li>durante a campanha eleitoral de 2014, n\u00e3o desconstru\u00edrem Marina Silva, deixando para ela o mico de impor o arrocho fiscal, ou<\/li>\n<\/ul>\n<ul>\n<li>alterarem a composi\u00e7\u00e3o da chapa no sentido do\u00a0<b><i><span style=\"font-family: Verdana, sans-serif;\">volta, Lula!<\/span><\/i><\/b>, pois Dilma claramente n\u00e3o estava \u00e0 altura do quadro dram\u00e1tico que se delineava para 2015;<\/li>\n<\/ul>\n<ul>\n<li>no primeiro trimestre de 2015, quando a economia come\u00e7ou a desandar, a articula\u00e7\u00e3o de um governo de uni\u00e3o nacional ou a montagem de um gabinete de crise, pois assim o governo dividiria com a oposi\u00e7\u00e3o a responsabilidade pela busca de uma sa\u00edda da degringola econ\u00f4mica e pela ado\u00e7\u00e3o dos\u00a0<b><i><span style=\"font-family: Verdana, sans-serif;\">rem\u00e9dios amargos<\/span><\/i><\/b>;<\/li>\n<\/ul>\n<ul>\n<li>mais recentemente, quando a derrubada de Dilma passou a evidenciar-se como inevit\u00e1vel, a convoca\u00e7\u00e3o um plebiscito sobre o ajuste fiscal, prevendo a ren\u00fancia dela caso o povo dissesse\u00a0<u><b><span style=\"font-family: Verdana, sans-serif;\">n\u00e3o!<\/span><\/b><\/u>\u00a0(seria uma sa\u00edda mais altaneira e digna, \u00e0 maneira do De Gaulle), ou<\/li>\n<\/ul>\n<p><a href=\"http:\/\/1.bp.blogspot.com\/_Tm1-eA5H1Mo\/TSK17W4rSrI\/AAAAAAAAGJM\/-b7K2VvQUHk\/s400\/charge-aroeira-dilma-temer-cobrando-cargos.jpg\" target=\"_blank\"><img loading=\"lazy\" decoding=\"async\" class=\"CToWUd\" src=\"https:\/\/1.bp.blogspot.com\/_Tm1-eA5H1Mo\/TSK17W4rSrI\/AAAAAAAAGJM\/-b7K2VvQUHk\/s400\/charge-aroeira-dilma-temer-cobrando-cargos.jpg\" alt=\"\" width=\"400\" height=\"245\" border=\"0\" \/><\/a><\/p>\n<ul>\n<li>Dilma reassumir as bandeiras de esquerda, para ao menos cair pelas raz\u00f5es certas, n\u00e3o por ter pretendido governar com a direita e fracassado at\u00e9 nisto, ou, pelo menos,<\/li>\n<\/ul>\n<ul>\n<li>ela renunciar antes de ser impedida, para a vit\u00f3ria da direita n\u00e3o se tornar mais triunfal ainda.<\/li>\n<\/ul>\n<div>\n<p>E, claro, passei o tempo todo pedindo a cabe\u00e7a do Joaquim Levy, o cavalo de Troia que o\u00a0<b><i><span style=\"font-family: Verdana, sans-serif;\">Ulisses<\/span><\/i><\/b>\u00a0do Bradesco (Luiz Carlos Trabuco) conseguiu infiltrar no reduto governista, a fim de que criasse as condi\u00e7\u00f5es para a pior derrota da esquerda brasileira desde 1964.<\/p>\n<\/div>\n<div><\/div>\n<div>\n<p>Moral da Hist\u00f3ria: nem sempre os que dizem verdades desagrad\u00e1veis querem o mal de algu\u00e9m; nem sempre os que s\u00f3 afagam e bajulam lhe fazem algum bem.<\/p>\n<\/div>\n<div><\/div>\n<div>\n<p>&#8220;Metida tenho a m\u00e3o na consci\u00eancia \/ e s\u00f3 falo verdades puras \/ que me foram ditadas pela viva experi\u00eancia&#8221; &#8211;disse Cam\u00f5es. E digo eu.<\/p>\n<div>\n<div>\n<div>\n<div>\n<div>\n<div>\n<p><strong><span style=\"font-family: 'arial black', 'avant garde';\"><span style=\"font-family: 'arial black', sans-serif; font-size: xx-small;\"><span style=\"color: #008080;\">OUTROS POSTS RECENTES DO BLOGUE\u00a0<\/span><\/span><span style=\"font-family: 'arial black', sans-serif; font-size: xx-small;\"><a href=\"http:\/\/naufrago-da-utopia.blogspot.com.br\/\" target=\"_blank\"><span style=\"color: #cc0000;\">N\u00c1UFRAGO DA UTOPIA<\/span><\/a><span style=\"color: #008080;\">\u00a0(clique p\/ abrir):<\/span><\/span><\/span><\/strong><\/p>\n<\/div>\n<div>\n<p><span style=\"font-family: 'arial black', 'avant garde';\"><strong><a href=\"http:\/\/naufrago-da-utopia.blogspot.com.br\/2015\/09\/dilma-optou-por-um-ajuste-fiscal.html\" target=\"_blank\"><span style=\"color: #ff0000; font-family: 'arial black', sans-serif; font-size: xx-small;\"><u>&#8220;DILMA OPTOU POR UM AJUSTE FISCAL DRACONIANO E ASSASSINO&#8221;<\/u><\/span><\/a><\/strong><\/span><\/p>\n<\/div>\n<div>\n<p><strong><a href=\"http:\/\/naufrago-da-utopia.blogspot.com.br\/2015\/09\/dilma-podera-ser-lembrada-como-uma.html\" target=\"_blank\"><span style=\"color: #ff0000; font-family: 'arial black', sans-serif; font-size: xx-small;\"><u>DILMA PODER\u00c1 SER LEMBRADA COMO GUERREIRA DERRUBADA PELAS ELITES OU COMO GUERRILHEIRA QUE VIROU SUCO<\/u><\/span><\/a><\/strong><\/p>\n<\/div>\n<div>\n<p><strong><a href=\"http:\/\/naufrago-da-utopia.blogspot.com.br\/2015\/09\/o-maquiavelico-fernando-haddad-e-suas.html\" target=\"_blank\"><span style=\"color: #ff0000; font-family: 'arial black', sans-serif; font-size: xx-small;\"><u>O MAQUIAV\u00c9LICO FERNANDO HADDAD E SUAS IMPOSI\u00c7\u00d5ES DITATORIAIS<\/u><\/span><\/a><\/strong><\/p>\n<\/div>\n<\/div>\n<\/div>\n<\/div>\n<div>\n<p><strong><a href=\"http:\/\/naufrago-da-utopia.blogspot.com.br\/2015\/09\/dilma-esta-disposta-receber-deus-e-todo.html\" target=\"_blank\"><span style=\"color: #ff0000; font-family: 'arial black', sans-serif; font-size: xx-small;\"><u>DILMA EST\u00c1 DISPOSTA A ACOLHER DEUS E TODO MUNDO&#8230; MENOS O SNOWDEN!!!<\/u><\/span><\/a><\/strong><\/p>\n<\/div>\n<div>\n<div>\n<p><strong><a href=\"http:\/\/naufrago-da-utopia.blogspot.com.br\/2015\/09\/queda-brutal-da-aprovacao-dilma.html\" target=\"_blank\"><span style=\"color: #ff0000; font-family: 'arial black', sans-serif; font-size: xx-small;\"><u>&#8220;QUEDA BRUTAL DA APROVA\u00c7\u00c3O A DILMA EXPRESSA A DIMENS\u00c3O GIGANTESCA DA REPULSA \u00c0 SUA POL\u00cdTICA ECON\u00d4MICA&#8221;<\/u><\/span><\/a><\/strong><\/p>\n<\/div>\n<div>\n<p><a href=\"http:\/\/naufrago-da-utopia.blogspot.com.br\/2015\/09\/o-apocalipse-esta-proximo.html\" target=\"_blank\"><span style=\"color: #ff0000; font-family: 'arial black', sans-serif; font-size: xx-small;\"><b><u>O APOCAL\u00cdPSE EST\u00c1 PR\u00d3XIMO!!!<\/u><\/b><\/span><\/a><\/p>\n<\/div>\n<\/div>\n<div>\n<p><strong><span style=\"font-family: 'arial black', sans-serif; font-size: xx-small;\"><span style=\"color: #008080;\">CONHE\u00c7A TAMB\u00c9M A S\u00c9RIE DEDICADA AO 80\u00ba ANIVERS\u00c1RIO DE GERALDO VANDR\u00c9:<\/span><\/span><\/strong><\/p>\n<p><a href=\"http:\/\/naufrago-da-utopia.blogspot.com.br\/2015\/09\/de-como-um-homem-perdeu-o-seu-cavalo-e.html\" target=\"_blank\"><span style=\"color: #ff0000; font-family: 'arial black', sans-serif; font-size: xx-small;\"><b><u>DE COMO UM HOMEM PERDEU SEU CAVALO E CONTINUOU ANDANDO<\/u><\/b><\/span><\/a><\/p>\n<\/div>\n<div>\n<div>\n<p><span style=\"font-family: 'arial black', 'avant garde';\"><strong><a href=\"http:\/\/naufrago-da-utopia.blogspot.com\/2015\/09\/um-documentario-que-tenta-decifrar-o.html\" target=\"_blank\"><span style=\"color: #ff0000; font-family: 'arial black', sans-serif; font-size: xx-small;\"><u>UM DOCUMENT\u00c1RIO QUE TENTA DECIFRAR O &#8216;ENIGMA VANDR\u00c9&#8217;<\/u><\/span><\/a><\/strong><\/span><\/p>\n<\/div>\n<div>\n<p><strong><a href=\"http:\/\/naufrago-da-utopia.blogspot.com.br\/2015\/09\/raridade-vandre-interpretando-cancao.html\" target=\"_blank\"><span style=\"color: #ff0000; font-family: 'arial black', sans-serif; font-size: xx-small;\"><u>RARIDADE: VANDR\u00c9 INTERPRETANDO A CAN\u00c7\u00c3O QUE COMP\u00d4S PARA GUEVARA.<\/u><\/span><\/a><\/strong><\/p>\n<\/div>\n<\/div>\n<\/div>\n<\/div>\n<p><strong><a href=\"http:\/\/naufrago-da-utopia.blogspot.com.br\/2015\/09\/veja-aqui-dois-videos-rarissimos-de.html\" target=\"_blank\"><span style=\"color: #ff0000; font-family: 'arial black', sans-serif; font-size: xx-small;\"><u>VEJA AQUI UM V\u00cdDEO RAR\u00cdSSIMO DE VANDR\u00c9 NO EX\u00cdLIO<\/u><\/span><\/a><\/strong><\/p>\n<\/div>\n<\/div>\n","protected":false},"excerpt":{"rendered":"<p>ULTIMATO DA &#8216;FOLHA&#8217; \u00c0 DILMA: ARROCHE OS BRASILEIROS OU RENUNCIE!<\/p>\n","protected":false},"author":3,"featured_media":0,"comment_status":"closed","ping_status":"closed","sticky":false,"template":"","format":"standard","meta":{"_jetpack_newsletter_access":"","_jetpack_dont_email_post_to_subs":false,"_jetpack_newsletter_tier_id":0,"_jetpack_memberships_contains_paywalled_content":false,"_jetpack_memberships_contains_paid_content":false,"footnotes":""},"categories":[7],"tags":[1797],"class_list":["post-3225","post","type-post","status-publish","format-standard","hentry","category-comunicacao","tag-celso-lungaretti"],"aioseo_notices":[],"views":0,"jetpack_featured_media_url":"","jetpack_sharing_enabled":true,"jetpack_likes_enabled":true,"jetpack-related-posts":[{"id":3287,"url":"https:\/\/jornalrol.com.br\/?p=3287","url_meta":{"origin":3225,"position":0},"title":"Artigo de Celso Lungaretti: &#039;A nova palavra de ordem do governo do PT: &quot;Banqueiros Unidos Jamais Ser\u00e3o Vencidos!&quot;","author":"Helio Rubens","date":"17 de setembro de 2015","format":false,"excerpt":"A NOVA PALAVRA DE ORDEM DO GOVERNO DO PT: \"BANQUEIROS UNIDOS JAMAIS SER\u00c3O VENCIDOS!\" Cara de um (Setubal)... \"Temos que enfrentar os nossos problemas repartindo o \u00f4nus por todos os segmentos, mesclando redu\u00e7\u00e3o de benef\u00edcios e aumento de impostos. No momento, isso se faz necess\u00e1rio, pois a alternativa \u00e9 muito\u2026","rel":"","context":"Em &quot;Comunica\u00e7\u00e3o&quot;","block_context":{"text":"Comunica\u00e7\u00e3o","link":"https:\/\/jornalrol.com.br\/?cat=7"},"img":{"alt_text":"","src":"https:\/\/ci4.googleusercontent.com\/proxy\/hcMikDG1E752zINxXZhd6UAT9IsokIVg33sKinqE-hNzUcevh3opCMtrxhOLOzCQlekS0qOaOS9aqKDoDb-iYj5aHFqTzwd3Hd2MaKpzdSGeaE59L5afxo93vh2eXESkJMo3yuA_9CnlRXe43m-JNux8JGuCPehstAXkQ7H8iaSxWZumFP2LBUX47lTNACiEW3BRbhRDhb0G3FIHixArE0BT8HKy07GXmBNzXI6PJqbyGXChSjcidFCBPHWAOWMA4a0YHpKwXSL8IXcqRJiKvC-tfrD6_JuTZ88ZES6Brig3WGv-Q4AQz8uJbofG--SLKpuJYYCIgC8_vg=s0-d-e1-ft#https:\/\/images-blogger-opensocial.googleusercontent.com\/gadgets\/proxy?url=http%3A%2F%2Fblogs.odiario.com%2Fjosepedriali%2Fwp-content%2Fuploads%2Fsites%2F43%2F2014%2F11%2F1a5.jpeg&container=blogger&gadget=a&rewriteMime=image%2F*","width":350,"height":200},"classes":[]},{"id":4863,"url":"https:\/\/jornalrol.com.br\/?p=4863","url_meta":{"origin":3225,"position":1},"title":"Artigo de Celso Lungaretti: &#039;GAME OVER: DILMA N\u00c3O RENUNCIAR\u00c1 E A NOVA ELEI\u00c7\u00c3O N\u00c3O SE VIABILIZAR\u00c1. A FALTA DE GRANDEZA POL\u00cdTICA NOS CONDENOU A 32 MESES DE TEMER NA PRESID\u00caNCIA.&#039;","author":"Helio Rubens","date":"6 de maio de 2016","format":false,"excerpt":"Celso Lungaretti: 'DILMA DESCARTA REN\u00daNCIA. TEMER NADA MAIS TEM A TEMER' Por Celso Lungaretti, no blogue\u00a0N\u00e1ufrago da Utopia. A\u00a0presidente Dilma Rousseff negou nesta 3\u00aa feira (3) que pretenda renunciar, repetindo o besteirol de sempre: que a ren\u00fancia interessaria apenas \u00e0queles que defendem seu afastamento, que a democracia brasileira \"sofre um\u2026","rel":"","context":"Em &quot;Comunica\u00e7\u00e3o&quot;","block_context":{"text":"Comunica\u00e7\u00e3o","link":"https:\/\/jornalrol.com.br\/?cat=7"},"img":{"alt_text":"","src":"https:\/\/i0.wp.com\/3.bp.blogspot.com\/-nqcjjKRVb6c\/UcUDt5PXI8I\/AAAAAAAAOTE\/4kJ6KMdsmQM\/s320\/Dilma%2B%2801%29.jpg?resize=350%2C200&ssl=1","width":350,"height":200},"classes":[]},{"id":4452,"url":"https:\/\/jornalrol.com.br\/?p=4452","url_meta":{"origin":3225,"position":2},"title":"Celso Lungaretti: &#039;DILMA, ACABOU.\u00a0&#039;","author":"Helio Rubens","date":"17 de mar\u00e7o de 2016","format":false,"excerpt":"N\u00c3O TEM MAIS JEITO. \u00a0 Por Celso Lungaretti, no blogue\u00a0N\u00e1ufrago da Utopia. Dilma, acabou. N\u00e3o tem mais jeito. Voc\u00ea fez hoje o que decerto n\u00e3o fazia no tempo em que ambos \u00e9ramos militantes da VAR-Palmares: numa conversa que poderia ser interceptada, deu nome aos bois ao inv\u00e9s de passar o\u2026","rel":"","context":"Em &quot;Comunica\u00e7\u00e3o&quot;","block_context":{"text":"Comunica\u00e7\u00e3o","link":"https:\/\/jornalrol.com.br\/?cat=7"},"img":{"alt_text":"","src":"https:\/\/ci4.googleusercontent.com\/proxy\/7nMTjVScygVQxIy4twmNgpyWSlE4XUFE_PN9mZ6Nda-8WY5B6mn213vIbASf59fDb8odsvt9DsssykjyR0zxwcHZyHd2DTzm8pM17YSR06nz_sez1vAwW1KMnH_e0-hW_Cz5myrnpZ-K06jm_iiaKPAemBD2zLgMXkLLhW2_hmN7nCgIZB73Yl6TGgwMA85Xe6R0AIy3wwrhGIUBp3iTOwW4oZ71O-hCeSdmIjVus5e7cdQWSoGJDfYYmh96y_oeKAIB4kLY5XiM=s0-d-e1-ft#https:\/\/images-blogger-opensocial.googleusercontent.com\/gadgets\/proxy?url=http%3A%2F%2Fwww.mdig.com.br%2Fmedia%2F10680%2FLula.jpg&container=blogger&gadget=a&rewriteMime=image%2F*","width":350,"height":200},"classes":[]},{"id":3993,"url":"https:\/\/jornalrol.com.br\/?p=3993","url_meta":{"origin":3225,"position":3},"title":"Artigo de Celso Lungaretti: &#039;A pergunta que n\u00e3o quer calar: se era para Dilma mudar uma regra em benef\u00edcio de Brizola, por que n\u00e3o para homenagear  Lamarca e Mariguella?","author":"Helio Rubens","date":"1 de janeiro de 2016","format":false,"excerpt":"BRIZOLA AGORA \u00c9 HER\u00d3I DA P\u00c1TRIA. FOI GRANDE. MAS LAMARCA E MARIGHELLA FORAM MAIORES Por Celso Lungaretti, no blogue\u00a0N\u00e1ufrago da Utopia. Rede da legalidade: uma vit\u00f3ria \u00e9pica. A\u00a0presidente Dilma Rousseff sancionou lei incluindo no\u00a0Livro dos Her\u00f3is da Patria\u00a0o pol\u00edtico Leonel Brizola que, quando era governador do RS, liderou a resist\u00eancia\u2026","rel":"","context":"Em &quot;Comunica\u00e7\u00e3o&quot;","block_context":{"text":"Comunica\u00e7\u00e3o","link":"https:\/\/jornalrol.com.br\/?cat=7"},"img":{"alt_text":"","src":"https:\/\/ci4.googleusercontent.com\/proxy\/X1dUBbKskgHUrw-QAuywKBF2XWQDVQbUtFAQJutR-9C_PosNrkYoAYgWt9OL1HS4Ce-5uIqMlxV_BYCpyZ38udKno3z2dfVhntXi3FESskP7qbkCgTxBSU0mDG8yqm81BtlnovEQLU9esFgaMOIA-E5VV6WH64UjZ6MnT6YrRWCcGDkNxqQ_y46RH4I4QTU9CfqBbt96esnS_Ber3Q7lR9eFeTgOUvv0eCBpEIeCkBydx4qYIlciwj67cqofA-IpdrLO3vzXkBLHSg714HNfUsPgAJ8NYDuBpXZqxS61FZk9oMLjbsymdvsvqXLQSytRdBI=s0-d-e1-ft#https:\/\/images-blogger-opensocial.googleusercontent.com\/gadgets\/proxy?url=http%3A%2F%2Fejesa.statig.com.br%2Fbancodeimagens%2F3r%2Fzr%2F9t%2F3rzr9tktu303xfqr25sn0qx1h.jpg&container=blogger&gadget=a&rewriteMime=image%2F*","width":350,"height":200},"classes":[]},{"id":4503,"url":"https:\/\/jornalrol.com.br\/?p=4503","url_meta":{"origin":3225,"position":4},"title":"Artigo e Celso Lungaretti: &#039;O USO DO CACHIMBO FAZ A BOCA TORTA: GOVERNO AGORA EXUMA E REAPROVEITA OS CLICH\u00caS DA DITADURA MILITAR!&#039;","author":"Helio Rubens","date":"22 de mar\u00e7o de 2016","format":false,"excerpt":"Celso Lungaretti -\u00a0PEGAR DILMA NA MENTIRA \u00c9 AMEA\u00c7AR A SEGURAN\u00c7A NACIONAL?! FAL\u00c1 S\u00c9RIO... \u00a0 Por Celso Lungaretti, no blogue\u00a0N\u00e1ufrago da Utopia. Se dizer as mais crassas asneiras sujeitasse presidente a impeachment, a Dilma estaria mais encalacrada ainda do que j\u00e1 est\u00e1. Como brasileiro, sinto imensa vergonha cada vez que ela\u2026","rel":"","context":"Em &quot;Comunica\u00e7\u00e3o&quot;","block_context":{"text":"Comunica\u00e7\u00e3o","link":"https:\/\/jornalrol.com.br\/?cat=7"},"img":{"alt_text":"","src":"","width":0,"height":0},"classes":[]},{"id":4584,"url":"https:\/\/jornalrol.com.br\/?p=4584","url_meta":{"origin":3225,"position":5},"title":"Artigo de Celso Lungaretti: &#039;EDITORIAL DEFENDENDO NOVA ELEI\u00c7\u00c3O: MAIS UMA VEZ A &quot;FOLHA&quot; SE CURVA DIANTE DO &quot;N\u00c1UFRAGO&quot;&#8230;&#039;","author":"Helio Rubens","date":"3 de abril de 2016","format":false,"excerpt":"Celso Lungaretti -\u00a023 DIAS DEPOIS DO \"N\u00c1UFRAGO\", \"FOLHA DE S. PAULO\" PEDE FIM DO GOVERNO DA DILMA, EXCLUS\u00c3O DE TEMER E NOVA ELEI\u00c7\u00c3O Por Celso Lungaretti, no blogue\u00a0N\u00e1ufrago da Utopia. No \u00faltimo dia 11 de mar\u00e7o publiquei no blogue\u00a0N\u00e1ufrago da Utopia: \"Como sou um homem generoso, vou dar \u00e0 presidente\u2026","rel":"","context":"Em &quot;Comunica\u00e7\u00e3o&quot;","block_context":{"text":"Comunica\u00e7\u00e3o","link":"https:\/\/jornalrol.com.br\/?cat=7"},"img":{"alt_text":"","src":"https:\/\/ci5.googleusercontent.com\/proxy\/AHk_QLn2o2P-SEcL_li_xGoXtXibEZeTLKHJF7Dibg7v8oBDDi0aHE8IIaAZUrD0KHLfZeeuTuZUiJQa3GduQ7XQlYnksCt41m11wPeKXwuDIXWH0ZBBzy4Qyj47jbUgJxBIeKlYAhtg7zJs5KZSTVNAHgVNARC__hGN782HECAfj18Dyi5ywwZtXGASbEaDleyS9hm9VqWMvnlmhZkiaLjM3aSroDzAIwZB3Uuoex01IFk5h6mN7MfkuR7eZlP3Hxj4098VT3_PS9FyH3_BZ2lA518eDv_YVrn3VOlBc1lALk48COdGNedd-4JbbvdQJX0qSCItcH3CeaTleKcmOsE=s0-d-e1-ft#https:\/\/images-blogger-opensocial.googleusercontent.com\/gadgets\/proxy?url=http%3A%2F%2Fwww.portalmegaphone.com.br%2Fpress%2Fwp-content%2Fuploads%2F2011%2F08%2Frenuncia-janio-quadros.jpg&container=blogger&gadget=a&rewriteMime=image%2F*","width":350,"height":200},"classes":[]}],"_links":{"self":[{"href":"https:\/\/jornalrol.com.br\/index.php?rest_route=\/wp\/v2\/posts\/3225","targetHints":{"allow":["GET"]}}],"collection":[{"href":"https:\/\/jornalrol.com.br\/index.php?rest_route=\/wp\/v2\/posts"}],"about":[{"href":"https:\/\/jornalrol.com.br\/index.php?rest_route=\/wp\/v2\/types\/post"}],"author":[{"embeddable":true,"href":"https:\/\/jornalrol.com.br\/index.php?rest_route=\/wp\/v2\/users\/3"}],"replies":[{"embeddable":true,"href":"https:\/\/jornalrol.com.br\/index.php?rest_route=%2Fwp%2Fv2%2Fcomments&post=3225"}],"version-history":[{"count":0,"href":"https:\/\/jornalrol.com.br\/index.php?rest_route=\/wp\/v2\/posts\/3225\/revisions"}],"wp:attachment":[{"href":"https:\/\/jornalrol.com.br\/index.php?rest_route=%2Fwp%2Fv2%2Fmedia&parent=3225"}],"wp:term":[{"taxonomy":"category","embeddable":true,"href":"https:\/\/jornalrol.com.br\/index.php?rest_route=%2Fwp%2Fv2%2Fcategories&post=3225"},{"taxonomy":"post_tag","embeddable":true,"href":"https:\/\/jornalrol.com.br\/index.php?rest_route=%2Fwp%2Fv2%2Ftags&post=3225"}],"curies":[{"name":"wp","href":"https:\/\/api.w.org\/{rel}","templated":true}]}}