{"id":33563,"date":"2020-09-01T11:20:48","date_gmt":"2020-09-01T14:20:48","guid":{"rendered":"http:\/\/www.jornalrol.com.br\/?p=33563"},"modified":"2020-09-01T11:20:48","modified_gmt":"2020-09-01T14:20:48","slug":"celso-ricardo-de-almeida-e-o-mais-novo-integrante-do-time-roliano-da-cultura","status":"publish","type":"post","link":"https:\/\/jornalrol.com.br\/?p=33563","title":{"rendered":"Celso Ricardo de Almeida \u00e9 o mais novo integrante do Time ROLiano da Cultura!"},"content":{"rendered":"<div class=\"pdfprnt-buttons pdfprnt-buttons-post pdfprnt-top-right\"><a href=\"https:\/\/jornalrol.com.br\/index.php?rest_route=%2Fwp%2Fv2%2Fposts%2F33563&print=pdf\" class=\"pdfprnt-button pdfprnt-button-pdf\" target=\"_blank\" ><\/a><a href=\"https:\/\/jornalrol.com.br\/index.php?rest_route=%2Fwp%2Fv2%2Fposts%2F33563&print=print\" class=\"pdfprnt-button pdfprnt-button-print\" target=\"_blank\" ><img decoding=\"async\" src=\"https:\/\/jornalrol.com.br\/wp-content\/plugins\/pdf-print\/images\/print.png\" alt=\"image_print\" title=\"Conte\u00fado de impress\u00e3o\" \/><\/a><\/div><figure id=\"attachment_33564\" aria-describedby=\"caption-attachment-33564\" style=\"width: 245px\" class=\"wp-caption aligncenter\"><a href=\"http:\/\/www.jornalrol.com.br\/wp-content\/uploads\/2020\/09\/Celso-Ricardo1.png\"><img loading=\"lazy\" decoding=\"async\" data-attachment-id=\"33564\" data-permalink=\"https:\/\/jornalrol.com.br\/?attachment_id=33564\" data-orig-file=\"https:\/\/jornalrol.com.br\/wp-content\/uploads\/2020\/09\/Celso-Ricardo1.png\" data-orig-size=\"400,404\" data-comments-opened=\"0\" data-image-meta=\"{&quot;aperture&quot;:&quot;0&quot;,&quot;credit&quot;:&quot;&quot;,&quot;camera&quot;:&quot;&quot;,&quot;caption&quot;:&quot;&quot;,&quot;created_timestamp&quot;:&quot;0&quot;,&quot;copyright&quot;:&quot;&quot;,&quot;focal_length&quot;:&quot;0&quot;,&quot;iso&quot;:&quot;0&quot;,&quot;shutter_speed&quot;:&quot;0&quot;,&quot;title&quot;:&quot;&quot;,&quot;orientation&quot;:&quot;0&quot;}\" data-image-title=\"Celso Ricardo\" data-image-description=\"&lt;p&gt;Celso Ricardo de Almeida&lt;\/p&gt;\n\" data-image-caption=\"&lt;p&gt;Celso Ricardo de Almeida&lt;\/p&gt;\n\" data-large-file=\"https:\/\/jornalrol.com.br\/wp-content\/uploads\/2020\/09\/Celso-Ricardo1.png\" class=\"wp-image-33564\" src=\"http:\/\/www.jornalrol.com.br\/wp-content\/uploads\/2020\/09\/Celso-Ricardo1-297x300.png\" alt=\"\" width=\"245\" height=\"248\" \/><\/a><figcaption id=\"caption-attachment-33564\" class=\"wp-caption-text\">Celso Ricardo de Almeida<\/figcaption><\/figure>\n<h2 style=\"text-align: center;\"><strong>Celso Ricardo \u00e9 mais um colaborador que faz do Jornal Cultural ROL uma refer\u00eancia cultural!<br \/>\n<\/strong><\/h2>\n<p><!--more--><\/p>\n<p><strong>Celso Ricardo de Almeida<\/strong> \u00e9 mineiro da cidade de Liberdade, mas radicado em Fervedouro, tamb\u00e9m em Minas Gerais, desde o ano de 1999.<\/p>\n<p>Formando em Administra\u00e7\u00e3o de Empresas; Bacharel em Teologia, Pedagogia e acad\u00eamico do curso de Antropologia e Religi\u00e3o. Possui ainda especializa\u00e7\u00f5es e P\u00f3s-Gradua\u00e7\u00e3o em: Gest\u00e3o Ambiental; Gest\u00e3o P\u00fablica pelo Tribunal de Contas do Estado de Minas Gerais; \u00a0Psican\u00e1lise, Acupuntura, Ci\u00eancias da Religi\u00e3o, Ma\u00e7onologia \u2013 Hist\u00f3ria e Filosofia e MBA em Gest\u00e3o Empresarial.<\/p>\n<p>\u00c9 Dr. h.c. Administra\u00e7\u00e3o pela Logos University In. e Dr. h.c. em Educa\u00e7\u00e3o pela Faculdade de Ci\u00eancias M\u00e9dicas e Jur\u00eddicas \u2013 FACMED.<\/p>\n<p>Tem ainda forma\u00e7\u00e3o Terap\u00eautica em Arteterapia, Aromaterapia, Auriculoterapia, Florais de Bach, Reiki, Acupuntura Dermato Funcional Facial e Corporal \u2013 Est\u00e9tica e Outras.<\/p>\n<p>Servidor p\u00fablico de carreira trabalha h\u00e1 mais de 20 anos na \u00e1rea de saneamento b\u00e1sico.<\/p>\n<p>Professor designado pelo Estado de Minas Gerais, leciona para cursos t\u00e9cnicos na \u00e1rea de Administra\u00e7\u00e3o de Empresas e afins.<\/p>\n<p>Possui 11 livros publicados e j\u00e1 participou de 46 antologias liter\u00e1rias, sendo que frequentemente organiza antologias objetivando divulgar a literatura.<\/p>\n<p>\u00c9 membro de diversas academias liter\u00e1rias, como a FEBACLA, ACLA-MG; Academia Volta-Redondense de Letras e outras.<\/p>\n<p>\u00c9 Ma\u00e7om, membro da Loja Ma\u00e7\u00f4nica Casa do Caminho e atualmente \u00e9 Delegado Regional do Gr\u00e3o-Mestre da GLMMG e igualmente participa de diversas Academias Ma\u00e7\u00f4nicas de Letras.<\/p>\n<p>Contatos:<\/p>\n<p>e-mail: <a href=\"mailto:celsoricardo-almeida@bol.com.br\">celsoricardo-almeida@bol.com.br<\/a><\/p>\n<p>WhatsApp: <a href=\"https:\/\/api.whatsapp.com\/send?phone=5532984061605\">https:\/\/api.whatsapp.com\/send?phone=5532984061605<\/a><\/p>\n<p>Facebook: <a href=\"https:\/\/www.facebook.com\/celsoricardo.dealmeida\">https:\/\/www.facebook.com\/celsoricardo.dealmeida<\/a><\/p>\n<p>Instagram: <a href=\"https:\/\/www.instagram.com\/celsoricardo.dealmeida\">https:\/\/www.instagram.com\/celsoricardo.dealmeida<\/a><\/p>\n<p>Website: <a href=\"https:\/\/www.almeida-editorial.online\/\">https:\/\/www.almeida-editorial.online\/<\/a><\/p>\n<p>Celso Ricardo \u00e9 mais um &#8216;Produtor e Propagador de Literatura&#8217; e novo colaborador que abrilhanta o Quadro de Colunistas do <strong>Jornal ROL<\/strong>!<\/p>\n<p>Seja muito bem-vindo \u00e0 Fam\u00edlia ROLiana, Celso Ricardo!<\/p>\n<p>Abaixo, a sua primeira colabora\u00e7\u00e3o:<\/p>\n<p>&nbsp;<\/p>\n<h4 style=\"text-align: center;\"><strong>A sobreviv\u00eancia da Cultura<\/strong><\/h4>\n<p><a href=\"http:\/\/www.jornalrol.com.br\/wp-content\/uploads\/2020\/09\/db7ddf2a20bff91392221088aea8f8f8.jpg\"><img loading=\"lazy\" decoding=\"async\" class=\"size-medium wp-image-33565 alignleft\" src=\"http:\/\/www.jornalrol.com.br\/wp-content\/uploads\/2020\/09\/db7ddf2a20bff91392221088aea8f8f8-300x280.jpg\" alt=\"\" width=\"300\" height=\"280\" \/><\/a>Ao principiar nossa participa\u00e7\u00e3o no Jornal Cultural Rol, eu como ne\u00f3fito a escritor que sou, e utilizando dos parcos recursos intelectuais que predisponho, me atrevo a dissertar sobre a situa\u00e7\u00e3o cultural em que nos encontramos.<\/p>\n<p>Preludio a minha participa\u00e7\u00e3o com esse assunto, levando em considera\u00e7\u00e3o que, conforme cita Campe\u00e3o (2020): \u201ca cultura \u00e9 o bem mais precioso de um povo, visto que \u00e9 atrav\u00e9s da m\u00fasica, do teatro, da dan\u00e7a, da arquitetura, dos livros e de tantas outras manifesta\u00e7\u00f5es culturais, que expressamos pensamentos e constru\u00edmos diversas formas de conhecimento. Assim contribuir para o desenvolvimento cultural de uma comunidade \u00e9 garantir que seus costumes e sua identidade coletiva se perpetuem ao longo das gera\u00e7\u00f5es futuras\u201d.<\/p>\n<p>A divulga\u00e7\u00e3o da cultura, a preserva\u00e7\u00e3o da cultura ou a cultura de forma geral s\u00e3o fatores t\u00e3o importantes que na antiguidade quando se queria exterminar um povo conquistado a primeira iniciativa que se tomava era destruir suas bibliotecas, monumentos e outras fontes culturais; agindo desta forma, eliminava-se de uma vez por todas este povo. Foi o que ocorreu com o <a href=\"https:\/\/pt.wikipedia.org\/wiki\/Imp%C3%A9rio_Medo\">Imp\u00e9rio Medo<\/a> (\u00c1sia), <a href=\"https:\/\/pt.wikipedia.org\/wiki\/Reino_de_P%C3%A9rgamo\">Reino de P\u00e9rgamo<\/a> (Eur\u00e1sia), <a href=\"https:\/\/pt.wikipedia.org\/wiki\/R%C3%BAgios\">R\u00fagios<\/a> (Europa), <a href=\"https:\/\/pt.wikipedia.org\/wiki\/Imp%C3%A9rio_Paleobabil%C3%B4nico\">Imp\u00e9rio Paleobabil\u00f4nico<\/a> (\u00c1sia) e tantos outros povos que foram aniquilados e tiveram sua cultura destru\u00edda ao ponto de hoje n\u00e3o existir mais nada sobre eles, um verdadeiro exterm\u00ednio. Por outro, lado percebemos tamb\u00e9m que quando se quer que um povo cres\u00e7a a primeira iniciativa \u00e9 investir em cultura; \u00e9 por esse motivo que as Organiza\u00e7\u00f5es Odebrecht, ao chegar a uma regi\u00e3o, n\u00e3o pensa apenas em suas obras e empreendimentos, as empresas tamb\u00e9m desenvolvem a\u00e7\u00f5es para suprir demandas culturais e disseminar express\u00f5es art\u00edsticas da popula\u00e7\u00e3o local. Por tudo isso, percebemos e compreendemos a import\u00e2ncia da cultura, tanto que o ativista pol\u00edtico, editor, jornalista e empres\u00e1rio Marcus Garvey (1887 \u2013 1940) dizia que \u201cum povo sem o conhecimento da sua hist\u00f3ria, origem e cultura \u00e9 como uma \u00e1rvore sem ra\u00edzes\u201d.<\/p>\n<p>Isto posto, podemos asseverar que sem cultura n\u00e3o h\u00e1 crescimento e desenvolvimento de um povo, e sem investimento por parte dos governos, sejam eles federal, estadual ou municipal, n\u00e3o h\u00e1 como se incentivar a cultura. Dentro destes princ\u00edpios se v\u00ea claramente a necessidade de se apoiar e incentivar empreendimentos culturais.<\/p>\n<p>N\u00e3o e \u00e0 toa que os pa\u00edses mais desenvolvidos aplicam grande parcela de seu PIB (Produto Interno Bruto), em iniciativas culturais. Em alguns pa\u00edses da Europa, por exemplo, conseguir uma verba para viabilizar uma produ\u00e7\u00e3o liter\u00e1ria \u00e9 mais f\u00e1cil do que escrever o pr\u00f3prio livro, visto que nos referidos pa\u00edses existe uma pol\u00edtica do governo que incentiva novos escritores, e em contrapartida, existe uma iniciativa, tamb\u00e9m do governo, que incentiva a popula\u00e7\u00e3o a despertar o gosto pela leitura.<\/p>\n<p>No Brasil, existe uma pol\u00edtica \u201cquase semelhante\u201d, mas infelizmente fica restrito a poucas pessoas e que em sua maioria j\u00e1 possui certo reconhecimento no mercado editorial e\/ou cultural.<\/p>\n<p>E sem o apoio do governo, o jeito \u00e9 apelar para iniciativas isoladas de autores ou ativistas culturais que, utilizando recursos pr\u00f3prios, sobrevivem tentando cumprir a nobre miss\u00e3o de levar cultura, conhecimento e divers\u00e3o \u00e0 popula\u00e7\u00e3o e, junto a isso, tentar fazer uma modifica\u00e7\u00e3o gradual na maneira de pensar e agir. Tarefa \u00e1rdua e dif\u00edcil, mas gratificante.<\/p>\n<p>\u00c9 neste cen\u00e1rio que se enquadra o Jornal Cultural Rol e tantos outros, que num esfor\u00e7o Herc\u00faleo tenta difundir e divulgar a cultura. Oxal\u00e1 que este pensamento se multiplique e todos assumam a \u00e1rdua tarefa de propagar a cultura.<\/p>\n<p>&nbsp;<\/p>\n<p><strong>Celso Ricardo de Almeida<\/strong><\/p>\n<p>(MTB N.\u00ba 0021802\/MG)<\/p>\n<p>&nbsp;<\/p>\n<p><strong>Refer\u00eancias Bibliogr\u00e1ficas:<\/strong><\/p>\n<p>Fonte da Imagem: <a href=\"https:\/\/br.pinterest.com\/pin\/134615476347620831\/\">https:\/\/br.pinterest.com\/pin\/134615476347620831\/<\/a><\/p>\n<p>CAMPE\u00c3O, Santos.\u00a0<strong>Cultura o bem mais precisos de um povo<\/strong>. Dispon\u00edvel em: https:\/\/www.passeidireto.com\/arquivo\/44168615\/a-cultura-e-o-bem-mais-precioso-de-um-povo. Acesso em: 31 ago. 20.<\/p>\n<p>&nbsp;<\/p>\n<p>&nbsp;<\/p>\n<p>&nbsp;<\/p>\n<p>&nbsp;<\/p>\n<p>&nbsp;<\/p>\n<p>&nbsp;<\/p>\n","protected":false},"excerpt":{"rendered":"<p>Celso Ricardo \u00e9 mais um colaborador que faz do Jornal Cultural ROL uma refer\u00eancia cultural!<\/p>\n","protected":false},"author":6,"featured_media":0,"comment_status":"closed","ping_status":"closed","sticky":false,"template":"","format":"standard","meta":{"_jetpack_newsletter_access":"","_jetpack_dont_email_post_to_subs":false,"_jetpack_newsletter_tier_id":0,"_jetpack_memberships_contains_paywalled_content":false,"_jetpack_memberships_contains_paid_content":false,"footnotes":""},"categories":[7],"tags":[1008,1805,2131],"class_list":["post-33563","post","type-post","status-publish","format-standard","hentry","category-comunicacao","tag-apresentacao","tag-celso-ricardo-de-almeida","tag-colunista"],"aioseo_notices":[],"views":585,"jetpack_featured_media_url":"","jetpack_sharing_enabled":true,"jetpack_likes_enabled":true,"jetpack-related-posts":[{"id":42361,"url":"https:\/\/jornalrol.com.br\/?p=42361","url_meta":{"origin":33563,"position":0},"title":"Celso Ricardo de Almeida","author":"Helio Rubens","date":"28 de junho de 2021","format":false,"excerpt":"\u00c9 mineiro da cidade de Liberdade, mas radicado em Fervedouro, tamb\u00e9m em Minas Gerais, desde o ano de 1999. Formando em - Administra\u00e7\u00e3o de Empresas; -\u00a0 Bacharel em Teologia e Pedagogia. Possui ainda especializa\u00e7\u00f5es e P\u00f3s-Gradua\u00e7\u00e3o em: - Gest\u00e3o Ambiental; - Gest\u00e3o P\u00fablica pelo Tribunal de Contas do Estado de\u2026","rel":"","context":"Em &quot;Comunica\u00e7\u00e3o&quot;","block_context":{"text":"Comunica\u00e7\u00e3o","link":"https:\/\/jornalrol.com.br\/?cat=7"},"img":{"alt_text":"","src":"https:\/\/i0.wp.com\/www.jornalrol.com.br\/wp-content\/uploads\/2021\/06\/foto-em-01-jun-2021-200x300.jpg?resize=350%2C200","width":350,"height":200},"classes":[]},{"id":37546,"url":"https:\/\/jornalrol.com.br\/?p=37546","url_meta":{"origin":33563,"position":1},"title":"Celso Ricardo de Almeida: &#039;Sonho de um Poeta&#039;","author":"Celso Ricardo Almeida","date":"8 de fevereiro de 2021","format":false,"excerpt":"Sonho de um Poeta Como gostaria que meus versos Algu\u00e9m recitasse. E o meu poema Em epit\u00e1fio se tornasse E da boca de um grande orador, Uma enorme multid\u00e3o escutasse. \u00a0 Mas como pode isso acontecer? Se o meu poema, Nem tive coragem de escrever Pois ainda esta na imagina\u00e7\u00e3o,\u2026","rel":"","context":"Em &quot;Comunica\u00e7\u00e3o&quot;","block_context":{"text":"Comunica\u00e7\u00e3o","link":"https:\/\/jornalrol.com.br\/?cat=7"},"img":{"alt_text":"","src":"https:\/\/i0.wp.com\/www.jornalrol.com.br\/wp-content\/uploads\/2020\/09\/Celso-Ricardo1-150x150.png?resize=350%2C200","width":350,"height":200},"classes":[]},{"id":54663,"url":"https:\/\/jornalrol.com.br\/?p=54663","url_meta":{"origin":33563,"position":2},"title":"Celso Ricardo de Almeida: &#039;Jornal ROL: 29 anos disseminando Cultura!&#039;","author":"Celso Ricardo Almeida","date":"21 de abril de 2023","format":false,"excerpt":"Jornal ROL: 29 anos disseminando Cultura! Hoje, em meio \u00e0s novas tecnologias, onde as redes sociais assumiram uma posi\u00e7\u00e3o de destaque em nossa vida cotidiana, comemoramos os 29 anos de exist\u00eancia de um meio de comunica\u00e7\u00e3o cultural pioneiro e que se tornou um marco, uma refer\u00eancia para a cultural brasileira,\u2026","rel":"","context":"Em &quot;Comunica\u00e7\u00e3o&quot;","block_context":{"text":"Comunica\u00e7\u00e3o","link":"https:\/\/jornalrol.com.br\/?cat=7"},"img":{"alt_text":"","src":"https:\/\/i0.wp.com\/www.jornalrol.com.br\/wp-content\/uploads\/2020\/09\/Celso-Ricardo1-297x300.png?resize=350%2C200","width":350,"height":200},"classes":[]},{"id":47454,"url":"https:\/\/jornalrol.com.br\/?p=47454","url_meta":{"origin":33563,"position":3},"title":"Celso Ricardo de Ameida: &#039;A Radiografia do beijo&#039;","author":"Celso Ricardo Almeida","date":"21 de dezembro de 2021","format":false,"excerpt":"A radiografia do beijo Olhos nos olhos, Cora\u00e7\u00e3o acelera... Ser\u00e1 que devo? Claro que sim! Essa \u00e9 a minha chance? N\u00e3o! N\u00e3o? Sim! Sim? O rosto enrubesce, A boca saliva, Uma sensa\u00e7\u00e3o de medo Misturado com inseguran\u00e7a invade. Uma vontade imensa \u00c9 atrapalhada por uma inseguran\u00e7a Maior ainda... O que\u2026","rel":"","context":"Em &quot;Comunica\u00e7\u00e3o&quot;","block_context":{"text":"Comunica\u00e7\u00e3o","link":"https:\/\/jornalrol.com.br\/?cat=7"},"img":{"alt_text":"","src":"https:\/\/i0.wp.com\/jornalrol.com.br\/wp-content\/uploads\/2021\/12\/foto-em-01-jun-2021-200x300-200x300.jpg?resize=350%2C200","width":350,"height":200},"classes":[]},{"id":54802,"url":"https:\/\/jornalrol.com.br\/?p=54802","url_meta":{"origin":33563,"position":4},"title":"Celso Ricardo de Almeida: &#039;Jornal ROL j\u00e1 tem 29 anos&#039;","author":"Celso Ricardo Almeida","date":"2 de maio de 2023","format":false,"excerpt":"Jornal ROL j\u00e1 tem 29 anos O jornal Rol j\u00e1 tem 29 anos, E ainda continua a nos surpreender, Com not\u00edcias fresquinhas e de primeira, Que fazem a diferen\u00e7a no nosso viver. S\u00e3o tantas hist\u00f3rias e acontecimentos, Que merecem ser contados com emo\u00e7\u00e3o, E o jornal Rol est\u00e1 sempre presente,\u2026","rel":"","context":"Em &quot;Comunica\u00e7\u00e3o&quot;","block_context":{"text":"Comunica\u00e7\u00e3o","link":"https:\/\/jornalrol.com.br\/?cat=7"},"img":{"alt_text":"","src":"https:\/\/i0.wp.com\/www.jornalrol.com.br\/wp-content\/uploads\/2020\/09\/Celso-Ricardo1-297x300.png?resize=350%2C200","width":350,"height":200},"classes":[]},{"id":38219,"url":"https:\/\/jornalrol.com.br\/?p=38219","url_meta":{"origin":33563,"position":5},"title":"Na se\u00e7\u00e3o Entrevistas ROLianas, uma conversa descontra\u00edda de Celso Ricardo com Dom Alexandre da Silva Cam\u00ealo Rurikovich Carvalho, presidente da FEBACLA","author":"Celso Ricardo Almeida","date":"1 de mar\u00e7o de 2021","format":false,"excerpt":"\"Durante nossa conversa desvendamos um pouco do universo da FEBACLA, seus objetivos e metas, fun\u00e7\u00e3o, acad\u00eamicos e, principalmente, os planos para 2021 e para o futuro.\" (Celso Ricardo de Almeida) O Jornal Cultural Rol, atrav\u00e9s da se\u00e7\u00e3o Entrevistas ROLianas e o colunista Celso Ricardo de Almeida, perseverando com a inten\u00e7\u00e3o\u2026","rel":"","context":"Em &quot;Comunica\u00e7\u00e3o&quot;","block_context":{"text":"Comunica\u00e7\u00e3o","link":"https:\/\/jornalrol.com.br\/?cat=7"},"img":{"alt_text":"","src":"https:\/\/i0.wp.com\/jornalrol.com.br\/wp-content\/uploads\/2021\/03\/Pricipe-Dom-Alexandre-Carvalho.jpg?resize=350%2C200&ssl=1","width":350,"height":200,"srcset":"https:\/\/i0.wp.com\/jornalrol.com.br\/wp-content\/uploads\/2021\/03\/Pricipe-Dom-Alexandre-Carvalho.jpg?resize=350%2C200&ssl=1 1x, https:\/\/i0.wp.com\/jornalrol.com.br\/wp-content\/uploads\/2021\/03\/Pricipe-Dom-Alexandre-Carvalho.jpg?resize=525%2C300&ssl=1 1.5x"},"classes":[]}],"_links":{"self":[{"href":"https:\/\/jornalrol.com.br\/index.php?rest_route=\/wp\/v2\/posts\/33563","targetHints":{"allow":["GET"]}}],"collection":[{"href":"https:\/\/jornalrol.com.br\/index.php?rest_route=\/wp\/v2\/posts"}],"about":[{"href":"https:\/\/jornalrol.com.br\/index.php?rest_route=\/wp\/v2\/types\/post"}],"author":[{"embeddable":true,"href":"https:\/\/jornalrol.com.br\/index.php?rest_route=\/wp\/v2\/users\/6"}],"replies":[{"embeddable":true,"href":"https:\/\/jornalrol.com.br\/index.php?rest_route=%2Fwp%2Fv2%2Fcomments&post=33563"}],"version-history":[{"count":0,"href":"https:\/\/jornalrol.com.br\/index.php?rest_route=\/wp\/v2\/posts\/33563\/revisions"}],"wp:attachment":[{"href":"https:\/\/jornalrol.com.br\/index.php?rest_route=%2Fwp%2Fv2%2Fmedia&parent=33563"}],"wp:term":[{"taxonomy":"category","embeddable":true,"href":"https:\/\/jornalrol.com.br\/index.php?rest_route=%2Fwp%2Fv2%2Fcategories&post=33563"},{"taxonomy":"post_tag","embeddable":true,"href":"https:\/\/jornalrol.com.br\/index.php?rest_route=%2Fwp%2Fv2%2Ftags&post=33563"}],"curies":[{"name":"wp","href":"https:\/\/api.w.org\/{rel}","templated":true}]}}