{"id":33569,"date":"2020-09-01T13:25:09","date_gmt":"2020-09-01T16:25:09","guid":{"rendered":"http:\/\/www.jornalrol.com.br\/?p=33569"},"modified":"2020-09-01T13:25:09","modified_gmt":"2020-09-01T16:25:09","slug":"sesc-divulga-artistas-premiados-da-15a-bienal-naifs-do-brasil","status":"publish","type":"post","link":"https:\/\/jornalrol.com.br\/?p=33569","title":{"rendered":"Sesc divulga artistas premiados da 15\u00aa Bienal Na\u00effs do Brasil"},"content":{"rendered":"<div class=\"pdfprnt-buttons pdfprnt-buttons-post pdfprnt-top-right\"><a href=\"https:\/\/jornalrol.com.br\/index.php?rest_route=%2Fwp%2Fv2%2Fposts%2F33569&print=pdf\" class=\"pdfprnt-button pdfprnt-button-pdf\" target=\"_blank\" ><\/a><a href=\"https:\/\/jornalrol.com.br\/index.php?rest_route=%2Fwp%2Fv2%2Fposts%2F33569&print=print\" class=\"pdfprnt-button pdfprnt-button-print\" target=\"_blank\" ><img decoding=\"async\" src=\"https:\/\/jornalrol.com.br\/wp-content\/plugins\/pdf-print\/images\/print.png\" alt=\"image_print\" title=\"Conte\u00fado de impress\u00e3o\" \/><\/a><\/div><h2 style=\"text-align: center;\"><a href=\"http:\/\/www.jornalrol.com.br\/wp-content\/uploads\/2020\/09\/82ac060f0fb6.jpg\"><img loading=\"lazy\" decoding=\"async\" class=\"size-full wp-image-33570 aligncenter\" src=\"http:\/\/www.jornalrol.com.br\/wp-content\/uploads\/2020\/09\/82ac060f0fb6.jpg\" alt=\"\" width=\"292\" height=\"164\" \/><\/a><strong><em>Realizada no Sesc Piracicaba h\u00e1 quase 30 anos, a Bienal esse ano\u00a0teve sua visita\u00e7\u00e3o presencial adiada em raz\u00e3o da pandemia. Contudo, d\u00e1 in\u00edcio a a\u00e7\u00f5es online, que se estender\u00e3o at\u00e9 julho de 2021<\/em><\/strong><\/h2>\n<p><!--more--><\/p>\n<table border=\"0\" width=\"600\" cellspacing=\"0\" cellpadding=\"0\" align=\"center\">\n<tbody>\n<tr>\n<td colspan=\"3\" valign=\"top\" width=\"600\"><strong>Piracicaba, SP, 1 de setembro de 2020 \u2013<\/strong><em>\u00a0S<\/em>ob o t\u00edtulo &#8220;Ideias para adiar o fim da arte\u201d, com curadoria de\u00a0<strong>Ana Avelar<\/strong>\u00a0e\u00a0<strong>Renata Felinto<\/strong>, a\u00a0<strong>15\u00aa Bienal Na\u00effs do Brasil<\/strong>, realizada pelo Sesc S\u00e3o Paulo na unidade de Piracicaba, anuncia os artistas premiados na edi\u00e7\u00e3o 2020 da mostra. No final do ano passado, foram selecionadas\u00a0<strong>212 obras de 125 artistas<\/strong>\u00a0\u2013 de 21 estados brasileiros, al\u00e9m do Distrito Federal. As inscri\u00e7\u00f5es se deram por meio de uma convocat\u00f3ria p\u00fablica realizada entre setembro e novembro de 2019. As obras e instala\u00e7\u00f5es dessa edi\u00e7\u00e3o apresentam t\u00e9cnicas como pintura, colagem, desenho, aquarela, gravura, escultura, entalhe, bordado, costura, croch\u00ea, marchetaria e modelagem.<\/p>\n<p>Comp\u00f5em tamb\u00e9m o recorte da curadoria obras das artistas convidadas\u00a0Carmela Pereira, Leda Catunda, Raquel Trindade e Sonia Gomes, estabelecendo di\u00e1logos com o resultado da seletiva. Prevista inicialmente\u00a0\u00a0 para abrir em agosto de 2020,\u00a0a exposi\u00e7\u00e3o na unidade do interior de S\u00e3o Paulo, em fun\u00e7\u00e3o da pandemia, ainda n\u00e3o tem data de abertura ao p\u00fablico.<\/p>\n<p><strong>Premiados<\/strong><\/p>\n<p>Como forma de estimular a participa\u00e7\u00e3o, valorizar seu trabalho e diversificar a cole\u00e7\u00e3o permanente da institui\u00e7\u00e3o \u2013 o Acervo Sesc de Arte \u2013, o Sesc S\u00e3o Paulo concede a alguns dos artistas selecionados, por meio de suas obras, o Pr\u00eamio Destaque-Aquisi\u00e7\u00e3o, o Pr\u00eamio Incentivo e Men\u00e7\u00e3o Especial. Na 15\u00aa edi\u00e7\u00e3o da Bienal Na\u00effs, as obras agraciadas s\u00e3o:<\/p>\n<p><strong>Pr\u00eamio Destaque-Aquisi\u00e7\u00e3o<\/strong><\/p>\n<p><em>Cotidiano II<\/em>, de Alexandra Adamoli (Piracicaba, SP)<\/p>\n<p><em>Totem Apurin\u00e3 Kamadeni<\/em>, de S\u00e3nip\u00e3 (Pauin\u00ed, AM)<\/p>\n<p><em>O renascimento de Luzia<\/em>, de Paulo Mattos (S\u00e3o Paulo, SP)<\/p>\n<p><em>O mart\u00edrio de Nossa Senhora do Brasil<\/em>, de Shila Joaquim (S\u00e3o Matheus, ES)<\/p>\n<p><strong>Pr\u00eamio Incentivo<\/strong><\/p>\n<p><em>Manto tropeiro: um breve olhar do caminho das tropas<\/em>, de Angeles Paredes e Carmem Kuntz (Sorocaba, SP)<\/p>\n<p><em>Em busca de uma liberdade que ainda n\u00e3o raiou<\/em>, de Con Silva (Batatais, SP)<\/p>\n<p><em>Comadre Fulosinha d\u00e1 a luz depois de degolar o ca\u00e7ador que a engravidou<\/em>, de Eriba Chagas (S\u00e3o Paulo, SP)<\/p>\n<p><em>Esperan\u00e7a em peda\u00e7os<\/em>, de Chavonga (Diadema, SP)<\/p>\n<p><em>Brincantes do imagin\u00e1rio<\/em>, de Valdeck de Garanhuns (Guararema, SP)<\/p>\n<p><strong>Men\u00e7\u00e3o Especial<\/strong><\/p>\n<p><em>\u00c9 \u00f3leo no mar&#8230;<\/em>, de Alcides Peixe (S\u00e3o Paulo, SP)<\/p>\n<p><em>Cantinho do benzer<\/em>, de Alexandra Jacob (Piracicaba, SP)<\/p>\n<p><em>Vazante<\/em>, de Eri Alves (S\u00e3o Paulo, SP)<\/p>\n<p><em>Jandira #33<\/em>, de Hellen Audrey (Campinas, SP)<\/p>\n<p><em>Aprendiz de Paj\u00e9<\/em>, de Y\u00fapury (Manaus, AM)<\/p>\n<p><em>Umbuzeiro florindo<\/em>, de Nilda Neves (S\u00e3o Paulo, SP)<\/p>\n<p><em>Gorda<\/em>, de Soupixo (Crato, CE)<\/p>\n<p><em>Alma da estrada<\/em>, de Thiago Nevs (S\u00e3o Paulo, SP)<\/p>\n<p><em>Dia-a-dia de Finoca<\/em>, de Zila Abreu (S\u00e3o Paulo, SP)<\/p>\n<p><strong>A\u00e7\u00f5es online<\/strong><\/p>\n<p>A Bienal Na\u00effs do Brasil 2020 teve sua visita\u00e7\u00e3o presencial adiada em raz\u00e3o da pandemia. Contudo, a\u00e7\u00f5es online, que se estender\u00e3o at\u00e9 julho de 2021, permitem ao p\u00fablico que se aproxime deste universo mesmo durante o isolamento social.<\/p>\n<p>Ao longo dos pr\u00f3ximos meses, a equipe curatorial, artistas e especialistas participar\u00e3o de uma\u00a0\u00a0 s\u00e9rie de atividades gratuitas por meio de plataformas virtuais e com a possibilidade de alcan\u00e7ar pessoas de todas as regi\u00f5es do pa\u00eds, nas quais ser\u00e3o abordados temas como as estrat\u00e9gias de visibiliza\u00e7\u00e3o de produ\u00e7\u00f5es art\u00edsticas, as din\u00e2micas dos espa\u00e7os de cria\u00e7\u00e3o, al\u00e9m de diferentes perspectivas sobre o campo da arte dita popular.<\/p>\n<p>A programa\u00e7\u00e3o ter\u00e1 bate-papos e encontros virtuais, assim como cursos destinados a p\u00fablicos espec\u00edficos, como\u00a0 o curso \u201cA arte de fotografar obras\u201d \u2013 j\u00e1 em andamento, a atividade \u00a0direcionada para artistas teve as inscri\u00e7\u00f5es esgotadas em poucas horas \u2013 e um curso de\u00a0forma\u00e7\u00e3o de professores, educadores e artistas a ser ministrado pela escritora, educadora e curadora Valqu\u00edria Prates, com tem\u00e1tica entrela\u00e7ada e em di\u00e1logo \u00e0 proposta da Bienal Na\u00effs do Brasil 2020.<\/p>\n<p>Todas as a\u00e7\u00f5es, por enquanto online, da Bienal ser\u00e3o anunciadas periodicamente nos canais do Sesc Piracicaba no Facebook, Instagram e Twitter.<\/p>\n<p>A lista completa de artistas selecionados para a Bienal Na\u00effs do Brasil 2020, bem como cat\u00e1logos e informa\u00e7\u00f5es de edi\u00e7\u00f5es anteriores, podem ser conferidos em\u00a0<a href=\"http:\/\/sescsp.org.br\/bienalnaifs\" target=\"_blank\" rel=\"noopener\" data-saferedirecturl=\"https:\/\/www.google.com\/url?q=http:\/\/sescsp.org.br\/bienalnaifs&amp;source=gmail&amp;ust=1599058575057000&amp;usg=AFQjCNEnKcNKBxn8dw9gA-22fkVRVnBndA\">sescsp.org.br\/bienalnaifs<\/a>.<\/p>\n<p><strong>Processo de curadoria<\/strong><\/p>\n<p>Para Ana Avelar e Renata Felinto,\u00a0os pr\u00f3prios trabalhos inscritos \u2013 foram 980 obras, de 520 artistas com idades entre 19 e 87 anos \u2013 deram a temperatura da pluralidade e da diversidade dessa produ\u00e7\u00e3o de arte brasileira a qual chamamos\u00a0<em>na\u00eff<\/em>. De acordo com as curadoras, o processo de sele\u00e7\u00e3o de trabalhos partiu do crit\u00e9rio da representatividade. Foram levadas em conta as regi\u00f5es de onde prov\u00eam e atuam esses artistas, suas declara\u00e7\u00f5es \u00e9tnico-raciais, suas faixas-et\u00e1rias, os assuntos e as materialidades com as quais trabalham.<\/p>\n<p>A 15\u00aa edi\u00e7\u00e3o da Bienal tamb\u00e9m vai homenagear L\u00e9lia Coelho Frota e Ana Mae Barbosa, mulheres intelectuais brasileiras que demonstraram em suas pesquisas a preocupa\u00e7\u00e3o com o entendimento da pessoa artista e de sua produ\u00e7\u00e3o de forma mais humana e plural; e Leda Catunda e Sonia Gomes, com obras que dialogam de forma pioneira com o universo que caracteriza a arte\u00a0<em>na\u00eff<\/em>. A mostra ir\u00e1 apresentar tamb\u00e9m o ateli\u00ea como um local de cria\u00e7\u00e3o em suas m\u00faltiplas possibilidades trazendo fragmentos dos ateli\u00eas das artistas Carmela Pereira, Raquel Trindade e S\u00e3nip\u00e3.<\/p>\n<p>O\u00a0t\u00edtulo \u201cIdeias para adiar o fim da arte\u201d, que d\u00e1 nome \u00e0 15\u00aa edi\u00e7\u00e3o da Bienal \u00e9 uma\u00a0refer\u00eancia direta \u00e0s ideias de Ailton Krenak (1953) \u2013 pensador dedicado a refletir sobre o modelo de vida de popula\u00e7\u00f5es origin\u00e1rias no territ\u00f3rio brasileiro em rela\u00e7\u00e3o ao modelo capitalista ocidental \u2013 e de Arthur Danto (1924-2013) \u2013 pensador norte-americano interessado em revisar a concep\u00e7\u00e3o de arte no cen\u00e1rio contempor\u00e2neo \u00ad\u2013, uma aposta na converg\u00eancia de narrativas dessemelhantes como um modo de estimular a formula\u00e7\u00e3o de novas epistemologias para a gera\u00e7\u00e3o de conhecimento.<\/p>\n<p>&nbsp;<\/p>\n<p><strong>As curadoras<\/strong><\/p>\n<p><strong>Ana Avelar\u00a0<\/strong>\u00e9 curadora da Casa Niemeyer e professora de Teoria, Cr\u00edtica e Hist\u00f3ria da Arte, na Universidade de Bras\u00edlia \u2013 UnB. Entre os projetos curatoriais realizados na universidade, cabe destacar as mostras Bras\u00edlia Extempor\u00e2nea (coletiva na Casa Niemeyer, 2018); acaso a coisa a casa (2018), individual de Claudio Cretti; quando as formas de tornam relatos (coletiva na Casa da Cultura da Am\u00e9rica Latina \u2013 CAL\/UnB, 2017), Ser\u00e3o perform\u00e1tico (2017), do Grupo Empreza (na CAL\/UnB). Tamb\u00e9m \u00e9 curadora respons\u00e1vel pelo programa de resid\u00eancia art\u00edstica OCA, na mesma universidade. Realizou curadorias em outros espa\u00e7os tanto institucionais como independentes, entre eles: Museu de Arte Contempor\u00e2nea da Universidade de S\u00e3o Paulo (MAC\/USP), Centro Cultural Banco do Brasil de Belo Horizonte (CCBB-BH), Saracura (RJ) e Sesc Pomp\u00e9ia (SP). Participa regularmente como j\u00fari de pr\u00eamios nacionais, como Marcantonio Vila\u00e7a \u2013 do qual foi finalista em 2017 \u2013, Pipa e Rumos Ita\u00fa Cultural. Em 2019, foi ganhadora do programa Interc\u00e2mbio de Curadores, promovido pela Associa\u00e7\u00e3o Brasileira de Arte Contempor\u00e2nea \u2013 ABACT em parceria com o Getty Research Institute. Recentemente, a mostra &#8220;Triangular: arte deste s\u00e9culo&#8221;, sob sua curadoria junto de Gisele Lima, realizada na Casa Niemeyer, espa\u00e7o da Universidade de Bras\u00edlia, foi reconhecida como a melhor exposi\u00e7\u00e3o coletiva do ano de 2019, em vota\u00e7\u00e3o aberta ao p\u00fablico, promovida pela Revista Select.<\/p>\n<p>&nbsp;<\/p>\n<p><strong>Renata Felinto\u00a0<\/strong>\u00e9 doutora e mestra em Artes Visuais pelo Instituto de Artes da UNESP e especialista em Curadoria e Educa\u00e7\u00e3o em Museus pelo Museu de Arte Contempor\u00e2nea da USP. Artista visual e professora adjunta de Teoria da Arte da URCA\/CE na qual comp\u00f4s o Comit\u00ea de Pesquisa Cient\u00edfica, foi coordenadora do Curso de Licenciatura em Artes Visuais e do subprojeto PIBID do mesmo curso. Realizou trabalhos na Pinacoteca do Estado de S\u00e3o Paulo, Instituto Ita\u00fa Cultural, Centro Cultural S\u00e3o Paulo, SESC, SESI\/FIESP, dentre outros espa\u00e7os. Comp\u00f4s o conselho editorial da revista O Menelick 2\u00ba ato e \u00e9 membro da Comiss\u00e3o Cient\u00edfica do Congresso CSO da Faculdade de Belas Artes de Lisboa. Coordenou o N\u00facleo de Educa\u00e7\u00e3o do Museu Afro Brasil. Nos \u00faltimos anos, participou das exposi\u00e7\u00f5es FIAC\/ Fran\u00e7a 2017, Negros Ind\u00edcios, na Caixa Cultural\/SP, Di\u00e1logos Ausentes, no Ita\u00fa Cultural e no Galp\u00e3o Bela Mar\u00e9 no RJ e, por fim, de Hist\u00f3rias Afro-Atl\u00e2nticas no Instituto Tomie Ohtake. A arte produzida por mulheres e homens negrodescendentes tem sido seu principal tema de pesquisa.<\/p>\n<p>&nbsp;<\/p>\n<p><strong>A Bienal<\/strong><\/p>\n<p>Originada das mostras anuais realizadas pelo Sesc Piracicaba de 1986 a 1991, a Bienal N\u00e4ifs do Brasil teve sua primeira edi\u00e7\u00e3o em 1992 na mesma cidade. Desde ent\u00e3o, consolidou-se como uma refer\u00eancia para aqueles que possuem algum v\u00ednculo com sua proposta. Atualmente, a sele\u00e7\u00e3o dos artistas participantes ocorre via convocat\u00f3ria aberta, bem como por convite, a partir da forma\u00e7\u00e3o de uma comiss\u00e3o composta por curadores, artistas e pesquisadores. Seus principais objetivos s\u00e3o incentivar a produ\u00e7\u00e3o art\u00edstica popular e oferecer espa\u00e7os para sua aprecia\u00e7\u00e3o, al\u00e9m de estimular o pensamento cr\u00edtico a seu respeito.<\/p>\n<p><em>Na\u00eff<\/em>\u00a0\u00e9 um termo de origem francesa, derivado do latim\u00a0<em>nativus<\/em>. Sugere algo natural, ing\u00eanuo, espont\u00e2neo, tendo sido utilizado originalmente no campo das artes para descrever a pintura e as propostas do artista modernista franc\u00eas Henri Rousseau (1844-1910). A ado\u00e7\u00e3o do termo pela Bienal, no plural e desvinculado da palavra &#8220;arte&#8221;, evidencia seu foco no artista e em suas manifesta\u00e7\u00f5es diversas e m\u00faltiplas, deixando em aberto os poss\u00edveis significados e caracter\u00edsticas do que \u00e9 ser\u00a0<em>na\u00eff<\/em>.<\/p>\n<p>&nbsp;<\/p>\n<p><strong>15\u00aa Bienal Na\u00effs do Brasil &#8211;\u00a0<\/strong>&#8220;Ideias para adiar o fim da arte\u201d<\/p>\n<p>Sesc Piracicaba<\/p>\n<p>Curadoria: Ana Avelar e Renata Felinto<\/p>\n<p>J\u00fari de Premia\u00e7\u00e3o: Ana Avelar, Renata Felinto e Nilva Luz<\/p>\n<p><em><a href=\"http:\/\/sescsp.org.br\/bienalnaifs\" target=\"_blank\" rel=\"noopener\" data-saferedirecturl=\"https:\/\/www.google.com\/url?q=http:\/\/sescsp.org.br\/bienalnaifs&amp;source=gmail&amp;ust=1599058575058000&amp;usg=AFQjCNFhpK98OgSM9ax0Qcc6r2HqirojhQ\">sescsp.org.br\/bienalnaifs<\/a><\/em><\/p>\n<p>&nbsp;<\/td>\n<\/tr>\n<tr>\n<td colspan=\"3\" valign=\"top\">\n<div><strong><u>MAIS INFORMA\u00c7\u00d5ES PARA A IMPRENSA<\/u><\/strong><\/div>\n<div><span style=\"color: #000000; font-family: arial, sans-serif;\"><b>Assinatura: Comunica\u00e7\u00e3o Sesc Piracicaba<\/b><\/span><\/div>\n<div><span style=\"color: #000000; font-family: arial, sans-serif;\"><b><a href=\"mailto:comunicacao@piracicaba.sescsp.org.br\" target=\"_blank\" rel=\"noopener\">comunicacao@piracicaba.sescsp.<wbr \/>org.br<\/a><\/b><\/span><br \/>\n<b>(19) 3437-9292<\/b><\/div>\n<\/td>\n<\/tr>\n<\/tbody>\n<\/table>\n<p>&nbsp;<\/p>\n<p>&nbsp;<\/p>\n<p>&nbsp;<\/p>\n","protected":false},"excerpt":{"rendered":"<p>Realizada no Sesc Piracicaba h\u00e1 quase 30 anos, a Bienal esse ano\u00a0teve sua visita\u00e7\u00e3o presencial adiada em raz\u00e3o da pandemia. Contudo, d\u00e1 in\u00edcio a a\u00e7\u00f5es online, que se estender\u00e3o at\u00e9 julho de 2021<\/p>\n","protected":false},"author":6,"featured_media":33570,"comment_status":"closed","ping_status":"closed","sticky":false,"template":"","format":"standard","meta":{"_jetpack_newsletter_access":"","_jetpack_dont_email_post_to_subs":false,"_jetpack_newsletter_tier_id":0,"_jetpack_memberships_contains_paywalled_content":false,"_jetpack_memberships_contains_paid_content":false,"footnotes":""},"categories":[7],"tags":[164,1069,7918],"class_list":["post-33569","post","type-post","status-publish","format-standard","has-post-thumbnail","hentry","category-comunicacao","tag-15a-bienal-naifs-do-brasil","tag-arte-naif","tag-sesc-piracicaba"],"aioseo_notices":[],"views":464,"jetpack_featured_media_url":"","jetpack_sharing_enabled":true,"jetpack_likes_enabled":true,"jetpack-related-posts":[{"id":12720,"url":"https:\/\/jornalrol.com.br\/?p=12720","url_meta":{"origin":33569,"position":0},"title":"Coluna Sergio Diniz da Costa no jornal da APEVO","author":"Sergio Diniz da Costa","date":"3 de setembro de 2017","format":false,"excerpt":"Coluna Sergio Diniz da Costa no jornal da APEVO \u2013 setembro de 2017 LITERATURA, ARTES & CURIOSIDADES \u00a0 A ARTE NAIF NO BRASIL \u00a0Conforme visto na primeira parte (edi\u00e7\u00e3o de agosto), Arte Naif \u00e9 uma classifica\u00e7\u00e3o de arte que \u00e9 muitas vezes caracterizado por uma simplicidade infantil em seu assunto\u2026","rel":"","context":"Em &quot;Comunica\u00e7\u00e3o&quot;","block_context":{"text":"Comunica\u00e7\u00e3o","link":"https:\/\/jornalrol.com.br\/?cat=7"},"img":{"alt_text":"","src":"https:\/\/i0.wp.com\/www.jornalrol.com.br\/wp-content\/uploads\/2017\/08\/19247629_1097739206992824_3395336393297649632_n-1-1-267x300.jpg?resize=350%2C200","width":350,"height":200},"classes":[]},{"id":63458,"url":"https:\/\/jornalrol.com.br\/?p=63458","url_meta":{"origin":33569,"position":1},"title":"Bienal Sesc_Videobrasil\u00a0","author":"Sergio Diniz da Costa","date":"30 de novembro de 2023","format":false,"excerpt":"A 22\u00aa Bienal Sesc_Videobrasil promove duas exposi\u00e7\u00f5es e os Programas P\u00fablicos, conversas abertas ligadas aos temas da edi\u00e7\u00e3o: A mem\u00f3ria \u00e9 uma ilha de edi\u00e7\u00e3o.","rel":"","context":"Em &quot;Arte&quot;","block_context":{"text":"Arte","link":"https:\/\/jornalrol.com.br\/?cat=9286"},"img":{"alt_text":"Encontro na 22\u00aa Bienal Sesc_Videobrasil","src":"https:\/\/i0.wp.com\/jornalrol.com.br\/wp-content\/uploads\/2023\/11\/Encontro-da-Semana-de-Abertura-da22a-Bienal-Sesc-Videobrasil.-Foto-Acervo-Videobrasil-Pedro-N.-Prata.jpg?resize=350%2C200&ssl=1","width":350,"height":200,"srcset":"https:\/\/i0.wp.com\/jornalrol.com.br\/wp-content\/uploads\/2023\/11\/Encontro-da-Semana-de-Abertura-da22a-Bienal-Sesc-Videobrasil.-Foto-Acervo-Videobrasil-Pedro-N.-Prata.jpg?resize=350%2C200&ssl=1 1x, https:\/\/i0.wp.com\/jornalrol.com.br\/wp-content\/uploads\/2023\/11\/Encontro-da-Semana-de-Abertura-da22a-Bienal-Sesc-Videobrasil.-Foto-Acervo-Videobrasil-Pedro-N.-Prata.jpg?resize=525%2C300&ssl=1 1.5x, https:\/\/i0.wp.com\/jornalrol.com.br\/wp-content\/uploads\/2023\/11\/Encontro-da-Semana-de-Abertura-da22a-Bienal-Sesc-Videobrasil.-Foto-Acervo-Videobrasil-Pedro-N.-Prata.jpg?resize=700%2C400&ssl=1 2x"},"classes":[]},{"id":69158,"url":"https:\/\/jornalrol.com.br\/?p=69158","url_meta":{"origin":33569,"position":2},"title":"Concurso de Microcontos de Humor","author":"Sergio Diniz da Costa","date":"2 de setembro de 2024","format":false,"excerpt":"Carlos Cavalheiro obteve o 1\u00ba Lugar no 14\u00ba Pr\u00eamio Microcontos de Humor, certame que integra a programa\u00e7\u00e3o do 51\u00ba Sal\u00e3o Internacional de Humor de Piracicaba","rel":"","context":"Em &quot;Pr\u00eamio&quot;","block_context":{"text":"Pr\u00eamio","link":"https:\/\/jornalrol.com.br\/?cat=11794"},"img":{"alt_text":"1\u00ba Lugar no 14\u00ba Pr\u00eamio Microcontos de Humor, certame que integra a programa\u00e7\u00e3o do 51\u00ba Sal\u00e3o Internacional de Humor de Piracicaba","src":"https:\/\/i0.wp.com\/jornalrol.com.br\/wp-content\/uploads\/2024\/09\/1a5d0b2f-a4cb-4d77-82ce-abbc75f95bd9.jpeg?resize=350%2C200&ssl=1","width":350,"height":200,"srcset":"https:\/\/i0.wp.com\/jornalrol.com.br\/wp-content\/uploads\/2024\/09\/1a5d0b2f-a4cb-4d77-82ce-abbc75f95bd9.jpeg?resize=350%2C200&ssl=1 1x, https:\/\/i0.wp.com\/jornalrol.com.br\/wp-content\/uploads\/2024\/09\/1a5d0b2f-a4cb-4d77-82ce-abbc75f95bd9.jpeg?resize=525%2C300&ssl=1 1.5x, https:\/\/i0.wp.com\/jornalrol.com.br\/wp-content\/uploads\/2024\/09\/1a5d0b2f-a4cb-4d77-82ce-abbc75f95bd9.jpeg?resize=700%2C400&ssl=1 2x, https:\/\/i0.wp.com\/jornalrol.com.br\/wp-content\/uploads\/2024\/09\/1a5d0b2f-a4cb-4d77-82ce-abbc75f95bd9.jpeg?resize=1050%2C600&ssl=1 3x, https:\/\/i0.wp.com\/jornalrol.com.br\/wp-content\/uploads\/2024\/09\/1a5d0b2f-a4cb-4d77-82ce-abbc75f95bd9.jpeg?resize=1400%2C800&ssl=1 4x"},"classes":[]},{"id":6774,"url":"https:\/\/jornalrol.com.br\/?p=6774","url_meta":{"origin":33569,"position":3},"title":"Bate-papo com o professor Carlos Cavalheiro em Piracicaba","author":"Helio Rubens","date":"9 de novembro de 2016","format":false,"excerpt":"\u00a0Professor e historiador Carlos Cavalheiro participa de ESPECIAL NEGROS SOMOS N\u00d3S!, no SESC Piracicaba O professor, poeta e historiador Carlos Carvalho Cavalheiro participa de um bate-papo sobre um cordel que publicou em 2007, em comemora\u00e7\u00e3o a uma fuga de escravizados ocorrida 120 anos antes em Capivari e que teve repercuss\u00e3o\u2026","rel":"","context":"Em &quot;Comunica\u00e7\u00e3o&quot;","block_context":{"text":"Comunica\u00e7\u00e3o","link":"https:\/\/jornalrol.com.br\/?cat=7"},"img":{"alt_text":"Carlos Cavalheiro","src":"https:\/\/i0.wp.com\/www.jornalrol.com.br\/wp-content\/uploads\/2016\/07\/Carlos-300x284.jpg?resize=350%2C200","width":350,"height":200},"classes":[]},{"id":54947,"url":"https:\/\/jornalrol.com.br\/?p=54947","url_meta":{"origin":33569,"position":4},"title":"MAM S\u00e3o Paulo e Sesc levam a 37\u00aa edi\u00e7\u00e3o do Panorama da Arte Brasileira ao Sesc Sorocaba","author":"Veronica Moreira","date":"2 de maio de 2023","format":false,"excerpt":"37\u00ba Panorama da Arte Brasileira: \"Sob as cinzas, brasa\" prop\u00f5e desconstruir paradigmas naturalizados em rela\u00e7\u00e3o ao Brasil col\u00f4nia. Itiner\u00e2ncia da exposi\u00e7\u00e3o ocorre a partir da parceria entre as institui\u00e7\u00f5es e apresenta obras de 26 artistas A partir de 20 de abril, a\u00a037\u00aa edi\u00e7\u00e3o do Panorama de Arte Brasileira: Sob as\u2026","rel":"","context":"Em &quot;Arte Pl\u00e1stica&quot;","block_context":{"text":"Arte Pl\u00e1stica","link":"https:\/\/jornalrol.com.br\/?cat=9274"},"img":{"alt_text":"","src":"","width":0,"height":0},"classes":[]},{"id":62167,"url":"https:\/\/jornalrol.com.br\/?p=62167","url_meta":{"origin":33569,"position":5},"title":"Bienal Sesc_Videobrasil promove performances e conversas com artistas","author":"Sergio Diniz da Costa","date":"13 de outubro de 2023","format":false,"excerpt":"22\u00aa edi\u00e7\u00e3o da Bienal Sesc_Videobrasil ter\u00e1 entre as atividades dos programas p\u00fablicos performances, exibi\u00e7\u00e3o de filme, debates e rodas de conversa com artistas","rel":"","context":"Em &quot;Arte&quot;","block_context":{"text":"Arte","link":"https:\/\/jornalrol.com.br\/?cat=9286"},"img":{"alt_text":"Fragments Untitled, 2012, v\u00eddeo, da dupla de artistas Doplgenger","src":"https:\/\/i0.wp.com\/jornalrol.com.br\/wp-content\/uploads\/2023\/10\/unnamed-6-1.jpg?resize=350%2C200&ssl=1","width":350,"height":200},"classes":[]}],"_links":{"self":[{"href":"https:\/\/jornalrol.com.br\/index.php?rest_route=\/wp\/v2\/posts\/33569","targetHints":{"allow":["GET"]}}],"collection":[{"href":"https:\/\/jornalrol.com.br\/index.php?rest_route=\/wp\/v2\/posts"}],"about":[{"href":"https:\/\/jornalrol.com.br\/index.php?rest_route=\/wp\/v2\/types\/post"}],"author":[{"embeddable":true,"href":"https:\/\/jornalrol.com.br\/index.php?rest_route=\/wp\/v2\/users\/6"}],"replies":[{"embeddable":true,"href":"https:\/\/jornalrol.com.br\/index.php?rest_route=%2Fwp%2Fv2%2Fcomments&post=33569"}],"version-history":[{"count":0,"href":"https:\/\/jornalrol.com.br\/index.php?rest_route=\/wp\/v2\/posts\/33569\/revisions"}],"wp:featuredmedia":[{"embeddable":true,"href":"https:\/\/jornalrol.com.br\/index.php?rest_route=\/"}],"wp:attachment":[{"href":"https:\/\/jornalrol.com.br\/index.php?rest_route=%2Fwp%2Fv2%2Fmedia&parent=33569"}],"wp:term":[{"taxonomy":"category","embeddable":true,"href":"https:\/\/jornalrol.com.br\/index.php?rest_route=%2Fwp%2Fv2%2Fcategories&post=33569"},{"taxonomy":"post_tag","embeddable":true,"href":"https:\/\/jornalrol.com.br\/index.php?rest_route=%2Fwp%2Fv2%2Ftags&post=33569"}],"curies":[{"name":"wp","href":"https:\/\/api.w.org\/{rel}","templated":true}]}}