{"id":33572,"date":"2020-09-01T13:32:12","date_gmt":"2020-09-01T16:32:12","guid":{"rendered":"http:\/\/www.jornalrol.com.br\/?p=33572"},"modified":"2020-09-01T13:32:12","modified_gmt":"2020-09-01T16:32:12","slug":"o-coracao-do-rei-romance-historico-revela-fatos-da-vida-e-nuances-ineditas-de-dom-pedro-i","status":"publish","type":"post","link":"https:\/\/jornalrol.com.br\/?p=33572","title":{"rendered":"&#039;O Cora\u00e7\u00e3o do Rei&#039;: romance hist\u00f3rico revela fatos da vida e nuances in\u00e9ditas de dom Pedro I"},"content":{"rendered":"<div class=\"pdfprnt-buttons pdfprnt-buttons-post pdfprnt-top-right\"><a href=\"https:\/\/jornalrol.com.br\/index.php?rest_route=%2Fwp%2Fv2%2Fposts%2F33572&print=pdf\" class=\"pdfprnt-button pdfprnt-button-pdf\" target=\"_blank\" ><\/a><a href=\"https:\/\/jornalrol.com.br\/index.php?rest_route=%2Fwp%2Fv2%2Fposts%2F33572&print=print\" class=\"pdfprnt-button pdfprnt-button-print\" target=\"_blank\" ><img decoding=\"async\" src=\"https:\/\/jornalrol.com.br\/wp-content\/plugins\/pdf-print\/images\/print.png\" alt=\"image_print\" title=\"Conte\u00fado de impress\u00e3o\" \/><\/a><\/div><h2 style=\"text-align: center;\"><a href=\"http:\/\/www.jornalrol.com.br\/wp-content\/uploads\/2020\/09\/unnamed-95.jpg\"><img loading=\"lazy\" decoding=\"async\" class=\"size-medium wp-image-33573 aligncenter\" src=\"http:\/\/www.jornalrol.com.br\/wp-content\/uploads\/2020\/09\/unnamed-95-209x300.jpg\" alt=\"\" width=\"209\" height=\"300\" \/><\/a><strong><i>Iza Salles apresenta um dos per\u00edodos mais ricos e significativos da hist\u00f3ria do Brasil sob a \u00f3tica de seu principal protagonista<\/i><\/strong><\/h2>\n<p><!--more--><\/p>\n<p>Muito j\u00e1 se escreveu sobre o primeiro imperador do Brasil, mas nada que se compare aos coment\u00e1rios apresentados em\u00a0<strong><em>O Cora\u00e7\u00e3o do Rei &#8211; A vida de dom Pedro I: o grande her\u00f3i luso-brasileiro<\/em><\/strong>. Publicada pela\u00a0<strong>Edi\u00e7\u00f5es de Janeiro<\/strong>, a obra externa facetas pouco conhecidas do jovem impetuoso em seus 36 anos.<\/p>\n<p>Com curiosidade jornal\u00edstica, apurada pesquisa em documentos e peri\u00f3dicos de \u00e9poca e um prazeroso estilo liter\u00e1rio, a jornalista e escritora\u00a0<strong>Iza Salles<\/strong>\u00a0vai al\u00e9m. Retrata um estadista astuto, negociador, gestor, respeitoso filho, pai apaixonado e um defensor das liberdades democr\u00e1ticas, ainda que nascido em ber\u00e7o autorit\u00e1rio.<\/p>\n<p><em>O absolutismo que moldara na inf\u00e2ncia sua \u00edndole indom\u00e1vel nele se alternava com a admira\u00e7\u00e3o incontida pelos princ\u00edpios do constitucionalismo, por cuja beleza fora arrebatado muito jovem. Resistia a se deixar comprimir nos moldes constitucionais, mas, ao mesmo tempo, submetia-se a eles. (<\/em>O Cora\u00e7\u00e3o do Rei, p.253<em>)<\/em><\/p>\n<p>O fio condutor da emocionante narrativa \u00e9 frei Ant\u00f4nio de Arr\u00e1bida, religioso que acompanhou dom Pedro em praticamente toda a sua vida. A escolha de um narrador para contar a hist\u00f3ria nasceu das muitas refer\u00eancias feitas por Ot\u00e1vio Tarqu\u00ednio de Sousa ao frei nos tr\u00eas volumes de sua obra, \u201cA vida de Pedro I\u201d. A import\u00e2ncia do religioso na trajet\u00f3ria do rei tinha sido, at\u00e9 ent\u00e3o, ignorada.<\/p>\n<p>Em\u00a0<strong><em>O Cora\u00e7\u00e3o do Rei<\/em><\/strong>, outros tr\u00eas religiosos ajudam a narrar os acontecimentos nos dois lados do Atl\u00e2ntico, e que fazem emergir o perfil de dom Pedro de forma precisa. Ao fim da obra, o leitor pode constatar \u2013 com ajuda da autora &#8211; que, na verdade, trata-se dos tr\u00eas maiores historiadores brasileiros do s\u00e9culo XX, hoje quase esquecidos, a quem Iza Salles presta homenagem.<\/p>\n<p>Mais uma bela surpresa trazida pela escritora, jornalista formada em 1965 pela ent\u00e3o Universidade do Brasil, presa pol\u00edtica pela ditadura em 1970, e rep\u00f3rter em jornais de resist\u00eancia como Opini\u00e3o e Pasquim. \u00c0s v\u00e9speras de completar o bicenten\u00e1rio da nossa independ\u00eancia \u2013 em 2022 \u2013, o livro prenuncia os eventos comemorativos que ter\u00e3o como marco a reinaugura\u00e7\u00e3o do Museu do Ipiranga, marco da emancipa\u00e7\u00e3o brasileira.<\/p>\n<p>&nbsp;<\/p>\n<p><strong>Ficha t\u00e9cnica<\/strong><br \/>\nT\u00edtulo: O Cora\u00e7\u00e3o do Rei<br \/>\nSubt\u00edtulo: A vida de dom Pedro I: o grande her\u00f3i luso-brasileiro<br \/>\nAutor: Iza Salles<br \/>\nEditora:\u00a0Edi\u00e7\u00f5es de Janeiro<br \/>\nISBN:\u00a0978-85-9473-035-0<br \/>\nP\u00e1ginas: 360<br \/>\nFormato: 16&#215;23 cm<br \/>\nPre\u00e7o: R$\u00a069,00<br \/>\nLink de venda:\u00a0<a href=\"https:\/\/www.amazon.com.br\/dp\/B081747P8Y\/ref=dp-kindle-redirect?_encoding=UTF8&amp;btkr=1\" target=\"_blank\" rel=\"noopener\" data-saferedirecturl=\"https:\/\/www.google.com\/url?q=https:\/\/www.amazon.com.br\/dp\/B081747P8Y\/ref%3Ddp-kindle-redirect?_encoding%3DUTF8%26btkr%3D1&amp;source=gmail&amp;ust=1599058574958000&amp;usg=AFQjCNFQ-RLkQJuQ8Vv2vMu8PHu1foXCYw\">Amazon<\/a><\/p>\n<p>&nbsp;<\/p>\n<p><strong>Sobre a autora:<br \/>\n<\/strong><a href=\"http:\/\/www.jornalrol.com.br\/wp-content\/uploads\/2020\/09\/unnamed-96.jpg\"><img loading=\"lazy\" decoding=\"async\" class=\"wp-image-33574 alignright\" src=\"http:\/\/www.jornalrol.com.br\/wp-content\/uploads\/2020\/09\/unnamed-96.jpg\" alt=\"\" width=\"191\" height=\"191\" \/><\/a>Formada em jornalismo em 1965 pela ent\u00e3o Universidade do Brasil,\u00a0Iza\u00a0Salles come\u00e7ou\u00a0como rep\u00f3rter no Jornal do Brasil e no Di\u00e1rio de Not\u00edcias. Em seguida, foi bolsista do\u00a0governo franc\u00eas pela\u00a0Fondation\u00a0des\u00a0Sciences\u00a0<wbr \/>Politiques, entre 1966 e 1967. Ap\u00f3s retornar\u00a0ao pa\u00eds, foi presa pela ditadura em 1970, respondendo a processos em S\u00e3o Paulo e no\u00a0Rio de Janeiro. Trabalhou nos jornais de resist\u00eancia Opini\u00e3o e Pasquim com o nome de\u00a0Iza\u00a0Freaza\u00a0e voltou \u00e0 Europa em 1977 com nova bolsa de estudos dada pelo\u00a0Journalistes\u00a0en\u00a0Europe. Morou dois anos entre Madri e Paris, e mais de cinco em Roma. Retornou\u00a0ao Brasil em 1984 como correspondente do jornal Expresso, de Portugal (1981-2003).\u00a0<strong><em>O\u00a0Cora\u00e7\u00e3o do Rei<\/em><\/strong>\u00a0\u00e9 o seu segundo livro. O primeiro,\u00a0<strong><em>Um cad\u00e1ver ao sol<\/em><\/strong>, foi publicado em\u00a02005.<\/p>\n<p><strong>Redes sociais<br \/>\n<\/strong>Instagram:\u00a0<a href=\"https:\/\/www.instagram.com\/edicoesdejaneiro\/\" target=\"_blank\" rel=\"noopener\" data-saferedirecturl=\"https:\/\/www.google.com\/url?q=https:\/\/www.instagram.com\/edicoesdejaneiro\/&amp;source=gmail&amp;ust=1599058574958000&amp;usg=AFQjCNFpbpUy6HDm0uwhR2RVuGmVSljOfg\">@edicoesdejaneiro<\/a><br \/>\nFacebook:\u00a0<a href=\"https:\/\/www.facebook.com\/iza.salles.7\" target=\"_blank\" rel=\"noopener\" data-saferedirecturl=\"https:\/\/www.google.com\/url?q=https:\/\/www.facebook.com\/iza.salles.7&amp;source=gmail&amp;ust=1599058574958000&amp;usg=AFQjCNEQ-wXKDVYHVncqNr6geH36ufHY3g\">Iza Salles<\/a>\u00a0|\u00a0<a href=\"https:\/\/www.facebook.com\/edicoesdejaneiro\" target=\"_blank\" rel=\"noopener\" data-saferedirecturl=\"https:\/\/www.google.com\/url?q=https:\/\/www.facebook.com\/edicoesdejaneiro&amp;source=gmail&amp;ust=1599058574958000&amp;usg=AFQjCNFJ_8IExCyFryMfU01JfQviNYVrCA\">Edi\u00e7\u00f5es de Janeiro<\/a><\/p>\n<p>&nbsp;<\/p>\n<p>&nbsp;<\/p>\n<p>&nbsp;<\/p>\n<p>&nbsp;<\/p>\n<p>&nbsp;<\/p>\n","protected":false},"excerpt":{"rendered":"<p>Iza Salles apresenta um dos per\u00edodos mais ricos e significativos da hist\u00f3ria do Brasil sob a \u00f3tica de seu principal protagonista<\/p>\n","protected":false},"author":6,"featured_media":0,"comment_status":"closed","ping_status":"closed","sticky":false,"template":"","format":"standard","meta":{"_jetpack_newsletter_access":"","_jetpack_dont_email_post_to_subs":false,"_jetpack_newsletter_tier_id":0,"_jetpack_memberships_contains_paywalled_content":false,"_jetpack_memberships_contains_paid_content":false,"footnotes":""},"categories":[7],"tags":[4727,4983,5145,6135],"class_list":["post-33572","post","type-post","status-publish","format-standard","hentry","category-comunicacao","tag-iza-salles","tag-lancamento","tag-livro","tag-o-coracao-do-rei"],"aioseo_notices":[],"views":711,"jetpack_featured_media_url":"","jetpack_sharing_enabled":true,"jetpack_likes_enabled":true,"jetpack-related-posts":[{"id":8883,"url":"https:\/\/jornalrol.com.br\/?p=8883","url_meta":{"origin":33572,"position":0},"title":"Jos\u00e9 Coutinho de Oliveira: &#039;Momento mon\u00e1rquico VIII (bis)&#039;","author":"Helio Rubens","date":"22 de mar\u00e7o de 2017","format":false,"excerpt":"Jos\u00e9 Coutinho de Oliveira: 'Momento mon\u00e1rquico VIII (bis)' \u00a0 \u00a0 \u00a0 Atrav\u00e9s da leitura do livro \"O imp\u00e9rio \u00e9 voc\u00ea\", t\u00edtulo original \" El imperio eres t\u00fa\", tradu\u00e7\u00e3o Clene Salles, Editora Planeta do Brasil Ltda. S\u00e3o Paulo\/SP 2012 pudemos descobrir dados a nosso ver muito importantes. Atrav\u00e9s da leitura desse\u2026","rel":"","context":"Em &quot;Comunica\u00e7\u00e3o&quot;","block_context":{"text":"Comunica\u00e7\u00e3o","link":"https:\/\/jornalrol.com.br\/?cat=7"},"img":{"alt_text":"","src":"https:\/\/i0.wp.com\/www.jornalrol.com.br\/wp-content\/uploads\/2016\/09\/foto-Jos%C3%A9-Coutinho-202x300.jpg?resize=350%2C200","width":350,"height":200},"classes":[]},{"id":52433,"url":"https:\/\/jornalrol.com.br\/?p=52433","url_meta":{"origin":33572,"position":1},"title":"FEBACLA realiza cerim\u00f4nia de outorga de T\u00edtulos, Comendas e Medalhas em Sorocaba","author":"Dom Alexandre da Silva Cam\u00ealo Rurikovich Carvalho","date":"24 de outubro de 2022","format":false,"excerpt":"A cerim\u00f4nia ser\u00e1 realizada no dia 28 de outubro, \u00e0s 19h, no IHGGS - Instituto Hist\u00f3rico, Geogr\u00e1fico e Geneal\u00f3gico de Sorocaba S.A.R.I Pr\u00edncipe Dom Alexandre da Silva Cam\u00ealo Rurikovich Carvalho, presidente da FEBACLA - Federa\u00e7\u00e3o Brasileira dos Acad\u00eamicos das Ci\u00eancias, Letras e Artes estar\u00e1 pela segunda vez em Sorocaba para\u2026","rel":"","context":"Em &quot;Comunica\u00e7\u00e3o&quot;","block_context":{"text":"Comunica\u00e7\u00e3o","link":"https:\/\/jornalrol.com.br\/?cat=7"},"img":{"alt_text":"","src":"https:\/\/i0.wp.com\/jornalrol.com.br\/wp-content\/uploads\/2022\/10\/308396639_1220274298547984_6183044763755905254_n.jpg?resize=350%2C200&ssl=1","width":350,"height":200,"srcset":"https:\/\/i0.wp.com\/jornalrol.com.br\/wp-content\/uploads\/2022\/10\/308396639_1220274298547984_6183044763755905254_n.jpg?resize=350%2C200&ssl=1 1x, https:\/\/i0.wp.com\/jornalrol.com.br\/wp-content\/uploads\/2022\/10\/308396639_1220274298547984_6183044763755905254_n.jpg?resize=525%2C300&ssl=1 1.5x, https:\/\/i0.wp.com\/jornalrol.com.br\/wp-content\/uploads\/2022\/10\/308396639_1220274298547984_6183044763755905254_n.jpg?resize=700%2C400&ssl=1 2x, https:\/\/i0.wp.com\/jornalrol.com.br\/wp-content\/uploads\/2022\/10\/308396639_1220274298547984_6183044763755905254_n.jpg?resize=1050%2C600&ssl=1 3x"},"classes":[]},{"id":54094,"url":"https:\/\/jornalrol.com.br\/?p=54094","url_meta":{"origin":33572,"position":2},"title":"Suziene Cavalcante: &#039;Ode \u00e0 escola La Salle&#039;","author":"Suziene Cavalcante","date":"17 de mar\u00e7o de 2023","format":false,"excerpt":"Ode \u00e0 escola La Salle* \u00d3 patrim\u00f4nio Cultural da nossa Hist\u00f3ria. O perfume d'alma o remomoriza! Teu suave sino plange e ora, fala de nossa flora, \u00f3 bela Escola Lassalista! L\u00e1 salve, l\u00e1 salme o La Salle pioneirista! Em tardes alaranjadas que o dia desarvora, tua educandade resplendora, como os\u2026","rel":"","context":"Em &quot;Comunica\u00e7\u00e3o&quot;","block_context":{"text":"Comunica\u00e7\u00e3o","link":"https:\/\/jornalrol.com.br\/?cat=7"},"img":{"alt_text":"","src":"https:\/\/i0.wp.com\/jornalrol.com.br\/wp-content\/uploads\/2023\/03\/a19aaa6c-a924-445c-90ee-b70e21805864.jpg?resize=350%2C200&ssl=1","width":350,"height":200,"srcset":"https:\/\/i0.wp.com\/jornalrol.com.br\/wp-content\/uploads\/2023\/03\/a19aaa6c-a924-445c-90ee-b70e21805864.jpg?resize=350%2C200&ssl=1 1x, https:\/\/i0.wp.com\/jornalrol.com.br\/wp-content\/uploads\/2023\/03\/a19aaa6c-a924-445c-90ee-b70e21805864.jpg?resize=525%2C300&ssl=1 1.5x, https:\/\/i0.wp.com\/jornalrol.com.br\/wp-content\/uploads\/2023\/03\/a19aaa6c-a924-445c-90ee-b70e21805864.jpg?resize=700%2C400&ssl=1 2x"},"classes":[]},{"id":4891,"url":"https:\/\/jornalrol.com.br\/?p=4891","url_meta":{"origin":33572,"position":3},"title":"Genealogia: Afr\u00e2nio Mello fornece informa\u00e7\u00f5es sobre as familias RIBEIRO e CASEMIRO","author":"Helio Rubens","date":"7 de maio de 2016","format":false,"excerpt":"Afr\u00e2nio Franco de Oliveira Mello - ATENDIMENTOS N\u00daMEROS 703 E 704 \u00a0 Prezada Elza, boa tarde. Estou atendendo suas solicita\u00e7\u00f5es. Em rela\u00e7\u00e3o ao CASIMIRO eu n\u00e3o tenho no meu arquivo e pesquisei na Internet o que pude e n\u00e3o achei o bras\u00e3o. Estou encaminhando os arquivos e na mensagem um\u2026","rel":"","context":"Em &quot;Comunica\u00e7\u00e3o&quot;","block_context":{"text":"Comunica\u00e7\u00e3o","link":"https:\/\/jornalrol.com.br\/?cat=7"},"img":{"alt_text":"","src":"","width":0,"height":0},"classes":[]},{"id":4527,"url":"https:\/\/jornalrol.com.br\/?p=4527","url_meta":{"origin":33572,"position":4},"title":"Genealogia: Afr\u00e2nio Mello fornece informa\u00e7\u00f5es sobre as familias BORGES, CRUZ, IGN\u00c1CIO, PEREIRA e RIBEIRO","author":"Helio Rubens","date":"28 de mar\u00e7o de 2016","format":false,"excerpt":"Afr\u00e2nio Franco de Oliveira Mello - ATENDIMENTOS N\u00daMEROS 684, 685, 686, 687 E 688 \u00a0 Dina, boa tarde. Sauda\u00e7\u00f5es ao povo Catarinense e em especial aos de Itaja\u00ed. Estou passando para voc\u00ea os arquivos abaixo e depois um resumo de cada um deles. BORGES...............................\u00a0\u00a0\u00a0 Tr\u00eas p\u00e1ginas e dois bras\u00f5es ;\u2026","rel":"","context":"Em &quot;Comunica\u00e7\u00e3o&quot;","block_context":{"text":"Comunica\u00e7\u00e3o","link":"https:\/\/jornalrol.com.br\/?cat=7"},"img":{"alt_text":"","src":"","width":0,"height":0},"classes":[]},{"id":50264,"url":"https:\/\/jornalrol.com.br\/?p=50264","url_meta":{"origin":33572,"position":5},"title":"FEBACLA abre inscri\u00e7\u00f5es para quem se interessar em pleitear um T\u00edtulo de CAVALEIRO GRANDE OFICIAL ou DAMA GRANDE OFICIAL da Real Ordem dos Cavaleiros e Damas da Rei Ramiro II de Le\u00e3o.","author":"Dom Alexandre da Silva Cam\u00ealo Rurikovich Carvalho","date":"21 de maio de 2022","format":false,"excerpt":"Os indicados dever\u00e3o enviar curr\u00edculo aos cuidados de Dom Alexandre Cam\u00ealo Rurikovich Carvalho pelo e-mail: domalexandrecarvalho@gmail.com Est\u00e3o abertas inscri\u00e7\u00f5es para quem se interessar em pleitear um T\u00edtulo de CAVALEIRO GRANDE OFICIAL ou DAMA GRANDE OFICIAL da Real Ordem dos Cavaleiros e Damas do Rei Ramiro II de Le\u00e3o. Para tanto,\u2026","rel":"","context":"Em &quot;Comunica\u00e7\u00e3o&quot;","block_context":{"text":"Comunica\u00e7\u00e3o","link":"https:\/\/jornalrol.com.br\/?cat=7"},"img":{"alt_text":"","src":"https:\/\/i0.wp.com\/jornalrol.com.br\/wp-content\/uploads\/2022\/05\/5f175ddd-9cad-4e61-9047-8972963a8ca7.jpg?resize=350%2C200&ssl=1","width":350,"height":200,"srcset":"https:\/\/i0.wp.com\/jornalrol.com.br\/wp-content\/uploads\/2022\/05\/5f175ddd-9cad-4e61-9047-8972963a8ca7.jpg?resize=350%2C200&ssl=1 1x, https:\/\/i0.wp.com\/jornalrol.com.br\/wp-content\/uploads\/2022\/05\/5f175ddd-9cad-4e61-9047-8972963a8ca7.jpg?resize=525%2C300&ssl=1 1.5x, https:\/\/i0.wp.com\/jornalrol.com.br\/wp-content\/uploads\/2022\/05\/5f175ddd-9cad-4e61-9047-8972963a8ca7.jpg?resize=700%2C400&ssl=1 2x"},"classes":[]}],"_links":{"self":[{"href":"https:\/\/jornalrol.com.br\/index.php?rest_route=\/wp\/v2\/posts\/33572","targetHints":{"allow":["GET"]}}],"collection":[{"href":"https:\/\/jornalrol.com.br\/index.php?rest_route=\/wp\/v2\/posts"}],"about":[{"href":"https:\/\/jornalrol.com.br\/index.php?rest_route=\/wp\/v2\/types\/post"}],"author":[{"embeddable":true,"href":"https:\/\/jornalrol.com.br\/index.php?rest_route=\/wp\/v2\/users\/6"}],"replies":[{"embeddable":true,"href":"https:\/\/jornalrol.com.br\/index.php?rest_route=%2Fwp%2Fv2%2Fcomments&post=33572"}],"version-history":[{"count":0,"href":"https:\/\/jornalrol.com.br\/index.php?rest_route=\/wp\/v2\/posts\/33572\/revisions"}],"wp:attachment":[{"href":"https:\/\/jornalrol.com.br\/index.php?rest_route=%2Fwp%2Fv2%2Fmedia&parent=33572"}],"wp:term":[{"taxonomy":"category","embeddable":true,"href":"https:\/\/jornalrol.com.br\/index.php?rest_route=%2Fwp%2Fv2%2Fcategories&post=33572"},{"taxonomy":"post_tag","embeddable":true,"href":"https:\/\/jornalrol.com.br\/index.php?rest_route=%2Fwp%2Fv2%2Ftags&post=33572"}],"curies":[{"name":"wp","href":"https:\/\/api.w.org\/{rel}","templated":true}]}}