{"id":35747,"date":"2020-12-13T16:32:03","date_gmt":"2020-12-13T18:32:03","guid":{"rendered":"http:\/\/www.jornalrol.com.br\/?p=35747"},"modified":"2020-12-13T16:32:03","modified_gmt":"2020-12-13T18:32:03","slug":"no-quadro-de-colunistas-do-rol-um-escritor-e-poeta-que-respira-literatura-marcio-do-nascimento-castilho","status":"publish","type":"post","link":"https:\/\/jornalrol.com.br\/?p=35747","title":{"rendered":"No Quadro de Colunistas do ROL, um escritor e poeta que respira Literatura: M\u00e1rcio do Nascimento Castilho!"},"content":{"rendered":"<div class=\"pdfprnt-buttons pdfprnt-buttons-post pdfprnt-top-right\"><a href=\"https:\/\/jornalrol.com.br\/index.php?rest_route=%2Fwp%2Fv2%2Fposts%2F35747&print=pdf\" class=\"pdfprnt-button pdfprnt-button-pdf\" target=\"_blank\" ><\/a><a href=\"https:\/\/jornalrol.com.br\/index.php?rest_route=%2Fwp%2Fv2%2Fposts%2F35747&print=print\" class=\"pdfprnt-button pdfprnt-button-print\" target=\"_blank\" ><img decoding=\"async\" src=\"https:\/\/jornalrol.com.br\/wp-content\/plugins\/pdf-print\/images\/print.png\" alt=\"image_print\" title=\"Conte\u00fado de impress\u00e3o\" \/><\/a><\/div><figure id=\"attachment_35748\" aria-describedby=\"caption-attachment-35748\" style=\"width: 151px\" class=\"wp-caption aligncenter\"><a href=\"http:\/\/www.jornalrol.com.br\/no-quadro-de-colunistas-do-rol-um-escritor-e-poeta-que-respira-literatura-marcio-do-nascimento-castilho\/5c084b145d7142c0979cf4799d79eb35\/\" rel=\"attachment wp-att-35748\"><img loading=\"lazy\" decoding=\"async\" data-attachment-id=\"35748\" data-permalink=\"https:\/\/jornalrol.com.br\/?attachment_id=35748\" data-orig-file=\"https:\/\/jornalrol.com.br\/wp-content\/uploads\/2020\/12\/5C084B145D7142C0979CF4799D79EB35.jpg\" data-orig-size=\"358,405\" data-comments-opened=\"0\" data-image-meta=\"{&quot;aperture&quot;:&quot;0&quot;,&quot;credit&quot;:&quot;&quot;,&quot;camera&quot;:&quot;&quot;,&quot;caption&quot;:&quot;&quot;,&quot;created_timestamp&quot;:&quot;0&quot;,&quot;copyright&quot;:&quot;&quot;,&quot;focal_length&quot;:&quot;0&quot;,&quot;iso&quot;:&quot;0&quot;,&quot;shutter_speed&quot;:&quot;0&quot;,&quot;title&quot;:&quot;&quot;,&quot;orientation&quot;:&quot;0&quot;}\" data-image-title=\"5C084B145D7142C0979CF4799D79EB35\" data-image-description=\"\" data-image-caption=\"\" data-large-file=\"https:\/\/jornalrol.com.br\/wp-content\/uploads\/2020\/12\/5C084B145D7142C0979CF4799D79EB35.jpg\" class=\"wp-image-35748\" src=\"http:\/\/www.jornalrol.com.br\/wp-content\/uploads\/2020\/12\/5C084B145D7142C0979CF4799D79EB35-265x300.jpg\" alt=\"\" width=\"151\" height=\"171\" \/><\/a><figcaption id=\"caption-attachment-35748\" class=\"wp-caption-text\">M\u00e1rcio do Nascimento Castilho<\/figcaption><\/figure>\n<h2 style=\"text-align: center;\">M\u00e1rcio Castilho \u00e9 um escritor e poeta colaborador de v\u00e1rias academias de letras!<\/h2>\n<p><!--more--><\/p>\n<p><strong>M\u00e1rcio do Nascimento Castilho<\/strong>,<strong>\u00a0<\/strong>46,<strong>\u00a0<\/strong>\u00e9 um escritor natural de<strong>\u00a0<\/strong>Volta Redonda (RJ).<\/p>\n<p>\u00c9 funcion\u00e1rio p\u00fablico e cursa Licenciatura em Ci\u00eancias Biol\u00f3gicas pela UFRJ.<\/p>\n<p>\u00c9 membro da Academia Mundial de Cultura e Literatura (AMCL), da Sociedade Brasileira dos Poetas Aldravianistas (SBPA), da Academia Voltarredondense de Letras (AVL), da Academia Independente de Letras (AIL), da Academia Brasileira Camaquiana (ABC), da Academia de Artes, Ci\u00eancias e Letras do Brasil (ACILBRAS) e \u00e9 membro internacional da Federa\u00e7\u00e3o Brasileira dos Acad\u00eamicos das Ci\u00eancias, Letras e Artes (FEBACLA).<\/p>\n<p>Publicou v\u00e1rios textos em jornais alternativos de Bras\u00edlia e jornais da regi\u00e3o, assim como j\u00e1 participou de in\u00fameras antologias.<\/p>\n<p>Sua obra, &#8216;De Todos Os Tempos&#8217;, recebeu o Pr\u00eamio do Jornal Olho Vivo 2019 na categoria de melhor livro. M\u00e1rcio classificou-se esse ano no mesmo pr\u00eamio na categoria de melhor poeta.<\/p>\n<p>Em dezembro de 2020 lan\u00e7a o segundo livro da trilogia &#8216;De Todos&#8217; intitulado &#8216;De Todas As Tribos&#8217; no qual homenageia as multiculturas de nosso pa\u00eds, sendo parte da obra tamb\u00e9m reservada para homenagear \u00e0s in\u00fameras v\u00edtimas que perderam suas vidas para o novo coronav\u00edrus (COVID-19).<\/p>\n<p>M\u00e1rcio \u00e9 o mais novo colaborador do <strong>Jornal ROL <\/strong>e est\u00e1 ingressando no Quadro de Colunistas e Correspondentes com um aval de Primeira Grandeza: a convite de sua amiga e Editora Setorial do ROL, Cl\u00e1udia Lundgren!<\/p>\n<p>Seja muito bem-vindo \u00e0 Fam\u00edlia ROLiana, M\u00e1rcio!<\/p>\n<p>Abaixo, sua primeira contribui\u00e7\u00e3o, a cr\u00f4nica &#8216;Calend\u00e1rio invis\u00edvel&#8217;, trazendo o Tema do Ano: Covid-19!<\/p>\n<p style=\"text-align: center;\"><strong>CALEND\u00c1RIO INVIS\u00cdVEL<\/strong><\/p>\n<p><a href=\"http:\/\/www.jornalrol.com.br\/no-quadro-de-colunistas-do-rol-um-escritor-e-poeta-que-respira-literatura-marcio-do-nascimento-castilho\/58bfdb912c8a4c1383dff9da0b1e4b40\/\" rel=\"attachment wp-att-35749\"><img loading=\"lazy\" decoding=\"async\" class=\" wp-image-35749 alignleft\" src=\"http:\/\/www.jornalrol.com.br\/wp-content\/uploads\/2020\/12\/58BFDB912C8A4C1383DFF9DA0B1E4B40-241x300.jpg\" alt=\"\" width=\"252\" height=\"314\" \/><\/a><\/p>\n<p>Fixado na parede da sala, o calend\u00e1rio se faz presente de maneira quase impercept\u00edvel e ao longo das horas, eu passo por ele sem nem sequer notar que dia \u00e9 hoje. Vou para o trabalho, volto do trabalho e volta ou outra, passando pelo emudecido calend\u00e1rio, dou-me conta de que os dias da semana j\u00e1 est\u00e3o se perdendo neste emaranhado de tempo e espa\u00e7o. Quando penso ser domingo, j\u00e1 \u00e9 segunda-feira. Talvez porque a segunda esteja plena de ruas vazias, com\u00e9rcios fechados e menor quantidade de autom\u00f3veis a atravessarem os sinais vermelhos e a correrem desenfreadamente para que seus condutores n\u00e3o cheguem atrasados aos of\u00edcios di\u00e1rios.<\/p>\n<p>Num dia desses, me ligaram do trabalho para perguntar \u201cVoc\u00ea n\u00e3o vem trabalhar? Hoje \u00e9 seu dia de plant\u00e3o!\u201d E assim, fui-me, apressado e atabalhoadamente a cumprir o ritual de sa\u00edda para a linha de frente: escolhi a roupa no arm\u00e1rio, tomei banho, troquei-me, comi algo \u00e0s pressas, verifiquei se a vasilha de ra\u00e7\u00e3o do gato estava cheia, peguei as chaves, tranquei as portas. Por\u00e9m, j\u00e1 na rua, como se a aparentar um pol\u00edtico indiferente com a pandemia, lembrei-me de n\u00e3o ter colocado a m\u00e1scara! Retornei \u00e0s pressas em casa, peguei a chave, abri a porta, pus a m\u00e1scara. Ao sair de casa, corri para o ponto de \u00f4nibus e ap\u00f3s longos momentos de espera, peguei o transporte coletivo. Ao entrar na condu\u00e7\u00e3o, apliquei o \u00e1lcool em gel nas m\u00e3os e ao descer, novamente as higienizei com o produto. Caminhei mais alguns quil\u00f4metros e, enfim, \u00e0s 19:15, ainda que atrasado, cheguei ao trabalho.<\/p>\n<p>No final do expediente, com o corpo j\u00e1 exausto da labuta noturna, l\u00e1 fui eu pela manh\u00e3. Encontrei o jornaleiro que me saudou com o seu \u201cBom dia!\u201d e cruzei na cal\u00e7ada com as poucas pessoas que ocultavam suas identidades atrav\u00e9s das m\u00e1scaras de uso imprescind\u00edvel no vestu\u00e1rio atual, mudando at\u00e9 mesmo o significado do que \u00e9 ser diferente, afinal, diferente nos dias atuais, passou a ser sin\u00f4nimo de quem n\u00e3o as usa. De volta ao lar, cumpri o ritual de chegada: deixei os sapatos na porta de entrada, tirei as roupas e as desprezei no cesto presente na varanda, tomei um banho, coloquei o pijama e fui deitar. Neste instante, vieram a mim, em flashes de pensamentos, a lembran\u00e7a de que hoje era dia do anivers\u00e1rio do irm\u00e3o mais velho. Mas, que anivers\u00e1rio? N\u00e3o h\u00e1 festas este ano, nem nada para ser comemorado. Portanto, no calend\u00e1rio de 2020, a idade de passagem n\u00e3o deveria pagar ped\u00e1gio e o ciclo biol\u00f3gico deveria ter ficado estacionado no ano de 2019, j\u00e1 que o ano que o sucedeu est\u00e1 sendo marcado pela nulidade do tempo, das esta\u00e7\u00f5es, dos projetos que deveriam ter sido realizados e que foram postergados. Ent\u00e3o, ao meu prezado irm\u00e3o mais velho, desejei um \u201cFeliz Desanivers\u00e1rio!\u201d.<\/p>\n<p>Durante a minha folga, noutro dia fantasmag\u00f3rico deste calend\u00e1rio pand\u00eamico, estava eu a ouvir m\u00fasicas no Spotify quando come\u00e7ou a tocar a can\u00e7\u00e3o de Cazuza chamada \u201cPerto do Fogo\u201d, interpretada na voz da cantora Rita Lee. Fui apreciando a letra da can\u00e7\u00e3o quando de repente Rita citou \u201cAno 2000, ano 2020 e vai t\u00e1 tudo igual\u201d. O nosso grande g\u00eanio Cazuza jamais imaginaria que 2020 estaria lhe pregando uma pe\u00e7a fazendo com que as coisas ficassem sim, diferentes.<\/p>\n<p>Enquanto isso, o calend\u00e1rio continua ali, pendurado na parede, sem sequer ser notado \u00e0 espera de que no futuro possa ser validado nos livros de Hist\u00f3ria e arquivos jornal\u00edsticos.<\/p>\n<p>&nbsp;<\/p>\n<p><strong>M\u00e1rcio Castilho<\/strong><\/p>\n<p>marciocastilho74@outlook.com<\/p>\n<p>&nbsp;<\/p>\n<p>&nbsp;<\/p>\n<p>&nbsp;<\/p>\n<p>&nbsp;<\/p>\n<p>&nbsp;<\/p>\n","protected":false},"excerpt":{"rendered":"<p>M\u00e1rcio Castilho \u00e9 um escritor e poeta colaborador de v\u00e1rias academias de letras!<\/p>\n","protected":false},"author":6,"featured_media":35748,"comment_status":"closed","ping_status":"closed","sticky":false,"template":"","format":"standard","meta":{"_jetpack_newsletter_access":"","_jetpack_dont_email_post_to_subs":false,"_jetpack_newsletter_tier_id":0,"_jetpack_memberships_contains_paywalled_content":false,"_jetpack_memberships_contains_paid_content":false,"footnotes":""},"categories":[7],"tags":[1008,2131,5373],"class_list":["post-35747","post","type-post","status-publish","format-standard","has-post-thumbnail","hentry","category-comunicacao","tag-apresentacao","tag-colunista","tag-marcio-do-nascimento-castilho"],"aioseo_notices":[],"views":578,"jetpack_featured_media_url":"https:\/\/jornalrol.com.br\/wp-content\/uploads\/2020\/12\/5C084B145D7142C0979CF4799D79EB35.jpg","jetpack_sharing_enabled":true,"jetpack_likes_enabled":true,"jetpack-related-posts":[{"id":51348,"url":"https:\/\/jornalrol.com.br\/?p=51348","url_meta":{"origin":35747,"position":0},"title":"Escritor e poeta, M\u00e1rcio Castilho \u00e9 o entrevistado do programa Panorama, da R\u00e1dio Mundial Lite FM","author":"Sergio Diniz da Costa","date":"28 de julho de 2022","format":false,"excerpt":"O programa Panorama vai ao ar toda sexta-feira, das 10h \u00e0s 12h. htpp:\/\/radiomundialitefm.com O escritor e poeta\u00a0M\u00e1rcio Castilho ser\u00e1 o entrevistado do quadro Papel Timbrado, do\u00a0programa\u00a0Panorama, da R\u00e1dio\u00a0Mundial Lite FM, amanh\u00e3 (29), \u00e0s 11h30. Dirigida por Eraldo Pinheiro, a R\u00e1dio Mundial Lite FM \u00e9 uma r\u00e1dio web do Rio de\u2026","rel":"","context":"Em &quot;Comunica\u00e7\u00e3o&quot;","block_context":{"text":"Comunica\u00e7\u00e3o","link":"https:\/\/jornalrol.com.br\/?cat=7"},"img":{"alt_text":"","src":"https:\/\/i0.wp.com\/jornalrol.com.br\/wp-content\/uploads\/2022\/07\/2d7230cf-f5ee-4e5f-919c-e1281a555c9e-297x300.jpg?resize=350%2C200","width":350,"height":200},"classes":[]},{"id":69775,"url":"https:\/\/jornalrol.com.br\/?p=69775","url_meta":{"origin":35747,"position":1},"title":"M\u00e1rcio Castilho lan\u00e7a De Todos os Tons","author":"Sergio Diniz da Costa","date":"3 de outubro de 2024","format":false,"excerpt":"No dia 18 de outubro, das 19 h \u00e0s 21h30, o poeta e escritor M\u00e1rcio Castilho, lan\u00e7ar\u00e1 o livro 'De Todos os Tons', obra que fecha a trilogia po\u00e9tica 'De Todos'.","rel":"","context":"Em &quot;lan\u00e7amentos&quot;","block_context":{"text":"lan\u00e7amentos","link":"https:\/\/jornalrol.com.br\/?cat=9462"},"img":{"alt_text":"Capa do livro 'De Todos os Tons', de M\u00e1rcio Castilho","src":"https:\/\/i0.wp.com\/jornalrol.com.br\/wp-content\/uploads\/2024\/09\/d60f6460-4306-4795-95f9-66a5bc741a87-1.jpeg?resize=350%2C200&ssl=1","width":350,"height":200},"classes":[]},{"id":36928,"url":"https:\/\/jornalrol.com.br\/?p=36928","url_meta":{"origin":35747,"position":2},"title":"M\u00e1rcio Castilho: &#039;Poema peculiar&#039;","author":"Sergio Diniz da Costa","date":"21 de janeiro de 2021","format":false,"excerpt":"Poema peculiar Posso passar por parvo, por perpassar pontes, Pular parapeitos, por pensar parcamente, Por\u00e9m poeta parcialmente pensante Priorizarei paix\u00f5es paulatinamente; \u00a0 Pois pensando peculiarmente primata Pari poesias, palavrinhas prim\u00e1rias, Plasmando pensares pelos portos, pomares, Ponderando poemetos particulares. \u00a0 Passeando, pecando pelas parvo\u00edces, Por pessoas proclamarei predile\u00e7\u00f5es Porque pares perfeitos\u2026","rel":"","context":"Em &quot;Comunica\u00e7\u00e3o&quot;","block_context":{"text":"Comunica\u00e7\u00e3o","link":"https:\/\/jornalrol.com.br\/?cat=7"},"img":{"alt_text":"","src":"https:\/\/i0.wp.com\/jornalrol.com.br\/wp-content\/uploads\/2021\/01\/208CC5B401844840A254A8FD4C11DDE7.jpg?resize=350%2C200&ssl=1","width":350,"height":200,"srcset":"https:\/\/i0.wp.com\/jornalrol.com.br\/wp-content\/uploads\/2021\/01\/208CC5B401844840A254A8FD4C11DDE7.jpg?resize=350%2C200&ssl=1 1x, https:\/\/i0.wp.com\/jornalrol.com.br\/wp-content\/uploads\/2021\/01\/208CC5B401844840A254A8FD4C11DDE7.jpg?resize=525%2C300&ssl=1 1.5x"},"classes":[]},{"id":37379,"url":"https:\/\/jornalrol.com.br\/?p=37379","url_meta":{"origin":35747,"position":3},"title":"M\u00e1rcio Castilho: &#039;Safety&#039;","author":"Sergio Diniz da Costa","date":"4 de fevereiro de 2021","format":false,"excerpt":"Safety Da crueldade e dos devassos Eu te protejo, amor meu; Teu escudo \u00e9 meu abra\u00e7o A tombar dem\u00f4nios teus. \u00a0 Te defendo contra a morte Inda que em meus bra\u00e7os morra; E mesmo que meu sangue escorra, Eu lutarei e serei forte Deuses, guerreiros, dem\u00f4nios: Todos n\u00e3o passam de\u2026","rel":"","context":"Em &quot;Comunica\u00e7\u00e3o&quot;","block_context":{"text":"Comunica\u00e7\u00e3o","link":"https:\/\/jornalrol.com.br\/?cat=7"},"img":{"alt_text":"","src":"https:\/\/i0.wp.com\/www.jornalrol.com.br\/wp-content\/uploads\/2021\/01\/unnamed-4-3-150x150.jpg?resize=350%2C200","width":350,"height":200},"classes":[]},{"id":48946,"url":"https:\/\/jornalrol.com.br\/?p=48946","url_meta":{"origin":35747,"position":4},"title":"M\u00e1rcio Castilho: &#039;\u00d3sculo&#039;","author":"Sergio Diniz da Costa","date":"6 de mar\u00e7o de 2022","format":false,"excerpt":"\u00d3sculo Bra\u00e7os vazios invadidos Por dois bra\u00e7os no mesmo espa\u00e7o, Dois bra\u00e7os no abra\u00e7o, aninhados, Dois p\u00e1ssaros no mesmo ninho. \u00a0 Bra\u00e7os inermes confundidos, Quatro bra\u00e7os bem abra\u00e7ados, Atados num n\u00f3, apertados, De s\u00fabito, surpreendidos. \u00a0 M\u00e3os manietadas no abra\u00e7o, \u00d3sculo fugaz, por acaso; Acaso: casualidade. \u00a0 Quatro bra\u00e7os enamorados,\u2026","rel":"","context":"Em &quot;Comunica\u00e7\u00e3o&quot;","block_context":{"text":"Comunica\u00e7\u00e3o","link":"https:\/\/jornalrol.com.br\/?cat=7"},"img":{"alt_text":"","src":"https:\/\/i0.wp.com\/jornalrol.com.br\/wp-content\/uploads\/2022\/01\/PicsArt_01-09-06.28.02-150x150.jpg?resize=350%2C200","width":350,"height":200},"classes":[]},{"id":42625,"url":"https:\/\/jornalrol.com.br\/?p=42625","url_meta":{"origin":35747,"position":5},"title":"M\u00e1rcio Castilho: &#039;Das trompas de Eust\u00e1quio&#039;","author":"Claudia Lundgren","date":"5 de julho de 2021","format":false,"excerpt":"Das trompas de Eust\u00e1quio Pensei numa trova, Pensei num haicai, Pensei numa nova Estrofe ao meu pai. \u00a0 Da\u00ed refletindo Mem\u00f3rias de infante, Fui eu regredindo A um tempo distante... \u00a0 A um tempo de zelo, De aconchego em casa, Daquele tempero Da sopa na brasa. \u00a0 Da sopa que\u2026","rel":"","context":"Em &quot;Comunica\u00e7\u00e3o&quot;","block_context":{"text":"Comunica\u00e7\u00e3o","link":"https:\/\/jornalrol.com.br\/?cat=7"},"img":{"alt_text":"","src":"https:\/\/i0.wp.com\/www.jornalrol.com.br\/wp-content\/uploads\/2021\/07\/PicsArt_07-05-01.38.45-150x150.jpg?resize=350%2C200","width":350,"height":200},"classes":[]}],"_links":{"self":[{"href":"https:\/\/jornalrol.com.br\/index.php?rest_route=\/wp\/v2\/posts\/35747","targetHints":{"allow":["GET"]}}],"collection":[{"href":"https:\/\/jornalrol.com.br\/index.php?rest_route=\/wp\/v2\/posts"}],"about":[{"href":"https:\/\/jornalrol.com.br\/index.php?rest_route=\/wp\/v2\/types\/post"}],"author":[{"embeddable":true,"href":"https:\/\/jornalrol.com.br\/index.php?rest_route=\/wp\/v2\/users\/6"}],"replies":[{"embeddable":true,"href":"https:\/\/jornalrol.com.br\/index.php?rest_route=%2Fwp%2Fv2%2Fcomments&post=35747"}],"version-history":[{"count":0,"href":"https:\/\/jornalrol.com.br\/index.php?rest_route=\/wp\/v2\/posts\/35747\/revisions"}],"wp:featuredmedia":[{"embeddable":true,"href":"https:\/\/jornalrol.com.br\/index.php?rest_route=\/wp\/v2\/media\/35748"}],"wp:attachment":[{"href":"https:\/\/jornalrol.com.br\/index.php?rest_route=%2Fwp%2Fv2%2Fmedia&parent=35747"}],"wp:term":[{"taxonomy":"category","embeddable":true,"href":"https:\/\/jornalrol.com.br\/index.php?rest_route=%2Fwp%2Fv2%2Fcategories&post=35747"},{"taxonomy":"post_tag","embeddable":true,"href":"https:\/\/jornalrol.com.br\/index.php?rest_route=%2Fwp%2Fv2%2Ftags&post=35747"}],"curies":[{"name":"wp","href":"https:\/\/api.w.org\/{rel}","templated":true}]}}