{"id":35762,"date":"2020-12-14T15:07:53","date_gmt":"2020-12-14T17:07:53","guid":{"rendered":"http:\/\/www.jornalrol.com.br\/?p=35762"},"modified":"2020-12-14T15:07:53","modified_gmt":"2020-12-14T17:07:53","slug":"marcio-castilho-lanca-o-segundo-volume-da-trilogia-de-todos","status":"publish","type":"post","link":"https:\/\/jornalrol.com.br\/?p=35762","title":{"rendered":"M\u00e1rcio Castilho lan\u00e7a o segundo volume da trilogia &#039;De Todos&#039;"},"content":{"rendered":"<div class=\"pdfprnt-buttons pdfprnt-buttons-post pdfprnt-top-right\"><a href=\"https:\/\/jornalrol.com.br\/index.php?rest_route=%2Fwp%2Fv2%2Fposts%2F35762&print=pdf\" class=\"pdfprnt-button pdfprnt-button-pdf\" target=\"_blank\" ><\/a><a href=\"https:\/\/jornalrol.com.br\/index.php?rest_route=%2Fwp%2Fv2%2Fposts%2F35762&print=print\" class=\"pdfprnt-button pdfprnt-button-print\" target=\"_blank\" ><img decoding=\"async\" src=\"https:\/\/jornalrol.com.br\/wp-content\/plugins\/pdf-print\/images\/print.png\" alt=\"image_print\" title=\"Conte\u00fado de impress\u00e3o\" \/><\/a><\/div><h2 style=\"text-align: center;\"><a href=\"http:\/\/www.jornalrol.com.br\/marcio-castilho-lanca-o-segundo-volume-da-trilogia-de-todos\/47cb0bee-54bb-421b-bdc5-94f86c2a9857\/\" rel=\"attachment wp-att-35763\"><img loading=\"lazy\" decoding=\"async\" data-attachment-id=\"35763\" data-permalink=\"https:\/\/jornalrol.com.br\/?attachment_id=35763\" data-orig-file=\"https:\/\/jornalrol.com.br\/wp-content\/uploads\/2020\/12\/47cb0bee-54bb-421b-bdc5-94f86c2a9857.jpg\" data-orig-size=\"1240,1754\" data-comments-opened=\"0\" data-image-meta=\"{&quot;aperture&quot;:&quot;0&quot;,&quot;credit&quot;:&quot;&quot;,&quot;camera&quot;:&quot;&quot;,&quot;caption&quot;:&quot;&quot;,&quot;created_timestamp&quot;:&quot;0&quot;,&quot;copyright&quot;:&quot;&quot;,&quot;focal_length&quot;:&quot;0&quot;,&quot;iso&quot;:&quot;0&quot;,&quot;shutter_speed&quot;:&quot;0&quot;,&quot;title&quot;:&quot;&quot;,&quot;orientation&quot;:&quot;0&quot;}\" data-image-title=\"47cb0bee-54bb-421b-bdc5-94f86c2a9857\" data-image-description=\"\" data-image-caption=\"\" data-large-file=\"https:\/\/jornalrol.com.br\/wp-content\/uploads\/2020\/12\/47cb0bee-54bb-421b-bdc5-94f86c2a9857.jpg\" class=\"wp-image-35763 aligncenter\" src=\"http:\/\/www.jornalrol.com.br\/wp-content\/uploads\/2020\/12\/47cb0bee-54bb-421b-bdc5-94f86c2a9857-212x300.jpg\" alt=\"\" width=\"231\" height=\"327\" \/><\/a><\/h2>\n<h2 style=\"text-align: center;\">O poeta voltarredondense foi premiado na categoria de melhor livro de 2019 pelo jornal Olho Vivo 2019<\/h2>\n<p><!--more--><\/p>\n<p>O poeta voltarredondense, premiado na categoria de melhor livro de 2019 pelo jornal Olho Vivo 2019 lan\u00e7a no dia <strong>18 de dezembro de 2020<\/strong> o segundo volume da trilogia &#8216;De Todos&#8217;. Em De Todas As Tribos, o autor traz as vozes distintas de nossa sociedade. M\u00e1rcio Castilho relata que o livro a princ\u00edpio seria apenas uma homenagem \u00e0s culturas, ra\u00e7as, g\u00eaneros, cren\u00e7as, por\u00e9m, enquanto estava escrevendo a obra, viu-se em meio \u00e0 pandemia e ao terror gerado pela COVID-19 e, portanto, parte dela foi endere\u00e7ada aos familiares das v\u00edtimas e \u00e0s in\u00fameras pessoas que perdemos para o v\u00edrus, designando at\u00e9 mesmo um subt\u00edtulo para o livro, &#8216;Relato Hist\u00f3rico De Uma Pandemia&#8217;.<\/p>\n<p>Em De Todas As Tribos, o autor se apropria de tautogramas, trava-l\u00ednguas, sonetos, versos livres e poemas concretos para exaltar todos os povos, expressar sua indigna\u00e7\u00e3o com a pol\u00edtica atual e discorrer sobre fatos importantes e impactantes na hist\u00f3ria como o tr\u00e1gico rompimento da barragem de Brumadinho, em Minas Gerais, as inunda\u00e7\u00f5es causadas pelas chuvas no Rio de Janeiro e S\u00e3o Paulo, os impactos negativos em nosso meio ambiente causados pelas a\u00e7\u00f5es antr\u00f3picas e o assassinato de George Floyd.<\/p>\n<p>O poeta tamb\u00e9m se instrumentalizou de seu conhecimento biol\u00f3gico para compor alguns de seus poemas. Em \u201cBarreiras Nas Orlas\u201d ele cita a fauna oce\u00e2nica e a saudade de ver o mar durante a quarentena \u201cQuando baixarem as barreiras, quero perder-me na ac\u00fastica das conchas, esquecer-me de vez o som da obstru\u00edda cava, a Covid, o covil, a cova rasa, o desabra\u00e7o que nos afastava (&#8230;)\u201d<\/p>\n<p>De Todas As Tribos foi prefaciado por\u00a0 <strong>Cl\u00e1udia Lundgren<\/strong>,<strong>\u00a0<\/strong>escritora, poetisa e Editora Setorial do <strong>Jornal Cultural ROL<\/strong>,\u00a0\u00a0e conta com a participa\u00e7\u00e3o do poeta mo\u00e7ambicano Mafala Ya Mbumba no \u201cPoema do Acr\u00edlico\u201d, fazendo uma conex\u00e3o al\u00e9m-mar. O livro traz poemas premiados em concursos liter\u00e1rios tais como &#8216;Sopro&#8217; e &#8216;Astral Mente&#8217;, assim como alguns poemas declamados nas redes sociais e meios acad\u00eamicos por outros poetas contempor\u00e2neos e pelo seu grupo Sarau De Todos Os Tempos e al\u00e9m de seu repert\u00f3rio po\u00e9tico, a obra tamb\u00e9m traz algumas cr\u00f4nicas escritas pelo autor ao longo do pand\u00eamico ano de 2020.<\/p>\n<p>&nbsp;<\/p>\n<p><strong>SOPRO <\/strong><\/p>\n<p>Enquanto houver em mim um h\u00e1lito de vida,<\/p>\n<p>Esperarei pelo amor que houvera sonhado,<\/p>\n<p>N\u00e3o me desesperarei, n\u00e3o darei guarida<\/p>\n<p>\u00c0s v\u00e3s desilus\u00f5es no destino tra\u00e7ado.<\/p>\n<p>&nbsp;<\/p>\n<p>Para que me aceites no meu \u00faltimo instante,<\/p>\n<p>Ensaiei minha morte de bra\u00e7os abertos,<\/p>\n<p>Com l\u00e1bio escarlate \u00e1vido por beijar-te<\/p>\n<p>E olhos semicerrados a ver-te deserta.<\/p>\n<p>&nbsp;<\/p>\n<p>Pelo amor que houvera sonhado, lutarei;<\/p>\n<p>Nas fronteiras do corpo e da alma, te amarei<\/p>\n<p>E te desejarei sempre e sempre mais ainda.<\/p>\n<p>&nbsp;<\/p>\n<p>Nem o inferno, nem o c\u00e9u nos separar\u00e1,<\/p>\n<p>Nenhum mundo nunca nos distanciar\u00e1<\/p>\n<p>Enquanto houver em mim um h\u00e1lito de vida.<\/p>\n<p>&nbsp;<\/p>\n<p><strong>M\u00e1rcio Castilho<\/strong><\/p>\n<p><strong>Contatos:<\/strong><\/p>\n<p>Telefone: (24)99905-3991<\/p>\n<p>E-mail: marciocastilho@outlook.com<\/p>\n<p>https:\/\/www.instagram.marciocastilho7508<\/p>\n<p>&nbsp;<\/p>\n<p>&nbsp;<\/p>\n<p>&nbsp;<\/p>\n<p>&nbsp;<\/p>\n<p>&nbsp;<\/p>\n<p>&nbsp;<\/p>\n<p>&nbsp;<\/p>\n","protected":false},"excerpt":{"rendered":"<p>O poeta voltarredondense foi premiado na categoria de melhor livro de 2019 pelo jornal Olho Vivo 2019<\/p>\n","protected":false},"author":6,"featured_media":35763,"comment_status":"closed","ping_status":"closed","sticky":false,"template":"","format":"standard","meta":{"_jetpack_newsletter_access":"","_jetpack_dont_email_post_to_subs":false,"_jetpack_newsletter_tier_id":0,"_jetpack_memberships_contains_paywalled_content":false,"_jetpack_memberships_contains_paid_content":false,"footnotes":""},"categories":[7],"tags":[2648,4983,5145,5372],"class_list":["post-35762","post","type-post","status-publish","format-standard","has-post-thumbnail","hentry","category-comunicacao","tag-de-todos","tag-lancamento","tag-livro","tag-marcio-castilho"],"aioseo_notices":[],"views":475,"jetpack_featured_media_url":"https:\/\/jornalrol.com.br\/wp-content\/uploads\/2020\/12\/47cb0bee-54bb-421b-bdc5-94f86c2a9857.jpg","jetpack_sharing_enabled":true,"jetpack_likes_enabled":true,"jetpack-related-posts":[{"id":69775,"url":"https:\/\/jornalrol.com.br\/?p=69775","url_meta":{"origin":35762,"position":0},"title":"M\u00e1rcio Castilho lan\u00e7a De Todos os Tons","author":"Sergio Diniz da Costa","date":"3 de outubro de 2024","format":false,"excerpt":"No dia 18 de outubro, das 19 h \u00e0s 21h30, o poeta e escritor M\u00e1rcio Castilho, lan\u00e7ar\u00e1 o livro 'De Todos os Tons', obra que fecha a trilogia po\u00e9tica 'De Todos'.","rel":"","context":"Em &quot;lan\u00e7amentos&quot;","block_context":{"text":"lan\u00e7amentos","link":"https:\/\/jornalrol.com.br\/?cat=9462"},"img":{"alt_text":"Capa do livro 'De Todos os Tons', de M\u00e1rcio Castilho","src":"https:\/\/i0.wp.com\/jornalrol.com.br\/wp-content\/uploads\/2024\/09\/d60f6460-4306-4795-95f9-66a5bc741a87-1.jpeg?resize=350%2C200&ssl=1","width":350,"height":200},"classes":[]},{"id":51348,"url":"https:\/\/jornalrol.com.br\/?p=51348","url_meta":{"origin":35762,"position":1},"title":"Escritor e poeta, M\u00e1rcio Castilho \u00e9 o entrevistado do programa Panorama, da R\u00e1dio Mundial Lite FM","author":"Sergio Diniz da Costa","date":"28 de julho de 2022","format":false,"excerpt":"O programa Panorama vai ao ar toda sexta-feira, das 10h \u00e0s 12h. htpp:\/\/radiomundialitefm.com O escritor e poeta\u00a0M\u00e1rcio Castilho ser\u00e1 o entrevistado do quadro Papel Timbrado, do\u00a0programa\u00a0Panorama, da R\u00e1dio\u00a0Mundial Lite FM, amanh\u00e3 (29), \u00e0s 11h30. Dirigida por Eraldo Pinheiro, a R\u00e1dio Mundial Lite FM \u00e9 uma r\u00e1dio web do Rio de\u2026","rel":"","context":"Em &quot;Comunica\u00e7\u00e3o&quot;","block_context":{"text":"Comunica\u00e7\u00e3o","link":"https:\/\/jornalrol.com.br\/?cat=7"},"img":{"alt_text":"","src":"https:\/\/i0.wp.com\/jornalrol.com.br\/wp-content\/uploads\/2022\/07\/2d7230cf-f5ee-4e5f-919c-e1281a555c9e-297x300.jpg?resize=350%2C200","width":350,"height":200},"classes":[]},{"id":35747,"url":"https:\/\/jornalrol.com.br\/?p=35747","url_meta":{"origin":35762,"position":2},"title":"No Quadro de Colunistas do ROL, um escritor e poeta que respira Literatura: M\u00e1rcio do Nascimento Castilho!","author":"Sergio Diniz da Costa","date":"13 de dezembro de 2020","format":false,"excerpt":"M\u00e1rcio Castilho \u00e9 um escritor e poeta colaborador de v\u00e1rias academias de letras! M\u00e1rcio do Nascimento Castilho,\u00a046,\u00a0\u00e9 um escritor natural de\u00a0Volta Redonda (RJ). \u00c9 funcion\u00e1rio p\u00fablico e cursa Licenciatura em Ci\u00eancias Biol\u00f3gicas pela UFRJ. \u00c9 membro da Academia Mundial de Cultura e Literatura (AMCL), da Sociedade Brasileira dos Poetas Aldravianistas\u2026","rel":"","context":"Em &quot;Comunica\u00e7\u00e3o&quot;","block_context":{"text":"Comunica\u00e7\u00e3o","link":"https:\/\/jornalrol.com.br\/?cat=7"},"img":{"alt_text":"","src":"https:\/\/i0.wp.com\/jornalrol.com.br\/wp-content\/uploads\/2020\/12\/5C084B145D7142C0979CF4799D79EB35.jpg?resize=350%2C200&ssl=1","width":350,"height":200},"classes":[]},{"id":36026,"url":"https:\/\/jornalrol.com.br\/?p=36026","url_meta":{"origin":35762,"position":3},"title":"M\u00e1rcio Castilho: &#039;Milenares&#039;","author":"Sergio Diniz da Costa","date":"26 de dezembro de 2020","format":false,"excerpt":"Milenares Viva, seja feliz a seu modo; N\u00e3o simule, sorria, seja profundo; Vislumbre vit\u00f3rias e chuvas de fogos, Cante por um segundo. \u00a0 Vir\u00e1 o que h\u00e1 de vir Entre trocas de olhares, palavras num sil\u00eancio; N\u00e3o deixe de sentir A esperan\u00e7a quase intang\u00edvel do novo mil\u00eanio. \u00a0 Atue no\u2026","rel":"","context":"Em &quot;Comunica\u00e7\u00e3o&quot;","block_context":{"text":"Comunica\u00e7\u00e3o","link":"https:\/\/jornalrol.com.br\/?cat=7"},"img":{"alt_text":"","src":"https:\/\/i0.wp.com\/www.jornalrol.com.br\/wp-content\/uploads\/2020\/12\/53E8BED5BBB94FFD85D1B1F442CAD66B-265x300.jpg?resize=350%2C200","width":350,"height":200},"classes":[]},{"id":37379,"url":"https:\/\/jornalrol.com.br\/?p=37379","url_meta":{"origin":35762,"position":4},"title":"M\u00e1rcio Castilho: &#039;Safety&#039;","author":"Sergio Diniz da Costa","date":"4 de fevereiro de 2021","format":false,"excerpt":"Safety Da crueldade e dos devassos Eu te protejo, amor meu; Teu escudo \u00e9 meu abra\u00e7o A tombar dem\u00f4nios teus. \u00a0 Te defendo contra a morte Inda que em meus bra\u00e7os morra; E mesmo que meu sangue escorra, Eu lutarei e serei forte Deuses, guerreiros, dem\u00f4nios: Todos n\u00e3o passam de\u2026","rel":"","context":"Em &quot;Comunica\u00e7\u00e3o&quot;","block_context":{"text":"Comunica\u00e7\u00e3o","link":"https:\/\/jornalrol.com.br\/?cat=7"},"img":{"alt_text":"","src":"https:\/\/i0.wp.com\/www.jornalrol.com.br\/wp-content\/uploads\/2021\/01\/unnamed-4-3-150x150.jpg?resize=350%2C200","width":350,"height":200},"classes":[]},{"id":43510,"url":"https:\/\/jornalrol.com.br\/?p=43510","url_meta":{"origin":35762,"position":5},"title":"M\u00e1rcio Castilho: &#039;De l\u00e1 para c\u00e1&#039;","author":"Sergio Diniz da Costa","date":"3 de agosto de 2021","format":false,"excerpt":"De l\u00e1 para c\u00e1 Do lado de c\u00e1 Ou\u00e7o o marulho das ondas. Das ondas que vem, Das ondas que v\u00e3o, Das ondas que explodem Na rebenta\u00e7\u00e3o. \u00a0 Do lado de c\u00e1 Todos os dias o sol se espraia Sobre a restinga que n'areia avan\u00e7a, sobre os manguezais, sobre a\u2026","rel":"","context":"Em &quot;Comunica\u00e7\u00e3o&quot;","block_context":{"text":"Comunica\u00e7\u00e3o","link":"https:\/\/jornalrol.com.br\/?cat=7"},"img":{"alt_text":"","src":"https:\/\/i0.wp.com\/www.jornalrol.com.br\/wp-content\/uploads\/2021\/08\/PicsArt_08-03-07.27.37-150x150.jpg?resize=350%2C200","width":350,"height":200},"classes":[]}],"_links":{"self":[{"href":"https:\/\/jornalrol.com.br\/index.php?rest_route=\/wp\/v2\/posts\/35762","targetHints":{"allow":["GET"]}}],"collection":[{"href":"https:\/\/jornalrol.com.br\/index.php?rest_route=\/wp\/v2\/posts"}],"about":[{"href":"https:\/\/jornalrol.com.br\/index.php?rest_route=\/wp\/v2\/types\/post"}],"author":[{"embeddable":true,"href":"https:\/\/jornalrol.com.br\/index.php?rest_route=\/wp\/v2\/users\/6"}],"replies":[{"embeddable":true,"href":"https:\/\/jornalrol.com.br\/index.php?rest_route=%2Fwp%2Fv2%2Fcomments&post=35762"}],"version-history":[{"count":0,"href":"https:\/\/jornalrol.com.br\/index.php?rest_route=\/wp\/v2\/posts\/35762\/revisions"}],"wp:featuredmedia":[{"embeddable":true,"href":"https:\/\/jornalrol.com.br\/index.php?rest_route=\/wp\/v2\/media\/35763"}],"wp:attachment":[{"href":"https:\/\/jornalrol.com.br\/index.php?rest_route=%2Fwp%2Fv2%2Fmedia&parent=35762"}],"wp:term":[{"taxonomy":"category","embeddable":true,"href":"https:\/\/jornalrol.com.br\/index.php?rest_route=%2Fwp%2Fv2%2Fcategories&post=35762"},{"taxonomy":"post_tag","embeddable":true,"href":"https:\/\/jornalrol.com.br\/index.php?rest_route=%2Fwp%2Fv2%2Ftags&post=35762"}],"curies":[{"name":"wp","href":"https:\/\/api.w.org\/{rel}","templated":true}]}}