{"id":35768,"date":"2020-12-14T20:26:40","date_gmt":"2020-12-14T22:26:40","guid":{"rendered":"http:\/\/www.jornalrol.com.br\/?p=35768"},"modified":"2020-12-14T20:26:40","modified_gmt":"2020-12-14T22:26:40","slug":"pietro-costa-as-asas-da-alma","status":"publish","type":"post","link":"https:\/\/jornalrol.com.br\/?p=35768","title":{"rendered":"Pietro Costa: &#039;As Asas da Alma&#039;"},"content":{"rendered":"<div class=\"pdfprnt-buttons pdfprnt-buttons-post pdfprnt-top-right\"><a href=\"https:\/\/jornalrol.com.br\/index.php?rest_route=%2Fwp%2Fv2%2Fposts%2F35768&print=pdf\" class=\"pdfprnt-button pdfprnt-button-pdf\" target=\"_blank\" ><\/a><a href=\"https:\/\/jornalrol.com.br\/index.php?rest_route=%2Fwp%2Fv2%2Fposts%2F35768&print=print\" class=\"pdfprnt-button pdfprnt-button-print\" target=\"_blank\" ><img decoding=\"async\" src=\"https:\/\/jornalrol.com.br\/wp-content\/plugins\/pdf-print\/images\/print.png\" alt=\"image_print\" title=\"Conte\u00fado de impress\u00e3o\" \/><\/a><\/div><figure id=\"attachment_35038\" aria-describedby=\"caption-attachment-35038\" style=\"width: 150px\" class=\"wp-caption aligncenter\"><a href=\"http:\/\/www.jornalrol.com.br\/wp-content\/uploads\/2020\/11\/foto-Pietro-Costa.jpg\"><img loading=\"lazy\" decoding=\"async\" data-attachment-id=\"35038\" data-permalink=\"https:\/\/jornalrol.com.br\/?attachment_id=35038\" data-orig-file=\"https:\/\/jornalrol.com.br\/wp-content\/uploads\/2020\/11\/foto-Pietro-Costa.jpg\" data-orig-size=\"324,385\" data-comments-opened=\"0\" data-image-meta=\"{&quot;aperture&quot;:&quot;0&quot;,&quot;credit&quot;:&quot;&quot;,&quot;camera&quot;:&quot;&quot;,&quot;caption&quot;:&quot;&quot;,&quot;created_timestamp&quot;:&quot;0&quot;,&quot;copyright&quot;:&quot;&quot;,&quot;focal_length&quot;:&quot;0&quot;,&quot;iso&quot;:&quot;0&quot;,&quot;shutter_speed&quot;:&quot;0&quot;,&quot;title&quot;:&quot;&quot;,&quot;orientation&quot;:&quot;1&quot;}\" data-image-title=\"foto &amp;#8211; Pietro Costa\" data-image-description=\"\" data-image-caption=\"&lt;p&gt;Pietro Costa&lt;\/p&gt;\n\" data-large-file=\"https:\/\/jornalrol.com.br\/wp-content\/uploads\/2020\/11\/foto-Pietro-Costa.jpg\" class=\"size-thumbnail wp-image-35038\" src=\"http:\/\/www.jornalrol.com.br\/wp-content\/uploads\/2020\/11\/foto-Pietro-Costa-150x150.jpg\" alt=\"\" width=\"150\" height=\"150\" \/><\/a><figcaption id=\"caption-attachment-35038\" class=\"wp-caption-text\">Pietro Costa<\/figcaption><\/figure>\n<h2 style=\"text-align: center;\">As Asas da Alma<\/h2>\n<p><!--more--><\/p>\n<p style=\"text-align: center;\"><a href=\"http:\/\/www.jornalrol.com.br\/wp-content\/uploads\/2020\/12\/PicsArt_12-14-06.54.46.jpg\"><img loading=\"lazy\" decoding=\"async\" data-attachment-id=\"35769\" data-permalink=\"https:\/\/jornalrol.com.br\/?attachment_id=35769\" data-orig-file=\"https:\/\/jornalrol.com.br\/wp-content\/uploads\/2020\/12\/PicsArt_12-14-06.54.46.jpg\" data-orig-size=\"250,165\" data-comments-opened=\"0\" data-image-meta=\"{&quot;aperture&quot;:&quot;0&quot;,&quot;credit&quot;:&quot;293293426048101&quot;,&quot;camera&quot;:&quot;&quot;,&quot;caption&quot;:&quot;&quot;,&quot;created_timestamp&quot;:&quot;0&quot;,&quot;copyright&quot;:&quot;&quot;,&quot;focal_length&quot;:&quot;0&quot;,&quot;iso&quot;:&quot;0&quot;,&quot;shutter_speed&quot;:&quot;0&quot;,&quot;title&quot;:&quot;&quot;,&quot;orientation&quot;:&quot;1&quot;}\" data-image-title=\"PicsArt_12-14-06.54.46\" data-image-description=\"\" data-image-caption=\"\" data-large-file=\"https:\/\/jornalrol.com.br\/wp-content\/uploads\/2020\/12\/PicsArt_12-14-06.54.46.jpg\" class=\"size-full wp-image-35769 aligncenter\" src=\"http:\/\/www.jornalrol.com.br\/wp-content\/uploads\/2020\/12\/PicsArt_12-14-06.54.46.jpg\" alt=\"\" width=\"250\" height=\"165\" \/><\/a><\/p>\n<p style=\"text-align: center;\">E noto, no parapeito da minha janela,<br \/>\nAquele charmoso beija-flor a se achegar<br \/>\nAsas de bailarino se p\u00f5em a dan\u00e7ar<br \/>\nDo bebedouro, sorve o precioso n\u00e9ctar<\/p>\n<p style=\"text-align: center;\">Um voo picado e bem rente \u00e0 minha testa<br \/>\nE embalado no fortuito vento a soprar,<br \/>\nPerco seu perfume, magia a se dissipar<br \/>\nMal consegui desfrutar da graciosa festa<\/p>\n<p style=\"text-align: center;\">Espancando toda a dor do desencanto<br \/>\nPara me acompanhar, permaneceu essa saudade<br \/>\nCom a Florbela, eu brindo, eu vibro, em pranto<\/p>\n<p style=\"text-align: center;\">Na ta\u00e7a de cristal-prata, diluo as metades<br \/>\nO que o tempo afastou, vive no \u00edntimo recanto<br \/>\nAs asas da alma que nos guiam \u00e0 felicidade.<\/p>\n<p>&nbsp;<\/p>\n<p style=\"text-align: center;\"><strong>EN LAS ALAS DEL ALMA<\/strong><\/p>\n<p style=\"text-align: center;\"><a href=\"http:\/\/www.jornalrol.com.br\/wp-content\/uploads\/2020\/12\/PicsArt_12-14-06.54.46.jpg\"><img loading=\"lazy\" decoding=\"async\" data-attachment-id=\"35769\" data-permalink=\"https:\/\/jornalrol.com.br\/?attachment_id=35769\" data-orig-file=\"https:\/\/jornalrol.com.br\/wp-content\/uploads\/2020\/12\/PicsArt_12-14-06.54.46.jpg\" data-orig-size=\"250,165\" data-comments-opened=\"0\" data-image-meta=\"{&quot;aperture&quot;:&quot;0&quot;,&quot;credit&quot;:&quot;293293426048101&quot;,&quot;camera&quot;:&quot;&quot;,&quot;caption&quot;:&quot;&quot;,&quot;created_timestamp&quot;:&quot;0&quot;,&quot;copyright&quot;:&quot;&quot;,&quot;focal_length&quot;:&quot;0&quot;,&quot;iso&quot;:&quot;0&quot;,&quot;shutter_speed&quot;:&quot;0&quot;,&quot;title&quot;:&quot;&quot;,&quot;orientation&quot;:&quot;1&quot;}\" data-image-title=\"PicsArt_12-14-06.54.46\" data-image-description=\"\" data-image-caption=\"\" data-large-file=\"https:\/\/jornalrol.com.br\/wp-content\/uploads\/2020\/12\/PicsArt_12-14-06.54.46.jpg\" class=\"size-full wp-image-35769 aligncenter\" src=\"http:\/\/www.jornalrol.com.br\/wp-content\/uploads\/2020\/12\/PicsArt_12-14-06.54.46.jpg\" alt=\"\" width=\"250\" height=\"165\" \/><\/a><\/p>\n<p style=\"text-align: center;\">Noto, en la cornisa de mi ventana,<br \/>\naquel colibr\u00ed encantador llegando\u2026<br \/>\nAlas de bailar\u00edn se ponen a danzar y<br \/>\ndel bebedero sorbe el precioso n\u00e9ctar.<\/p>\n<p style=\"text-align: center;\">Un vuelo en picada y casi rozando mi frente,<br \/>\nembalado en el fortuito viento a soplar,<br \/>\npierdo su perfume,<br \/>\nmagia a disiparse\u2026<br \/>\n\u00a1Mal consegu\u00ed disfrutar de la graciosa fiesta!<\/p>\n<p style=\"text-align: center;\">Golpeando<br \/>\ntodo el dolor del desencanto,<br \/>\npara acompa\u00f1arme, permaneci\u00f3 esa nostalgia.<br \/>\nCon la Florbella,<br \/>\nyo brindo,<br \/>\nyo vibro en llanto.<\/p>\n<p style=\"text-align: center;\">En la copa de cristal-plata, diluyo las mitades.<br \/>\nLo que el tiempo apart\u00f3, vive en el \u00edntimo recanto.<br \/>\nLas alas del alma que nos gu\u00edan a la felicidad\u2026<\/p>\n<p>&nbsp;<\/p>\n<h4>Pietro Costa<\/h4>\n<p>pietro_costa22@hotmail.com<\/p>\n<p>&nbsp;<\/p>\n<p>* Clipe po\u00e9tico com tradu\u00e7\u00e3o para o Espanhol, em parceria com a multiartista venezuelana Damelis Castillo:<\/p>\n<div class=\"jetpack-video-wrapper\"><iframe loading=\"lazy\" title=\"AS ASAS DA ALMA - Pietro &amp; Damelis (clipe po\u00e9tico)\" width=\"640\" height=\"360\" src=\"https:\/\/www.youtube.com\/embed\/WvLTQfcE2ZE?feature=oembed\" frameborder=\"0\" allow=\"accelerometer; autoplay; clipboard-write; encrypted-media; gyroscope; picture-in-picture; web-share\" referrerpolicy=\"strict-origin-when-cross-origin\" allowfullscreen><\/iframe><\/div>\n<p>&nbsp;<\/p>\n","protected":false},"excerpt":{"rendered":"<p>As Asas da Alma<\/p>\n","protected":false},"author":20,"featured_media":35769,"comment_status":"closed","ping_status":"closed","sticky":false,"template":"","format":"standard","meta":{"_jetpack_newsletter_access":"","_jetpack_dont_email_post_to_subs":false,"_jetpack_newsletter_tier_id":0,"_jetpack_memberships_contains_paywalled_content":false,"_jetpack_memberships_contains_paid_content":false,"footnotes":""},"categories":[7],"tags":[1124,6775,6854,6865],"class_list":["post-35768","post","type-post","status-publish","format-standard","has-post-thumbnail","hentry","category-comunicacao","tag-as-asas-da-alma","tag-pietro-costa","tag-poesia","tag-poesia-falada"],"aioseo_notices":[],"views":368,"jetpack_featured_media_url":"https:\/\/jornalrol.com.br\/wp-content\/uploads\/2020\/12\/PicsArt_12-14-06.54.46.jpg","jetpack_sharing_enabled":true,"jetpack_likes_enabled":true,"jetpack-related-posts":[{"id":68712,"url":"https:\/\/jornalrol.com.br\/?p=68712","url_meta":{"origin":35768,"position":0},"title":"Asas partidas","author":"Pietro Costa","date":"14 de agosto de 2024","format":false,"excerpt":"Aos confins do mundo, em luta incessante, um drag\u00e3o soturno na busca insone, atormentado pelas cinzas, pelo sangue. As chamas hauridas pelo forte desgosto...","rel":"","context":"Em &quot;Literatura&quot;","block_context":{"text":"Literatura","link":"https:\/\/jornalrol.com.br\/?cat=9285"},"img":{"alt_text":"Um drag\u00e3o no Hades, sendo perseguido pelas Er\u00ednias","src":"https:\/\/i0.wp.com\/jornalrol.com.br\/wp-content\/uploads\/2024\/08\/OIG1-1-2.jpeg?resize=350%2C200&ssl=1","width":350,"height":200,"srcset":"https:\/\/i0.wp.com\/jornalrol.com.br\/wp-content\/uploads\/2024\/08\/OIG1-1-2.jpeg?resize=350%2C200&ssl=1 1x, https:\/\/i0.wp.com\/jornalrol.com.br\/wp-content\/uploads\/2024\/08\/OIG1-1-2.jpeg?resize=525%2C300&ssl=1 1.5x, https:\/\/i0.wp.com\/jornalrol.com.br\/wp-content\/uploads\/2024\/08\/OIG1-1-2.jpeg?resize=700%2C400&ssl=1 2x"},"classes":[]},{"id":45274,"url":"https:\/\/jornalrol.com.br\/?p=45274","url_meta":{"origin":35768,"position":1},"title":"Pietro Costa: &#039;A arte de ser poeta&#039;","author":"Pietro Costa","date":"3 de outubro de 2021","format":false,"excerpt":"A arte de ser poeta Artes\u00e3o amoroso, de alma inquieta, Cujos versos vertem emo\u00e7\u00f5es curativas. Sua p\u00e1 lavra rimas fraternas, As v\u00edrgulas revelam saudades reprimidas. \u00a0 Nas retic\u00eancias, busca ang\u00fastias sinceras As retinas debandam de leituras simpl\u00f3rias Nas conting\u00eancias, mira verdades eternas N\u00e3o se ensoberbece por interinas gl\u00f3rias \u00a0 Nas\u2026","rel":"","context":"Em &quot;Comunica\u00e7\u00e3o&quot;","block_context":{"text":"Comunica\u00e7\u00e3o","link":"https:\/\/jornalrol.com.br\/?cat=7"},"img":{"alt_text":"","src":"https:\/\/i0.wp.com\/www.jornalrol.com.br\/wp-content\/uploads\/2020\/11\/foto-Pietro-Costa-252x300.jpg?resize=350%2C200","width":350,"height":200},"classes":[]},{"id":60743,"url":"https:\/\/jornalrol.com.br\/?p=60743","url_meta":{"origin":35768,"position":2},"title":"Idade gloriosa","author":"Pietro Costa","date":"5 de setembro de 2023","format":false,"excerpt":"O poder de semear a sabedoria e a experi\u00eancia e colher os frutos do seu legado de resili\u00eancia \u00e9 \u00e1rvore frondosa, e n\u00e3o se verga \u00e0s ventanias. Galhos que...","rel":"","context":"Em &quot;Literatura&quot;","block_context":{"text":"Literatura","link":"https:\/\/jornalrol.com.br\/?cat=9285"},"img":{"alt_text":"Pietro Costa","src":"https:\/\/i0.wp.com\/jornalrol.com.br\/wp-content\/uploads\/2023\/06\/WhatsApp-Image-2023-06-09-at-16.42.23.jpeg?resize=350%2C200&ssl=1","width":350,"height":200,"srcset":"https:\/\/i0.wp.com\/jornalrol.com.br\/wp-content\/uploads\/2023\/06\/WhatsApp-Image-2023-06-09-at-16.42.23.jpeg?resize=350%2C200&ssl=1 1x, https:\/\/i0.wp.com\/jornalrol.com.br\/wp-content\/uploads\/2023\/06\/WhatsApp-Image-2023-06-09-at-16.42.23.jpeg?resize=525%2C300&ssl=1 1.5x, https:\/\/i0.wp.com\/jornalrol.com.br\/wp-content\/uploads\/2023\/06\/WhatsApp-Image-2023-06-09-at-16.42.23.jpeg?resize=700%2C400&ssl=1 2x"},"classes":[]},{"id":35201,"url":"https:\/\/jornalrol.com.br\/?p=35201","url_meta":{"origin":35768,"position":3},"title":"Pietro Costa: &#039;Livro aberto&#039;","author":"Pietro Costa","date":"23 de novembro de 2020","format":false,"excerpt":"Livro aberto O livro aberto \u00e9 a prosa mais instigante \u00c9 a poesia que nos convida ao sentimento \u00c9 o pulm\u00e3o atl\u00e9tico, valente e inquietante \u00c9 o paiol repleto de todos os mantimentos \u00a0 O livro aberto se assemelha a um leque Qu\u00e3o lenitivo o ventilar das suas p\u00e1ginas As\u2026","rel":"","context":"Em &quot;Comunica\u00e7\u00e3o&quot;","block_context":{"text":"Comunica\u00e7\u00e3o","link":"https:\/\/jornalrol.com.br\/?cat=7"},"img":{"alt_text":"","src":"https:\/\/i0.wp.com\/jornalrol.com.br\/wp-content\/uploads\/2020\/11\/Foto-poema-Livro-Aberto.jpg?resize=350%2C200&ssl=1","width":350,"height":200},"classes":[]},{"id":61362,"url":"https:\/\/jornalrol.com.br\/?p=61362","url_meta":{"origin":35768,"position":4},"title":"Vig\u00edlia","author":"Pietro Costa","date":"20 de setembro de 2023","format":false,"excerpt":"Tuas p\u00e1ginas, profus\u00e3o de sentires. Mergulhar no mar absoluto da alma, achar o tesouro nas linhas da palma. \u00c0 vista, afortunadas terras e devires...","rel":"","context":"Em &quot;Literatura&quot;","block_context":{"text":"Literatura","link":"https:\/\/jornalrol.com.br\/?cat=9285"},"img":{"alt_text":"Pietro Costa","src":"https:\/\/i0.wp.com\/jornalrol.com.br\/wp-content\/uploads\/2023\/09\/PIETRO-COSTA-Picture-119-1.jpg?resize=350%2C200&ssl=1","width":350,"height":200},"classes":[]},{"id":51047,"url":"https:\/\/jornalrol.com.br\/?p=51047","url_meta":{"origin":35768,"position":5},"title":"Pietro Costa: &#039;O que faz um cora\u00e7\u00e3o saltar?&#039;","author":"Pietro Costa","date":"10 de julho de 2022","format":false,"excerpt":"O que faz um cora\u00e7\u00e3o saltar? Inquieta, a poeta a elucubrar. \u00a0 A beldade das orqu\u00eddeas A brisa soprando calmaria \u00a0 As nuvens de frescor orvalhado O c\u00e2ntico virtuoso dos p\u00e1ssaros \u00a0 O campo verdejante e fresco Flores v\u00e1rias, vasto arvoredo \u00a0 A vida interiorana e sua tradi\u00e7\u00e3o Comidas t\u00edpicas\u2026","rel":"","context":"Em &quot;Comunica\u00e7\u00e3o&quot;","block_context":{"text":"Comunica\u00e7\u00e3o","link":"https:\/\/jornalrol.com.br\/?cat=7"},"img":{"alt_text":"","src":"https:\/\/i0.wp.com\/jornalrol.com.br\/wp-content\/uploads\/2022\/02\/IMG-20220201-WA0079-150x150.jpg?resize=350%2C200","width":350,"height":200},"classes":[]}],"_links":{"self":[{"href":"https:\/\/jornalrol.com.br\/index.php?rest_route=\/wp\/v2\/posts\/35768","targetHints":{"allow":["GET"]}}],"collection":[{"href":"https:\/\/jornalrol.com.br\/index.php?rest_route=\/wp\/v2\/posts"}],"about":[{"href":"https:\/\/jornalrol.com.br\/index.php?rest_route=\/wp\/v2\/types\/post"}],"author":[{"embeddable":true,"href":"https:\/\/jornalrol.com.br\/index.php?rest_route=\/wp\/v2\/users\/20"}],"replies":[{"embeddable":true,"href":"https:\/\/jornalrol.com.br\/index.php?rest_route=%2Fwp%2Fv2%2Fcomments&post=35768"}],"version-history":[{"count":0,"href":"https:\/\/jornalrol.com.br\/index.php?rest_route=\/wp\/v2\/posts\/35768\/revisions"}],"wp:featuredmedia":[{"embeddable":true,"href":"https:\/\/jornalrol.com.br\/index.php?rest_route=\/wp\/v2\/media\/35769"}],"wp:attachment":[{"href":"https:\/\/jornalrol.com.br\/index.php?rest_route=%2Fwp%2Fv2%2Fmedia&parent=35768"}],"wp:term":[{"taxonomy":"category","embeddable":true,"href":"https:\/\/jornalrol.com.br\/index.php?rest_route=%2Fwp%2Fv2%2Fcategories&post=35768"},{"taxonomy":"post_tag","embeddable":true,"href":"https:\/\/jornalrol.com.br\/index.php?rest_route=%2Fwp%2Fv2%2Ftags&post=35768"}],"curies":[{"name":"wp","href":"https:\/\/api.w.org\/{rel}","templated":true}]}}