{"id":35772,"date":"2020-12-15T13:35:45","date_gmt":"2020-12-15T15:35:45","guid":{"rendered":"http:\/\/www.jornalrol.com.br\/?p=35772"},"modified":"2020-12-15T13:35:45","modified_gmt":"2020-12-15T15:35:45","slug":"o-escritor-poeta-e-colunista-de-cinema-marcus-hemerly-e-o-mais-novo-colunista-do-rol","status":"publish","type":"post","link":"https:\/\/jornalrol.com.br\/?p=35772","title":{"rendered":"O escritor, poeta e colunista de cinema e literatura Marcus Hemerly \u00e9 o mais novo colunista do ROL!"},"content":{"rendered":"<div class=\"pdfprnt-buttons pdfprnt-buttons-post pdfprnt-top-right\"><a href=\"https:\/\/jornalrol.com.br\/index.php?rest_route=%2Fwp%2Fv2%2Fposts%2F35772&print=pdf\" class=\"pdfprnt-button pdfprnt-button-pdf\" target=\"_blank\" ><\/a><a href=\"https:\/\/jornalrol.com.br\/index.php?rest_route=%2Fwp%2Fv2%2Fposts%2F35772&print=print\" class=\"pdfprnt-button pdfprnt-button-print\" target=\"_blank\" ><img decoding=\"async\" src=\"https:\/\/jornalrol.com.br\/wp-content\/plugins\/pdf-print\/images\/print.png\" alt=\"image_print\" title=\"Conte\u00fado de impress\u00e3o\" \/><\/a><\/div><figure id=\"attachment_35773\" aria-describedby=\"caption-attachment-35773\" style=\"width: 194px\" class=\"wp-caption aligncenter\"><a href=\"http:\/\/www.jornalrol.com.br\/o-escritor-poeta-e-colunista-de-cinema-marcus-hemerly-e-o-mais-novo-colunista-do-rol\/foto-marcus-hemerly\/\" rel=\"attachment wp-att-35773\"><img loading=\"lazy\" decoding=\"async\" data-attachment-id=\"35773\" data-permalink=\"https:\/\/jornalrol.com.br\/?attachment_id=35773\" data-orig-file=\"https:\/\/jornalrol.com.br\/wp-content\/uploads\/2020\/12\/FOTO.-MARCUS-HEMERLY.jpg\" data-orig-size=\"640,640\" data-comments-opened=\"0\" data-image-meta=\"{&quot;aperture&quot;:&quot;0&quot;,&quot;credit&quot;:&quot;&quot;,&quot;camera&quot;:&quot;&quot;,&quot;caption&quot;:&quot;&quot;,&quot;created_timestamp&quot;:&quot;0&quot;,&quot;copyright&quot;:&quot;&quot;,&quot;focal_length&quot;:&quot;0&quot;,&quot;iso&quot;:&quot;0&quot;,&quot;shutter_speed&quot;:&quot;0&quot;,&quot;title&quot;:&quot;&quot;,&quot;orientation&quot;:&quot;0&quot;}\" data-image-title=\"FOTO. MARCUS HEMERLY\" data-image-description=\"\" data-image-caption=\"&lt;p&gt;Marcus Hemerly&lt;\/p&gt;\n\" data-large-file=\"https:\/\/jornalrol.com.br\/wp-content\/uploads\/2020\/12\/FOTO.-MARCUS-HEMERLY.jpg\" class=\"wp-image-35773\" src=\"http:\/\/www.jornalrol.com.br\/wp-content\/uploads\/2020\/12\/FOTO.-MARCUS-HEMERLY-300x300.jpg\" alt=\"\" width=\"194\" height=\"194\" \/><\/a><figcaption id=\"caption-attachment-35773\" class=\"wp-caption-text\">Marcus Hemerly<\/figcaption><\/figure>\n<h2 style=\"text-align: center;\">Indicado pela Editora Setorial Cl\u00e1udia Lundgren, Marcus Hemerly abrilhanta ainda mais o Quadro de Colunistas do Jornal ROL!<\/h2>\n<p><!--more--><\/p>\n<p><strong>Marcus Hemerly<\/strong>, 31,<strong>\u00a0<\/strong>\u00e9 natural de\u00a0Cachoeiro de Itapemirim\/ES.<\/p>\n<p>Formado em Direito, \u00e9 servidor do Poder Judici\u00e1rio do Estado do Esp\u00edrito Santo.<\/p>\n<p>Autor da obra &#8216;Verso e Prosa: Excertos de Acertos&#8217; e coautor em antologias po\u00e9ticas e de contos, gravitando em torno da poesia, suspense, terror, policial e fantasia.<\/p>\n<p>Colunista de cinema e literatura, \u00e9 membro de academias liter\u00e1rias e recebeu os pr\u00eamios &#8216;Monteiro Lobato&#8217; na modalidade &#8216;Revela\u00e7\u00e3o&#8217;, em 2019, al\u00e9m do &#8216;Pr\u00eamio Cidade de S\u00e3o Pedro da Aldeia de Literatura&#8217;, promovidos pela LITERARTE.<\/p>\n<p>Foi um dos vencedores do concurso internacional de poesias &#8216;Covid Times Poetry&#8217;, promovido pela ONG WHD &#8211; World Humanitarian Drive.<\/p>\n<p>Em 2020 foi agraciado com o T\u00edtulo de Doutor Honoris Causa em Literatura, pelo Centro Sarmathiano de Altos Estudos Hist\u00f3ricos e Filos\u00f3ficos, com a Comenda Olavo Bilac Pr\u00edncipe dos Poetas e o T\u00edtulo de Cavaleiro Comendador da Ordem de Gotland, pela Federa\u00e7\u00e3o Brasileira dos Acad\u00eamicos das Ci\u00eancias, Letras e Artes (FEBACLA).<\/p>\n<p>Hemerly inicia sua colabora\u00e7\u00e3o no\u00a0<strong>ROL<\/strong> promovendo a Antologia &#8216;L\u00edrica Urbe&#8217; &#8211; Uma Declara\u00e7\u00e3o de Amor \u00e0s Cidades&#8217;, da qual \u00e9 organizador, ao lado de Ana Ang\u00e9lica Ferrazi, bem como com o poema &#8216;Avenida Paulista&#8217;.<\/p>\n<p>&nbsp;<\/p>\n<p><strong>ANTOLOGIA &#8216;L\u00cdRICA URBE&#8217; \u2013 UMA DECLARA\u00c7\u00c3O DE AMOR \u00c0S CIDADES<\/strong><\/p>\n<p><a href=\"http:\/\/www.jornalrol.com.br\/o-escritor-poeta-e-colunista-de-cinema-marcus-hemerly-e-o-mais-novo-colunista-do-rol\/0_img-20201102-wa0108-1\/\" rel=\"attachment wp-att-35774\"><img loading=\"lazy\" decoding=\"async\" data-attachment-id=\"35774\" data-permalink=\"https:\/\/jornalrol.com.br\/?attachment_id=35774\" data-orig-file=\"https:\/\/jornalrol.com.br\/wp-content\/uploads\/2020\/12\/0_IMG-20201102-WA0108-1.jpg\" data-orig-size=\"1280,853\" data-comments-opened=\"0\" data-image-meta=\"{&quot;aperture&quot;:&quot;0&quot;,&quot;credit&quot;:&quot;&quot;,&quot;camera&quot;:&quot;&quot;,&quot;caption&quot;:&quot;&quot;,&quot;created_timestamp&quot;:&quot;0&quot;,&quot;copyright&quot;:&quot;&quot;,&quot;focal_length&quot;:&quot;0&quot;,&quot;iso&quot;:&quot;0&quot;,&quot;shutter_speed&quot;:&quot;0&quot;,&quot;title&quot;:&quot;&quot;,&quot;orientation&quot;:&quot;0&quot;}\" data-image-title=\"0_IMG-20201102-WA0108 (1)\" data-image-description=\"\" data-image-caption=\"\" data-large-file=\"https:\/\/jornalrol.com.br\/wp-content\/uploads\/2020\/12\/0_IMG-20201102-WA0108-1.jpg\" class=\"size-medium wp-image-35774 alignright\" src=\"http:\/\/www.jornalrol.com.br\/wp-content\/uploads\/2020\/12\/0_IMG-20201102-WA0108-1-300x200.jpg\" alt=\"\" width=\"300\" height=\"200\" \/><\/a>Uma cidade, n\u00e3o apenas um mero espa\u00e7o de viv\u00eancia, o cen\u00e1rio de uma viagem, ou uma recorda\u00e7\u00e3o prezada, descortina um amplo terreno f\u00e9rtil de emo\u00e7\u00f5es. Nossas cidades natais, lugares inspiradores ou cuja visita ansiamos ardorosamente, mem\u00f3rias boas, ruins, ou em tom de expia\u00e7\u00e3o. Urbe, como sin\u00f4nimo das selvas de pedra, inserido no contexto sens\u00edvel e et\u00e9reo da poesia; numa retrata\u00e7\u00e3o em tom l\u00edrico dos desdobramentos humanos nos emaranhados de edifica\u00e7\u00f5es.<\/p>\n<p><a href=\"http:\/\/www.jornalrol.com.br\/o-escritor-poeta-e-colunista-de-cinema-marcus-hemerly-e-o-mais-novo-colunista-do-rol\/0_img-20201102-wa0107\/\" rel=\"attachment wp-att-35775\"><img loading=\"lazy\" decoding=\"async\" data-attachment-id=\"35775\" data-permalink=\"https:\/\/jornalrol.com.br\/?attachment_id=35775\" data-orig-file=\"https:\/\/jornalrol.com.br\/wp-content\/uploads\/2020\/12\/0_IMG-20201102-WA0107.jpg\" data-orig-size=\"640,427\" data-comments-opened=\"0\" data-image-meta=\"{&quot;aperture&quot;:&quot;0&quot;,&quot;credit&quot;:&quot;&quot;,&quot;camera&quot;:&quot;&quot;,&quot;caption&quot;:&quot;&quot;,&quot;created_timestamp&quot;:&quot;0&quot;,&quot;copyright&quot;:&quot;&quot;,&quot;focal_length&quot;:&quot;0&quot;,&quot;iso&quot;:&quot;0&quot;,&quot;shutter_speed&quot;:&quot;0&quot;,&quot;title&quot;:&quot;&quot;,&quot;orientation&quot;:&quot;1&quot;}\" data-image-title=\"0_IMG-20201102-WA0107\" data-image-description=\"\" data-image-caption=\"\" data-large-file=\"https:\/\/jornalrol.com.br\/wp-content\/uploads\/2020\/12\/0_IMG-20201102-WA0107.jpg\" class=\"size-medium wp-image-35775 alignleft\" src=\"http:\/\/www.jornalrol.com.br\/wp-content\/uploads\/2020\/12\/0_IMG-20201102-WA0107-300x200.jpg\" alt=\"\" width=\"300\" height=\"200\" \/><\/a>Todas as formas de inspira\u00e7\u00e3o num interagir po\u00e9tico com o tema &#8216;cidades&#8217;, ser\u00e3o aproveitados, nos mais diversos g\u00eaneros po\u00e9ticos. Sonetrix, aldravia, quinta, spina, camaquiano, camol\u00ea. Estilos experimentais do Recanto das Letras como ecosys, pluribus, paralerimas, entre outros, ser\u00e3o igualmente bem-vindos. Sinta-se \u00e0 vontade, seja criativo. Aguardamos sua participa\u00e7\u00e3o, inserindo a poesia de um dos organizadores, numa homenagem \u00e0 cidade de S\u00e3o Paulo, como forma de exortar demais autores a expressar e compartilhar seus sentimentos e hist\u00f3rias.<\/p>\n<p>&nbsp;<\/p>\n<p><strong>\u00a0<em>Avenida Paulista<\/em><\/strong><\/p>\n<p><strong><em>\u00a0<\/em><\/strong><em>Como pode apenas um nome!?<\/em><\/p>\n<p><em>Singelo conjunto de palavras,<\/em><\/p>\n<p><em>Em nossa mente enleva renome,<\/em><\/p>\n<p><em>A\u00e7oita-nos como frias aldravas.<\/em><\/p>\n<p>&nbsp;<\/p>\n<p><em>Que saudade da terra da garoa,<\/em><\/p>\n<p><em>Frio cortante, ventania que ressoa,<\/em><\/p>\n<p><em>Mensagem do vento a contento,<\/em><\/p>\n<p><em>Seca as l\u00e1grimas de meu tormento.<\/em><\/p>\n<p>&nbsp;<\/p>\n<p><em>Seu imponente Ipiranga, que inspira\u00e7\u00e3o!<\/em><\/p>\n<p><em>Versos patri\u00f3ticos em viva composi\u00e7\u00e3o,<\/em><\/p>\n<p><em>Na metr\u00f3pole, n\u00e3o perdi a minha f\u00e9,<\/em><\/p>\n<p><em>Encontrei meu amor, l\u00e1 na pra\u00e7a da S\u00e9.<\/em><\/p>\n<p>&nbsp;<\/p>\n<p><em>Num peregrinar livre de pensamentos,<\/em><\/p>\n<p><em>Arfar suave, imbu\u00eddo de sentimentos,<\/em><\/p>\n<p><em>Saborear gotas de chuva, mem\u00f3ria benquista,<\/em><\/p>\n<p><em>Quando cruzei a bela Avenida paulista!<\/em><\/p>\n<p>&nbsp;<\/p>\n<p><strong>Marcus Hemerly <\/strong><\/p>\n<p><strong>Aos interessados, consignamos o edital para a seletiva. \u00a0\u00a0\u00a0\u00a0\u00a0\u00a0\u00a0\u00a0\u00a0\u00a0\u00a0\u00a0 <\/strong><\/p>\n<p><strong>Organizadores: Marcus Hemerly, Ana Angelica Ferrazi. <\/strong><\/p>\n<p><strong>Regras:<\/strong><\/p>\n<ul>\n<li>A seletiva ficar\u00e1 aberta inicialmente de <strong>02\/11 a 30\/12<\/strong> ou at\u00e9 atingir o m\u00ednimo de 30 autores, podendo ser encerrada antecipadamente caso obtenha seu n\u00famero m\u00ednimo antes do prazo mencionado, tamb\u00e9m poder\u00e1 ser prorrogada, caso tal limite n\u00e3o for atingido durante data para inscri\u00e7\u00f5es.<\/li>\n<li>No caso da quantidade vi\u00e1vel para publica\u00e7\u00e3o ser preenchida no per\u00edodo do edital, ser\u00e3o abertas novas vagas, para que sejam avaliadas, e tenham suas composi\u00e7\u00f5es publicadas na Antologia.<\/li>\n<li>Cada autor enviar\u00e1 2 poesias com no m\u00e1ximo uma lauda cada, tem\u00e1tica relacionada \u00e0 sinopse\/edital, obras in\u00e9ditas ou j\u00e1 publicados ser\u00e3o v\u00e1lidas, seu(s) t\u00edtulo(s) deve (m) estar\u00a0em arquivo Word.<\/li>\n<li>No caso de uma poesia que exceda o limite da formata\u00e7\u00e3o, contar\u00e1 como duas, preenchendo a cota do autor, caso ele(a) deseje publicar tal texto.<\/li>\n<li>Ser\u00e3o aceitos duetos po\u00e9ticos, contanto que haja o consentimento do(a) autor (a) que ser\u00e1 creditado(a) ao lado da pessoa selecionada.<\/li>\n<li>A(s) poesia(s) n\u00e3o deve (m) ultrapassar 1 lauda de tamanho a4, e tamb\u00e9m n\u00e3o poder\u00e3o estarem nomeadas com o t\u00edtulo da Antologia &#8216;L\u00edrica Urbe&#8217;.<\/li>\n<li>(N\u00e3o envie o seu texto no corpo do e-mail, todos os dados s\u00e3o dentro do arquivo Word, Textos, endere\u00e7o, biografia de 10 linhas)<\/li>\n<li>Tamanho 12, fonte Times New Roman, espa\u00e7amento 1,0.<\/li>\n<li>Abaixo do texto estar\u00e1 o seu nome completo, cidade, estado, e endere\u00e7o para o envio do livro, pequena biografia escrita em terceira pessoa e que preferencialmente n\u00e3o exceda 10 linhas.<\/li>\n<li>Uma foto de perfil de boa qualidade separada do texto. (Arquivo anexo)<\/li>\n<li>Assunto do e-mail: &#8220;L\u00edrica Urbe&#8221;<\/li>\n<li>E-mail:\u00a0antologia.liricaurbe@gmail.com<\/li>\n<li>Valor: 55 reais, para custeio de capas, envio do livro, correios, certificados, flyers de divulga\u00e7\u00e3o, ISBN, revis\u00e3o e diagrama\u00e7\u00e3o.<\/li>\n<li>Cada autor ter\u00e1 direito a 1 exemplar, e cada exemplar extra ficar\u00e1 por 25 reais.<\/li>\n<li>O autor no ato da aprova\u00e7\u00e3o das poesias receber\u00e1 o contrato e o mesmo dever\u00e1 ser assinado e enviado junto com o comprovante, assim confirmando sua presen\u00e7a no livro.<\/li>\n<li>Os autores que tiverem suas candidaturas incompletas no prazo estipulado pelos organizadores, poder\u00e3o serem substitu\u00eddos por outras que atendam aos requisitos do edital (candidaturas regulares).<\/li>\n<\/ul>\n<p><strong>Observa\u00e7\u00f5es:\u00a0<\/strong><\/p>\n<p>&#8211; Permitida a participa\u00e7\u00e3o de autores menores de idade, desde que o contrato seja assinado por um respons\u00e1vel maior de 18 anos.<\/p>\n<p>&#8211; Permitida a participa\u00e7\u00e3o de estrangeiros, desde que possuam algum endere\u00e7o de resid\u00eancia no Brasil para o envio do livro.<\/p>\n<p>O autor cede \u00e0 editora o direito de revisar os textos enviados.<\/p>\n<p>&#8211; <strong>Formas de pagamento:<\/strong>\u00a0dep\u00f3sito\/transfer\u00eancia &#8211; Banco do Brasil &#8211; Ag: 0379-4 Cc: 302979-4 CPF: 33544550806, em favor de Ana Ang\u00e9lica de Paula Ferrazi<\/p>\n<p>Demais formas de pagamento: Boleto, Picpay, Paypal &#8211; tem um acr\u00e9scimo de 1,50.<\/p>\n<p><strong>\u00a0<\/strong><\/p>\n<p>&nbsp;<\/p>\n<p>&nbsp;<\/p>\n<p>&nbsp;<\/p>\n","protected":false},"excerpt":{"rendered":"<p>Indicado pela Editora Setorial Cl\u00e1udia Lundgren, Marcus Hemerly abrilhanta ainda mais o Quadro de Colunistas do Jornal ROL!<\/p>\n","protected":false},"author":6,"featured_media":35773,"comment_status":"closed","ping_status":"closed","sticky":false,"template":"","format":"standard","meta":{"_jetpack_newsletter_access":"","_jetpack_dont_email_post_to_subs":false,"_jetpack_newsletter_tier_id":0,"_jetpack_memberships_contains_paywalled_content":false,"_jetpack_memberships_contains_paid_content":false,"footnotes":""},"categories":[7],"tags":[1008,2131,5388],"class_list":["post-35772","post","type-post","status-publish","format-standard","has-post-thumbnail","hentry","category-comunicacao","tag-apresentacao","tag-colunista","tag-marcus-hemerly"],"aioseo_notices":[],"views":0,"jetpack_featured_media_url":"https:\/\/jornalrol.com.br\/wp-content\/uploads\/2020\/12\/FOTO.-MARCUS-HEMERLY.jpg","jetpack_sharing_enabled":true,"jetpack_likes_enabled":true,"jetpack-related-posts":[{"id":40409,"url":"https:\/\/jornalrol.com.br\/?p=40409","url_meta":{"origin":35772,"position":0},"title":"Marcus Hemerly: &#039;Encantador de g\u00eanios&#039;","author":"Marcus Hemerly","date":"8 de maio de 2021","format":false,"excerpt":"Encantador de g\u00eanios Pela poesia hasteei Bandeira, Ouvinte dedicado, ode faceira; J\u00e1 fui desassossego em Pessoa, Poema reto em interl\u00fadio ressoa. Apaixonei-me infante por Cecilia, Admirava afoito em literata vig\u00edlia, Lancei enc\u00f4mios instigado\u00a0por Drummond, Ao mestre, le plus talentueux du monde. \u00a0 Marcus Hemerly marcushemerly@gmail.com","rel":"","context":"Em &quot;Comunica\u00e7\u00e3o&quot;","block_context":{"text":"Comunica\u00e7\u00e3o","link":"https:\/\/jornalrol.com.br\/?cat=7"},"img":{"alt_text":"","src":"https:\/\/i0.wp.com\/www.jornalrol.com.br\/wp-content\/uploads\/2020\/12\/FOTO.-MARCUS-HEMERLY-150x150.jpg?resize=350%2C200","width":350,"height":200},"classes":[]},{"id":38654,"url":"https:\/\/jornalrol.com.br\/?p=38654","url_meta":{"origin":35772,"position":1},"title":"Marcus Hemerly: &#039;Alento mar\u00edtimo&#039;","author":"Marcus Hemerly","date":"17 de mar\u00e7o de 2021","format":false,"excerpt":"Alento mar\u00edtimo Uma mirada sobre o mar, Somente um singelo momento, Desperta singular sentimento, A consciente vontade de sonhar. \u00c1gua quente,\u00a0 \u00e1gua gelada, Me faz esquecer a dor famigerada, \u00c1gua gelada, \u00e1gua quente, Apaga essa saudade t\u00e3o latente. Lan\u00e7a tua espuma \u00e0 beira da costa, Apaga os escritos impressos na\u2026","rel":"","context":"Em &quot;Comunica\u00e7\u00e3o&quot;","block_context":{"text":"Comunica\u00e7\u00e3o","link":"https:\/\/jornalrol.com.br\/?cat=7"},"img":{"alt_text":"","src":"https:\/\/i0.wp.com\/www.jornalrol.com.br\/wp-content\/uploads\/2020\/12\/FOTO.-MARCUS-HEMERLY-150x150.jpg?resize=350%2C200","width":350,"height":200},"classes":[]},{"id":42368,"url":"https:\/\/jornalrol.com.br\/?p=42368","url_meta":{"origin":35772,"position":2},"title":"Marcus Hemerly: &#039;O corvo da noite&#039;","author":"Marcus Hemerly","date":"28 de junho de 2021","format":false,"excerpt":"O corvo da noite Escrever poemas ao \u00e1lcool regados, Fuma\u00e7a de cigarros, lumes enevoados, Estranha ant\u00edtese, oh! inquieta placidez, Vem aos poucos embriagar a timidez. \u00a0 Se inovo em tolo m\u00e9todo, \"minimalista!\" Por vieses aduncos, talvez, individualista. Para escrever o que de dentro salta, Reproduzo feroz sentimento que assalta. \u00a0\u2026","rel":"","context":"Em &quot;Comunica\u00e7\u00e3o&quot;","block_context":{"text":"Comunica\u00e7\u00e3o","link":"https:\/\/jornalrol.com.br\/?cat=7"},"img":{"alt_text":"","src":"https:\/\/i0.wp.com\/www.jornalrol.com.br\/wp-content\/uploads\/2020\/12\/FOTO.-MARCUS-HEMERLY-150x150.jpg?resize=350%2C200","width":350,"height":200},"classes":[]},{"id":39270,"url":"https:\/\/jornalrol.com.br\/?p=39270","url_meta":{"origin":35772,"position":3},"title":"Marcus Hemerly: &#039;O palha\u00e7o&#039;","author":"Marcus Hemerly","date":"5 de abril de 2021","format":false,"excerpt":"O palha\u00e7o Sempre sonhou desde menino, Ser palha\u00e7o, pois tinha tino, De fazer rir, esconder a dor, Por um momento, ilidir o temor. Consagrada arte de fazer gra\u00e7a, Debaixo da lona, em meio \u00e0 pra\u00e7a, Riso solto irrompe do palha\u00e7o af\u00e1vel, Que incendeia o p\u00fablico respeit\u00e1vel. Profiss\u00e3o por destino desde\u2026","rel":"","context":"Em &quot;Comunica\u00e7\u00e3o&quot;","block_context":{"text":"Comunica\u00e7\u00e3o","link":"https:\/\/jornalrol.com.br\/?cat=7"},"img":{"alt_text":"","src":"https:\/\/i0.wp.com\/www.jornalrol.com.br\/wp-content\/uploads\/2020\/12\/FOTO.-MARCUS-HEMERLY-150x150.jpg?resize=350%2C200","width":350,"height":200},"classes":[]},{"id":45597,"url":"https:\/\/jornalrol.com.br\/?p=45597","url_meta":{"origin":35772,"position":4},"title":"Marcus Hemerly: &#039;Sereia de Mea\u00edpe&#039;","author":"Marcus Hemerly","date":"16 de outubro de 2021","format":false,"excerpt":"Sereia de Mea\u00edpe Desliza lenta no mar\u00a0a caravela, Navega resoluta rumo \u00e0 terra bela, Emo\u00e7\u00f5es incitam seus desbravadores, Que singram valentes, mares amea\u00e7adores, \u00a0 Bujarrona imponente acerca o velacho, Alfaia o rumar do velejo, tal qual um penacho, Norteia acurada, da embarca\u00e7\u00e3o, seu vante, Ao passo que os\u00a0tripulantes\u00a0bradam \u2013 Avante!\u2026","rel":"","context":"Em &quot;Comunica\u00e7\u00e3o&quot;","block_context":{"text":"Comunica\u00e7\u00e3o","link":"https:\/\/jornalrol.com.br\/?cat=7"},"img":{"alt_text":"","src":"https:\/\/i0.wp.com\/www.jornalrol.com.br\/wp-content\/uploads\/2020\/12\/FOTO.-MARCUS-HEMERLY-150x150.jpg?resize=350%2C200","width":350,"height":200},"classes":[]},{"id":39936,"url":"https:\/\/jornalrol.com.br\/?p=39936","url_meta":{"origin":35772,"position":5},"title":"Marcus Hemerly: &#039;N\u00e1ufrago&#039;","author":"Marcus Hemerly","date":"20 de abril de 2021","format":false,"excerpt":"N\u00e1ufrago No ventre amargo da reclus\u00e3o imposta, Renova o conhecido sentimento de aposta, O jogar xadrez numa escura e revelha arena, Com a face da ins\u00e2nia em quarentena. \u00a0 Mais parece um ex\u00edlio ou um naufr\u00e1gio, O recolher volunt\u00e1rio na ilha do Eu, Donde se escuta o interior ad\u00e1gio, Que\u2026","rel":"","context":"Em &quot;Comunica\u00e7\u00e3o&quot;","block_context":{"text":"Comunica\u00e7\u00e3o","link":"https:\/\/jornalrol.com.br\/?cat=7"},"img":{"alt_text":"","src":"https:\/\/i0.wp.com\/www.jornalrol.com.br\/wp-content\/uploads\/2020\/12\/FOTO.-MARCUS-HEMERLY-150x150.jpg?resize=350%2C200","width":350,"height":200},"classes":[]}],"_links":{"self":[{"href":"https:\/\/jornalrol.com.br\/index.php?rest_route=\/wp\/v2\/posts\/35772","targetHints":{"allow":["GET"]}}],"collection":[{"href":"https:\/\/jornalrol.com.br\/index.php?rest_route=\/wp\/v2\/posts"}],"about":[{"href":"https:\/\/jornalrol.com.br\/index.php?rest_route=\/wp\/v2\/types\/post"}],"author":[{"embeddable":true,"href":"https:\/\/jornalrol.com.br\/index.php?rest_route=\/wp\/v2\/users\/6"}],"replies":[{"embeddable":true,"href":"https:\/\/jornalrol.com.br\/index.php?rest_route=%2Fwp%2Fv2%2Fcomments&post=35772"}],"version-history":[{"count":0,"href":"https:\/\/jornalrol.com.br\/index.php?rest_route=\/wp\/v2\/posts\/35772\/revisions"}],"wp:featuredmedia":[{"embeddable":true,"href":"https:\/\/jornalrol.com.br\/index.php?rest_route=\/wp\/v2\/media\/35773"}],"wp:attachment":[{"href":"https:\/\/jornalrol.com.br\/index.php?rest_route=%2Fwp%2Fv2%2Fmedia&parent=35772"}],"wp:term":[{"taxonomy":"category","embeddable":true,"href":"https:\/\/jornalrol.com.br\/index.php?rest_route=%2Fwp%2Fv2%2Fcategories&post=35772"},{"taxonomy":"post_tag","embeddable":true,"href":"https:\/\/jornalrol.com.br\/index.php?rest_route=%2Fwp%2Fv2%2Ftags&post=35772"}],"curies":[{"name":"wp","href":"https:\/\/api.w.org\/{rel}","templated":true}]}}