{"id":39491,"date":"2021-04-10T17:09:12","date_gmt":"2021-04-10T20:09:12","guid":{"rendered":"http:\/\/www.jornalrol.com.br\/?p=39491"},"modified":"2021-04-10T17:09:12","modified_gmt":"2021-04-10T20:09:12","slug":"associacao-internacional-de-escritores-e-artistas-literarte-divulga-convite-para-o-processo-de-selecao-dos-membros-fundadores-internacionais-do-nucleo-accademico-italiano-di-scienze-lettere-e-arti","status":"publish","type":"post","link":"https:\/\/jornalrol.com.br\/?p=39491","title":{"rendered":"Associa\u00e7\u00e3o Internacional de Escritores e Artistas &#8211; Literarte divulga convite para o processo de sele\u00e7\u00e3o dos Membros Fundadores Internacionais do Nucleo Accademico Italiano di Scienze, Lettere e Arti &#8211; NAISLA"},"content":{"rendered":"<div class=\"pdfprnt-buttons pdfprnt-buttons-post pdfprnt-top-right\"><a href=\"https:\/\/jornalrol.com.br\/index.php?rest_route=%2Fwp%2Fv2%2Fposts%2F39491&print=pdf\" class=\"pdfprnt-button pdfprnt-button-pdf\" target=\"_blank\" ><\/a><a href=\"https:\/\/jornalrol.com.br\/index.php?rest_route=%2Fwp%2Fv2%2Fposts%2F39491&print=print\" class=\"pdfprnt-button pdfprnt-button-print\" target=\"_blank\" ><img decoding=\"async\" src=\"https:\/\/jornalrol.com.br\/wp-content\/plugins\/pdf-print\/images\/print.png\" alt=\"image_print\" title=\"Conte\u00fado de impress\u00e3o\" \/><\/a><\/div><h2 style=\"text-align: center;\"><em><a href=\"http:\/\/www.jornalrol.com.br\/associacao-internacional-de-escritores-e-artistas-literarte-divulga-convite-para-o-processo-de-selecao-dos-membros-fundadores-internacionais-do-nucleo-accademico-italiano-di-scienze-lettere-e-arti\/maxresdefault-2\/\" rel=\"attachment wp-att-39492\"><img loading=\"lazy\" decoding=\"async\" class=\" wp-image-39492 aligncenter\" src=\"http:\/\/www.jornalrol.com.br\/wp-content\/uploads\/2021\/04\/maxresdefault-300x169.jpg\" alt=\"\" width=\"353\" height=\"199\" \/><\/a>As inscri\u00e7\u00f5es para a participa\u00e7\u00e3o come\u00e7am no dia 10 de abril e encerram-se com o preenchimento de todas as cadeiras previstas para Membros Fundadores<\/em><\/h2>\n<p><!--more--><\/p>\n<p>A <strong>Associa\u00e7\u00e3o Internacional de Escritores e Artistas &#8211; Literarte<\/strong>, representada na figura de sua Presidente, Izabelle Valladares, em parceria com <strong>Farah Serra<\/strong>, convidam para o processo de sele\u00e7\u00e3o dos Membros Fundadores Internacionais do <strong>Nucleo Accademico Italiano di Scienze, Lettere e Arti &#8211; NAISLA<\/strong>.<\/p>\n<p>Segundo os idealizadores do Nucleo &#8220;vivemos dias nebulosos e percebemos que mais uma vez a necessidade de fortalecer nossas Pontes culturais se fazem necess\u00e1rias. A Associa\u00e7\u00e3o Literarte e a NAISLA tem como sua miss\u00e3o fortalecer os la\u00e7os culturais entre Brasil e It\u00e1lia.\u00a0E, atrav\u00e9s deste convite, temos o prazer de convid\u00e1-lo(a) a ingressar como Membro Fundador Imortal Internacional nesta ilustre academia, tornando-se parte integral desta grande alian\u00e7a cultural&#8221;.<\/p>\n<p><strong>REGULAMENTO:<\/strong><\/p>\n<p><strong>\u2022 Presid\u00eancia:<\/strong><br \/>\n\u2606Farah Serra &#8211; Presidente do Nucleo Accademico Italiano di Scienze, Lettere e Arti &#8211; NAISLA<br \/>\n\u2606 Izabelle Valladares Presidente da Associa\u00e7\u00e3o Internacional de Escritores e Artistas &#8211; LITERARTE \/ Representante do NAISLA no Brasil;<\/p>\n<p>As inscri\u00e7\u00f5es para a participa\u00e7\u00e3o come\u00e7aram dia 10 de abril e encerram-se com o preenchimento de todas as cadeiras previstas para Membros Fundadores;<\/p>\n<p><strong>\u2022 Sobre o Processo<\/strong> &#8211; Todos os candidatos devem enviar seu curr\u00edculo acad\u00eamico para avalia\u00e7\u00e3o da comiss\u00e3o acad\u00eamica; Podem Participar al\u00e9m de Escritores e Artistas em Geral, advogados, M\u00e9dicos, Dentistas, doutores nas \u00e1reas cient\u00edficas.<\/p>\n<p><strong>\u2022 Posse<\/strong> &#8211; A posse acontecer\u00e1 em 24 de setembro de forma virtual, e ser\u00e1 transmitida diretamenteda da Pousada Casa dos Poetas em Petr\u00f3polis-RJ;<\/p>\n<p><strong>\u2022 Posse Presencial<\/strong> &#8211; Dentro das normas de sa\u00fade vigentes na ocasi\u00e3o do evento, a Casa dos Poetas receber\u00e1 alguns dos fundadores para o ato de posse.<br \/>\nAs reservas devem ser feitas pelos interessados, antecipadamente;<\/p>\n<p><strong>\u2022 Paramentos<\/strong> &#8211; Os Membros Fundadores ser\u00e3o diplomados como Acad\u00eamicos Fundadores Imortais Internacionais e receber\u00e3o a pelerine e medalha de membro do Nucleo Accademico Italiano di Scienze, Lettere e Arti &#8211; NAISLA. Os acad\u00eamicos receber\u00e3o seus paramentos em casa ou em um dos pr\u00f3ximos eventos da Literarte;<\/p>\n<p><strong>\u2022 Primeira Antologia da NAISLA<\/strong> &#8211; Todos os Membros Fundadores participar\u00e3o de forma gratuita da 1\u00b0 Antologia da NAISLA, com um texto de UMA LAUDA EM A5 que ser\u00e1 publicado em portugu\u00eas e italiano;<\/p>\n<p><strong>Valor de ades\u00e3o:<\/strong><br \/>\nMEMBROS FUNDADORES IMORTAIS INTERNACIONAIS aprovados poder\u00e3o pagar o valor da taxa de ades\u00e3o em 4x, ou pagamento \u00e0 vista no ato de inscri\u00e7\u00e3o com 10% de desconto.<\/p>\n<p><strong>D\u00favidas:<\/strong><br \/>\nhttps:\/\/wa.me\/message\/JHL6OCC5EHNUF1<\/p>\n<p>&nbsp;<\/p>\n<p>&nbsp;<\/p>\n<p>&nbsp;<\/p>\n<p>&nbsp;<\/p>\n<p>&nbsp;<\/p>\n","protected":false},"excerpt":{"rendered":"<p>As inscri\u00e7\u00f5es para a participa\u00e7\u00e3o come\u00e7am no dia 10 de abril e encerram-se com o preenchimento de todas as cadeiras previstas para Membros Fundadores<\/p>\n","protected":false},"author":6,"featured_media":0,"comment_status":"closed","ping_status":"closed","sticky":false,"template":"","format":"standard","meta":{"_jetpack_newsletter_access":"","_jetpack_dont_email_post_to_subs":false,"_jetpack_newsletter_tier_id":0,"_jetpack_memberships_contains_paywalled_content":false,"_jetpack_memberships_contains_paid_content":false,"footnotes":""},"categories":[7],"tags":[627,3727,4093,5121,5947],"class_list":["post-39491","post","type-post","status-publish","format-standard","hentry","category-comunicacao","tag-adesao","tag-farah-serra","tag-fundacao","tag-literarte","tag-naisla"],"aioseo_notices":[],"views":859,"jetpack_featured_media_url":"","jetpack_sharing_enabled":true,"jetpack_likes_enabled":true,"jetpack-related-posts":[{"id":44479,"url":"https:\/\/jornalrol.com.br\/?p=44479","url_meta":{"origin":39491,"position":0},"title":"Editora M\u00e1gico de Oz e a Literarte apoiam e incentivam jovens talentos liter\u00e1rios","author":"Sergio Diniz da Costa","date":"5 de setembro de 2021","format":false,"excerpt":"O relevante trabalho \u00e9 feito atrav\u00e9s de edi\u00e7\u00e3o, publica\u00e7\u00e3o de obras solo ou por meio de colet\u00e2neas O Brasil \u00e9 notadamente um pa\u00eds de talentos, muitas vezes invis\u00edveis aos olhos da m\u00eddia. A M\u00e1gico de Oz e a Literarte, por meio de seus diretores Rog\u00e9rio Veiga, J\u00e9ssica Spinelli e Izabelle\u2026","rel":"","context":"Em &quot;Comunica\u00e7\u00e3o&quot;","block_context":{"text":"Comunica\u00e7\u00e3o","link":"https:\/\/jornalrol.com.br\/?cat=7"},"img":{"alt_text":"","src":"https:\/\/i0.wp.com\/jornalrol.com.br\/wp-content\/uploads\/2021\/09\/89f48247-64ed-406c-bdcb-e6e84ccd177f.jpg?resize=350%2C200&ssl=1","width":350,"height":200,"srcset":"https:\/\/i0.wp.com\/jornalrol.com.br\/wp-content\/uploads\/2021\/09\/89f48247-64ed-406c-bdcb-e6e84ccd177f.jpg?resize=350%2C200&ssl=1 1x, https:\/\/i0.wp.com\/jornalrol.com.br\/wp-content\/uploads\/2021\/09\/89f48247-64ed-406c-bdcb-e6e84ccd177f.jpg?resize=525%2C300&ssl=1 1.5x, https:\/\/i0.wp.com\/jornalrol.com.br\/wp-content\/uploads\/2021\/09\/89f48247-64ed-406c-bdcb-e6e84ccd177f.jpg?resize=700%2C400&ssl=1 2x, https:\/\/i0.wp.com\/jornalrol.com.br\/wp-content\/uploads\/2021\/09\/89f48247-64ed-406c-bdcb-e6e84ccd177f.jpg?resize=1050%2C600&ssl=1 3x"},"classes":[]},{"id":51665,"url":"https:\/\/jornalrol.com.br\/?p=51665","url_meta":{"origin":39491,"position":1},"title":"Maria In\u00eas Botelho ingressa no Jornal ROL e traz consigo sua vasta viv\u00eancia acad\u00eamica!","author":"Sergio Diniz da Costa","date":"23 de agosto de 2022","format":false,"excerpt":"De S\u00e3o Paulo ao Paran\u00e1, a brasilidade liter\u00e1ria da escritora e poetisa Maria In\u00eas Botelho! Maria In\u00eas Botelho, natural de Santa Cruz do Rio Pardo (SP) e residente em Mandaguari (PR), \u00e9 pedagoga, com habilita\u00e7\u00e3o em Supervis\u00e3o Escolar e p\u00f3s-graduada em supervis\u00e3o escolar. Na \u00e1rea liter\u00e1ria, \u00e9 escritora, poetisa e\u2026","rel":"","context":"Em &quot;Comunica\u00e7\u00e3o&quot;","block_context":{"text":"Comunica\u00e7\u00e3o","link":"https:\/\/jornalrol.com.br\/?cat=7"},"img":{"alt_text":"","src":"https:\/\/i0.wp.com\/jornalrol.com.br\/wp-content\/uploads\/2022\/08\/107793953_1443776355810409_5977213658731083927_n-300x300.jpg?resize=350%2C200","width":350,"height":200},"classes":[]},{"id":42683,"url":"https:\/\/jornalrol.com.br\/?p=42683","url_meta":{"origin":39491,"position":2},"title":"O leitor participa: Rosa Acassia Luizari, de S\u00e3o Paulo\/SP, com &#039;L\u00edngua&#039; e outros poemas","author":"Sergio Diniz da Costa","date":"7 de julho de 2021","format":false,"excerpt":"'L\u00edngua' e outros poemas L\u00edngua Palavra fraturada pelo h\u00edfen sonoriza d\u00fabios via de m\u00e3o dupla. \u00a0 Interior Olhar de fora traduz o corte inteiro ao ver o eu no teu espelho. \u00a0 Encontro Vejo dois mundos um rompe comigo outro rompe contigo eita mundo pequeno! \u00a0 Timidez O sol escondeu-se\u2026","rel":"","context":"Em &quot;Comunica\u00e7\u00e3o&quot;","block_context":{"text":"Comunica\u00e7\u00e3o","link":"https:\/\/jornalrol.com.br\/?cat=7"},"img":{"alt_text":"","src":"https:\/\/i0.wp.com\/www.jornalrol.com.br\/wp-content\/uploads\/2021\/07\/71830579_2385518371555585_7965113439951519744_n-300x300.jpg?resize=350%2C200","width":350,"height":200},"classes":[]},{"id":54958,"url":"https:\/\/jornalrol.com.br\/?p=54958","url_meta":{"origin":39491,"position":3},"title":"ALTAS &#124; CABO VERDE \u00c1FRICA e o NALLA divulgam convite para interessados em participar do processo de sele\u00e7\u00e3o para Correspondentes Internacionais e Fundadores Imortais","author":"Sergio Diniz da Costa","date":"15 de maio de 2023","format":false,"excerpt":"Os Fundadores e Correspondentes ser\u00e3o diplomados no evento de final de ano da Baronesa e ALSPA, na ocasi\u00e3o das festividades de 2023 Dentro das festividades da Funda\u00e7\u00e3o da Embaixada Cultural Brasil \u00c1frica e o ano da \u00c1frica na Editora Baronesa e ALSPA - Academia de Letras\u00a0 de S\u00e3o Pedro da\u2026","rel":"","context":"Em &quot;Comunica\u00e7\u00e3o&quot;","block_context":{"text":"Comunica\u00e7\u00e3o","link":"https:\/\/jornalrol.com.br\/?cat=7"},"img":{"alt_text":"","src":"https:\/\/i0.wp.com\/www.jornalrol.com.br\/wp-content\/uploads\/2023\/05\/b21aef6c-4d64-403c-9c9a-292f4d57a5d1.jpg?resize=350%2C200","width":350,"height":200},"classes":[]},{"id":32359,"url":"https:\/\/jornalrol.com.br\/?p=32359","url_meta":{"origin":39491,"position":4},"title":"No Quadro de Colunistas do ROL, o brilho liter\u00e1rio de Ant\u00f4nio Fernandes do R\u00eago!","author":"Sergio Diniz da Costa","date":"5 de julho de 2020","format":false,"excerpt":"\u00a0Escritor, poeta e trovador norte-riograndense, Ant\u00f4nio Fernandes\u00a0 do R\u00eago abrilhanta ainda mais o Quadro de Colunistas e Correspondentes do ROL! Ant\u00f4nio Fernandes do R\u00eago\u00a0\u00e9 um filho da terra potiguar (Rio Grande do Norte) que dedicou-se profissionalmente \u00e0s For\u00e7as Armadas Brasileiras, delas vindo a se reformar da Marinha. Formado e tendo\u2026","rel":"","context":"Em &quot;Comunica\u00e7\u00e3o&quot;","block_context":{"text":"Comunica\u00e7\u00e3o","link":"https:\/\/jornalrol.com.br\/?cat=7"},"img":{"alt_text":"","src":"https:\/\/i0.wp.com\/www.jornalrol.com.br\/wp-content\/uploads\/2020\/07\/Foto-Pessoal-de-AFR-249x300.jpg?resize=350%2C200","width":350,"height":200},"classes":[]},{"id":53817,"url":"https:\/\/jornalrol.com.br\/?p=53817","url_meta":{"origin":39491,"position":5},"title":"N\u00facleo Art\u00edstico e Liter\u00e1rio de Luanda &#8211; Angola &#124; NALLA divulga convite para participa\u00e7\u00e3o do processo de sele\u00e7\u00e3o de Fundadores Imortais","author":"Sergio Diniz da Costa","date":"18 de fevereiro de 2023","format":false,"excerpt":"O processo de sele\u00e7\u00e3o dos Fundadores Imortais da Nalla conta com a participa\u00e7\u00e3o da Editora Baronesa e da ALSPA -Academia de Letras de S\u00e3o Pedro da Aldeia O N\u00facleo Art\u00edstico e Liter\u00e1rio de Luanda \u2013 Angola | NALLA est\u00e1 divulgando convite para a participa\u00e7\u00e3o do processo de funda\u00e7\u00e3o e sele\u00e7\u00e3o\u2026","rel":"","context":"Em &quot;Sem categoria&quot;","block_context":{"text":"Sem categoria","link":"https:\/\/jornalrol.com.br\/?cat=1"},"img":{"alt_text":"","src":"https:\/\/i0.wp.com\/jornalrol.com.br\/wp-content\/uploads\/2023\/02\/331250653_898115394744996_6096755117827671881_n.jpg?resize=350%2C200","width":350,"height":200},"classes":[]}],"_links":{"self":[{"href":"https:\/\/jornalrol.com.br\/index.php?rest_route=\/wp\/v2\/posts\/39491","targetHints":{"allow":["GET"]}}],"collection":[{"href":"https:\/\/jornalrol.com.br\/index.php?rest_route=\/wp\/v2\/posts"}],"about":[{"href":"https:\/\/jornalrol.com.br\/index.php?rest_route=\/wp\/v2\/types\/post"}],"author":[{"embeddable":true,"href":"https:\/\/jornalrol.com.br\/index.php?rest_route=\/wp\/v2\/users\/6"}],"replies":[{"embeddable":true,"href":"https:\/\/jornalrol.com.br\/index.php?rest_route=%2Fwp%2Fv2%2Fcomments&post=39491"}],"version-history":[{"count":0,"href":"https:\/\/jornalrol.com.br\/index.php?rest_route=\/wp\/v2\/posts\/39491\/revisions"}],"wp:attachment":[{"href":"https:\/\/jornalrol.com.br\/index.php?rest_route=%2Fwp%2Fv2%2Fmedia&parent=39491"}],"wp:term":[{"taxonomy":"category","embeddable":true,"href":"https:\/\/jornalrol.com.br\/index.php?rest_route=%2Fwp%2Fv2%2Fcategories&post=39491"},{"taxonomy":"post_tag","embeddable":true,"href":"https:\/\/jornalrol.com.br\/index.php?rest_route=%2Fwp%2Fv2%2Ftags&post=39491"}],"curies":[{"name":"wp","href":"https:\/\/api.w.org\/{rel}","templated":true}]}}