{"id":41044,"date":"2021-05-28T00:25:00","date_gmt":"2021-05-28T03:25:00","guid":{"rendered":"http:\/\/www.jornalrol.com.br\/?p=41044"},"modified":"2021-05-28T00:25:00","modified_gmt":"2021-05-28T03:25:00","slug":"comedia-criada-para-comemorar-os-20-anos-da-cia-bendita-trupe-dirigida-por-johana-albuquerque","status":"publish","type":"post","link":"https:\/\/jornalrol.com.br\/?p=41044","title":{"rendered":"Com\u00e9dia criada para comemorar os 20 anos da Cia Bendita Trupe, dirigida por Johana Albuquerque"},"content":{"rendered":"<div class=\"pdfprnt-buttons pdfprnt-buttons-post pdfprnt-top-right\"><a href=\"https:\/\/jornalrol.com.br\/index.php?rest_route=%2Fwp%2Fv2%2Fposts%2F41044&print=pdf\" class=\"pdfprnt-button pdfprnt-button-pdf\" target=\"_blank\" ><\/a><a href=\"https:\/\/jornalrol.com.br\/index.php?rest_route=%2Fwp%2Fv2%2Fposts%2F41044&print=print\" class=\"pdfprnt-button pdfprnt-button-print\" target=\"_blank\" ><img decoding=\"async\" src=\"https:\/\/jornalrol.com.br\/wp-content\/plugins\/pdf-print\/images\/print.png\" alt=\"image_print\" title=\"Conte\u00fado de impress\u00e3o\" \/><\/a><\/div><figure id=\"attachment_41045\" aria-describedby=\"caption-attachment-41045\" style=\"width: 713px\" class=\"wp-caption aligncenter\"><a href=\"http:\/\/www.jornalrol.com.br\/wp-content\/uploads\/2021\/05\/image1-4.jpg\"><img loading=\"lazy\" decoding=\"async\" data-attachment-id=\"41045\" data-permalink=\"https:\/\/jornalrol.com.br\/?attachment_id=41045\" data-orig-file=\"https:\/\/jornalrol.com.br\/wp-content\/uploads\/2021\/05\/image1-4.jpg\" data-orig-size=\"1299,863\" data-comments-opened=\"0\" data-image-meta=\"{&quot;aperture&quot;:&quot;0&quot;,&quot;credit&quot;:&quot;&quot;,&quot;camera&quot;:&quot;&quot;,&quot;caption&quot;:&quot;&quot;,&quot;created_timestamp&quot;:&quot;0&quot;,&quot;copyright&quot;:&quot;&quot;,&quot;focal_length&quot;:&quot;0&quot;,&quot;iso&quot;:&quot;0&quot;,&quot;shutter_speed&quot;:&quot;0&quot;,&quot;title&quot;:&quot;&quot;,&quot;orientation&quot;:&quot;0&quot;}\" data-image-title=\"image1 (4)\" data-image-description=\"\" data-image-caption=\"\" data-large-file=\"https:\/\/jornalrol.com.br\/wp-content\/uploads\/2021\/05\/image1-4.jpg\" class=\"wp-image-41045\" src=\"http:\/\/www.jornalrol.com.br\/wp-content\/uploads\/2021\/05\/image1-4-300x199.jpg\" alt=\"\" width=\"713\" height=\"473\" \/><\/a><figcaption id=\"caption-attachment-41045\" class=\"wp-caption-text\">Link para download de fotos<\/figcaption><\/figure>\n<h2 style=\"text-align: center;\"><em>Protocolo Volpone, um cl\u00e1ssico em tempos pand\u00eamicos faz oito apresenta\u00e7\u00f5es de forma\u00a0online\u00a0e gratuita,com legendas em portugu\u00eas, ingl\u00eas e espanhol,no canal do Youtube\/Protocolo Volpone<\/em><\/h2>\n<p><!--more--><\/p>\n<p><em>Com\u00e9dia criada para comemorar os 20 anos da\u00a0<strong>Cia Bendita Trupe<\/strong>, dirigida por\u00a0<strong>Johana Albuquerque<\/strong>,\u00a0Protocolo Volpone \u2013 Um Cl\u00e1ssico em Tempos Pand\u00eamicos<\/em>\u00a0foi o 1\u00ba espet\u00e1culo presencial a estrear na pandemia, na abertura da fase verde,\u00a0<em>antes da chegada da vacina, em S\u00e3o Paulo.\u00a0<\/em>Convertendo todos os protocolos de seguran\u00e7a em procedimentos e linguagem c\u00eanica, o espet\u00e1culo recebeu um p\u00fablico restrito de 20 pessoas por sess\u00e3o, abrigadas em cabines pl\u00e1sticas higienizadas e individuais,\u00a0<em>que garantiram isolamento e prote\u00e7\u00e3o \u00e0 plateia.<\/em><\/p>\n<p>Agora, com a segunda onda da pandemia em 2021, o grupo ganhou o Pr\u00eamio de Hist\u00f3rico de Grupo do PROAC LAB, para compartilhar apresenta\u00e7\u00f5es\u00a0<em>online<\/em>\u00a0da filmagem e edi\u00e7\u00e3o em 04 c\u00e2meras do espet\u00e1culo, que ocorreu a c\u00e9u aberto no Estacionamento do Teatro Arthur Azevedo, em novembro de 2020,<\/p>\n<p>Como o formato presencial com protocolos s\u00f3 permitia a entrada de 20 pessoas por sess\u00e3o, muitos espectadores n\u00e3o conseguiram ver a pe\u00e7a. Por este motivo, a Bendita Trupe prepara esta pequena temporada\u00a0<em>online<\/em>\u00a0com 08 apresenta\u00e7\u00f5es<u>, de 14 de maio a 05 de junho,<\/u>\u00a0sempre as\u00a0<u>sextas e s\u00e1bados, as 20h,\u00a0<\/u>na qual apresenta a filmagem da pe\u00e7a, com op\u00e7\u00e3o de legendas em tr\u00eas l\u00ednguas (portugu\u00eas, ingl\u00eas e espanhol), no intuito\u00a0de que espectadores de outros pa\u00edses possam tamb\u00e9m acompanhar o projeto.<\/p>\n<p>Visando ainda\u00a0fomentar a discuss\u00e3o sobre as rela\u00e7\u00f5es entre artes c\u00eanicas, cultura e pandemia, como tamb\u00e9m, estar de forma ao vivo com os espectadores,\u00a0acontecer\u00e3o 04 debates\u00a0atrav\u00e9s do Zoom, sendo transmitidos ao vivo pelo Youtube\/Protocolo Volpone e pelo Facebook da Bendita Trupe. Os debates acontecer\u00e3o seguidos de roda de perguntas do p\u00fablico via chat, que acompanhar\u00e1 ao vivo a transmiss\u00e3o. Os debates ser\u00e3o realizados as segundas \u00e0s 18h30, com duas horas de dura\u00e7\u00e3o, de 17 de maio a 07 de junho, com os seguintes temas e participantes:<\/p>\n<p>Debate 01 \u2013 17\/05 &#8211; O artista na linha de frente da Pandemia, com a Bendita Trupe \u2013 Media\u00e7\u00e3o Ruy Cortez (diretor da Cia. da Mem\u00f3ria)<\/p>\n<p>Debate 02 \u2013 24\/05 -A gest\u00e3o cultural na Pandemia, com Pedro Granato (SMCSP \/ Teatro Pequeno Ato) e\u00a0Rosana Paulo da Cunha, Gerente de A\u00e7\u00e3o Cultural do Sesc SP\u00a0\u2013 Media\u00e7\u00e3o Johana Albuquerque (idealizadora do projeto)<\/p>\n<p>Debate 03 \u2013 31\/05 &#8211; Ben Jonson: a com\u00e9dia da gan\u00e2ncia ontem e hoje, com Marcos Daud (tradutor e adaptador Protocolo Volpone) e Ricardo Cardoso (Shakespeare Institute, USP \/ FAPESP) \u2013 Media\u00e7\u00e3o Joca Andreazza (ator do espet\u00e1culo)<\/p>\n<p>Debate 04 \u2013 07\/06 &#8211; Teatro na pandemia: o olhar cr\u00edtico. Com Valmir Santos (Teatro Jornal) e Kil Abreu (Cena Aberta + curador de teatro CCSP) \u2013 Media\u00e7\u00e3o Cac\u00e1 Toledo (assistente de dire\u00e7\u00e3o do espet\u00e1culo).<\/p>\n<p>Todos os debates ficar\u00e3o dispon\u00edveis no canal do youtube de Protocolo Volpone para quem n\u00e3o puder acompanhar a transmiss\u00e3o ao vivo.<\/p>\n<p>A Bendita Trupe deseja inspirar espectadores e artistas de muitos territ\u00f3rios a ousarem estabelecer novos experimentos c\u00eanicos protocolares, assim que houver uma melhora no quadro atual que permita a t\u00e3o esperada abertura.<\/p>\n<p><strong>A equipe<\/strong><\/p>\n<p>Essa montagem \u00e9 a mais famosa<strong>\u00a0<\/strong>com\u00e9dia<strong>\u00a0<\/strong>de Ben Jonson, na vers\u00e3o de Stefan Zweig, e tem adapta\u00e7\u00e3o de\u00a0<strong>Marcos Daud<\/strong>. A idealiza\u00e7\u00e3o do projeto e dire\u00e7\u00e3o \u00e9 de\u00a0<strong>Johana Albuquerque<\/strong>\u00a0e o elenco \u00e9 composto pelos atores\u00a0<strong>Daniel Alvim, Helena Ranaldi,\u00a0Joca Andreazza,\u00a0Luciano Gatti, Marcelo Villas Boas, Mauricio de Barros, Pedro Birenbaum, Vanderlei Bernardino, Sergio Pardal e Vera Bonilha.\u00a0<\/strong>Na visualidade do espet\u00e1culo figuram o cen\u00f3grafo\u00a0<strong>Julio Dojcsar<\/strong>,\u00a0a iluminadora\u00a0<strong>Aline Santini<\/strong>, a figurinista\u00a0<strong>Silvana Marcondes<\/strong>, o diretor musical\u00a0<strong>Pedro Birenbaum\u00a0<\/strong>e o visagista\u00a0<strong>Leopoldo Pacheco<\/strong>. O projeto conta tamb\u00e9m com a assist\u00eancia de dire\u00e7\u00e3o de\u00a0<strong>Cac\u00e1 Toledo<\/strong>\u00a0e produ\u00e7\u00e3o de\u00a0<strong>Anayan Moretto<\/strong>.<\/p>\n<p><strong>\u00a0<\/strong><strong>Sobre o espet\u00e1culo<\/strong><\/p>\n<p>Trata-se de uma adapta\u00e7\u00e3o de\u00a0<strong>Volpone<\/strong>, a com\u00e9dia da gan\u00e2ncia, de Ben Jonson, contempor\u00e2neo de Shakespeare, um dos textos mais encenados no Reino Unido. O texto ganha uma vers\u00e3o enxugada pelo austr\u00edaco Stefan Zweig, nos anos 1920, a partir da qual Marcos Daud fez a vers\u00e3o atualizada para o contempor\u00e2neo. Volpone \u00e9 um homem sem filhos, especialista na arrecada\u00e7\u00e3o de riquezas e, para mais acumular, finge estar agonizante e diverte-se com o desfile de bajuladores que, na expectativa de serem contemplados em seu testamento, o enchem de favores e se prestam a todas as humilha\u00e7\u00f5es. \u00c9 uma com\u00e9dia cl\u00e1ssica, com uma embocadura de linguagem aparentemente de \u00e9poca, mas tamb\u00e9m divertida, c\u00e1ustica e popular.<\/p>\n<p>O texto foi encenado pelo Teatro Brasileiro de Com\u00e9dia nos anos 1950, e D\u00e9cio de Almeida Prado, cr\u00edtico que ajudou a formar o p\u00fablico do TBC, assim descreve o texto: \u2018Voltore\u2019, \u2018Corvino\u2019, \u2018Corbaccio\u2019\u00a0\u2013\u00a0Ben\u00a0Jonson \u00a0 n\u00e3o \u00a0 teria\u00a0reunido assim esse bando de aves de rapina, em torno de Volpone, a astuta raposa velha, se n\u00e3o pretendesse escrever a mais estranha e inesperada das com\u00e9dias: \u201ca com\u00e9dia da morte\u201d.<\/p>\n<p>A letra da m\u00fasica \u201cOh, Veneza, Terra dos Sonhos\u201d, escrita especialmente por Bertolt Brecht para uma montagem deste texto pela diretora Elizabeth Hauptmann, em 1952, serviu de inspira\u00e7\u00e3o para a abertura deste espet\u00e1culo.<\/p>\n<p><strong>Hist\u00f3ria da montagem<\/strong><\/p>\n<p>Com protocolos criados para que todos estejam protegidos, a elabora\u00e7\u00e3o da obra partiu do desejo do resgate do encontro primordial do teatro, a experi\u00eancia presencial e ef\u00eamera entre o p\u00fablico e a cena (mesmo que de forma restrita). Chegaram, ent\u00e3o, ao dispositivo c\u00eanico ao ar livre que abriga 20 espectadores em cabines individuais, assim como a atua\u00e7\u00e3o e movimenta\u00e7\u00e3o dos atores no espa\u00e7o com distanciamento f\u00edsico entre eles, al\u00e9m do compartilhamento de objetos c\u00eanicos atrav\u00e9s de medidas de prote\u00e7\u00e3o, procedimentos que se transformaram em linguagem e cria\u00e7\u00e3o c\u00eanica. A pe\u00e7a estreou no dia 16 de outubro de 2020 e ficou em cartaz neste formato at\u00e9 08 de novembro, no Estacionamento do Teatro Arthur Azevedo.<\/p>\n<p>Uma particularidade deste projeto \u00e9 o fato de que a equipe criadora e de produ\u00e7\u00e3o participaram do espet\u00e1culo no papel de \u201canjos de prote\u00e7\u00e3o\u201d. Respons\u00e1veis por estabelecer os protocolos dentro da pr\u00f3pria cena, dire\u00e7\u00e3o, figurinista, iluminadora, cen\u00f3grafo, diretor musical e produ\u00e7\u00e3o circulam por dentro do espa\u00e7o c\u00eanico para garantir a troca segura de objetos entre os atores, o traslado de grandes mobili\u00e1rios, o cuidado com o som e a luz, al\u00e9m de serem os guias da plateia na circula\u00e7\u00e3o pelo estacionamento.<\/p>\n<p><strong>Sobre a Bendita Trupe<\/strong><\/p>\n<p>A Bendita Trupe \u00e9 um premiado conjunto paulistano, que tem como linha de pesquisa a cria\u00e7\u00e3o de espet\u00e1culos para o p\u00fablico adulto e infantojuvenil, com linguagem cr\u00edtica e po\u00e9tica voltada ao Brasil contempor\u00e2neo. Tem como princ\u00edpio fundamental estimular a intelig\u00eancia e o humor de todas as idades, perseguindo o ideal de um teatro &#8220;s\u00e9rio&#8221; e paradoxalmente, divertido. Em 2019, realiza\u00a0a leitura encenada de\u00a0<em>Volpone<\/em>, de Ben Jonson, em homenagem ao Teatro Brasileiro de Com\u00e9dia, na Biblioteca Mario de Andrade,\u00a0 no\u00a0 465\u00ba\u00a0 anivers\u00e1rio\u00a0 da\u00a0 cidade\u00a0 de S\u00e3o\u00a0 Paulo, que resultou na 1\u00aa temporada presencial de\u00a0<em>Protocolo Volpone, um Cl\u00e1ssico em Tempos Pand\u00eamicos<\/em>, em 2020. Em 2017, produz\u00a0<em>Hospedeira &amp; Paquiderme: D\u00edptico de Estranhas e Esquizos Dramaturgias<\/em>, dois mon\u00f3logos que conversam sobre os colapsos mentais, que estreou no SESC Consola\u00e7\u00e3o. Em 2015, encena dois espet\u00e1culos de jovens dramaturgos do SESI \u2013 British Council,\u00a0<em>Solil\u00f3quios<\/em>\u00a0e\u00a0<em>Em Abrigo<\/em>, que esteve em cartaz no Mezanino do SESI Paulista.<\/p>\n<p><strong>Sobre Johana Albuquerque<\/strong><\/p>\n<p>\u00c9 diretora, atriz, produtora e pesquisadora teatral. \u00c9 p\u00f3s doutora pela ECA\/USP e dirige a Bendita Trupe. Tem 20 espet\u00e1culos encenados na cidade de S\u00e3o Paulo. Johana tamb\u00e9m \u00e9 professora universit\u00e1ria. Al\u00e9m das montagens com a Bendita Trupe, em 2018 dirige a pesquisa c\u00eanica\u00a0<em>Quadro em Branco<\/em>, numa parceria com o PPGEAC da UNIRIO, com as professoras atrizes Rosyane Trotta e Jacyan Castilho, uma revisita\u00e7\u00e3o ao\u00a0<em>Auto dos 99%<\/em>, do Centro Popular da Cultura, CPC, tomando a hist\u00f3ria da universidade p\u00fablica brasileira como met\u00e1fora da exclus\u00e3o social no pa\u00eds. Em 2015, Johana dirige o Coletivo Quizumba, um coletivo negro com a pesquisa\u00a0<em>Santas de Casa Tamb\u00e9m Fazem Milagres<\/em>, pela Lei de Fomento ao Teatro, que resultou no espet\u00e1culo\u00a0<em>Oju Orum<\/em>, na Sala Adoniran Barbosa, no CCSP.<\/p>\n<p>&nbsp;<\/p>\n<p><strong>FICHA T\u00c9CNICA\u00a0<\/strong><\/p>\n<p>Texto: Ben Jonson, na vers\u00e3o de Stefan Zweig<\/p>\n<p>Adapta\u00e7\u00e3o: Marcos Daud<\/p>\n<p>Idealiza\u00e7\u00e3o e dire\u00e7\u00e3o: Johana Albuquerque<\/p>\n<p>Assist\u00eancia de dire\u00e7\u00e3o: Cac\u00e1 Toledo<\/p>\n<p><strong>Atores:\u00a0<\/strong><\/p>\n<p>Daniel Alvim (Volpone),<\/p>\n<p>Helena Ranaldi (Canina),<\/p>\n<p>Joca Andreazza (Corvino),<\/p>\n<p>Luciano Gatti (Leone),<\/p>\n<p>Marcelo Villas Boas (Juiz),<\/p>\n<p>Maur\u00edcio de Barros (Mosca),<\/p>\n<p>Pedro Birenbaum (Inspetor e M\u00fasico em cena),<\/p>\n<p>Vanderlei Bernardino (Voltore),<\/p>\n<p>S\u00e9rgio Pardal (Corbaccio),<\/p>\n<p>Vera Bonilha (Colomba).<\/p>\n<p>Cenografia e Adere\u00e7os: Julio Dojcsar<\/p>\n<p>Desenho de Luz: Aline Santini<\/p>\n<p>Figurino: Silvana Marcondes<\/p>\n<p>Dire\u00e7\u00e3o Musical, M\u00fasicas Originais, Produ\u00e7\u00e3o de som e Teclados: Pedro Birenbaum<\/p>\n<p>Visagismo: Leopoldo Pacheco<\/p>\n<p>Colabora\u00e7\u00e3o nos desenhos de cena: Kenia Dias<\/p>\n<p>Prepara\u00e7\u00e3o corporal de Kemp\u00f4: Ciro Godoy<\/p>\n<p>Maquiadora: Jess Inamura<\/p>\n<p>Sonoriza\u00e7\u00e3o: Kako Guirado<\/p>\n<p>Opera\u00e7\u00e3o de Som: Anderson Moura<\/p>\n<p>Assistente de Luz e Opera\u00e7\u00e3o: Paje\u00fa Oliveira<\/p>\n<p>Microfonista: Matheus Santos<\/p>\n<p>Design gr\u00e1fico: Murilo Thaveira<\/p>\n<p>M\u00eddias sociais: JustWebSites<\/p>\n<p>Fotos Ensaio e Teasers: Marcelo Villas Boas<\/p>\n<p>Fotos Divulga\u00e7\u00e3o: Maria Clara Diniz<\/p>\n<p>Assessoria de Imprensa: Pombo Correio<\/p>\n<p>Filmagem em 04 c\u00e2meras e Edi\u00e7\u00e3o do Espet\u00e1culo: Kim Leekyung e Marcelo Villas Boas<\/p>\n<p>\u00c1udio Studio &#8211; Felipe Santana<\/p>\n<p>Legendas &#8211; Miguel Aceves Ramos Junior<\/p>\n<p>Tradu\u00e7\u00e3o Legendas Ingl\u00eas &#8211; Jorge Minicelli<\/p>\n<p>Tradu\u00e7\u00e3o Legendas Espanhol &#8211; Iralys Escalona<\/p>\n<p>Transmiss\u00e3o &#8211; Daniel Lopes<\/p>\n<p><strong>CICLO DE DEBATES:<\/strong><\/p>\n<p>Mediadores:\u00a0Ruy Cortez; Johana Albuquerque; Joca Andreazza; Cac\u00e1 Toledo.<\/p>\n<p>Debatedores:\u00a0Bendita Trupe; Pedro Granato; Marcos Daud; Ricardo Cardoso; Kil Abreu e Valmir Santos.<\/p>\n<p>Produ\u00e7\u00e3o Executiva: Marcelo Le\u00e3o<\/p>\n<p>Produ\u00e7\u00e3o: Anayan Moretto<\/p>\n<p>COORDENA\u00c7\u00c3O GERAL: JOHANA ALBUQUERQUE<\/p>\n<p>REALIZA\u00c7\u00c3O: BENDITA TRUPE<\/p>\n<p>&nbsp;<\/p>\n<p><strong>SERVI\u00c7O<\/strong><\/p>\n<p><strong>Protocolo Volpone, Um Cl\u00e1ssico em Tempos Pand\u00eamicos<\/strong><\/p>\n<p>De 14 de maio a 05 de junho, sextas e s\u00e1bados \u00e0s 20h.<\/p>\n<p>Dura\u00e7\u00e3o do espet\u00e1culo: 120 min<\/p>\n<p>Ingresso: Gratuito<\/p>\n<p>Local: Canal do Youtube\/Protocolo Volpone<\/p>\n<p>Debates: Dias 17\/05, 24\/05, 31\/05 e 07\/06, segundas-feiras das 18h30 \u00e0s 20h30.<\/p>\n<p>Ingresso: Gratuito<\/p>\n<p>Onde: Canal do Youtube\/Protocolo Volpone e Facebook Bendita Trupe<\/p>\n<p>&nbsp;<\/p>\n<p>&nbsp;<\/p>\n<p>&nbsp;<\/p>\n<p>&nbsp;<\/p>\n","protected":false},"excerpt":{"rendered":"<p>Protocolo Volpone, um cl\u00e1ssico em tempos pand\u00eamicos faz oito apresenta\u00e7\u00f5es de forma\u00a0online\u00a0e gratuita,com legendas em portugu\u00eas, ingl\u00eas e espanhol,no canal do Youtube\/Protocolo Volpone<\/p>\n","protected":false},"author":34,"featured_media":41045,"comment_status":"closed","ping_status":"closed","sticky":false,"template":"","format":"standard","meta":{"_jetpack_newsletter_access":"","_jetpack_dont_email_post_to_subs":false,"_jetpack_newsletter_tier_id":0,"_jetpack_memberships_contains_paywalled_content":false,"_jetpack_memberships_contains_paid_content":false,"footnotes":""},"categories":[7],"tags":[1008,2140,2147,4242,6372,8914],"class_list":["post-41044","post","type-post","status-publish","format-standard","has-post-thumbnail","hentry","category-comunicacao","tag-apresentacao","tag-comedia","tag-comemoracao","tag-gratuita","tag-online","tag-youtube"],"aioseo_notices":[],"views":606,"jetpack_featured_media_url":"https:\/\/jornalrol.com.br\/wp-content\/uploads\/2021\/05\/image1-4.jpg","jetpack_sharing_enabled":true,"jetpack_likes_enabled":true,"jetpack-related-posts":[{"id":40685,"url":"https:\/\/jornalrol.com.br\/?p=40685","url_meta":{"origin":41044,"position":0},"title":"&#039;Protocolo Volpone&#039;, um cl\u00e1ssico em tempos pand\u00eamicos  faz oito apresenta\u00e7\u00f5es de forma online e gratuita","author":"Veronica Moreira","date":"14 de maio de 2021","format":false,"excerpt":"Link para download de fotos Protocolo Volpone, um cl\u00e1ssico em tempos pand\u00eamicos\u00a0faz oito apresenta\u00e7\u00f5es de forma\u00a0online\u00a0e gratuita,\u00a0com legendas em portugu\u00eas, ingl\u00eas e espanhol,\u00a0no canal do Youtube\/Protocolo Volpone Com\u00e9dia criada para comemorar os 20 anos da\u00a0Cia Bendita Trupe, dirigida por\u00a0Johana Albuquerque,\u00a0Protocolo Volpone \u2013 Um Cl\u00e1ssico em Tempos Pand\u00eamicos\u00a0foi o 1\u00ba espet\u00e1culo\u2026","rel":"","context":"Em &quot;Comunica\u00e7\u00e3o&quot;","block_context":{"text":"Comunica\u00e7\u00e3o","link":"https:\/\/jornalrol.com.br\/?cat=7"},"img":{"alt_text":"","src":"https:\/\/i0.wp.com\/www.jornalrol.com.br\/wp-content\/uploads\/2021\/05\/image1-1-300x199.jpg?resize=350%2C200","width":350,"height":200},"classes":[]},{"id":51653,"url":"https:\/\/jornalrol.com.br\/?p=51653","url_meta":{"origin":41044,"position":1},"title":"Teatro Escola Mario Persico apresenta a pe\u00e7a &#039;A mulher Zumbi&#039;","author":"Veronica Moreira","date":"23 de agosto de 2022","format":false,"excerpt":"\u00a0A pe\u00e7a, em comemora\u00e7\u00e3o aos 28 anos da Cia Cl\u00e1ssica e tamb\u00e9m do espet\u00e1culo A Mulher Zumbi,\u00a0ser\u00e1 apresentado nesta quarta-feira (24), \u00e0s 20h Em comemora\u00e7\u00e3o aos 28 anos da Cia Cl\u00e1ssica e tamb\u00e9m do espet\u00e1culo A Mulher Zumbi. A Cia Cl\u00e1ssica de Repert\u00f3rio apresenta aquele que \u00e9 o carro chefe\u2026","rel":"","context":"Em &quot;Comunica\u00e7\u00e3o&quot;","block_context":{"text":"Comunica\u00e7\u00e3o","link":"https:\/\/jornalrol.com.br\/?cat=7"},"img":{"alt_text":"","src":"https:\/\/i0.wp.com\/jornalrol.com.br\/wp-content\/uploads\/2022\/08\/Mulher-Zumbi-2-1-po.jpg?resize=350%2C200&ssl=1","width":350,"height":200,"srcset":"https:\/\/i0.wp.com\/jornalrol.com.br\/wp-content\/uploads\/2022\/08\/Mulher-Zumbi-2-1-po.jpg?resize=350%2C200&ssl=1 1x, https:\/\/i0.wp.com\/jornalrol.com.br\/wp-content\/uploads\/2022\/08\/Mulher-Zumbi-2-1-po.jpg?resize=525%2C300&ssl=1 1.5x, https:\/\/i0.wp.com\/jornalrol.com.br\/wp-content\/uploads\/2022\/08\/Mulher-Zumbi-2-1-po.jpg?resize=700%2C400&ssl=1 2x"},"classes":[]},{"id":52908,"url":"https:\/\/jornalrol.com.br\/?p=52908","url_meta":{"origin":41044,"position":2},"title":"Teatro Escola Mario Persico realiza a I Maratona de Teatro TEMP","author":"Sergio Diniz da Costa","date":"12 de dezembro de 2022","format":false,"excerpt":"No dia 17 de dezembro, a I Maratona de Teatro TEMP dar\u00e1 in\u00edcio\u00a0\u00e0s comemora\u00e7\u00f5es da primeira d\u00e9cada de resist\u00eancia art\u00edstica do Teatro Escola Mario Persico Em 2023 o Teatro Escola Mario Persico completar\u00e1 10 (dez) anos. Uma d\u00e9cada de resist\u00eancias. Segundo Mario Persico, foram enfrentadas muitas batalhas, \"desde vizinho com\u2026","rel":"","context":"Em &quot;Comunica\u00e7\u00e3o&quot;","block_context":{"text":"Comunica\u00e7\u00e3o","link":"https:\/\/jornalrol.com.br\/?cat=7"},"img":{"alt_text":"","src":"https:\/\/i0.wp.com\/jornalrol.com.br\/wp-content\/uploads\/2022\/12\/3ff1e655-2240-4b3e-ae4e-99ea29fd51e5.jpg?resize=350%2C200&ssl=1","width":350,"height":200,"srcset":"https:\/\/i0.wp.com\/jornalrol.com.br\/wp-content\/uploads\/2022\/12\/3ff1e655-2240-4b3e-ae4e-99ea29fd51e5.jpg?resize=350%2C200&ssl=1 1x, https:\/\/i0.wp.com\/jornalrol.com.br\/wp-content\/uploads\/2022\/12\/3ff1e655-2240-4b3e-ae4e-99ea29fd51e5.jpg?resize=525%2C300&ssl=1 1.5x, https:\/\/i0.wp.com\/jornalrol.com.br\/wp-content\/uploads\/2022\/12\/3ff1e655-2240-4b3e-ae4e-99ea29fd51e5.jpg?resize=700%2C400&ssl=1 2x, https:\/\/i0.wp.com\/jornalrol.com.br\/wp-content\/uploads\/2022\/12\/3ff1e655-2240-4b3e-ae4e-99ea29fd51e5.jpg?resize=1050%2C600&ssl=1 3x"},"classes":[]},{"id":18321,"url":"https:\/\/jornalrol.com.br\/?p=18321","url_meta":{"origin":41044,"position":3},"title":"A arte circense no Sesi de Itapetininga dias 18 e 19","author":"Helio Rubens","date":"14 de maio de 2018","format":false,"excerpt":"A ARTE CIRCENSE NOS PALCOS DO SESI ITAPETININGA Sob o olhar e a experi\u00eancia da Cia. LaM\u00ednima de Circo e Teatro, \u201cPagliacci\u201d representa a gra\u00e7a e a melancolia do palha\u00e7o. As sess\u00f5es acontecem nos dias 18 e 19 de maio e t\u00eam entrada gratuita. Fotos: goo.gl\/8x7kJB O SESI Itapetininga recebe\u2026","rel":"","context":"Em &quot;Comunica\u00e7\u00e3o&quot;","block_context":{"text":"Comunica\u00e7\u00e3o","link":"https:\/\/jornalrol.com.br\/?cat=7"},"img":{"alt_text":"Resultado de imagem para pagliacci sesi","src":"https:\/\/abrilvejasp.files.wordpress.com\/2017\/03\/pagliacci-em-alta-foto-paulo-barbuto-pb1_7450.jpg?quality=70&strip=info&w=350&h=200&crop=1","width":350,"height":200},"classes":[]},{"id":22085,"url":"https:\/\/jornalrol.com.br\/?p=22085","url_meta":{"origin":41044,"position":4},"title":"Teatro Escola Mario Persico apresenta, dia 03 de novembro (s\u00e1bado), \u00e0s 20h00, a com\u00e9dia &#039;A Mulher Zumbi&#039;","author":"Sergio Diniz da Costa","date":"31 de outubro de 2018","format":false,"excerpt":"A Cia Cl\u00e1ssica de Repert\u00f3rio apresenta aquele que \u00e9 o carro chefe da companhia, a com\u00e9dia\u00a0A MULHER ZUMBI, que, nesses 24 anos, ganhou 27 pr\u00eamios \u00a0 A Cia Cl\u00e1ssica de Repert\u00f3rio apresenta aquele que \u00e9 o carro chefe da companhia, a com\u00e9dia\u00a0A MULHER ZUMBI,\u00a0que\u00a0estreou em 15\/10\/1994 no Teatro Municipal Teot\u00f4nio\u2026","rel":"","context":"Em &quot;Comunica\u00e7\u00e3o&quot;","block_context":{"text":"Comunica\u00e7\u00e3o","link":"https:\/\/jornalrol.com.br\/?cat=7"},"img":{"alt_text":"","src":"https:\/\/i0.wp.com\/www.jornalrol.com.br\/wp-content\/uploads\/2018\/10\/601746_355122751255331_564414591_n-1-300x297.jpg?resize=350%2C200","width":350,"height":200},"classes":[]},{"id":50324,"url":"https:\/\/jornalrol.com.br\/?p=50324","url_meta":{"origin":41044,"position":5},"title":"Premiado em Tiradentes, novo filme da Sess\u00e3o Vitrini, seguindo todos os protocolos, chega aos cinemas em 23 de junho","author":"Veronica Moreira","date":"24 de maio de 2022","format":false,"excerpt":"\u00a0Escrito e dirigido por F\u00e1bio Leal, o longa, que ser\u00e1 exibido no Olhar de cinema, explora o desejo e o sexo durante a pandemia Foi da solid\u00e3o do isolamento social na fase mais aguda da pandemia que nasceu o filme\u00a0SEGUINDO TODOS OS PROTOCOLOS, primeiro longa solo que o recifense F\u00e1bio\u2026","rel":"","context":"Em &quot;Comunica\u00e7\u00e3o&quot;","block_context":{"text":"Comunica\u00e7\u00e3o","link":"https:\/\/jornalrol.com.br\/?cat=7"},"img":{"alt_text":"","src":"https:\/\/i0.wp.com\/www.jornalrol.com.br\/wp-content\/uploads\/2022\/05\/filme.jpg?resize=350%2C200","width":350,"height":200,"srcset":"https:\/\/i0.wp.com\/www.jornalrol.com.br\/wp-content\/uploads\/2022\/05\/filme.jpg?resize=350%2C200 1x, https:\/\/i0.wp.com\/www.jornalrol.com.br\/wp-content\/uploads\/2022\/05\/filme.jpg?resize=525%2C300 1.5x, https:\/\/i0.wp.com\/www.jornalrol.com.br\/wp-content\/uploads\/2022\/05\/filme.jpg?resize=700%2C400 2x"},"classes":[]}],"_links":{"self":[{"href":"https:\/\/jornalrol.com.br\/index.php?rest_route=\/wp\/v2\/posts\/41044","targetHints":{"allow":["GET"]}}],"collection":[{"href":"https:\/\/jornalrol.com.br\/index.php?rest_route=\/wp\/v2\/posts"}],"about":[{"href":"https:\/\/jornalrol.com.br\/index.php?rest_route=\/wp\/v2\/types\/post"}],"author":[{"embeddable":true,"href":"https:\/\/jornalrol.com.br\/index.php?rest_route=\/wp\/v2\/users\/34"}],"replies":[{"embeddable":true,"href":"https:\/\/jornalrol.com.br\/index.php?rest_route=%2Fwp%2Fv2%2Fcomments&post=41044"}],"version-history":[{"count":0,"href":"https:\/\/jornalrol.com.br\/index.php?rest_route=\/wp\/v2\/posts\/41044\/revisions"}],"wp:featuredmedia":[{"embeddable":true,"href":"https:\/\/jornalrol.com.br\/index.php?rest_route=\/wp\/v2\/media\/41045"}],"wp:attachment":[{"href":"https:\/\/jornalrol.com.br\/index.php?rest_route=%2Fwp%2Fv2%2Fmedia&parent=41044"}],"wp:term":[{"taxonomy":"category","embeddable":true,"href":"https:\/\/jornalrol.com.br\/index.php?rest_route=%2Fwp%2Fv2%2Fcategories&post=41044"},{"taxonomy":"post_tag","embeddable":true,"href":"https:\/\/jornalrol.com.br\/index.php?rest_route=%2Fwp%2Fv2%2Ftags&post=41044"}],"curies":[{"name":"wp","href":"https:\/\/api.w.org\/{rel}","templated":true}]}}