{"id":43204,"date":"2021-07-24T07:24:20","date_gmt":"2021-07-24T10:24:20","guid":{"rendered":"http:\/\/www.jornalrol.com.br\/?p=43204"},"modified":"2021-07-24T07:24:20","modified_gmt":"2021-07-24T10:24:20","slug":"marcelo-jamal-funda-a-banda-karminda","status":"publish","type":"post","link":"https:\/\/jornalrol.com.br\/?p=43204","title":{"rendered":"Marcelo Jamal funda a Banda Karminda"},"content":{"rendered":"<div class=\"pdfprnt-buttons pdfprnt-buttons-post pdfprnt-top-right\"><a href=\"https:\/\/jornalrol.com.br\/index.php?rest_route=%2Fwp%2Fv2%2Fposts%2F43204&print=pdf\" class=\"pdfprnt-button pdfprnt-button-pdf\" target=\"_blank\" ><\/a><a href=\"https:\/\/jornalrol.com.br\/index.php?rest_route=%2Fwp%2Fv2%2Fposts%2F43204&print=print\" class=\"pdfprnt-button pdfprnt-button-print\" target=\"_blank\" ><img decoding=\"async\" src=\"https:\/\/jornalrol.com.br\/wp-content\/plugins\/pdf-print\/images\/print.png\" alt=\"image_print\" title=\"Conte\u00fado de impress\u00e3o\" \/><\/a><\/div><h2 style=\"text-align: center;\"><a href=\"http:\/\/www.jornalrol.com.br\/marcelo-jamal-funda-a-banda-karminda\/223132495_2120364311436350_1982399677452983739_n\/\" rel=\"attachment wp-att-43205\"><img loading=\"lazy\" decoding=\"async\" data-attachment-id=\"43205\" data-permalink=\"https:\/\/jornalrol.com.br\/?attachment_id=43205\" data-orig-file=\"https:\/\/jornalrol.com.br\/wp-content\/uploads\/2021\/07\/223132495_2120364311436350_1982399677452983739_n.jpg\" data-orig-size=\"720,540\" data-comments-opened=\"0\" data-image-meta=\"{&quot;aperture&quot;:&quot;0&quot;,&quot;credit&quot;:&quot;&quot;,&quot;camera&quot;:&quot;&quot;,&quot;caption&quot;:&quot;&quot;,&quot;created_timestamp&quot;:&quot;0&quot;,&quot;copyright&quot;:&quot;&quot;,&quot;focal_length&quot;:&quot;0&quot;,&quot;iso&quot;:&quot;0&quot;,&quot;shutter_speed&quot;:&quot;0&quot;,&quot;title&quot;:&quot;&quot;,&quot;orientation&quot;:&quot;0&quot;}\" data-image-title=\"223132495_2120364311436350_1982399677452983739_n\" data-image-description=\"\" data-image-caption=\"\" data-large-file=\"https:\/\/jornalrol.com.br\/wp-content\/uploads\/2021\/07\/223132495_2120364311436350_1982399677452983739_n.jpg\" class=\" wp-image-43205 aligncenter\" src=\"http:\/\/www.jornalrol.com.br\/wp-content\/uploads\/2021\/07\/223132495_2120364311436350_1982399677452983739_n-300x225.jpg\" alt=\"\" width=\"620\" height=\"465\" \/><\/a>\u201cO que fazemos \u00e9 musica com o m\u00e1ximo de brasilidade nelas.\u201d (Marcelo Jamal)<\/h2>\n<p><!--more--><\/p>\n<div class=\"elementor-element elementor-element-4baa510 elementor-widget elementor-widget-text-editor\" data-id=\"4baa510\" data-element_type=\"widget\" data-widget_type=\"text-editor.default\">\n<div class=\"elementor-widget-container\">\n<div class=\"elementor-text-editor elementor-clearfix\">\n<p>Para quem \u00e9 fil\u00f3sofo, escritor, poeta, diretor teatral, dramaturgo, compositor e m\u00fasico, somente faltava apenas juntar tudo isso, num mix de talento, de criatividade e criar uma banda.<\/p>\n<p>E foi justamente isso que Marcelo Jamal fez!<\/p>\n<p>Segundo Jamal, a ideia de formar uma banda \u00e9 um sonho antigo que o persegue desde a adolesc\u00eancia e cujo &#8216;gatilho&#8217; motivador foi a apresenta\u00e7\u00e3o da banda &#8216;Eug\u00eanio&#8217;. Nesse momento,\u00a0 percebeu que a m\u00fasica no Brasil estava em constante processo de se recria\u00e7\u00e3o, de reelabora\u00e7\u00e3o.<\/p>\n<p>Entusiasmado com essa impress\u00e3o, resolveu formar uma banda que tivesse uma boa dose teatral, sua atividade art\u00edstica mais efervescente. E, para tanto,\u00a0 \u00a0buscou inspira\u00e7\u00e3o nas casas de \u201cBurlesco\u201d europeias.\u00a0Burlesco \u00e9 uma palavra de origem italiana, derivado de &#8216;burla&#8217;, que significa &#8216;piada&#8217;, &#8216;rid\u00edculo&#8217; ou &#8216;zombaria&#8217; e se expressa tanto literariamente, quanto de forma dram\u00e1tica ou musical. O intuito desse g\u00eanero art\u00edstico \u00e9 justamente causar riso em rela\u00e7\u00e3o a trabalhos tidos como s\u00e9rios.<\/p>\n<p>Com essa base, Jamal quis\u00a0criar uma identidade pr\u00f3pria para a banda e come\u00e7ou a compor em cima dessa ideia musical.<\/p>\n<\/div>\n<\/div>\n<\/div>\n<div class=\"elementor-element elementor-element-fef4ae7 elementor-widget elementor-widget-text-editor\" data-id=\"fef4ae7\" data-element_type=\"widget\" data-widget_type=\"text-editor.default\">\n<div class=\"elementor-widget-container\">\n<div class=\"elementor-text-editor elementor-clearfix\">\n<p><strong>Karminda<\/strong><\/p>\n<p>Jamal conta que o nome Karminda surgiu depois de v\u00e1rias artes feitas com outros nomes. E, num lampejo de criatividade, surgiu o nome Karminda, cuja origem\u00a0 vem de Carmem, diminutivo de Carmel, em italiano e espanhol &#8216;can\u00e7\u00e3o&#8217;, &#8216;melodia&#8217; ou &#8216;poema&#8217;. E o intuito, desde o in\u00edcio, sempre foi de a banda ter uma mulher como vocal.<\/p>\n<p>O projeto inicial ganhou contornos e Karminda foi juntando as pe\u00e7as e logo se formou, tornando-se real e de extrema sonoridade musical, com influ\u00eancias nacionais em sua base como, a exemplo dos conjuntos Secos &amp; Molhados, Mutantes, Tutti Frutti, Metr\u00f4 e Legi\u00e3o Urbana, Pato Fu.<\/p>\n<p>Jamal diz que afirma que a banda Karminda n\u00e3o tem bem um estilo musical definido, sendo considerada como uma banda Indie Rock e, sob sua \u00f3tica, lan\u00e7a-se no cen\u00e1rio musical brasileiro com a inten\u00e7\u00e3o de inovar a rica m\u00fasica brasileira.<\/p>\n<\/div>\n<\/div>\n<\/div>\n<p><strong>Os integrantes da banda<\/strong><\/p>\n<p>Jamal descreve a banda KARMINDA como &#8220;formada pelos m\u00fasicos e amigos, <strong>Marcelo Jamal<\/strong>, \u00e0 frente das guitarras, <strong>Carlos Passos<\/strong>, no contrabaixo (com seu groove fren\u00e9tico, Daniel Ferreira, em suas levadas r\u00edtmicas de sua bateria e <strong>Vanessa Souza<\/strong>, no vocal com a delicadeza de sua doce voz&#8221;.<\/p>\n<p>https:\/\/www.youtube.com\/watch?v=jg08PI7bON8&#038;t=12s<\/p>\n<p>https:\/\/www.youtube.com\/watch?v=9EP7Cq_OUB4&#038;t=2s<\/p>\n<p>https:\/\/www.youtube.com\/watch?v=RTezY9l-9RY&#038;t=20s<\/p>\n<p>&nbsp;<\/p>\n<p>&nbsp;<\/p>\n<p>&nbsp;<\/p>\n<p>&nbsp;<\/p>\n","protected":false},"excerpt":{"rendered":"<p>\u201cO que fazemos \u00e9 musica com o m\u00e1ximo de brasilidade nelas.\u201d (Marcelo Jamal)<\/p>\n","protected":false},"author":6,"featured_media":43205,"comment_status":"closed","ping_status":"closed","sticky":false,"template":"","format":"standard","meta":{"_jetpack_newsletter_access":"","_jetpack_dont_email_post_to_subs":false,"_jetpack_newsletter_tier_id":0,"_jetpack_memberships_contains_paywalled_content":false,"_jetpack_memberships_contains_paid_content":false,"footnotes":""},"categories":[7],"tags":[1288,4093,4941,5354],"class_list":["post-43204","post","type-post","status-publish","format-standard","has-post-thumbnail","hentry","category-comunicacao","tag-banda","tag-fundacao","tag-karminda","tag-marcelo-jamal"],"aioseo_notices":[],"views":749,"jetpack_featured_media_url":"https:\/\/jornalrol.com.br\/wp-content\/uploads\/2021\/07\/223132495_2120364311436350_1982399677452983739_n.jpg","jetpack_sharing_enabled":true,"jetpack_likes_enabled":true,"jetpack-related-posts":[{"id":26001,"url":"https:\/\/jornalrol.com.br\/?p=26001","url_meta":{"origin":43204,"position":0},"title":"Companhia Madre Mio de Teatro apresenta o espet\u00e1culo &#039;Mente a Mente&#039;","author":"Sergio Diniz da Costa","date":"10 de abril de 2019","format":false,"excerpt":"Escrita e dirigida por Marcelo Jamal, a pe\u00e7a ser\u00e1 apresentada no dia 20 de abril (s\u00e1bado), \u00e0s 20h,\u00a0no Teatro Municipal 'Teot\u00f4nio Vilela' \u00a0 \u2018Mente a Mente\u2019, escrita e dirigida por Marcelo Jamal, retrata a vida uma poetisa e seus conflitos internos, medos, d\u00favidas, ansiedade e paix\u00f5es, que v\u00eam \u00e0 tona\u2026","rel":"","context":"Em &quot;Comunica\u00e7\u00e3o&quot;","block_context":{"text":"Comunica\u00e7\u00e3o","link":"https:\/\/jornalrol.com.br\/?cat=7"},"img":{"alt_text":"","src":"https:\/\/i0.wp.com\/www.jornalrol.com.br\/wp-content\/uploads\/2019\/04\/54799885_1458692250934189_1734255949574569984_o-300x208.jpg?resize=350%2C200","width":350,"height":200},"classes":[]},{"id":27994,"url":"https:\/\/jornalrol.com.br\/?p=27994","url_meta":{"origin":43204,"position":1},"title":"Cia. Teatral Madre Mio apresenta o espet\u00e1culo Mundo de Lama","author":"Sergio Diniz da Costa","date":"19 de junho de 2019","format":false,"excerpt":"A pe\u00e7a - um mon\u00f3logo conduzido por Gabriela Ribeiro -\u00a0 \u00e9 a complementa\u00e7\u00e3o do curso livre de teatro da Cia. Teatral Madre Mio Mundo de Lama retrata\u00a0 o descaso das autoridades pol\u00edticas e da pr\u00f3pria sociedade sobre as trag\u00e9dias anunciadas no Brasil, onde, no final, a balan\u00e7a da injusti\u00e7a pende\u2026","rel":"","context":"Em &quot;Comunica\u00e7\u00e3o&quot;","block_context":{"text":"Comunica\u00e7\u00e3o","link":"https:\/\/jornalrol.com.br\/?cat=7"},"img":{"alt_text":"","src":"https:\/\/i0.wp.com\/www.jornalrol.com.br\/wp-content\/uploads\/2019\/06\/CARTAZ-MUNDO-DE-LAMA-3-300x208.jpg?resize=350%2C200","width":350,"height":200},"classes":[]},{"id":29469,"url":"https:\/\/jornalrol.com.br\/?p=29469","url_meta":{"origin":43204,"position":2},"title":"Grupo Teatral Quimera Sorocaba apresenta o espet\u00e1culo \u2018Mente que Sangra\u2019","author":"Sergio Diniz da Costa","date":"27 de setembro de 2019","format":false,"excerpt":"Dirigida por Nick Cardoso, a pe\u00e7a ser\u00e1 apresentada no dia 29 (domingo), \u00e0s 17h e 19h, no audit\u00f3rio 'Pedro Salom\u00e3o Jos\u00e9' O Grupo Teatral Quimera Sorocaba* apresenta, neste domingo (29), \u00e0s 17h\u00a0 e 19h,\u00a0 o espet\u00e1culo \u2018Mente que Sangra\u2019. Com dire\u00e7\u00e3o de Nick Cardoso e dire\u00e7\u00e3o geral de Marcelo Jamal,\u2026","rel":"","context":"Em &quot;Comunica\u00e7\u00e3o&quot;","block_context":{"text":"Comunica\u00e7\u00e3o","link":"https:\/\/jornalrol.com.br\/?cat=7"},"img":{"alt_text":"","src":"https:\/\/i0.wp.com\/www.jornalrol.com.br\/wp-content\/uploads\/2019\/09\/70913987_891710427878167_5329324772406853632_n-212x300.png?resize=350%2C200","width":350,"height":200},"classes":[]},{"id":46811,"url":"https:\/\/jornalrol.com.br\/?p=46811","url_meta":{"origin":43204,"position":3},"title":"Do Blues ao Rock, Academia do Rock comemora 10 anos de atividades com franquias e plano de expans\u00e3o para 2022","author":"Veronica Moreira","date":"27 de novembro de 2021","format":false,"excerpt":"A Academia do Rock, completa em dezembro, 10 anos de atua\u00e7\u00e3o. De uma brincadeira com os filhos de montar uma banda de rock em casa, e pela falta de escolas especializadas, viu uma oportunidade latente de neg\u00f3cios Na \u00e9poca n\u00e3o era o primeiro neg\u00f3cio do empres\u00e1rio curitibano Marcelo de Freitas.\u2026","rel":"","context":"Em &quot;Comunica\u00e7\u00e3o&quot;","block_context":{"text":"Comunica\u00e7\u00e3o","link":"https:\/\/jornalrol.com.br\/?cat=7"},"img":{"alt_text":"","src":"","width":0,"height":0},"classes":[]},{"id":62788,"url":"https:\/\/jornalrol.com.br\/?p=62788","url_meta":{"origin":43204,"position":4},"title":"Banda destaque da cena curitibana revela suas principais influ\u00eancias","author":"Sergio Diniz da Costa","date":"4 de novembro de 2023","format":false,"excerpt":"A banda curitibana For You, que lan\u00e7ou o primeiro CD, \u00e9 conhecida por realizar uma verdadeira viagem pelo t\u00fanel do tempo da m\u00fasica nacional e internacional","rel":"","context":"Em &quot;Arte&quot;","block_context":{"text":"Arte","link":"https:\/\/jornalrol.com.br\/?cat=9286"},"img":{"alt_text":"O repert\u00f3rio da ForYou levanta o p\u00fablico por onde passa, com interpreta\u00e7\u00f5es de Eric Clapton a Tim Maia","src":"https:\/\/i0.wp.com\/jornalrol.com.br\/wp-content\/uploads\/2023\/11\/O-repertorio-da-ForYou-levanta-o-publico-por-onde-passa-com-interpretacoes-de-Eric-Clapton-a-Tim-Maia.jpg?resize=350%2C200&ssl=1","width":350,"height":200,"srcset":"https:\/\/i0.wp.com\/jornalrol.com.br\/wp-content\/uploads\/2023\/11\/O-repertorio-da-ForYou-levanta-o-publico-por-onde-passa-com-interpretacoes-de-Eric-Clapton-a-Tim-Maia.jpg?resize=350%2C200&ssl=1 1x, https:\/\/i0.wp.com\/jornalrol.com.br\/wp-content\/uploads\/2023\/11\/O-repertorio-da-ForYou-levanta-o-publico-por-onde-passa-com-interpretacoes-de-Eric-Clapton-a-Tim-Maia.jpg?resize=525%2C300&ssl=1 1.5x"},"classes":[]},{"id":58015,"url":"https:\/\/jornalrol.com.br\/?p=58015","url_meta":{"origin":43204,"position":5},"title":"Arte de Toda Gente no Festival de Londrina","author":"Marcelo Paiva Pereira","date":"4 de julho de 2023","format":false,"excerpt":"Entre os dias 09 e 16 de julho, acontece a 43\u00aa edi\u00e7\u00e3o do Festival Internacional de M\u00fasica de Londrina \u2013 FIML, um dos mais importantes do g\u00eanero na Am\u00e9rica...","rel":"","context":"Em &quot;Arte&quot;","block_context":{"text":"Arte","link":"https:\/\/jornalrol.com.br\/?cat=9286"},"img":{"alt_text":"","src":"https:\/\/i0.wp.com\/jornalrol.com.br\/wp-content\/uploads\/2023\/07\/image.png?resize=350%2C200&ssl=1","width":350,"height":200,"srcset":"https:\/\/i0.wp.com\/jornalrol.com.br\/wp-content\/uploads\/2023\/07\/image.png?resize=350%2C200&ssl=1 1x, https:\/\/i0.wp.com\/jornalrol.com.br\/wp-content\/uploads\/2023\/07\/image.png?resize=525%2C300&ssl=1 1.5x, https:\/\/i0.wp.com\/jornalrol.com.br\/wp-content\/uploads\/2023\/07\/image.png?resize=700%2C400&ssl=1 2x, https:\/\/i0.wp.com\/jornalrol.com.br\/wp-content\/uploads\/2023\/07\/image.png?resize=1050%2C600&ssl=1 3x"},"classes":[]}],"_links":{"self":[{"href":"https:\/\/jornalrol.com.br\/index.php?rest_route=\/wp\/v2\/posts\/43204","targetHints":{"allow":["GET"]}}],"collection":[{"href":"https:\/\/jornalrol.com.br\/index.php?rest_route=\/wp\/v2\/posts"}],"about":[{"href":"https:\/\/jornalrol.com.br\/index.php?rest_route=\/wp\/v2\/types\/post"}],"author":[{"embeddable":true,"href":"https:\/\/jornalrol.com.br\/index.php?rest_route=\/wp\/v2\/users\/6"}],"replies":[{"embeddable":true,"href":"https:\/\/jornalrol.com.br\/index.php?rest_route=%2Fwp%2Fv2%2Fcomments&post=43204"}],"version-history":[{"count":0,"href":"https:\/\/jornalrol.com.br\/index.php?rest_route=\/wp\/v2\/posts\/43204\/revisions"}],"wp:featuredmedia":[{"embeddable":true,"href":"https:\/\/jornalrol.com.br\/index.php?rest_route=\/wp\/v2\/media\/43205"}],"wp:attachment":[{"href":"https:\/\/jornalrol.com.br\/index.php?rest_route=%2Fwp%2Fv2%2Fmedia&parent=43204"}],"wp:term":[{"taxonomy":"category","embeddable":true,"href":"https:\/\/jornalrol.com.br\/index.php?rest_route=%2Fwp%2Fv2%2Fcategories&post=43204"},{"taxonomy":"post_tag","embeddable":true,"href":"https:\/\/jornalrol.com.br\/index.php?rest_route=%2Fwp%2Fv2%2Ftags&post=43204"}],"curies":[{"name":"wp","href":"https:\/\/api.w.org\/{rel}","templated":true}]}}