{"id":43754,"date":"2021-08-10T08:19:13","date_gmt":"2021-08-10T11:19:13","guid":{"rendered":"http:\/\/www.jornalrol.com.br\/?p=43754"},"modified":"2021-08-10T08:19:13","modified_gmt":"2021-08-10T11:19:13","slug":"sesc-mulheres-debate-cultura-transformadora-e-projetos-sociais","status":"publish","type":"post","link":"https:\/\/jornalrol.com.br\/?p=43754","title":{"rendered":"Sesc Mulheres debate cultura transformadora e projetos sociais"},"content":{"rendered":"<div class=\"pdfprnt-buttons pdfprnt-buttons-post pdfprnt-top-right\"><a href=\"https:\/\/jornalrol.com.br\/index.php?rest_route=%2Fwp%2Fv2%2Fposts%2F43754&print=pdf\" class=\"pdfprnt-button pdfprnt-button-pdf\" target=\"_blank\" ><\/a><a href=\"https:\/\/jornalrol.com.br\/index.php?rest_route=%2Fwp%2Fv2%2Fposts%2F43754&print=print\" class=\"pdfprnt-button pdfprnt-button-print\" target=\"_blank\" ><img decoding=\"async\" src=\"https:\/\/jornalrol.com.br\/wp-content\/plugins\/pdf-print\/images\/print.png\" alt=\"image_print\" title=\"Conte\u00fado de impress\u00e3o\" \/><\/a><\/div><h2><a href=\"http:\/\/www.jornalrol.com.br\/sesc-mulheres-debate-cultura-transformadora-e-projetos-sociais\/unnamed-135\/\" rel=\"attachment wp-att-43755\"><img loading=\"lazy\" decoding=\"async\" data-attachment-id=\"43755\" data-permalink=\"https:\/\/jornalrol.com.br\/?attachment_id=43755\" data-orig-file=\"https:\/\/jornalrol.com.br\/wp-content\/uploads\/2021\/08\/unnamed-1.jpg\" data-orig-size=\"300,300\" data-comments-opened=\"0\" data-image-meta=\"{&quot;aperture&quot;:&quot;0&quot;,&quot;credit&quot;:&quot;&quot;,&quot;camera&quot;:&quot;&quot;,&quot;caption&quot;:&quot;&quot;,&quot;created_timestamp&quot;:&quot;0&quot;,&quot;copyright&quot;:&quot;&quot;,&quot;focal_length&quot;:&quot;0&quot;,&quot;iso&quot;:&quot;0&quot;,&quot;shutter_speed&quot;:&quot;0&quot;,&quot;title&quot;:&quot;&quot;,&quot;orientation&quot;:&quot;0&quot;}\" data-image-title=\"unnamed\" data-image-description=\"\" data-image-caption=\"\" data-large-file=\"https:\/\/jornalrol.com.br\/wp-content\/uploads\/2021\/08\/unnamed-1.jpg\" class=\"size-full wp-image-43755 aligncenter\" src=\"http:\/\/jornalrol.com.br\/wp-content\/uploads\/2021\/08\/unnamed-1.jpg\" alt=\"\" width=\"300\" height=\"300\" \/><i><\/i><\/a><\/h2>\n<h2 style=\"text-align: center;\"><i>Terceiro encontro do Sesc Mulheres, do Sesc PR, aborda as mulheres \u00e0 frente de projetos sociais<\/i><\/h2>\n<p><!--more--><\/p>\n<div>\n<div>\n<p><strong>Amanh\u00e3 (11), a partir das 19h<\/strong>, o Sesc PR promove o terceiro encontro on-line do Sesc Mulheres, com o tema \u201cCultura Transformadora: mulheres \u00e0 frente de projetos sociais\u201d. A transmiss\u00e3o do encontro ser\u00e1 pelo<a href=\"https:\/\/www.youtube.com\/sescpr\" target=\"_blank\" rel=\"noopener\" data-saferedirecturl=\"https:\/\/www.google.com\/url?q=https:\/\/www.youtube.com\/sescpr&amp;source=gmail&amp;ust=1628668396033000&amp;usg=AFQjCNFJjEz6KTZB7M7xB-xp1CDFF1cJLQ\">\u00a0canal Sesc PR no Youtube<\/a>.<\/p>\n<p>A mesa-redonda ter\u00e1 a participa\u00e7\u00e3o da psic\u00f3loga, bailarina e core\u00f3grafa, Suely Machado, da bailarina, core\u00f3grafa,\u00a0<em>performer<\/em>\u00a0e artista docente, Patr\u00edcia Machado. O bate-papo ter\u00e1 media\u00e7\u00e3o da estrategista em Marca Pessoal e presidente da C\u00e2mara da Mulher Empreendedora e Gestora de Neg\u00f3cios (CMEG) de Curitiba, Luciana Burko Maciel.<\/p>\n<p>O projeto Sesc Mulheres traz \u00e0 tona\u00a0 o universo feminino, a condi\u00e7\u00e3o das mulheres, suas demandas e a rela\u00e7\u00e3o com a cultura. Para isso, convida profissionais da \u00e1rea cultural e empreendedoras para discutir a condi\u00e7\u00e3o feminina, suas demandas, como pensar a realidade a partir da mulher, seus pontos de vista, visando tornar a conviv\u00eancia mais plural e igualit\u00e1ria.<\/p>\n<p>&nbsp;<\/p>\n<p><strong>Convidadas<\/strong><\/p>\n<p><strong>Suely Machado<\/strong>\u00a0\u00e9 graduada em Psiciologia, pela Pontif\u00edcia Universidade Cat\u00f3lica de Minas Gerais, com especializa\u00e7\u00e3o em Coreoterapia e Psicomotricidade e, em Pedagogia do Movimento para o Ensino da Dan\u00e7a, pela Escola de Belas Artes da Universidade Federal de Minas Gerais, \u00c9 bailarina e core\u00f3grafa, formada em Dan\u00e7a Moderna, fundadora do grupo de dan\u00e7a Primeiro Ato e do 1\u00ba Ato Centro de Dan\u00e7a, em\u00a0 1982, sendo diretora desde ent\u00e3o. H\u00e1 11 anos criou e dirige o 1\u00ba Ato, em Nova Lima, Minas Gerais. \u00c9 representante mineira na Associa\u00e7\u00e3o de Produtores do Mercosul, foi jurada em diversas edi\u00e7\u00f5es do Festival Internacional de Dan\u00e7a de Joinville, em Santa Catarina, e atua como jurada t\u00e9cnica no programa Dan\u00e7a dos Famosos, na Rede Globo, desde 2011.<\/p>\n<p><strong>Patr\u00edcia Machado<\/strong>\u00a0\u00e9 bailarina, core\u00f3grafa, performer e artista docente, formada em Dan\u00e7a pelo Institut del Teatre de Barcelona, Espanha. \u00c9 mestre em Media\u00e7\u00f5es Educacionais em Artes, e doutoranda em Pedagogia das Artes C\u00eanicas, pela Universidade do Estado de Santa Catarina. Atuou na Leine and Roebana Dance Company, de Amsterdam e da It Danza Joven Compa\u00f1ia, em Barcelona, na Companhia de Dan\u00e7a Contempor\u00e2nea, em Lisboa e, no Bal\u00e9 Teatro Gua\u00edra, em Curitiba. Desde 2016 desenvolve trabalhos coreogr\u00e1ficos e performativos com a tem\u00e1tica do ref\u00fagio e da migra\u00e7\u00e3o. \u00c9 cofundadora do N\u00f3s em Tra\u00e7o, coletivo interessado em alternativas para arte e educa\u00e7\u00e3o.<\/p>\n<p>&nbsp;<\/p>\n<p><strong>SERVI\u00c7O<\/strong><\/p>\n<p>Live Sesc Mulheres<\/p>\n<p>Tema: Cultura Transformadora: mulheres \u00e0 frente de projetos sociais<\/p>\n<p>Data: 11 de agosto<\/p>\n<p>Hor\u00e1rio: 19h<\/p>\n<p>Transmiss\u00e3o:\u00a0<a href=\"https:\/\/www.youtube.com\/sescpr\" target=\"_blank\" rel=\"noopener\" data-saferedirecturl=\"https:\/\/www.google.com\/url?q=https:\/\/www.youtube.com\/sescpr&amp;source=gmail&amp;ust=1628668396033000&amp;usg=AFQjCNFJjEz6KTZB7M7xB-xp1CDFF1cJLQ\">https:\/\/www.youtube.com\/sescpr<\/a><\/p>\n<p>&nbsp;<\/p>\n<\/div>\n<\/div>\n<p>&nbsp;<\/p>\n<p>&nbsp;<\/p>\n<p>&nbsp;<\/p>\n<p>&nbsp;<\/p>\n<p>&nbsp;<\/p>\n<p>&nbsp;<\/p>\n","protected":false},"excerpt":{"rendered":"<p>Terceiro encontro do Sesc Mulheres, do Sesc PR, aborda as mulheres \u00e0 frente de projetos sociais<\/p>\n","protected":false},"author":6,"featured_media":43755,"comment_status":"closed","ping_status":"closed","sticky":false,"template":"","format":"standard","meta":{"_jetpack_newsletter_access":"","_jetpack_dont_email_post_to_subs":false,"_jetpack_newsletter_tier_id":0,"_jetpack_memberships_contains_paywalled_content":false,"_jetpack_memberships_contains_paid_content":false,"footnotes":""},"categories":[7],"tags":[2510,5841,7198,7916,7920,8323],"class_list":["post-43754","post","type-post","status-publish","format-standard","has-post-thumbnail","hentry","category-comunicacao","tag-cultura","tag-mulheres","tag-projetos-sociais","tag-sesc-mulheres","tag-sesc-pr","tag-terceiro-encontro"],"aioseo_notices":[],"views":510,"jetpack_featured_media_url":"https:\/\/jornalrol.com.br\/wp-content\/uploads\/2021\/08\/unnamed-1.jpg","jetpack_sharing_enabled":true,"jetpack_likes_enabled":true,"jetpack-related-posts":[{"id":41113,"url":"https:\/\/jornalrol.com.br\/?p=41113","url_meta":{"origin":43754,"position":0},"title":"Sesc Mulheres debate cria\u00e7\u00e3o art\u00edstica e maternidade com Rosana Stavis e a cantora C\u00e9u","author":"Veronica Moreira","date":"29 de maio de 2021","format":false,"excerpt":"baixar em alta resolu\u00e7\u00e3o Na pr\u00f3xima sexta-feira (21), \u00e0s 19h, o Sesc PR promove a segunda edi\u00e7\u00e3o do projeto Sesc Mulheres e, em um evento\u00a0on-line\u00a0e ao vivo, traz ao p\u00fablico o debate sobre carreira, cria\u00e7\u00e3o art\u00edstica e maternidade Segunda edi\u00e7\u00e3o do projeto abre espa\u00e7o para o di\u00e1logo e a exposi\u00e7\u00e3o\u2026","rel":"","context":"Em &quot;Comunica\u00e7\u00e3o&quot;","block_context":{"text":"Comunica\u00e7\u00e3o","link":"https:\/\/jornalrol.com.br\/?cat=7"},"img":{"alt_text":"","src":"https:\/\/i0.wp.com\/www.jornalrol.com.br\/wp-content\/uploads\/2021\/05\/unnamed-4-2.jpg?resize=350%2C200","width":350,"height":200},"classes":[]},{"id":79986,"url":"https:\/\/jornalrol.com.br\/?p=79986","url_meta":{"origin":43754,"position":1},"title":"Mulheres que sonham mudar o mundo","author":"Sergio Diniz da Costa","date":"10 de abril de 2026","format":false,"excerpt":"A programa\u00e7\u00e3o do final de semana no Sesc Sorocaba re\u00fane atividades para diferentes p\u00fablicos, com destaque para as a\u00e7\u00f5es do Festival da Cultura Surda...","rel":"","context":"Em &quot;Arte&quot;","block_context":{"text":"Arte","link":"https:\/\/jornalrol.com.br\/?cat=9286"},"img":{"alt_text":"Cena do espet\u00e1culo 'Mulheres que sonham mudar o mundo' - Foto de Ricardo Oba","src":"https:\/\/i0.wp.com\/jornalrol.com.br\/wp-content\/uploads\/2026\/04\/Fotos-de-Ricardo-Oba-2.jpg?resize=350%2C200&ssl=1","width":350,"height":200,"srcset":"https:\/\/i0.wp.com\/jornalrol.com.br\/wp-content\/uploads\/2026\/04\/Fotos-de-Ricardo-Oba-2.jpg?resize=350%2C200&ssl=1 1x, https:\/\/i0.wp.com\/jornalrol.com.br\/wp-content\/uploads\/2026\/04\/Fotos-de-Ricardo-Oba-2.jpg?resize=525%2C300&ssl=1 1.5x, https:\/\/i0.wp.com\/jornalrol.com.br\/wp-content\/uploads\/2026\/04\/Fotos-de-Ricardo-Oba-2.jpg?resize=700%2C400&ssl=1 2x, https:\/\/i0.wp.com\/jornalrol.com.br\/wp-content\/uploads\/2026\/04\/Fotos-de-Ricardo-Oba-2.jpg?resize=1050%2C600&ssl=1 3x, https:\/\/i0.wp.com\/jornalrol.com.br\/wp-content\/uploads\/2026\/04\/Fotos-de-Ricardo-Oba-2.jpg?resize=1400%2C800&ssl=1 4x"},"classes":[]},{"id":17013,"url":"https:\/\/jornalrol.com.br\/?p=17013","url_meta":{"origin":43754,"position":2},"title":"Sesc Sorocaba apresenta, dia 13 de mar\u00e7o (ter\u00e7a-feira), \u00e0s 19h, no projeto CineCaf\u00e9 &#039;A mo\u00e7a do calend\u00e1rio&#039;","author":"Sergio Diniz da Costa","date":"9 de mar\u00e7o de 2018","format":false,"excerpt":"O\u00a0Cinecaf\u00e9\u00a0apresenta em mar\u00e7o, no\u00a0Sesc Sorocaba, diversos filmes nacionais contempor\u00e2neos dirigidos por diretoras brasileiras \u00a0 O\u00a0Cinecaf\u00e9\u00a0apresenta em mar\u00e7o, no\u00a0Sesc Sorocaba, diversos filmes nacionais contempor\u00e2neos dirigidos por diretoras brasileiras. A proposta faz parte do projeto \u201cMulheria\u201d, que contempla, ao longo do m\u00eas de mar\u00e7o, a\u00e7\u00f5es que trazem o protagonismo feminino nas mais\u2026","rel":"","context":"Em &quot;Comunica\u00e7\u00e3o&quot;","block_context":{"text":"Comunica\u00e7\u00e3o","link":"https:\/\/jornalrol.com.br\/?cat=7"},"img":{"alt_text":"","src":"https:\/\/i0.wp.com\/www.jornalrol.com.br\/wp-content\/uploads\/2018\/03\/A-Mo%C3%A7a-do-Calend%C3%A1rio-300x141.jpg?resize=350%2C200","width":350,"height":200},"classes":[]},{"id":30241,"url":"https:\/\/jornalrol.com.br\/?p=30241","url_meta":{"origin":43754,"position":3},"title":"Luau do Sesc Sorocaba contar\u00e1 neste domingo (05) com o projeto Arroeira.","author":"Sergio Diniz da Costa","date":"3 de janeiro de 2020","format":false,"excerpt":"Para abrir as noites de ver\u00e3o, o\u00a0Luau do\u00a0Sesc\u00a0contar\u00e1 neste\u00a0domingo (05)\u00a0com o projeto\u00a0Arroeira Para abrir as noites de ver\u00e3o, o\u00a0Luau do\u00a0Sesc\u00a0contar\u00e1 neste\u00a0domingo (05)\u00a0com o projeto\u00a0Arroeira. A partir das 18h, o grupo que cantar\u00e1 releituras e vers\u00f5es originais de composi\u00e7\u00f5es femininas, apresentar\u00e1 um show com muito swing feito para dan\u00e7ar e cantar\u2026","rel":"","context":"Em &quot;Comunica\u00e7\u00e3o&quot;","block_context":{"text":"Comunica\u00e7\u00e3o","link":"https:\/\/jornalrol.com.br\/?cat=7"},"img":{"alt_text":"","src":"https:\/\/i0.wp.com\/www.jornalrol.com.br\/wp-content\/uploads\/2020\/01\/Projeto-Arroeira-300x141.jpg?resize=350%2C200","width":350,"height":200},"classes":[]},{"id":34099,"url":"https:\/\/jornalrol.com.br\/?p=34099","url_meta":{"origin":43754,"position":4},"title":"Sesc Pinheiros realiza o quarto encontro do projeto &#039;Autoria Negra na Literatura Contempor\u00e2nea&#039;","author":"Sergio Diniz da Costa","date":"28 de setembro de 2020","format":false,"excerpt":"Encontro virtual acontece no dia\u00a01\u00ba de outubro,\u00a0\u00e0s 20h, ao vivo,\u00a0no Youtube do Sesc Pinheiros\u00a0(youtube\/sescpinheiros) Autoria Negra na Literatura Contempor\u00e2nea\u00a0\u00e9 uma s\u00e9rie de encontros mensais ao vivo com escritoras negras da atualidade. Com curadoria de Cidinha da Silva, autora e editora na Kuanza Produ\u00e7\u00f5es, em parceria com Daniel Ramos, t\u00e9cnico de\u2026","rel":"","context":"Em &quot;Comunica\u00e7\u00e3o&quot;","block_context":{"text":"Comunica\u00e7\u00e3o","link":"https:\/\/jornalrol.com.br\/?cat=7"},"img":{"alt_text":"","src":"https:\/\/i0.wp.com\/www.jornalrol.com.br\/wp-content\/uploads\/2020\/09\/SESC-300x110.jpg?resize=350%2C200","width":350,"height":200},"classes":[]},{"id":32524,"url":"https:\/\/jornalrol.com.br\/?p=32524","url_meta":{"origin":43754,"position":5},"title":"SescTV exibe Mulheres do \u00c0se","author":"Sergio Diniz da Costa","date":"14 de julho de 2020","format":false,"excerpt":"A performance evidencia a for\u00e7a e a f\u00e9 das mulheres negras, e a import\u00e2ncia do espa\u00e7o religioso candomblecista\u00a0 O\u00a0SescTV\u00a0disponibiliza\u00a0on demand\u00a0e exibe no canal o espet\u00e1culo\u00a0Mulheres de Ax\u00e9. A produ\u00e7\u00e3o faz parte da\u00a0Nova Temporada da s\u00e9rie Dan\u00e7a Contempor\u00e2nea, que prop\u00f5e um olhar plural para a cena da dan\u00e7a contempor\u00e2nea no pa\u00eds,\u2026","rel":"","context":"Em &quot;Comunica\u00e7\u00e3o&quot;","block_context":{"text":"Comunica\u00e7\u00e3o","link":"https:\/\/jornalrol.com.br\/?cat=7"},"img":{"alt_text":"","src":"https:\/\/i0.wp.com\/www.jornalrol.com.br\/wp-content\/uploads\/2020\/07\/cUUfMYv9_400x400-300x300.jpg?resize=350%2C200","width":350,"height":200},"classes":[]}],"_links":{"self":[{"href":"https:\/\/jornalrol.com.br\/index.php?rest_route=\/wp\/v2\/posts\/43754","targetHints":{"allow":["GET"]}}],"collection":[{"href":"https:\/\/jornalrol.com.br\/index.php?rest_route=\/wp\/v2\/posts"}],"about":[{"href":"https:\/\/jornalrol.com.br\/index.php?rest_route=\/wp\/v2\/types\/post"}],"author":[{"embeddable":true,"href":"https:\/\/jornalrol.com.br\/index.php?rest_route=\/wp\/v2\/users\/6"}],"replies":[{"embeddable":true,"href":"https:\/\/jornalrol.com.br\/index.php?rest_route=%2Fwp%2Fv2%2Fcomments&post=43754"}],"version-history":[{"count":0,"href":"https:\/\/jornalrol.com.br\/index.php?rest_route=\/wp\/v2\/posts\/43754\/revisions"}],"wp:featuredmedia":[{"embeddable":true,"href":"https:\/\/jornalrol.com.br\/index.php?rest_route=\/wp\/v2\/media\/43755"}],"wp:attachment":[{"href":"https:\/\/jornalrol.com.br\/index.php?rest_route=%2Fwp%2Fv2%2Fmedia&parent=43754"}],"wp:term":[{"taxonomy":"category","embeddable":true,"href":"https:\/\/jornalrol.com.br\/index.php?rest_route=%2Fwp%2Fv2%2Fcategories&post=43754"},{"taxonomy":"post_tag","embeddable":true,"href":"https:\/\/jornalrol.com.br\/index.php?rest_route=%2Fwp%2Fv2%2Ftags&post=43754"}],"curies":[{"name":"wp","href":"https:\/\/api.w.org\/{rel}","templated":true}]}}