{"id":44561,"date":"2021-09-11T13:46:33","date_gmt":"2021-09-11T16:46:33","guid":{"rendered":"http:\/\/www.jornalrol.com.br\/?p=44561"},"modified":"2021-09-11T13:46:33","modified_gmt":"2021-09-11T16:46:33","slug":"instituto-historico-geografico-e-genealogico-de-itapetininga-ihggi-presta-homenagem-postuma-a-afranio-franco-de-oliveira-mello","status":"publish","type":"post","link":"https:\/\/jornalrol.com.br\/?p=44561","title":{"rendered":"Instituto Hist\u00f3rico, Geogr\u00e1fico e Geneal\u00f3gico de Itapetininga &#8211; IHGGI presta homenagem p\u00f3stuma a Afr\u00e2nio Franco de Oliveira Mello"},"content":{"rendered":"<div class=\"pdfprnt-buttons pdfprnt-buttons-post pdfprnt-top-right\"><a href=\"https:\/\/jornalrol.com.br\/index.php?rest_route=%2Fwp%2Fv2%2Fposts%2F44561&print=pdf\" class=\"pdfprnt-button pdfprnt-button-pdf\" target=\"_blank\" ><\/a><a href=\"https:\/\/jornalrol.com.br\/index.php?rest_route=%2Fwp%2Fv2%2Fposts%2F44561&print=print\" class=\"pdfprnt-button pdfprnt-button-print\" target=\"_blank\" ><img decoding=\"async\" src=\"https:\/\/jornalrol.com.br\/wp-content\/plugins\/pdf-print\/images\/print.png\" alt=\"image_print\" title=\"Conte\u00fado de impress\u00e3o\" \/><\/a><\/div><h2 style=\"text-align: center;\"><\/h2>\n<figure id=\"attachment_44564\" aria-describedby=\"caption-attachment-44564\" style=\"width: 300px\" class=\"wp-caption aligncenter\"><a href=\"http:\/\/www.jornalrol.com.br\/instituto-historico-geografico-e-genealogico-de-itapetininga-ihggi-presta-homenagem-postuma-a-afranio-franco-de-oliveira-mello\/afranio-591x430\/\" rel=\"attachment wp-att-44564\"><img loading=\"lazy\" decoding=\"async\" data-attachment-id=\"44564\" data-permalink=\"https:\/\/jornalrol.com.br\/?attachment_id=44564\" data-orig-file=\"https:\/\/jornalrol.com.br\/wp-content\/uploads\/2021\/09\/AFRANIO-591x430.jpeg\" data-orig-size=\"591,430\" data-comments-opened=\"0\" data-image-meta=\"{&quot;aperture&quot;:&quot;0&quot;,&quot;credit&quot;:&quot;&quot;,&quot;camera&quot;:&quot;&quot;,&quot;caption&quot;:&quot;&quot;,&quot;created_timestamp&quot;:&quot;0&quot;,&quot;copyright&quot;:&quot;&quot;,&quot;focal_length&quot;:&quot;0&quot;,&quot;iso&quot;:&quot;0&quot;,&quot;shutter_speed&quot;:&quot;0&quot;,&quot;title&quot;:&quot;&quot;,&quot;orientation&quot;:&quot;0&quot;}\" data-image-title=\"AFRANIO-591&amp;#215;430\" data-image-description=\"\" data-image-caption=\"\" data-large-file=\"https:\/\/jornalrol.com.br\/wp-content\/uploads\/2021\/09\/AFRANIO-591x430.jpeg\" class=\"wp-image-44564 size-medium\" src=\"http:\/\/jornalrol.com.br\/wp-content\/uploads\/2021\/09\/AFRANIO-591x430-300x218.jpeg\" alt=\"\" width=\"300\" height=\"218\" \/><\/a><figcaption id=\"caption-attachment-44564\" class=\"wp-caption-text\">Afr\u00e2nio Mello<\/figcaption><\/figure>\n<h2 style=\"text-align: center;\">O IHGGI prestou homenagem p\u00f3stuma ao confrade Afr\u00e2nio Franco de Oliveira Mello dando seu nome ao Sal\u00e3o Nobre de Reuni\u00e3o<\/h2>\n<p><!--more--><\/p>\n<p><em>\u201cH\u00e1 homens que lutam um dia\u00a0e s\u00e3o bons; h\u00e1\u00a0outros que\u00a0lutam\u00a0um ano e s\u00e3o melhores; <\/em><\/p>\n<p><em>h\u00e1\u00a0os que\u00a0lutam\u00a0muitos anos e s\u00e3o muito bons. <\/em><\/p>\n<p><em>Mas\u00a0h\u00e1\u00a0os que\u00a0lutam\u00a0toda a vida e estes s\u00e3o imprescind\u00edveis\u201d.<\/em> (Bertolt Brecht)<\/p>\n<p>&nbsp;<\/p>\n<p>O\u00a0dia 20 de mar\u00e7o de 2021 foi um dia de perda humana. Todavia, n\u00e3o uma perda a mais, que faz parte t\u00e3o somente da se\u00e7\u00e3o de Necrologia de um jornal, ou de uma estat\u00edstica oficial.<\/p>\n<p>O dia 20 de mar\u00e7o de 2021 marcou a perda de um marido, de um pai, de um av\u00f4, de um tio, de um amigo, de um irm\u00e3o, de um confrade. E, mais do que essa perda pudesse representar para familiares, parentes, amigos e confrades, representou uma grande perda para o Brasil. E, at\u00e9 mais do que para o Brasil, para a humanidade!<\/p>\n<p>Numa \u00e9poca em que o individualismo, a insensibilidade, a falta de empatia, de fraternidade, de \u00e9tica reflete a condi\u00e7\u00e3o de muitos seres humanos (humanos?), eis que um nome era lembrado, era proferido com rever\u00eancia, porquanto representava um Baluarte da excel\u00eancia humana:\u00a0<strong>Afr\u00e2nio Franco de Oliveira Mello<\/strong>!<\/p>\n<p><a href=\"http:\/\/www.jornalrol.com.br\/instituto-historico-geografico-e-genealogico-de-itapetininga-ihggi-presta-homenagem-postuma-a-afranio-franco-de-oliveira-mello\/241749515_4642976749088567_5232255636281301519_n\/\" rel=\"attachment wp-att-44724\"><img loading=\"lazy\" decoding=\"async\" data-attachment-id=\"44724\" data-permalink=\"https:\/\/jornalrol.com.br\/?attachment_id=44724\" data-orig-file=\"https:\/\/jornalrol.com.br\/wp-content\/uploads\/2021\/09\/241749515_4642976749088567_5232255636281301519_n.jpg\" data-orig-size=\"1355,1016\" data-comments-opened=\"0\" data-image-meta=\"{&quot;aperture&quot;:&quot;0&quot;,&quot;credit&quot;:&quot;&quot;,&quot;camera&quot;:&quot;&quot;,&quot;caption&quot;:&quot;&quot;,&quot;created_timestamp&quot;:&quot;0&quot;,&quot;copyright&quot;:&quot;&quot;,&quot;focal_length&quot;:&quot;0&quot;,&quot;iso&quot;:&quot;0&quot;,&quot;shutter_speed&quot;:&quot;0&quot;,&quot;title&quot;:&quot;&quot;,&quot;orientation&quot;:&quot;0&quot;}\" data-image-title=\"241749515_4642976749088567_5232255636281301519_n\" data-image-description=\"\" data-image-caption=\"\" data-large-file=\"https:\/\/jornalrol.com.br\/wp-content\/uploads\/2021\/09\/241749515_4642976749088567_5232255636281301519_n.jpg\" class=\" wp-image-44724 aligncenter\" src=\"http:\/\/jornalrol.com.br\/wp-content\/uploads\/2021\/09\/241749515_4642976749088567_5232255636281301519_n-300x225.jpg\" alt=\"\" width=\"641\" height=\"481\" \/><\/a><\/p>\n<p><strong>A homenagem do IHGGI\u00a0<\/strong><\/p>\n<p><a href=\"http:\/\/www.jornalrol.com.br\/instituto-historico-geografico-e-genealogico-de-itapetininga-ihggi-presta-homenagem-postuma-a-afranio-franco-de-oliveira-mello\/241390226_2885807881684587_2739589470808474706_n\/\" rel=\"attachment wp-att-44565\"><img loading=\"lazy\" decoding=\"async\" data-attachment-id=\"44565\" data-permalink=\"https:\/\/jornalrol.com.br\/?attachment_id=44565\" data-orig-file=\"https:\/\/jornalrol.com.br\/wp-content\/uploads\/2021\/09\/241390226_2885807881684587_2739589470808474706_n.jpg\" data-orig-size=\"1400,927\" data-comments-opened=\"0\" data-image-meta=\"{&quot;aperture&quot;:&quot;0&quot;,&quot;credit&quot;:&quot;&quot;,&quot;camera&quot;:&quot;&quot;,&quot;caption&quot;:&quot;&quot;,&quot;created_timestamp&quot;:&quot;0&quot;,&quot;copyright&quot;:&quot;&quot;,&quot;focal_length&quot;:&quot;0&quot;,&quot;iso&quot;:&quot;0&quot;,&quot;shutter_speed&quot;:&quot;0&quot;,&quot;title&quot;:&quot;&quot;,&quot;orientation&quot;:&quot;0&quot;}\" data-image-title=\"241390226_2885807881684587_2739589470808474706_n\" data-image-description=\"\" data-image-caption=\"\" data-large-file=\"https:\/\/jornalrol.com.br\/wp-content\/uploads\/2021\/09\/241390226_2885807881684587_2739589470808474706_n.jpg\" class=\"size-medium wp-image-44565 alignright\" src=\"http:\/\/jornalrol.com.br\/wp-content\/uploads\/2021\/09\/241390226_2885807881684587_2739589470808474706_n-300x199.jpg\" alt=\"\" width=\"300\" height=\"199\" \/><\/a>No 25 de agosto de 2021, Data Comemorativa do <strong>Dia do Soldado<\/strong>, o Instituto\u00a0Hist\u00f3rico Geogr\u00e1fico e Geneal\u00f3gico de Itapetininga inaugurou a placa do <strong>Sal\u00e3o Nobre de Reuni\u00e3o\u00a0Afr\u00e2nio Franco de Oliveira Mello<\/strong>, em homenagem ao\u00a0 denodado cidad\u00e3o e dedicado paladino da Genealogia\u00a0Itapetiningana e da valoriza\u00e7\u00e3o hist\u00f3rica dos Ex-Combatentes da Revolu\u00e7\u00e3o\u00a0de 1932 e da Segunda Guerra Mundial, que soube legar a todos que o\u00a0conheceram e que com ele conviveram sua exemplar conduta, seu elevado\u00a0senso de civismo e destacado zelo de patriotismo.<\/p>\n<p><a href=\"http:\/\/www.jornalrol.com.br\/instituto-historico-geografico-e-genealogico-de-itapetininga-ihggi-presta-homenagem-postuma-a-afranio-franco-de-oliveira-mello\/241267446_418445976277876_3407741116335922222_n-1\/\" rel=\"attachment wp-att-44566\"><img loading=\"lazy\" decoding=\"async\" data-attachment-id=\"44566\" data-permalink=\"https:\/\/jornalrol.com.br\/?attachment_id=44566\" data-orig-file=\"https:\/\/jornalrol.com.br\/wp-content\/uploads\/2021\/09\/241267446_418445976277876_3407741116335922222_n-1.jpg\" data-orig-size=\"1400,927\" data-comments-opened=\"0\" data-image-meta=\"{&quot;aperture&quot;:&quot;0&quot;,&quot;credit&quot;:&quot;&quot;,&quot;camera&quot;:&quot;&quot;,&quot;caption&quot;:&quot;&quot;,&quot;created_timestamp&quot;:&quot;0&quot;,&quot;copyright&quot;:&quot;&quot;,&quot;focal_length&quot;:&quot;0&quot;,&quot;iso&quot;:&quot;0&quot;,&quot;shutter_speed&quot;:&quot;0&quot;,&quot;title&quot;:&quot;&quot;,&quot;orientation&quot;:&quot;0&quot;}\" data-image-title=\"241267446_418445976277876_3407741116335922222_n (1)\" data-image-description=\"\" data-image-caption=\"\" data-large-file=\"https:\/\/jornalrol.com.br\/wp-content\/uploads\/2021\/09\/241267446_418445976277876_3407741116335922222_n-1.jpg\" class=\"size-medium wp-image-44566 alignleft\" src=\"http:\/\/jornalrol.com.br\/wp-content\/uploads\/2021\/09\/241267446_418445976277876_3407741116335922222_n-1-300x199.jpg\" alt=\"\" width=\"300\" height=\"199\" \/><\/a>E o Tiro de Guerra 02-076, \u00f3rg\u00e3o de forma\u00e7\u00e3o de reservistas do Ex\u00e9rcito\u00a0Brasileiro em Itapetininga, pelo qual Afr\u00e2nio sempre nutriu o maior apre\u00e7o,\u00a0este demonstrado nos relevantes servi\u00e7os por ele prestados, particularmente<br \/>\nna valoriza\u00e7\u00e3o da Hist\u00f3ria Militar Terrestre junto \u00e0 Sociedade Civil, o teve\u00a0merecidamente reconhecido Nome de Turma da Turma de Atiradores do Tiro\u00a0de Guerra 02-076 do ano de 2021 (<strong>Turma Afr\u00e2nio Franco de Oliveira Mello<\/strong>).<\/p>\n<p>E quem foi esse SER HUMANO que no dia 20 de mar\u00e7o de 2021 deixou a nossa conviv\u00eancia terrena para continuar seu trabalho, agora no Oriente Eterno?<\/p>\n<p><strong><a href=\"http:\/\/www.jornalrol.com.br\/instituto-historico-geografico-e-genealogico-de-itapetininga-ihggi-presta-homenagem-postuma-a-afranio-franco-de-oliveira-mello\/241370558_894332041169301_4807989107642183248_n-1\/\" rel=\"attachment wp-att-44567\"><img loading=\"lazy\" decoding=\"async\" data-attachment-id=\"44567\" data-permalink=\"https:\/\/jornalrol.com.br\/?attachment_id=44567\" data-orig-file=\"https:\/\/jornalrol.com.br\/wp-content\/uploads\/2021\/09\/241370558_894332041169301_4807989107642183248_n-1.jpg\" data-orig-size=\"1400,927\" data-comments-opened=\"0\" data-image-meta=\"{&quot;aperture&quot;:&quot;0&quot;,&quot;credit&quot;:&quot;&quot;,&quot;camera&quot;:&quot;&quot;,&quot;caption&quot;:&quot;&quot;,&quot;created_timestamp&quot;:&quot;0&quot;,&quot;copyright&quot;:&quot;&quot;,&quot;focal_length&quot;:&quot;0&quot;,&quot;iso&quot;:&quot;0&quot;,&quot;shutter_speed&quot;:&quot;0&quot;,&quot;title&quot;:&quot;&quot;,&quot;orientation&quot;:&quot;0&quot;}\" data-image-title=\"241370558_894332041169301_4807989107642183248_n (1)\" data-image-description=\"\" data-image-caption=\"\" data-large-file=\"https:\/\/jornalrol.com.br\/wp-content\/uploads\/2021\/09\/241370558_894332041169301_4807989107642183248_n-1.jpg\" class=\"size-medium wp-image-44567 alignright\" src=\"http:\/\/jornalrol.com.br\/wp-content\/uploads\/2021\/09\/241370558_894332041169301_4807989107642183248_n-1-300x199.jpg\" alt=\"\" width=\"300\" height=\"199\" \/><\/a>Afr\u00e2nio Franco de Oliveira Mello<\/strong>, nascido em 3 de dezembro de 1946,\u00a0\u00a0era natural de\u00a0Itapetininga-SP e filho de Antenor de Oliveira Mello\u00a0J\u00fanior, natural de Bofete-SP. Antenor foi ex-combatente da Revolu\u00e7\u00e3o\u00a0Constitucionalista de 1932, ge\u00f3grafo estat\u00edstico do Instituto Brasileiro de\u00a0Geografia e Estat\u00edstica nos anos de 1945 a 1980 e tamb\u00e9m advogado.\u00a0A m\u00e3e de Afr\u00e2nio, Am\u00e9lia Corr\u00eaa Franco Mello, nasceu em Itapetininga.\u00a0Professora durante a Segunda Guerra Mundial, em Taquarussu, col\u00f4nia\u00a0japonesa perto de Registro-SP. D. Am\u00e9lia lecionou em Guare\u00ed e tamb\u00e9m na<br \/>\nEscola Adherbal de Paula Ferreira. Foi Presidenta, Secret\u00e1ria e Tesoureira da\u00a0Fraternidade Feminina Cruzeiro do Sul, entidade ligada \u00e0 Loja Ma\u00e7\u00f4nica\u00a0Firmeza de Itapetininga. O Centro de Conviv\u00eancia da Vila Piedade neste<br \/>\nmunic\u00edpio leva o seu nome em homenagem.<\/p>\n<p><a href=\"http:\/\/www.jornalrol.com.br\/instituto-historico-geografico-e-genealogico-de-itapetininga-ihggi-presta-homenagem-postuma-a-afranio-franco-de-oliveira-mello\/241379946_142371704683276_2238815124155149824_n\/\" rel=\"attachment wp-att-44568\"><img loading=\"lazy\" decoding=\"async\" data-attachment-id=\"44568\" data-permalink=\"https:\/\/jornalrol.com.br\/?attachment_id=44568\" data-orig-file=\"https:\/\/jornalrol.com.br\/wp-content\/uploads\/2021\/09\/241379946_142371704683276_2238815124155149824_n.jpg\" data-orig-size=\"1400,927\" data-comments-opened=\"0\" data-image-meta=\"{&quot;aperture&quot;:&quot;0&quot;,&quot;credit&quot;:&quot;&quot;,&quot;camera&quot;:&quot;&quot;,&quot;caption&quot;:&quot;&quot;,&quot;created_timestamp&quot;:&quot;0&quot;,&quot;copyright&quot;:&quot;&quot;,&quot;focal_length&quot;:&quot;0&quot;,&quot;iso&quot;:&quot;0&quot;,&quot;shutter_speed&quot;:&quot;0&quot;,&quot;title&quot;:&quot;&quot;,&quot;orientation&quot;:&quot;0&quot;}\" data-image-title=\"241379946_142371704683276_2238815124155149824_n\" data-image-description=\"\" data-image-caption=\"\" data-large-file=\"https:\/\/jornalrol.com.br\/wp-content\/uploads\/2021\/09\/241379946_142371704683276_2238815124155149824_n.jpg\" class=\"size-medium wp-image-44568 alignleft\" src=\"http:\/\/jornalrol.com.br\/wp-content\/uploads\/2021\/09\/241379946_142371704683276_2238815124155149824_n-300x199.jpg\" alt=\"\" width=\"300\" height=\"199\" \/><\/a>Afr\u00e2nio formou-se com esmero no Instituto Imaculada Concei\u00e7\u00e3o, no\u00a0Instituto de Educa\u00e7\u00e3o Peixoto Gomide e no Col\u00e9gio Comercial de Itapetininga.<\/p>\n<p>Exerceu as profiss\u00f5es de comerci\u00e1rio e banc\u00e1rio, bem como de professor de\u00a0contabilidade de custos, vindo a se aposentar em 1994 e, logo depois, prestou\u00a0servi\u00e7os \u00e0s atividades empresariais do Grupo PIG Tintas.<\/p>\n<p>Afr\u00e2nio casou-se em 13 de fevereiro de 1971 com Regina Teresa de\u00a0Moraes Monteiro. O casal teve os filhos Roberto, nascido e falecido em 1973;\u00a0Afr\u00e2nio, nascido em 1974 e falecido com 3 meses; Alexandre, nascido em S\u00e3o\u00a0Paulo a 21 de julho de 1975 e Tatiana, nascida em Cuiab\u00e1-MT em 22 de\u00a0junho de 1980. Seu \u00fanico neto Afr\u00e2nio Cirineu Brumes de Oliveira Mello, filho\u00a0de Alexandre, nasceu em Itapetininga a 10 de mar\u00e7o de 2002.<\/p>\n<p><a href=\"http:\/\/www.jornalrol.com.br\/instituto-historico-geografico-e-genealogico-de-itapetininga-ihggi-presta-homenagem-postuma-a-afranio-franco-de-oliveira-mello\/241312057_254237486566707_5117458287280998450_n\/\" rel=\"attachment wp-att-44569\"><img loading=\"lazy\" decoding=\"async\" data-attachment-id=\"44569\" data-permalink=\"https:\/\/jornalrol.com.br\/?attachment_id=44569\" data-orig-file=\"https:\/\/jornalrol.com.br\/wp-content\/uploads\/2021\/09\/241312057_254237486566707_5117458287280998450_n.jpg\" data-orig-size=\"1400,927\" data-comments-opened=\"0\" data-image-meta=\"{&quot;aperture&quot;:&quot;0&quot;,&quot;credit&quot;:&quot;&quot;,&quot;camera&quot;:&quot;&quot;,&quot;caption&quot;:&quot;&quot;,&quot;created_timestamp&quot;:&quot;0&quot;,&quot;copyright&quot;:&quot;&quot;,&quot;focal_length&quot;:&quot;0&quot;,&quot;iso&quot;:&quot;0&quot;,&quot;shutter_speed&quot;:&quot;0&quot;,&quot;title&quot;:&quot;&quot;,&quot;orientation&quot;:&quot;0&quot;}\" data-image-title=\"241312057_254237486566707_5117458287280998450_n\" data-image-description=\"\" data-image-caption=\"\" data-large-file=\"https:\/\/jornalrol.com.br\/wp-content\/uploads\/2021\/09\/241312057_254237486566707_5117458287280998450_n.jpg\" class=\"size-medium wp-image-44569 alignright\" src=\"http:\/\/jornalrol.com.br\/wp-content\/uploads\/2021\/09\/241312057_254237486566707_5117458287280998450_n-300x199.jpg\" alt=\"\" width=\"300\" height=\"199\" \/><\/a>Prof\u00edcuo genealogista, por muitos anos foi colunista do <strong>Jornal ROL<\/strong> (atualmente, <strong>Jornal Cultural ROL)<\/strong>, por meio do qual\u00a0atendeu a mais de 1.300 pedidos de pesquisa, vindos do Brasil e do Exterior\u00a0acerca de informa\u00e7\u00f5es sobre sobrenomes de fam\u00edlias diversas, tendo\u00a0levantado ao longo dos anos imenso arquivo digital contendo sobrenomes,\u00a0bras\u00f5es e escudos.\u00a0Neste seu \u00edmpar trabalho geneal\u00f3gico, sobressa\u00edram-se trinta\u00a0sobrenomes, a citar os das fam\u00edlias Orsi, Ramacciotti, Sbragia, Loretto,\u00a0Perpetto, Oliveira Mello, Correa Franco e Alves de Almeida. De seus<br \/>\nestudos, Afr\u00e2nio chegou a produzir 1200 p\u00e1ginas referentes a um ramo da\u00a0fam\u00edlia Orsi e mais 450 p\u00e1ginas dos Corr\u00eaa Franco, vindo a descobrir que os\u00a0Orsi foram pioneiros na fabrica\u00e7\u00e3o de ladrilhos e tanques em Itapetininga,<br \/>\nbem como no no uso do diesel para aquecimento de fornalha para fabrica\u00e7\u00e3o\u00a0de cer\u00e2mica. Seu bisav\u00f4, Pietro Orsi, inclusive, foi um grande amigo do Conde\u00a0Francisco Matarazzo.<\/p>\n<p><strong><a href=\"http:\/\/www.jornalrol.com.br\/instituto-historico-geografico-e-genealogico-de-itapetininga-ihggi-presta-homenagem-postuma-a-afranio-franco-de-oliveira-mello\/241397698_1203724326760671_2040379306669120138_n\/\" rel=\"attachment wp-att-44570\"><img loading=\"lazy\" decoding=\"async\" data-attachment-id=\"44570\" data-permalink=\"https:\/\/jornalrol.com.br\/?attachment_id=44570\" data-orig-file=\"https:\/\/jornalrol.com.br\/wp-content\/uploads\/2021\/09\/241397698_1203724326760671_2040379306669120138_n.jpg\" data-orig-size=\"1400,927\" data-comments-opened=\"0\" data-image-meta=\"{&quot;aperture&quot;:&quot;0&quot;,&quot;credit&quot;:&quot;&quot;,&quot;camera&quot;:&quot;&quot;,&quot;caption&quot;:&quot;&quot;,&quot;created_timestamp&quot;:&quot;0&quot;,&quot;copyright&quot;:&quot;&quot;,&quot;focal_length&quot;:&quot;0&quot;,&quot;iso&quot;:&quot;0&quot;,&quot;shutter_speed&quot;:&quot;0&quot;,&quot;title&quot;:&quot;&quot;,&quot;orientation&quot;:&quot;0&quot;}\" data-image-title=\"241397698_1203724326760671_2040379306669120138_n\" data-image-description=\"\" data-image-caption=\"\" data-large-file=\"https:\/\/jornalrol.com.br\/wp-content\/uploads\/2021\/09\/241397698_1203724326760671_2040379306669120138_n.jpg\" class=\"size-medium wp-image-44570 alignleft\" src=\"http:\/\/jornalrol.com.br\/wp-content\/uploads\/2021\/09\/241397698_1203724326760671_2040379306669120138_n-300x199.jpg\" alt=\"\" width=\"300\" height=\"199\" \/><\/a>Afr\u00e2nio pertenceu \u00e0s seguintes entidades e ocupou os seguintes cargos:<\/strong><\/p>\n<p>&#8211; Loja Ma\u00e7\u00f4nica Firmeza, tendo sido iniciado em 06 de mar\u00e7o de 1976 e\u00a0remido a 07 de mar\u00e7o de 2017. Benem\u00e9rito da Ordem Ma\u00e7\u00f4nica desde 2001 e\u00a0Em\u00e9rito da Loja Firmeza desde 2006, Afr\u00e2nio foi Curador do Museu da Loja Firmeza por 25 anos, Presidente da Loja Firmeza nos anos de 1987 a 1989.<\/p>\n<p>Delegado Regional e Coordenador, bem como membro do Ilustre Conselho Estadual de 1997 a 2003.<\/p>\n<p>&#8211; Vice-Presidente do Portal Paulistas de Itapetininga (2020).<\/p>\n<p><a href=\"http:\/\/www.jornalrol.com.br\/instituto-historico-geografico-e-genealogico-de-itapetininga-ihggi-presta-homenagem-postuma-a-afranio-franco-de-oliveira-mello\/241439657_558504422154616_6641680593867486664_n\/\" rel=\"attachment wp-att-44571\"><img loading=\"lazy\" decoding=\"async\" data-attachment-id=\"44571\" data-permalink=\"https:\/\/jornalrol.com.br\/?attachment_id=44571\" data-orig-file=\"https:\/\/jornalrol.com.br\/wp-content\/uploads\/2021\/09\/241439657_558504422154616_6641680593867486664_n.jpg\" data-orig-size=\"1400,927\" data-comments-opened=\"0\" data-image-meta=\"{&quot;aperture&quot;:&quot;0&quot;,&quot;credit&quot;:&quot;&quot;,&quot;camera&quot;:&quot;&quot;,&quot;caption&quot;:&quot;&quot;,&quot;created_timestamp&quot;:&quot;0&quot;,&quot;copyright&quot;:&quot;&quot;,&quot;focal_length&quot;:&quot;0&quot;,&quot;iso&quot;:&quot;0&quot;,&quot;shutter_speed&quot;:&quot;0&quot;,&quot;title&quot;:&quot;&quot;,&quot;orientation&quot;:&quot;0&quot;}\" data-image-title=\"241439657_558504422154616_6641680593867486664_n\" data-image-description=\"\" data-image-caption=\"\" data-large-file=\"https:\/\/jornalrol.com.br\/wp-content\/uploads\/2021\/09\/241439657_558504422154616_6641680593867486664_n.jpg\" class=\"size-medium wp-image-44571 alignright\" src=\"http:\/\/jornalrol.com.br\/wp-content\/uploads\/2021\/09\/241439657_558504422154616_6641680593867486664_n-300x199.jpg\" alt=\"\" width=\"300\" height=\"199\" \/><\/a>&#8211; Presidente do Conselho Consultivo da Associa\u00e7\u00e3o dos Ex-Atiradores e Amigos do Tiro de Guerra de Itapetininga (2015).<\/p>\n<p>&#8211; Secret\u00e1rio de M\u00e9ritos e Honrarias do Portal dos Ex-Combatentes da Segunda Guerra Mundial de Itapetininga (2011).<\/p>\n<p>&#8211; Vice-Presidente do N\u00facleo Paulistas de Itapetininga! As Armas!! Sucursal da Sociedade Veteranos de 32-MMDC em Itapetininga (2011).<\/p>\n<p>&#8211; Membro do Tribunal do J\u00fari de Itapetininga (por 20 anos).<\/p>\n<p>&#8211; Prestador de servi\u00e7os para a Justi\u00e7a Eleitoral de Itapetininga (por 20 anos).<\/p>\n<p>&#8211; Confrade do Instituto Hist\u00f3rico Geneal\u00f3gico de Itapetininga, tendo sido um de seus fundadores em 2005, bem como escolhido Jo\u00e3o Netto Caldeira, autor do cl\u00e1ssico &#8220;\u00c1lbum de Itapetininga&#8221; (Organiza\u00e7\u00e3o Bentivegria de S\u00e3o Paulo,1934) para patrono de sua cadeira, a de n\u00ba 1.<\/p>\n<p><a href=\"http:\/\/www.jornalrol.com.br\/instituto-historico-geografico-e-genealogico-de-itapetininga-ihggi-presta-homenagem-postuma-a-afranio-franco-de-oliveira-mello\/241468237_2895795724004682_6670088002199943309_n\/\" rel=\"attachment wp-att-44573\"><img loading=\"lazy\" decoding=\"async\" data-attachment-id=\"44573\" data-permalink=\"https:\/\/jornalrol.com.br\/?attachment_id=44573\" data-orig-file=\"https:\/\/jornalrol.com.br\/wp-content\/uploads\/2021\/09\/241468237_2895795724004682_6670088002199943309_n.jpg\" data-orig-size=\"1400,787\" data-comments-opened=\"0\" data-image-meta=\"{&quot;aperture&quot;:&quot;0&quot;,&quot;credit&quot;:&quot;&quot;,&quot;camera&quot;:&quot;&quot;,&quot;caption&quot;:&quot;&quot;,&quot;created_timestamp&quot;:&quot;0&quot;,&quot;copyright&quot;:&quot;&quot;,&quot;focal_length&quot;:&quot;0&quot;,&quot;iso&quot;:&quot;0&quot;,&quot;shutter_speed&quot;:&quot;0&quot;,&quot;title&quot;:&quot;&quot;,&quot;orientation&quot;:&quot;0&quot;}\" data-image-title=\"241468237_2895795724004682_6670088002199943309_n\" data-image-description=\"\" data-image-caption=\"\" data-large-file=\"https:\/\/jornalrol.com.br\/wp-content\/uploads\/2021\/09\/241468237_2895795724004682_6670088002199943309_n.jpg\" class=\"size-medium wp-image-44573 alignleft\" src=\"http:\/\/jornalrol.com.br\/wp-content\/uploads\/2021\/09\/241468237_2895795724004682_6670088002199943309_n-300x169.jpg\" alt=\"\" width=\"300\" height=\"169\" \/><\/a>&#8211; 2\u00b0 Vice-Presidente da Associa\u00e7\u00e3o Comercial, Industrial e Agropecu\u00e1ria de Itapetininga (1997\/1999).<\/p>\n<p>&#8211; Diretor da Irmandade da Santa Casa de Miseric\u00f3rdia de Itapetininga, do Hospital Infantil e da Maternidade Sao Jos\u00e9 (1995\/1997 e 1997\/1999).<\/p>\n<p>&#8211; Diretor adjunto da Associa\u00e7\u00e3o Comercial, Industrial e Agropecu\u00e1ria de Itapetininga (1993\/1994).<\/p>\n<p>&#8211; Departamento de Estradas de Rodagem Atl\u00e9tico Clube (1986).<\/p>\n<p>&#8211; Membro do Conselho Comunit\u00e1rio de Seguran\u00e7a de Itapetininga, (1986).<\/p>\n<p><a href=\"http:\/\/www.jornalrol.com.br\/instituto-historico-geografico-e-genealogico-de-itapetininga-ihggi-presta-homenagem-postuma-a-afranio-franco-de-oliveira-mello\/241338895_418776012947355_7801353550091930840_n\/\" rel=\"attachment wp-att-44574\"><img loading=\"lazy\" decoding=\"async\" data-attachment-id=\"44574\" data-permalink=\"https:\/\/jornalrol.com.br\/?attachment_id=44574\" data-orig-file=\"https:\/\/jornalrol.com.br\/wp-content\/uploads\/2021\/09\/241338895_418776012947355_7801353550091930840_n.jpg\" data-orig-size=\"1400,927\" data-comments-opened=\"0\" data-image-meta=\"{&quot;aperture&quot;:&quot;0&quot;,&quot;credit&quot;:&quot;&quot;,&quot;camera&quot;:&quot;&quot;,&quot;caption&quot;:&quot;&quot;,&quot;created_timestamp&quot;:&quot;0&quot;,&quot;copyright&quot;:&quot;&quot;,&quot;focal_length&quot;:&quot;0&quot;,&quot;iso&quot;:&quot;0&quot;,&quot;shutter_speed&quot;:&quot;0&quot;,&quot;title&quot;:&quot;&quot;,&quot;orientation&quot;:&quot;0&quot;}\" data-image-title=\"241338895_418776012947355_7801353550091930840_n\" data-image-description=\"\" data-image-caption=\"\" data-large-file=\"https:\/\/jornalrol.com.br\/wp-content\/uploads\/2021\/09\/241338895_418776012947355_7801353550091930840_n.jpg\" class=\"size-medium wp-image-44574 alignright\" src=\"http:\/\/jornalrol.com.br\/wp-content\/uploads\/2021\/09\/241338895_418776012947355_7801353550091930840_n-300x199.jpg\" alt=\"\" width=\"300\" height=\"199\" \/><\/a>&#8211; Diretor de Esportes do Esporte Clube Martha (1978).<\/p>\n<p>&#8211; Diretor do Sindicato dos Banc\u00e1rios de Avar\u00e9 (1977).<\/p>\n<p>&#8211; Diretor de Patrim\u00f4nio do Esporte Clube de Laranjal Paulista (1976).<\/p>\n<p>Outrossim, na condi\u00e7\u00e3o de vice-presidente do N\u00facleo MMDC de Itapetininga e de secret\u00e1rio do Portal dos Ex-Combatentes de Itapetininga, Afr\u00e2nio coparticipou nas iniciativas que concretizaram a idealiza\u00e7\u00e3o, inaugura\u00e7\u00e3o e\/ou restauro dos seguintes monumentos hist\u00f3ricos em seus respectivos munic\u00edpios:<\/p>\n<p><strong>Em Itapetininga\/SP:<\/strong><\/p>\n<p>Monumento aos Gavi\u00f5es de Penacho \u2013 Avia\u00e7\u00e3o Constitucionalista no Centro de Lazer Fausto Tavares Ramalho (2017).<\/p>\n<p><a href=\"http:\/\/www.jornalrol.com.br\/instituto-historico-geografico-e-genealogico-de-itapetininga-ihggi-presta-homenagem-postuma-a-afranio-franco-de-oliveira-mello\/241338931_560681525280038_8903984304754585184_n\/\" rel=\"attachment wp-att-44575\"><img loading=\"lazy\" decoding=\"async\" data-attachment-id=\"44575\" data-permalink=\"https:\/\/jornalrol.com.br\/?attachment_id=44575\" data-orig-file=\"https:\/\/jornalrol.com.br\/wp-content\/uploads\/2021\/09\/241338931_560681525280038_8903984304754585184_n.jpg\" data-orig-size=\"1400,927\" data-comments-opened=\"0\" data-image-meta=\"{&quot;aperture&quot;:&quot;0&quot;,&quot;credit&quot;:&quot;&quot;,&quot;camera&quot;:&quot;&quot;,&quot;caption&quot;:&quot;&quot;,&quot;created_timestamp&quot;:&quot;0&quot;,&quot;copyright&quot;:&quot;&quot;,&quot;focal_length&quot;:&quot;0&quot;,&quot;iso&quot;:&quot;0&quot;,&quot;shutter_speed&quot;:&quot;0&quot;,&quot;title&quot;:&quot;&quot;,&quot;orientation&quot;:&quot;0&quot;}\" data-image-title=\"241338931_560681525280038_8903984304754585184_n\" data-image-description=\"\" data-image-caption=\"\" data-large-file=\"https:\/\/jornalrol.com.br\/wp-content\/uploads\/2021\/09\/241338931_560681525280038_8903984304754585184_n.jpg\" class=\"size-medium wp-image-44575 alignleft\" src=\"http:\/\/jornalrol.com.br\/wp-content\/uploads\/2021\/09\/241338931_560681525280038_8903984304754585184_n-300x199.jpg\" alt=\"\" width=\"300\" height=\"199\" \/><\/a>Monumento ao Centen\u00e1rio do Tiro de Guerra de Itapetininga (2017).<\/p>\n<p>Galeria dos Patronos das Armas, Quadros e Servi\u00e7os do Ex\u00e9rcito Brasileiro, com acesso \u00e0s biografias via tecnologia QR Code (2017).<\/p>\n<p>Galeria dos Ex-Combatentes da Segunda Guerra Mundial de Itapetininga via tecnologia QR Code (2015).<\/p>\n<p>Monumento aos Pracinhas Itapetininganos da For\u00e7a Expedicion\u00e1ria Brasileira no Tiro de Guerra 02-076 (2014).<\/p>\n<p>Monumento aos Her\u00f3is Itapetininganos de 1932 e 1945 no Cemit\u00e9rio da Irmandade do Sant\u00edssimo Sacramento (2012).<\/p>\n<p><a href=\"http:\/\/www.jornalrol.com.br\/instituto-historico-geografico-e-genealogico-de-itapetininga-ihggi-presta-homenagem-postuma-a-afranio-franco-de-oliveira-mello\/241489978_1002600560525613_9143549319443347634_n\/\" rel=\"attachment wp-att-44576\"><img loading=\"lazy\" decoding=\"async\" data-attachment-id=\"44576\" data-permalink=\"https:\/\/jornalrol.com.br\/?attachment_id=44576\" data-orig-file=\"https:\/\/jornalrol.com.br\/wp-content\/uploads\/2021\/09\/241489978_1002600560525613_9143549319443347634_n.jpg\" data-orig-size=\"1400,927\" data-comments-opened=\"0\" data-image-meta=\"{&quot;aperture&quot;:&quot;0&quot;,&quot;credit&quot;:&quot;&quot;,&quot;camera&quot;:&quot;&quot;,&quot;caption&quot;:&quot;&quot;,&quot;created_timestamp&quot;:&quot;0&quot;,&quot;copyright&quot;:&quot;&quot;,&quot;focal_length&quot;:&quot;0&quot;,&quot;iso&quot;:&quot;0&quot;,&quot;shutter_speed&quot;:&quot;0&quot;,&quot;title&quot;:&quot;&quot;,&quot;orientation&quot;:&quot;0&quot;}\" data-image-title=\"241489978_1002600560525613_9143549319443347634_n\" data-image-description=\"\" data-image-caption=\"\" data-large-file=\"https:\/\/jornalrol.com.br\/wp-content\/uploads\/2021\/09\/241489978_1002600560525613_9143549319443347634_n.jpg\" class=\"size-medium wp-image-44576 alignright\" src=\"http:\/\/jornalrol.com.br\/wp-content\/uploads\/2021\/09\/241489978_1002600560525613_9143549319443347634_n-300x199.jpg\" alt=\"\" width=\"300\" height=\"199\" \/><\/a>Monumento aos Bravos de Itapetininga que lutaram por S\u00e3o Paulo na sede do 22\u00ba Batalh\u00e3o de Pol\u00edcia Militar do Interior (2011).<\/p>\n<p><strong>\u00a0<\/strong><strong>Em Campina do Monte Alegre\/SP:<\/strong><\/p>\n<p><strong>\u00a0<\/strong>Monumento Pra\u00e7a Campina de Her\u00f3is (2014).<\/p>\n<p>Monumento Aos Gavi\u00f5es de Penacho \u2013 Avia\u00e7\u00e3o Constitucionalista na Pra\u00e7a Campina de Her\u00f3is (2014).<\/p>\n<p><strong>Em Cap\u00e3o Bonito\/SP:<\/strong><\/p>\n<p><strong>\u00a0<\/strong>Monumento ao Soldado Constitucionalista Oct\u00e1vio Seppi na Floresta Nacional de Cap\u00e3o Bonito (2015).<\/p>\n<p>Monumento Taquaral Abaixo \u2013 a \u00faltima trincheira do Setor Sul no Bairro Taquaral Abaixo (2015).<\/p>\n<p><strong><a href=\"http:\/\/www.jornalrol.com.br\/instituto-historico-geografico-e-genealogico-de-itapetininga-ihggi-presta-homenagem-postuma-a-afranio-franco-de-oliveira-mello\/241292259_249883103697139_175410847674966531_n-2\/\" rel=\"attachment wp-att-44578\"><img loading=\"lazy\" decoding=\"async\" data-attachment-id=\"44578\" data-permalink=\"https:\/\/jornalrol.com.br\/?attachment_id=44578\" data-orig-file=\"https:\/\/jornalrol.com.br\/wp-content\/uploads\/2021\/09\/241292259_249883103697139_175410847674966531_n-1.jpg\" data-orig-size=\"1400,927\" data-comments-opened=\"0\" data-image-meta=\"{&quot;aperture&quot;:&quot;0&quot;,&quot;credit&quot;:&quot;&quot;,&quot;camera&quot;:&quot;&quot;,&quot;caption&quot;:&quot;&quot;,&quot;created_timestamp&quot;:&quot;0&quot;,&quot;copyright&quot;:&quot;&quot;,&quot;focal_length&quot;:&quot;0&quot;,&quot;iso&quot;:&quot;0&quot;,&quot;shutter_speed&quot;:&quot;0&quot;,&quot;title&quot;:&quot;&quot;,&quot;orientation&quot;:&quot;0&quot;}\" data-image-title=\"241292259_249883103697139_175410847674966531_n\" data-image-description=\"\" data-image-caption=\"\" data-large-file=\"https:\/\/jornalrol.com.br\/wp-content\/uploads\/2021\/09\/241292259_249883103697139_175410847674966531_n-1.jpg\" class=\"size-medium wp-image-44578 alignleft\" src=\"http:\/\/jornalrol.com.br\/wp-content\/uploads\/2021\/09\/241292259_249883103697139_175410847674966531_n-1-300x199.jpg\" alt=\"\" width=\"300\" height=\"199\" \/><\/a>Em S\u00e3o Miguel Arcanjo\/SP:<\/strong><\/p>\n<p><strong>\u00a0<\/strong>Monumento aos Ex-Combatentes S\u00e3o Miguelenses da Revolu\u00e7\u00e3o Constitucionalista de 1932 e da For\u00e7a Expedicion\u00e1ria Brasileira na Pra\u00e7a Tenente Urias (2019).<\/p>\n<p>Afr\u00e2nio foi tamb\u00e9m prol\u00edfico escritor, autorando artigos diversos publicados jornais locais e regionais, impressos e digitais, sobre genealogia, imigra\u00e7\u00e3o italiana, ma\u00e7onaria e revolu\u00e7\u00e3o constitucionalista de 1932. Al\u00e9m disso, Afr\u00e2nio autorou e\/ou coautorou os seguintes livros:<\/p>\n<p>MELLO, Afr\u00e2nio Franco de Oliveira. <strong>Eu e os Meus: Corr\u00eaa Franco e Meira<\/strong>. Itapetininga: Gr\u00e1fica Regional. 2020.<\/p>\n<p><a href=\"http:\/\/www.jornalrol.com.br\/instituto-historico-geografico-e-genealogico-de-itapetininga-ihggi-presta-homenagem-postuma-a-afranio-franco-de-oliveira-mello\/241366956_206173721420868_4969269603143883194_n\/\" rel=\"attachment wp-att-44577\"><img loading=\"lazy\" decoding=\"async\" class=\"size-medium wp-image-44577 alignright\" src=\"http:\/\/www.jornalrol.com.br\/wp-content\/uploads\/2021\/09\/241366956_206173721420868_4969269603143883194_n-300x199.jpg\" alt=\"\" width=\"300\" height=\"199\" \/><\/a>MELLO, Afr\u00e2nio Franco de Oliveira; AMARAL, Uedney Junqueira do; CAMARGO, Antonio Edison de; RABELO J\u00daNIOR, Mario Celso. <strong>Loja Firmeza: 164 anos de Hist\u00f3ria<\/strong>. Itapetininga: Gr\u00e1fica Regional. 2018.<\/p>\n<p>MELLO, Afr\u00e2nio Franco de Oliveira. <strong>Eu e os Meus: Orsi e Ramacciotti<\/strong>. Itapetininga: Gr\u00e1fica Regional. 2015.<\/p>\n<p>MELLO, Afr\u00e2nio Franco de Oliveira; NOGUEIRA, Edmundo Jos\u00e9 Vasques; CAMPOS, Dirceu; BIAJONE, Jefferson. <strong>Itapetininga: Her\u00f3is, Feitos e Institui\u00e7\u00f5es<\/strong>. Itapetininga: Gr\u00e1fica Regional. 2012.<\/p>\n<p>&nbsp;<\/p>\n<p><strong><a href=\"http:\/\/www.jornalrol.com.br\/instituto-historico-geografico-e-genealogico-de-itapetininga-ihggi-presta-homenagem-postuma-a-afranio-franco-de-oliveira-mello\/241290435_1451045095252226_4760673004580459791_n\/\" rel=\"attachment wp-att-44579\"><img loading=\"lazy\" decoding=\"async\" data-attachment-id=\"44579\" data-permalink=\"https:\/\/jornalrol.com.br\/?attachment_id=44579\" data-orig-file=\"https:\/\/jornalrol.com.br\/wp-content\/uploads\/2021\/09\/241290435_1451045095252226_4760673004580459791_n.jpg\" data-orig-size=\"1400,868\" data-comments-opened=\"0\" data-image-meta=\"{&quot;aperture&quot;:&quot;0&quot;,&quot;credit&quot;:&quot;&quot;,&quot;camera&quot;:&quot;&quot;,&quot;caption&quot;:&quot;&quot;,&quot;created_timestamp&quot;:&quot;0&quot;,&quot;copyright&quot;:&quot;&quot;,&quot;focal_length&quot;:&quot;0&quot;,&quot;iso&quot;:&quot;0&quot;,&quot;shutter_speed&quot;:&quot;0&quot;,&quot;title&quot;:&quot;&quot;,&quot;orientation&quot;:&quot;0&quot;}\" data-image-title=\"241290435_1451045095252226_4760673004580459791_n\" data-image-description=\"\" data-image-caption=\"\" data-large-file=\"https:\/\/jornalrol.com.br\/wp-content\/uploads\/2021\/09\/241290435_1451045095252226_4760673004580459791_n.jpg\" class=\"size-medium wp-image-44579 alignleft\" src=\"http:\/\/jornalrol.com.br\/wp-content\/uploads\/2021\/09\/241290435_1451045095252226_4760673004580459791_n-300x186.jpg\" alt=\"\" width=\"300\" height=\"186\" \/><\/a>Afr\u00e2nio foi tamb\u00e9m prefaciador Convidado e\/ou Membro de Comiss\u00e3o Editorial dos seguintes livros:<\/strong><\/p>\n<p>M\u00c9DICI, Penteado. <strong>Trem Blindado: Edi\u00e7\u00e3o Digital Memorativa da Revolu\u00e7\u00e3o Constitucionalista no Setor Sul<\/strong>. Itapetininga: Regional. 2019.<\/p>\n<p>BIAJONE, J. <strong>Tiro de Guerra: Sentinela dos Campos de Itapetining<\/strong>a. Edi\u00e7\u00e3o Comemorativa dos 370 Anos do Ex\u00e9rcito Brasileiro. Itapetininga: Gr\u00e1fica Regional. 2019.<\/p>\n<p>BRASIL. CRUZES PAULISTAS: Edi\u00e7\u00e3o Comemorativa dos 85 Anos da Revolu\u00e7\u00e3o Constitucionalista de 1932. Itapetininga: Gr\u00e1fica Regional. 2017.<\/p>\n<p>FURTADO, Jos\u00e9 Ribamar de Montello. <strong>Contin\u00eancia a Morte. Edi\u00e7\u00e3o Comemorativa dos 70 Anos do Dia da Vit\u00f3ria. Itapetininga<\/strong>: Regional. 2015.<\/p>\n<p>NOGUEIRA, Edmundo Prestes. <strong>Hero\u00edsmo Desconhecido. Edi\u00e7\u00e3o Comemorativa dos Noventa Anos da Revolu\u00e7\u00e3o de 1924<\/strong>. Itapetininga: Gr\u00e1fica Regional. 2014.<\/p>\n<p>ANDRADE, Silvio Vieira de. <strong>Um Estudo Sociolingu\u00edstico das Comunidades Negras do Cafund\u00f3, do Antigo Caxambu e de seus Arredores<\/strong>. Sorocaba: Prefeitura Municipal. 2009.<\/p>\n<p>&nbsp;<\/p>\n<p>Afr\u00e2nio tinha ainda, \u00e0s v\u00e9speras de seu falecimento, duas outras obras geneal\u00f3gicas itapetininganas no prelo:<\/p>\n<p>MELLO, Afr\u00e2nio Franco de Oliveira. <strong>Eu e os Meus: Alves de Almeida<\/strong>. Itapetininga: Gr\u00e1fica Regional.<\/p>\n<p>MELLO, Afr\u00e2nio Franco de Oliveira. <strong>Eu e os Meus: Oliveira Mello<\/strong>. Itapetininga: Gr\u00e1fica Regional.<\/p>\n<p><strong>Por destacado m\u00e9rito, Afr\u00e2nio foi agraciado com as seguintes medalhas:<\/strong><\/p>\n<p>&#8211; <strong>Medalha de M\u00e9rito Doutor J\u00falio Prestes de Albuquerque<\/strong> C\u00e2mara Municipal de Itapetininga (2020).<\/p>\n<p>&#8211; <strong>Medalha Sentinela dos Campos de Itapetininga<\/strong> Portal dos Ex-Combatentes de Itapetininga (2017).<\/p>\n<p>&#8211; <strong>Medalha da Constitui\u00e7\u00e3o Assembleia Legislativa do Estado de S\u00e3o Paulo<\/strong> (2017).<\/p>\n<p>&#8211;<strong> Medalha Her\u00f3is do Brasil Associa\u00e7\u00e3o Nacional dos Veteranos da FEB<\/strong>, S\u00e3o Bernardo do Campo (2015).<\/p>\n<p>&#8211; <strong>Colar da Vit\u00f3ria dos 80 Anos da Revolu\u00e7\u00e3o Constitucionalista de 1932<\/strong> Sociedade Veteranos de 32-M.M.D.C. (2013).<\/p>\n<p>&#8211; <strong>Medalha M.M.D.C.<\/strong> Sociedade Veteranos de 32-M.M.D.C. (2012).<\/p>\n<p>&#8211; <strong>Medalha Constitucionalista<\/strong> Sociedade Veteranos de 32-M.M.D.C. (2012).<\/p>\n<p>&#8211; <strong>Medalha Governador Pedro de Toledo<\/strong> Sociedade Veteranos de 32-M.M.D.C. (2011).<\/p>\n<p>&nbsp;<\/p>\n<p><strong>Por destacado m\u00e9rito, Afr\u00e2nio foi merecedor das seguintes homenagens:<\/strong><\/p>\n<p>&#8211; <strong>Colaborador Em\u00e9rito da Turma de Atiradores do Tiro de Guerra 02-076 do ano de 2020<\/strong> (Turma Itapetininga 250 Anos) em reconhecimento aos seus esfor\u00e7os em dotar o material de carga deste tiro de guerra com uma viatura blindada VBCOAP M108, em processo de doa\u00e7\u00e3o pelo Ex\u00e9rcito Brasileiro \u00e0 Itapetininga pelos 250 anos de sua funda\u00e7\u00e3o como munic\u00edpio (1770-2020).<\/p>\n<p>&#8211; <strong>Patrono da Turma de Atiradores do Tiro de Guerra 02-076 do ano de 2020<\/strong> (Turma An\u00e9sia Pinheiro Machado) em reconhecimento aos seus esfor\u00e7os em dotar o material de carga deste tiro de guerra com um obuseiro 105mm Howitzer M31 (este doado em 2019 pelo Ex\u00e9rcito Brasileiro e batizado de Obuseiro Tuiuti).<\/p>\n<p>&#8211; <strong>Paraninfo da Turma de Atiradores do Tiro de Guerra 02-076 do ano de 2015<\/strong> (Turma Septuagen\u00e1rio do Dia da Vit\u00f3ria) em reconhecimento aos seus esfor\u00e7os em prol das reformas da Galeria dos Pra\u00e7a Mais Distinta, Melhor Aptid\u00e3o F\u00edsica e Melhor Atirador Combatente e da Galeria dos Ex-Combatentes Itapetiniganos da For\u00e7a Expedicion\u00e1ria Brasileira, esta \u00faltima, a\u00a0primeira do pa\u00eds no g\u00eanero dotada de acesso por QR Code.<\/p>\n<p>&nbsp;<\/p>\n<p><strong>Por destacado m\u00e9rito, Afr\u00e2nio foi agraciado com as seguintes Diplomas de Honra ao M\u00e9rito:<\/strong><\/p>\n<p>&#8211; 250 Anos de Itapetininga: Terra de Bravos, Ber\u00e7o de Her\u00f3is<\/p>\n<p>&#8211; Dois Her\u00f3is Itapetininganos (For\u00e7a Expedicion\u00e1ria Brasileira)<\/p>\n<p>&#8211; General Brazilio Taborda (Revolu\u00e7\u00e3o de 1932)<\/p>\n<p>&#8211; Capit\u00e3o Mor Domingos Jos\u00e9 Vieira (Guarda Civil Municipal de Itapetininga)<\/p>\n<p>&#8211; Capit\u00e3o Francisco Fabiano Alves (Revolu\u00e7\u00e3o de 1932)<\/p>\n<p>&#8211; Enfermeira Juliano Fabiano Alves (Revolu\u00e7\u00e3o de 1932)<\/p>\n<p>&#8211; Cabo Blindado Durvalino de Toledo (Revolu\u00e7\u00e3o de 1932)<\/p>\n<p>&#8211; Volunt\u00e1rio Clineu Braga de Magalh\u00e3es (Revolu\u00e7\u00e3o de 1932)<\/p>\n<p>&#8211; Soldado Antenor de Oliveira Mello J\u00fanior (Revolu\u00e7\u00e3o de 1932)<\/p>\n<p>&#8211; Soldado Jo\u00e3o Garcia Porto (Revolu\u00e7\u00e3o de 1932)<\/p>\n<p>&#8211; Constitucionalista do Setor Sul (Revolu\u00e7\u00e3o de 1932)<\/p>\n<p>&#8211; Campina de Her\u00f3is (Revolu\u00e7\u00e3o de 1932)<\/p>\n<p>&#8211; Jornalista Edmundo Prestes Nogueira (Revolu\u00e7\u00e3o de 1924)<\/p>\n<p>&nbsp;<\/p>\n<p>&nbsp;<\/p>\n","protected":false},"excerpt":{"rendered":"<p>O IHGGI prestou homenagem p\u00f3stuma ao confrade Afr\u00e2nio Franco de Oliveira Mello dando seu nome ao Sal\u00e3o Nobre de Reuni\u00e3o<\/p>\n","protected":false},"author":6,"featured_media":0,"comment_status":"closed","ping_status":"closed","sticky":false,"template":"","format":"standard","meta":{"_jetpack_newsletter_access":"","_jetpack_dont_email_post_to_subs":false,"_jetpack_newsletter_tier_id":0,"_jetpack_memberships_contains_paywalled_content":false,"_jetpack_memberships_contains_paid_content":false,"footnotes":""},"categories":[7],"tags":[],"class_list":["post-44561","post","type-post","status-publish","format-standard","hentry","category-comunicacao"],"aioseo_notices":[],"views":0,"jetpack_featured_media_url":"","jetpack_sharing_enabled":true,"jetpack_likes_enabled":true,"jetpack-related-posts":[{"id":30456,"url":"https:\/\/jornalrol.com.br\/?p=30456","url_meta":{"origin":44561,"position":0},"title":"Afr\u00e2nio Mello ultrapassa a casa dos 1.200 atendimentos","author":"Helio Rubens","date":"3 de fevereiro de 2020","format":false,"excerpt":"\u00a0 MAIS DE 1.200 ATENDIMENTOS A LEITORES! SERVI\u00c7OS INTEIRAMENTE GRATUITOS O genealogista Afr\u00e2nio Franco de\u00a0 Oliveira Mello \u00e9, sem d\u00favida nenhuma, o colunista do nosso jornal que mais recebe correspond\u00eancia e o que mais atende solicita\u00e7\u00f5es de leitores. A origem das reivindica\u00e7\u00f5es solicitando estudos de nomes de fam\u00edlia vem de\u2026","rel":"","context":"Em &quot;Comunica\u00e7\u00e3o&quot;","block_context":{"text":"Comunica\u00e7\u00e3o","link":"https:\/\/jornalrol.com.br\/?cat=7"},"img":{"alt_text":"","src":"https:\/\/i0.wp.com\/www.jornalrol.com.br\/wp-content\/uploads\/2018\/03\/afranio-150x150.jpg?resize=350%2C200","width":350,"height":200},"classes":[]},{"id":4717,"url":"https:\/\/jornalrol.com.br\/?p=4717","url_meta":{"origin":44561,"position":1},"title":"Genealogista lan\u00e7ou livro sobre sua familia","author":"Helio Rubens","date":"24 de abril de 2016","format":false,"excerpt":"'Eu e os Meus - Orsi e Ramacciotti' foi lan\u00e7ado em cerimonia realizada na C\u00e2mara de Itapetininga \u00a0 O genealogista Afr\u00e2nio Franco de Oliveira Mello, que j\u00e1 atendeu gratuitamente a mais de 600 solicita\u00e7\u00f5es de estudos geneal\u00f3gicos solicitados por leitores do ROL, lan\u00e7ou dia 15 ultimo, em sess\u00e3o especial do\u2026","rel":"","context":"Em &quot;Comunica\u00e7\u00e3o&quot;","block_context":{"text":"Comunica\u00e7\u00e3o","link":"https:\/\/jornalrol.com.br\/?cat=7"},"img":{"alt_text":"Capa do livro Eu e os Meus de Afranio Mello 001 (Copy)","src":"https:\/\/i0.wp.com\/www.jornalrol.com.br\/wp-content\/uploads\/2016\/04\/Capa-do-livro-Eu-e-os-Meus-de-Afranio-Mello-001-Copy-203x300.jpg?resize=350%2C200","width":350,"height":200},"classes":[]},{"id":11514,"url":"https:\/\/jornalrol.com.br\/?p=11514","url_meta":{"origin":44561,"position":2},"title":"Colunista do ROL Afr\u00e2nio Mello homenageado na Assembl\u00e9ia Legislativa com a Medalha da Constitui\u00e7\u00e3o","author":"Helio Rubens","date":"10 de julho de 2017","format":false,"excerpt":"\u00a0Genealogista Afr\u00e2nio Franco de Oliveira Mello recebeu Medalha da Constitui\u00e7\u00e3o A\u00a0Sociedade Veteranos de 32-MMDC, via sua sucursal de\u00a0Itapetininga, informa que o colunista do ROL, o genealogista Afr\u00e2nio Franco de Oliveira Mello, no \u00faltimo dia 9 de julho, data - \u00a0comemorativa dos 85 anos da revolu\u00e7\u00e3o constitucionalista de 1932- , foi\u2026","rel":"","context":"Em &quot;Comunica\u00e7\u00e3o&quot;","block_context":{"text":"Comunica\u00e7\u00e3o","link":"https:\/\/jornalrol.com.br\/?cat=7"},"img":{"alt_text":"","src":"https:\/\/i0.wp.com\/www.jornalrol.com.br\/wp-content\/uploads\/2017\/07\/afranio-300x205.jpg?resize=350%2C200","width":350,"height":200},"classes":[]},{"id":38762,"url":"https:\/\/jornalrol.com.br\/?p=38762","url_meta":{"origin":44561,"position":3},"title":"Flor\u00eancio, Moraes, Rosa, Chiarelli, Cavalcante, Albuquerque, Mota, Moreira, Ferreira&#8230;: 1.341 &#039;Obrigado&#039; e &#039;Adeus!&#039;","author":"Sergio Diniz da Costa","date":"21 de mar\u00e7o de 2021","format":false,"excerpt":"\"Ao contar algumas hist\u00f3rias sobre seu pai, em pelo menos duas oportunidades, me lembro e bem, que teve que parar e puxar o ar, que a emo\u00e7\u00e3o o fazia trope\u00e7ar com as l\u00e1grimas que insistiam em aflorar.\" (Eduardo C\u00e9sar Werneck) \u00a020 de mar\u00e7o de 2021: um dia de muitos 'adeus'.\u2026","rel":"","context":"Em &quot;Comunica\u00e7\u00e3o&quot;","block_context":{"text":"Comunica\u00e7\u00e3o","link":"https:\/\/jornalrol.com.br\/?cat=7"},"img":{"alt_text":"","src":"https:\/\/i0.wp.com\/www.jornalrol.com.br\/wp-content\/uploads\/2021\/03\/e373e9a3-625b-4d1f-a2bc-2a66c5b8d323-245x300.jpg?resize=350%2C200","width":350,"height":200},"classes":[]},{"id":5039,"url":"https:\/\/jornalrol.com.br\/?p=5039","url_meta":{"origin":44561,"position":4},"title":"Genealogia: Afr\u00e2nio Mello fornece informa\u00e7\u00f5es sobre Jo\u00e3o Adolfo Schritzmeyer","author":"Helio Rubens","date":"24 de maio de 2016","format":false,"excerpt":"Afr\u00e2nio Franco de Oliveira Mello - ATENDIMENTO N\u00daMERO 735 \u00a0 Senhora Vera, boa noite. Segundo informa\u00e7\u00f5es que colhi com parentes, a rua Jo\u00e3o Adolfo \u00e9 em homenagem ao SR. JO\u00c3O ADOLFO SCHRITZMEYER\u00a0 , que informam que possuia uma f\u00e1brica de chap\u00e9us aqui em Itapetininga e era nas proximidades dessa rua.\u2026","rel":"","context":"Em &quot;Comunica\u00e7\u00e3o&quot;","block_context":{"text":"Comunica\u00e7\u00e3o","link":"https:\/\/jornalrol.com.br\/?cat=7"},"img":{"alt_text":"Colunista do ROL","src":"https:\/\/i0.wp.com\/www.jornalrol.com.br\/wp-content\/uploads\/2014\/11\/FOTO-CLOSE-AFRANIO.jpg?resize=350%2C200","width":350,"height":200},"classes":[]},{"id":2540,"url":"https:\/\/jornalrol.com.br\/?p=2540","url_meta":{"origin":44561,"position":5},"title":"Palestras sobre a Revolu\u00e7\u00e3o de 1932 foram realizadas em Itapetininga","author":"Helio Rubens","date":"13 de julho de 2015","format":false,"excerpt":"O IHGGI e a\u00a0Loja Ma\u00e7\u00f4nica Firmeza foram as \u00fanicos institui\u00e7oes que comemoram a data Jefferson Biajone e Afr\u00e2nio Franco de Oliveira Mello foram os palestrantes Dia 09 de Julho ultimo foi realizada uma palestra p\u00b4romovida pelo IHGGI -\u00a0Instituto Hist\u00f3rico,Geogr\u00e1fico e Geneal\u00f3gico de\u00a0Itapetininga, pelo Prof. Jefferson Biajone, que fez a exposi\u00e7\u00e3o\u2026","rel":"","context":"Em &quot;Comunica\u00e7\u00e3o&quot;","block_context":{"text":"Comunica\u00e7\u00e3o","link":"https:\/\/jornalrol.com.br\/?cat=7"},"img":{"alt_text":"ScreenHunter_55 Jul. 11 18.29","src":"https:\/\/i0.wp.com\/www.jornalrol.com.br\/wp-content\/uploads\/2015\/07\/ScreenHunter_55-Jul.-11-18.29-300x169.jpg?resize=350%2C200","width":350,"height":200},"classes":[]}],"_links":{"self":[{"href":"https:\/\/jornalrol.com.br\/index.php?rest_route=\/wp\/v2\/posts\/44561","targetHints":{"allow":["GET"]}}],"collection":[{"href":"https:\/\/jornalrol.com.br\/index.php?rest_route=\/wp\/v2\/posts"}],"about":[{"href":"https:\/\/jornalrol.com.br\/index.php?rest_route=\/wp\/v2\/types\/post"}],"author":[{"embeddable":true,"href":"https:\/\/jornalrol.com.br\/index.php?rest_route=\/wp\/v2\/users\/6"}],"replies":[{"embeddable":true,"href":"https:\/\/jornalrol.com.br\/index.php?rest_route=%2Fwp%2Fv2%2Fcomments&post=44561"}],"version-history":[{"count":0,"href":"https:\/\/jornalrol.com.br\/index.php?rest_route=\/wp\/v2\/posts\/44561\/revisions"}],"wp:attachment":[{"href":"https:\/\/jornalrol.com.br\/index.php?rest_route=%2Fwp%2Fv2%2Fmedia&parent=44561"}],"wp:term":[{"taxonomy":"category","embeddable":true,"href":"https:\/\/jornalrol.com.br\/index.php?rest_route=%2Fwp%2Fv2%2Fcategories&post=44561"},{"taxonomy":"post_tag","embeddable":true,"href":"https:\/\/jornalrol.com.br\/index.php?rest_route=%2Fwp%2Fv2%2Ftags&post=44561"}],"curies":[{"name":"wp","href":"https:\/\/api.w.org\/{rel}","templated":true}]}}