{"id":44729,"date":"2021-09-11T21:21:33","date_gmt":"2021-09-12T00:21:33","guid":{"rendered":"http:\/\/www.jornalrol.com.br\/?p=44729"},"modified":"2021-09-11T21:21:33","modified_gmt":"2021-09-12T00:21:33","slug":"paulo-siuves-angustia","status":"publish","type":"post","link":"https:\/\/jornalrol.com.br\/?p=44729","title":{"rendered":"Paulo Siuves: &#039;Ang\u00fastia&#039;"},"content":{"rendered":"<div class=\"pdfprnt-buttons pdfprnt-buttons-post pdfprnt-top-right\"><a href=\"https:\/\/jornalrol.com.br\/index.php?rest_route=%2Fwp%2Fv2%2Fposts%2F44729&print=pdf\" class=\"pdfprnt-button pdfprnt-button-pdf\" target=\"_blank\" ><\/a><a href=\"https:\/\/jornalrol.com.br\/index.php?rest_route=%2Fwp%2Fv2%2Fposts%2F44729&print=print\" class=\"pdfprnt-button pdfprnt-button-print\" target=\"_blank\" ><img decoding=\"async\" src=\"https:\/\/jornalrol.com.br\/wp-content\/plugins\/pdf-print\/images\/print.png\" alt=\"image_print\" title=\"Conte\u00fado de impress\u00e3o\" \/><\/a><\/div><figure id=\"attachment_41142\" aria-describedby=\"caption-attachment-41142\" style=\"width: 116px\" class=\"wp-caption aligncenter\"><a href=\"http:\/\/www.jornalrol.com.br\/wp-content\/uploads\/2021\/05\/IMG-20201015-WA00891.jpg\"><img loading=\"lazy\" decoding=\"async\" data-attachment-id=\"41142\" data-permalink=\"https:\/\/jornalrol.com.br\/?attachment_id=41142\" data-orig-file=\"https:\/\/jornalrol.com.br\/wp-content\/uploads\/2021\/05\/IMG-20201015-WA00891.jpg\" data-orig-size=\"546,1280\" data-comments-opened=\"0\" data-image-meta=\"{&quot;aperture&quot;:&quot;0&quot;,&quot;credit&quot;:&quot;&quot;,&quot;camera&quot;:&quot;&quot;,&quot;caption&quot;:&quot;&quot;,&quot;created_timestamp&quot;:&quot;0&quot;,&quot;copyright&quot;:&quot;&quot;,&quot;focal_length&quot;:&quot;0&quot;,&quot;iso&quot;:&quot;0&quot;,&quot;shutter_speed&quot;:&quot;0&quot;,&quot;title&quot;:&quot;&quot;,&quot;orientation&quot;:&quot;0&quot;}\" data-image-title=\"IMG-20201015-WA0089(1)\" data-image-description=\"\" data-image-caption=\"&lt;p&gt;Paulo Siuves&lt;\/p&gt;\n\" data-large-file=\"https:\/\/jornalrol.com.br\/wp-content\/uploads\/2021\/05\/IMG-20201015-WA00891.jpg\" class=\" wp-image-41142\" src=\"http:\/\/www.jornalrol.com.br\/wp-content\/uploads\/2021\/05\/IMG-20201015-WA00891-150x150.jpg\" alt=\"\" width=\"116\" height=\"116\" \/><\/a><figcaption id=\"caption-attachment-41142\" class=\"wp-caption-text\">Paulo Siuves<\/figcaption><\/figure>\n<h2 style=\"text-align: center;\">Ang\u00fastia<\/h2>\n<p><!--more--><\/p>\n<div id=\"yMail_cursorElementTracker_1631243189830\"><a href=\"http:\/\/www.jornalrol.com.br\/wp-content\/uploads\/2021\/09\/PicsArt_09-11-09.18.28-e1631405969852.jpg\"><img loading=\"lazy\" decoding=\"async\" class=\" wp-image-44730 aligncenter\" src=\"http:\/\/www.jornalrol.com.br\/wp-content\/uploads\/2021\/09\/PicsArt_09-11-09.18.28-e1631405969852.jpg\" alt=\"\" width=\"288\" height=\"358\" \/><\/a><\/div>\n<div><\/div>\n<div style=\"text-align: center;\">Eu n\u00e3o sei quem voc\u00ea \u00e9<\/div>\n<p style=\"text-align: center;\">N\u00e3o sou eu o que voc\u00ea quer<\/p>\n<p style=\"text-align: center;\">E n\u00e3o tenho pra onde ir<\/p>\n<p style=\"text-align: center;\">Se comigo voc\u00ea n\u00e3o estiver<\/p>\n<p>&nbsp;<\/p>\n<p style=\"text-align: center;\">N\u00e3o vou ouvir os seus discos<\/p>\n<p style=\"text-align: center;\">N\u00e3o vou ler suas cartas<\/p>\n<p style=\"text-align: center;\">N\u00e3o vou influenciar as suas decis\u00f5es<\/p>\n<p style=\"text-align: center;\">Essas portas n\u00e3o s\u00e3o t\u00e3o largas<\/p>\n<p>&nbsp;<\/p>\n<p style=\"text-align: center;\">Seus sonhos meus ideais<\/p>\n<p style=\"text-align: center;\">Seus dias, minha alegria<\/p>\n<p style=\"text-align: center;\">Meu choro, seu objetivo<\/p>\n<p>&nbsp;<\/p>\n<p style=\"text-align: center;\">Sem mim suas noites s\u00e3o mais legais<\/p>\n<p style=\"text-align: center;\">Seus fr\u00eamitos, minha ang\u00fastia<\/p>\n<p style=\"text-align: center;\">Seu orgasmo sem motivo.<\/p>\n<p>&nbsp;<\/p>\n<h3 style=\"text-align: center;\">Paulo Siuves<\/h3>\n<p style=\"text-align: center;\">paulosiuves@yahoo.com.br<\/p>\n<p>&nbsp;<\/p>\n","protected":false},"excerpt":{"rendered":"<p>Ang\u00fastia<\/p>\n","protected":false},"author":38,"featured_media":0,"comment_status":"closed","ping_status":"closed","sticky":false,"template":"","format":"standard","meta":{"_jetpack_newsletter_access":"","_jetpack_dont_email_post_to_subs":false,"_jetpack_newsletter_tier_id":0,"_jetpack_memberships_contains_paywalled_content":false,"_jetpack_memberships_contains_paid_content":false,"footnotes":""},"categories":[7],"tags":[901,6649,6854],"class_list":["post-44729","post","type-post","status-publish","format-standard","hentry","category-comunicacao","tag-angustia","tag-paulo-siuves","tag-poesia"],"aioseo_notices":[],"views":404,"jetpack_featured_media_url":"","jetpack_sharing_enabled":true,"jetpack_likes_enabled":true,"jetpack-related-posts":[{"id":64730,"url":"https:\/\/jornalrol.com.br\/?p=64730","url_meta":{"origin":44729,"position":0},"title":"A m\u00fasica que me move","author":"Paulo Siuves","date":"1 de mar\u00e7o de 2024","format":false,"excerpt":"Quando eu cantar eu quero que voc\u00ea me ou\u00e7a e sinta a emo\u00e7\u00e3o que eu coloco em cada verso. Quando eu cantar eu quero que voc\u00ea se inspire e veja que a vida \u00e9...","rel":"","context":"Em &quot;Literatura&quot;","block_context":{"text":"Literatura","link":"https:\/\/jornalrol.com.br\/?cat=9285"},"img":{"alt_text":"\"Quando eu cantar Eu quero que voc\u00ea cante comigo E fa\u00e7a uma harmonia que encante os ouvidos","src":"https:\/\/i0.wp.com\/jornalrol.com.br\/wp-content\/uploads\/2024\/03\/OIG4.jpg?resize=350%2C200&ssl=1","width":350,"height":200,"srcset":"https:\/\/i0.wp.com\/jornalrol.com.br\/wp-content\/uploads\/2024\/03\/OIG4.jpg?resize=350%2C200&ssl=1 1x, https:\/\/i0.wp.com\/jornalrol.com.br\/wp-content\/uploads\/2024\/03\/OIG4.jpg?resize=525%2C300&ssl=1 1.5x, https:\/\/i0.wp.com\/jornalrol.com.br\/wp-content\/uploads\/2024\/03\/OIG4.jpg?resize=700%2C400&ssl=1 2x"},"classes":[]},{"id":48099,"url":"https:\/\/jornalrol.com.br\/?p=48099","url_meta":{"origin":44729,"position":1},"title":"Paulo Siuves: &#039;Salmo de lamenta\u00e7\u00e3o&#039;","author":"Paulo Siuves","date":"24 de janeiro de 2022","format":false,"excerpt":"Salmo de lamenta\u00e7\u00e3o Oh, meu Deus, ouve a minha s\u00faplica Livra-me, te pe\u00e7o, ou\u00e7a a minha ora\u00e7\u00e3o Pesado estou e triste em meu cora\u00e7\u00e3o Cheio de dor e vinho eu fiz a minha m\u00fasica \u00a0 Neste mundo ningu\u00e9m pode me ajudar Livra-me depressa, pois estou aflito Em Nome do Teu\u2026","rel":"","context":"Em &quot;Comunica\u00e7\u00e3o&quot;","block_context":{"text":"Comunica\u00e7\u00e3o","link":"https:\/\/jornalrol.com.br\/?cat=7"},"img":{"alt_text":"","src":"https:\/\/i0.wp.com\/www.jornalrol.com.br\/wp-content\/uploads\/2021\/05\/IMG-20201015-WA00891-150x150.jpg?resize=350%2C200","width":350,"height":200},"classes":[]},{"id":52901,"url":"https:\/\/jornalrol.com.br\/?p=52901","url_meta":{"origin":44729,"position":2},"title":"Paulo Siuves: &#039;Tive a inten\u00e7\u00e3o&#039;","author":"Paulo Siuves","date":"11 de dezembro de 2022","format":false,"excerpt":"Tive a inten\u00e7\u00e3o Tive a inten\u00e7\u00e3o de cantar uma can\u00e7\u00e3o pra voc\u00ea; de soprar minha flauta com uma melodia suave como o som da sua voz. Pensei em me sentar e tocar os acordes ao meu viol\u00e3o, fazendo uma composi\u00e7\u00e3o, onde eu poderia p\u00f4r a letra de um romance que\u2026","rel":"","context":"Em &quot;Comunica\u00e7\u00e3o&quot;","block_context":{"text":"Comunica\u00e7\u00e3o","link":"https:\/\/jornalrol.com.br\/?cat=7"},"img":{"alt_text":"","src":"https:\/\/i0.wp.com\/www.jornalrol.com.br\/wp-content\/uploads\/2021\/05\/IMG-20201015-WA00891-150x150.jpg?resize=350%2C200","width":350,"height":200},"classes":[]},{"id":48501,"url":"https:\/\/jornalrol.com.br\/?p=48501","url_meta":{"origin":44729,"position":3},"title":"Paulo Siuves: &#039;Tive a inten\u00e7\u00e3o&#039;","author":"Paulo Siuves","date":"14 de fevereiro de 2022","format":false,"excerpt":"Tive a inten\u00e7\u00e3o Tive a inten\u00e7\u00e3o de cantar\u00a0pra voc\u00ea, De a minha flauta\u00a0soprar Uma melodia bem clich\u00ea Com o som da sua voz. Pensei em sentar e tocar Acordes ao meu viol\u00e3o Onde eu poderia cantar Criando uma composi\u00e7\u00e3o De um romance que se deu Numa pra\u00e7a, beijos e paz.\u2026","rel":"","context":"Em &quot;Comunica\u00e7\u00e3o&quot;","block_context":{"text":"Comunica\u00e7\u00e3o","link":"https:\/\/jornalrol.com.br\/?cat=7"},"img":{"alt_text":"","src":"https:\/\/i0.wp.com\/www.jornalrol.com.br\/wp-content\/uploads\/2021\/05\/IMG-20201015-WA00891-150x150.jpg?resize=350%2C200","width":350,"height":200},"classes":[]},{"id":44892,"url":"https:\/\/jornalrol.com.br\/?p=44892","url_meta":{"origin":44729,"position":4},"title":"Paulo Siuves: &#039;Uma can\u00e7\u00e3o para voc\u00ea&#039;","author":"Paulo Siuves","date":"18 de setembro de 2021","format":false,"excerpt":"Uma can\u00e7\u00e3o para voc\u00ea Ah! Se eu pudesse dizer Tudo o que penso, Tudo que sinto , Tudo que anseio Em um longo texto, Mas, n\u00e3o posso; Seria um exagero\u2026 \u00a0 E se esse texto fosse uma m\u00fasica? Minha can\u00e7\u00e3o favorita\u2026 Pois, ela tem o poder de inspirar, Enternecer, Emocionar,\u2026","rel":"","context":"Em &quot;Comunica\u00e7\u00e3o&quot;","block_context":{"text":"Comunica\u00e7\u00e3o","link":"https:\/\/jornalrol.com.br\/?cat=7"},"img":{"alt_text":"","src":"https:\/\/i0.wp.com\/www.jornalrol.com.br\/wp-content\/uploads\/2021\/05\/IMG-20201015-WA00891-150x150.jpg?resize=350%2C200","width":350,"height":200},"classes":[]},{"id":52138,"url":"https:\/\/jornalrol.com.br\/?p=52138","url_meta":{"origin":44729,"position":5},"title":"Paulo Siuves: &#039;A can\u00e7\u00e3o&#039;","author":"Paulo Siuves","date":"4 de outubro de 2022","format":false,"excerpt":"A can\u00e7\u00e3o Fiz a can\u00e7\u00e3o parar naquele momento em que voc\u00ea olhou pra mim e sorriu. Guardei o acorde no meu pensamento, tive a paz refeita, o c\u00e9u se abriu \u00a0 O dia levou o Sol embora, mas isso n\u00e3o importa. A Lua ilumina seu sorriso - a curva mais\u2026","rel":"","context":"Em &quot;Comunica\u00e7\u00e3o&quot;","block_context":{"text":"Comunica\u00e7\u00e3o","link":"https:\/\/jornalrol.com.br\/?cat=7"},"img":{"alt_text":"","src":"https:\/\/i0.wp.com\/www.jornalrol.com.br\/wp-content\/uploads\/2021\/05\/IMG-20201015-WA00891-150x150.jpg?resize=350%2C200","width":350,"height":200},"classes":[]}],"_links":{"self":[{"href":"https:\/\/jornalrol.com.br\/index.php?rest_route=\/wp\/v2\/posts\/44729","targetHints":{"allow":["GET"]}}],"collection":[{"href":"https:\/\/jornalrol.com.br\/index.php?rest_route=\/wp\/v2\/posts"}],"about":[{"href":"https:\/\/jornalrol.com.br\/index.php?rest_route=\/wp\/v2\/types\/post"}],"author":[{"embeddable":true,"href":"https:\/\/jornalrol.com.br\/index.php?rest_route=\/wp\/v2\/users\/38"}],"replies":[{"embeddable":true,"href":"https:\/\/jornalrol.com.br\/index.php?rest_route=%2Fwp%2Fv2%2Fcomments&post=44729"}],"version-history":[{"count":0,"href":"https:\/\/jornalrol.com.br\/index.php?rest_route=\/wp\/v2\/posts\/44729\/revisions"}],"wp:attachment":[{"href":"https:\/\/jornalrol.com.br\/index.php?rest_route=%2Fwp%2Fv2%2Fmedia&parent=44729"}],"wp:term":[{"taxonomy":"category","embeddable":true,"href":"https:\/\/jornalrol.com.br\/index.php?rest_route=%2Fwp%2Fv2%2Fcategories&post=44729"},{"taxonomy":"post_tag","embeddable":true,"href":"https:\/\/jornalrol.com.br\/index.php?rest_route=%2Fwp%2Fv2%2Ftags&post=44729"}],"curies":[{"name":"wp","href":"https:\/\/api.w.org\/{rel}","templated":true}]}}