{"id":44763,"date":"2021-09-14T00:18:39","date_gmt":"2021-09-14T03:18:39","guid":{"rendered":"http:\/\/www.jornalrol.com.br\/?p=44763"},"modified":"2021-09-14T00:18:39","modified_gmt":"2021-09-14T03:18:39","slug":"poeta-caratinguense-veronica-moreira-lanca-o-seu-primeiro-livro-de-poesias","status":"publish","type":"post","link":"https:\/\/jornalrol.com.br\/?p=44763","title":{"rendered":"Poeta caratinguense Ver\u00f4nica Moreira  lan\u00e7a seu primeiro livro: Jardim das Amoreiras"},"content":{"rendered":"<div class=\"pdfprnt-buttons pdfprnt-buttons-post pdfprnt-top-right\"><a href=\"https:\/\/jornalrol.com.br\/index.php?rest_route=%2Fwp%2Fv2%2Fposts%2F44763&print=pdf\" class=\"pdfprnt-button pdfprnt-button-pdf\" target=\"_blank\" ><\/a><a href=\"https:\/\/jornalrol.com.br\/index.php?rest_route=%2Fwp%2Fv2%2Fposts%2F44763&print=print\" class=\"pdfprnt-button pdfprnt-button-print\" target=\"_blank\" ><img decoding=\"async\" src=\"https:\/\/jornalrol.com.br\/wp-content\/plugins\/pdf-print\/images\/print.png\" alt=\"image_print\" title=\"Conte\u00fado de impress\u00e3o\" \/><\/a><\/div><h2><a href=\"http:\/\/www.jornalrol.com.br\/poeta-caratinguense-veronica-moreira-lanca-o-seu-primeiro-livro-de-poesias\/livro-3\/\" rel=\"attachment wp-att-44765\"><img loading=\"lazy\" decoding=\"async\" data-attachment-id=\"44765\" data-permalink=\"https:\/\/jornalrol.com.br\/?attachment_id=44765\" data-orig-file=\"https:\/\/jornalrol.com.br\/wp-content\/uploads\/2021\/09\/livro.jpg\" data-orig-size=\"720,740\" data-comments-opened=\"0\" data-image-meta=\"{&quot;aperture&quot;:&quot;0&quot;,&quot;credit&quot;:&quot;&quot;,&quot;camera&quot;:&quot;&quot;,&quot;caption&quot;:&quot;&quot;,&quot;created_timestamp&quot;:&quot;0&quot;,&quot;copyright&quot;:&quot;&quot;,&quot;focal_length&quot;:&quot;0&quot;,&quot;iso&quot;:&quot;0&quot;,&quot;shutter_speed&quot;:&quot;0&quot;,&quot;title&quot;:&quot;&quot;,&quot;orientation&quot;:&quot;0&quot;}\" data-image-title=\"livro\" data-image-description=\"\" data-image-caption=\"\" data-large-file=\"https:\/\/jornalrol.com.br\/wp-content\/uploads\/2021\/09\/livro.jpg\" class=\"aligncenter wp-image-44765 \" src=\"http:\/\/jornalrol.com.br\/wp-content\/uploads\/2021\/09\/livro.jpg\" alt=\"\" width=\"407\" height=\"419\" \/><\/a><\/h2>\n<h2 style=\"text-align: center;\">O lan\u00e7amento foi virtual e aconteceu na p\u00e1gina do Instagram da autora no dia 9 de julho de 2021<\/h2>\n<p><!--more--><\/p>\n<p>No dia 9 de julho de 2021, a poeta <strong>Ver\u00f4nica Moreira<\/strong> lan\u00e7ou seu primeiro livro: Jardim das Amoreiras, pela Editora Versejar, e prefaciado pelo escritor e poeta Evandro Ferreira &#8211; IWA.<\/p>\n<p>O evento, virtual e por meio da p\u00e1gina do Instagram da autora, contou com a participa\u00e7\u00e3o de v\u00e1rios autores, amigos, familiares e seguidores da autora, inclusive e com exclusividade a presen\u00e7a do presidente da <strong>Federa\u00e7\u00e3o Brasileira dos Acad\u00eamicos das Ci\u00eancias Letras e Artes &#8211; FEBACLA,<\/strong> entidade da qual Ver\u00f4nica Moreira \u00e9 membro, na qualidade de\u00a0 Acad\u00eamica Internacional, ocupando a cadeira 74 e tendo como patrona\u00a0<strong>Beth Carvalho<\/strong>. Tamb\u00e9m esteve presente o <strong>\u00a0Sergio Diniz da Costa<\/strong>, um dos\u00a0editores do <strong>Jornal Cultural Rol<\/strong>, no qual a autora \u00e9 colunista e Editora Setorial de Eventos.<\/p>\n<p><strong>\u2018Jardim das Amoreiras\u2019<\/strong>, segundo a autora, &#8220;\u00e9 um sonho lindo! S\u00e3o poemas baseados em fatos, viv\u00eancias e pensamentos de uma poeta que expressou todas as suas ang\u00fastias, medos e tristezas, mas tamb\u00e9m todo seu amor \u00e0 fam\u00edlia e \u00e0s pessoas que passaram por sua vida&#8221;.<\/p>\n<p>J\u00e1 no inicio, Ver\u00f4nica conta um pouco de sua hist\u00f3ria de supera\u00e7\u00e3o, desde seu nascimento e inf\u00e2ncia at\u00e9 a vida adulta e relata: &#8220;A poesia me salvou da tristeza e da depress\u00e3o, abriu-me novos horizontes e fez -me voltar a sonhar.<\/p>\n<p>O Livro &#8216;Jardim Das Amoreiras&#8217; revela os primeiros escritos da autora e convida o leitor a caminhar por um jardim de sentimentos regados por versos e pensamentos que ir\u00e3o instigar a imagina\u00e7\u00e3o dos leitores. Numa escrita simples e sens\u00edvel, Ver\u00f4nica revela a mulher por tr\u00e1s do Livro.<\/p>\n<p>A menina de Caratinga que sonhava ser bailarina, realiza o sonho de forma diferente: dan\u00e7ando com as m\u00e3os, ela escreve em versos e poesias sua nova hist\u00f3ria e dan\u00e7a no palco da exist\u00eancia com seu primeiro livro <strong>Jardim das Amoreiras<\/strong>.<\/p>\n<h4><strong>Sobre a autora:<a href=\"http:\/\/www.jornalrol.com.br\/poeta-caratinguense-veronica-moreira-lanca-o-seu-primeiro-livro-de-poesias\/veronica-e-livro\/\" rel=\"attachment wp-att-44764\"><img loading=\"lazy\" decoding=\"async\" data-attachment-id=\"44764\" data-permalink=\"https:\/\/jornalrol.com.br\/?attachment_id=44764\" data-orig-file=\"https:\/\/jornalrol.com.br\/wp-content\/uploads\/2021\/09\/veronica-e-livro.jpg\" data-orig-size=\"693,709\" data-comments-opened=\"0\" data-image-meta=\"{&quot;aperture&quot;:&quot;0&quot;,&quot;credit&quot;:&quot;&quot;,&quot;camera&quot;:&quot;&quot;,&quot;caption&quot;:&quot;&quot;,&quot;created_timestamp&quot;:&quot;0&quot;,&quot;copyright&quot;:&quot;&quot;,&quot;focal_length&quot;:&quot;0&quot;,&quot;iso&quot;:&quot;0&quot;,&quot;shutter_speed&quot;:&quot;0&quot;,&quot;title&quot;:&quot;&quot;,&quot;orientation&quot;:&quot;0&quot;}\" data-image-title=\"veronica e livro\" data-image-description=\"\" data-image-caption=\"\" data-large-file=\"https:\/\/jornalrol.com.br\/wp-content\/uploads\/2021\/09\/veronica-e-livro.jpg\" class=\"wp-image-44764 alignleft\" src=\"http:\/\/jornalrol.com.br\/wp-content\/uploads\/2021\/09\/veronica-e-livro-293x300.jpg\" alt=\"\" width=\"227\" height=\"232\" \/><\/a><\/strong><\/h4>\n<p>Ver\u00f4nica kelly Moreira Coelho, mais conhecida nos meios liter\u00e1rios e musicais como Ver\u00f4nica Moreira, \u00e9 natural de Caratinga (MG).<\/p>\n<p>Seus primeiros escritos liter\u00e1rios t\u00eam apenas 9 anos, por\u00e9m, poetisa nata e compositora, a Literatura aflorou-lhe naturalmente e, buscando o aperfei\u00e7oamento acad\u00eamico, ingressou no curso de Letras.<\/p>\n<p>Com entusiasmo e empenho, o talento de Ver\u00f4nica come\u00e7ou a despontar e a ser reconhecido publicamente. Nesse sentido, \u00e9 Acad\u00eamica Correspondente da ACL &#8211; Academia Caxambuense de Letras, Acad\u00eamica internacional da AILB &#8211; Academia Internacional de Literatura brasileira, ACL &#8211; Academia Cruzeirense de letras, tendo como patrona aescritora Florbela Espanca, ocupando a cadeira de N 57<br \/>\nVer\u00f4nica Moreira tamb\u00e9m \u00e9 Colunista do jornal Cultural ROL e tamb\u00e9m Editora Setorial de Eventos. \u00c9\u00a0 acad\u00eamica internacional da Febacla &#8211; Federa\u00e7\u00e3o Brasileira dos Acad\u00eamicos das Ci\u00eancias Letras e Artes, patrona: Beth Carvalho, cadeira 74.<br \/>\nFoi agraciada com os seguintes t\u00edtulos da FEBACLA \u2013 Federa\u00e7\u00e3o Brasileira dos Acad\u00eamicos das Ci\u00eancias, Letras e Artes: Acad\u00eamica Internacional, Acad\u00eamica Correspondente, Comendadora e Delegada Cultural, e, pela OMDDH \u2013 Organiza\u00e7\u00e3o Mundial dos Defensores dos Direitos Humanos, o t\u00edtulo de Embaixadora Imortal da Paz.<\/p>\n<p>\u00c9 coautora das Antologias: \u2018Noel Rosa \u2013 Os Cariocas e Convidados\u2019, pela Editora M\u00e1gico de Oz; \u2018Rabiscos Confinados\u2019, promovida pelo cartunista Edra Amorim; \u2018A Dor que Deveras Sente\u2019, organizada por Pietro Costa e Charlan Fialho e lan\u00e7ada pela Editora Versejar (homenagem a Fernando Pessoa); \u2018Sonata po\u00e9tica da liberdade\u2019, organizada pela jornalista e escritora \u00c9lle Marques (homenagem aos 250 anos de nascimento de Ludwig van Beethoven); \u2018L\u00edrica Urbe\u2019 (homenagem \u00e0 cidade de Caratinga); &#8216;Um Mundo Em versos&#8217;, organizada por Vera de Bomfim, e, na qualidade de compositora, do Concurso Eternizarte \u2013 Brasil e Portugal, com a m\u00fasica \u2018Minha Estrela\u2019.<\/p>\n<p><strong>Instagram:<\/strong> @poesia.veronicamoreira<\/p>\n<p><strong>Facebook: Veronica Moreira<\/strong><\/p>\n<p><strong>Contato: Tel<\/strong>\u00a0(033)999706504<\/p>\n<p><strong>Venda:<\/strong> Com a autora ou pela Editora Versejar, no link:<\/p>\n<p><a href=\"https:\/\/livrariaversejar.com.br\/produto\/jardim-das-amoreiras\">https:\/\/livrariaversejar.com.br\/produto\/jardim-das-amoreiras<\/a><\/p>\n<p>&nbsp;<\/p>\n","protected":false},"excerpt":{"rendered":"<p>O lan\u00e7amento foi virtual e aconteceu na p\u00e1gina do Instagram da autora no dia 9 de julho de 2021<\/p>\n","protected":false},"author":6,"featured_media":44765,"comment_status":"closed","ping_status":"closed","sticky":false,"template":"","format":"standard","meta":{"_jetpack_newsletter_access":"","_jetpack_dont_email_post_to_subs":false,"_jetpack_newsletter_tier_id":0,"_jetpack_memberships_contains_paywalled_content":false,"_jetpack_memberships_contains_paid_content":false,"footnotes":""},"categories":[7],"tags":[4760,4990,5153,8715],"class_list":["post-44763","post","type-post","status-publish","format-standard","has-post-thumbnail","hentry","category-comunicacao","tag-jardimdasamoreiras","tag-lancamento-virtual","tag-livro-de-poesias","tag-veronica-moreira"],"aioseo_notices":[],"views":501,"jetpack_featured_media_url":"https:\/\/jornalrol.com.br\/wp-content\/uploads\/2021\/09\/livro.jpg","jetpack_sharing_enabled":true,"jetpack_likes_enabled":true,"jetpack-related-posts":[{"id":61061,"url":"https:\/\/jornalrol.com.br\/?p=61061","url_meta":{"origin":44763,"position":0},"title":"Jardim das Amoreiras","author":"Lee Oliveira","date":"2 de outubro de 2023","format":false,"excerpt":"Resenha do Livro \"Jardim da Amoreiras\" de Veronica Moreira, pela Editora Versejar. Uma obra po\u00e9tica que mostra uma autora mais madura e sofisticada na escrita.","rel":"","context":"Em &quot;Literatura&quot;","block_context":{"text":"Literatura","link":"https:\/\/jornalrol.com.br\/?cat=9285"},"img":{"alt_text":"","src":"https:\/\/i0.wp.com\/jornalrol.com.br\/wp-content\/uploads\/2023\/09\/20230825_173710_Easy-Resize.com-1.jpg?resize=350%2C200&ssl=1","width":350,"height":200,"srcset":"https:\/\/i0.wp.com\/jornalrol.com.br\/wp-content\/uploads\/2023\/09\/20230825_173710_Easy-Resize.com-1.jpg?resize=350%2C200&ssl=1 1x, https:\/\/i0.wp.com\/jornalrol.com.br\/wp-content\/uploads\/2023\/09\/20230825_173710_Easy-Resize.com-1.jpg?resize=525%2C300&ssl=1 1.5x, https:\/\/i0.wp.com\/jornalrol.com.br\/wp-content\/uploads\/2023\/09\/20230825_173710_Easy-Resize.com-1.jpg?resize=700%2C400&ssl=1 2x"},"classes":[]},{"id":54668,"url":"https:\/\/jornalrol.com.br\/?p=54668","url_meta":{"origin":44763,"position":1},"title":"Ver\u00f4nica Moreira Lan\u00e7a livro infantil: Vekinha Em&#8230; O Mist\u00e9rio do Coco","author":"Sergio Diniz da Costa","date":"22 de abril de 2023","format":false,"excerpt":"Vekinha \u00e9 uma menina muito esperta e curiosa, que vive grandes aventuras na rua do sapo, onde mora com a sua fam\u00edlia.\u00a0Adora brincar com seus amigos(as) at\u00e9 o entardecer, ouvindo o cri-cri dos grilos e as melodias dos sapos A escritora e colunista do Jornal Cultural Rol Ver\u00f4nica Moreira, autora\u2026","rel":"","context":"Em &quot;Comunica\u00e7\u00e3o&quot;","block_context":{"text":"Comunica\u00e7\u00e3o","link":"https:\/\/jornalrol.com.br\/?cat=7"},"img":{"alt_text":"","src":"https:\/\/i0.wp.com\/jornalrol.com.br\/wp-content\/uploads\/2023\/04\/Capa-Vekinha.jpg?resize=350%2C200&ssl=1","width":350,"height":200,"srcset":"https:\/\/i0.wp.com\/jornalrol.com.br\/wp-content\/uploads\/2023\/04\/Capa-Vekinha.jpg?resize=350%2C200&ssl=1 1x, https:\/\/i0.wp.com\/jornalrol.com.br\/wp-content\/uploads\/2023\/04\/Capa-Vekinha.jpg?resize=525%2C300&ssl=1 1.5x, https:\/\/i0.wp.com\/jornalrol.com.br\/wp-content\/uploads\/2023\/04\/Capa-Vekinha.jpg?resize=700%2C400&ssl=1 2x"},"classes":[]},{"id":57294,"url":"https:\/\/jornalrol.com.br\/?p=57294","url_meta":{"origin":44763,"position":2},"title":"Ver\u00f4nica Moreira lan\u00e7a o livro &#8216;Vekinha em: O Mist\u00e9rio do Coco&#8217;","author":"Sergio Diniz da Costa","date":"12 de junho de 2023","format":false,"excerpt":"As aventuras da personagem Vekinha na Rua do Sapo.","rel":"","context":"Em &quot;Literatura&quot;","block_context":{"text":"Literatura","link":"https:\/\/jornalrol.com.br\/?cat=9285"},"img":{"alt_text":"","src":"https:\/\/i0.wp.com\/jornalrol.com.br\/wp-content\/uploads\/2023\/06\/1994d7f6-84c9-4531-b0e5-2d235089b8de-1.jpg?resize=350%2C200&ssl=1","width":350,"height":200,"srcset":"https:\/\/i0.wp.com\/jornalrol.com.br\/wp-content\/uploads\/2023\/06\/1994d7f6-84c9-4531-b0e5-2d235089b8de-1.jpg?resize=350%2C200&ssl=1 1x, https:\/\/i0.wp.com\/jornalrol.com.br\/wp-content\/uploads\/2023\/06\/1994d7f6-84c9-4531-b0e5-2d235089b8de-1.jpg?resize=525%2C300&ssl=1 1.5x, https:\/\/i0.wp.com\/jornalrol.com.br\/wp-content\/uploads\/2023\/06\/1994d7f6-84c9-4531-b0e5-2d235089b8de-1.jpg?resize=700%2C400&ssl=1 2x, https:\/\/i0.wp.com\/jornalrol.com.br\/wp-content\/uploads\/2023\/06\/1994d7f6-84c9-4531-b0e5-2d235089b8de-1.jpg?resize=1050%2C600&ssl=1 3x"},"classes":[]},{"id":49954,"url":"https:\/\/jornalrol.com.br\/?p=49954","url_meta":{"origin":44763,"position":3},"title":"Escritora Luana Galv\u00e3o faz lan\u00e7amento virtual de seu primeiro livro infantil no programa Ver-Arte com Ver\u00f4nica Moreira","author":"Veronica Moreira","date":"3 de maio de 2022","format":false,"excerpt":"O lan\u00e7amento aconteceu no dia 27 de abril de 2022, pela p\u00e1gina Instagram da ACL-Academia Cruzeirense de Letras, que apoia o programa Ver-Arte com Ver\u00f4nica Moreira No dia 27 de abril de 2022, aconteceu no Instagram da ACL-Academia Cruzeirense de letras, o lan\u00e7amento do livro 'Menina Poesia', o primeiro livro\u2026","rel":"","context":"Em &quot;Comunica\u00e7\u00e3o&quot;","block_context":{"text":"Comunica\u00e7\u00e3o","link":"https:\/\/jornalrol.com.br\/?cat=7"},"img":{"alt_text":"","src":"https:\/\/i0.wp.com\/jornalrol.com.br\/wp-content\/uploads\/2022\/05\/LAN%C3%87AMENTO.jpg?resize=350%2C200&ssl=1","width":350,"height":200,"srcset":"https:\/\/i0.wp.com\/jornalrol.com.br\/wp-content\/uploads\/2022\/05\/LAN%C3%87AMENTO.jpg?resize=350%2C200&ssl=1 1x, https:\/\/i0.wp.com\/jornalrol.com.br\/wp-content\/uploads\/2022\/05\/LAN%C3%87AMENTO.jpg?resize=525%2C300&ssl=1 1.5x"},"classes":[]},{"id":52639,"url":"https:\/\/jornalrol.com.br\/?p=52639","url_meta":{"origin":44763,"position":4},"title":"O Escritor Paulo Soroka lan\u00e7ou o seu terceiro livro de poemas: &#039;Outro primeiro dia&#039;, em Porto Alegre","author":"Veronica Moreira","date":"14 de novembro de 2022","format":false,"excerpt":"O Lan\u00e7amento oficial aconteceu no dia 8 de novembro na\u00a0 Livraria Santos, na Galeria Casa Prado, em Porto Alegre \u201cOutro primeiro dia\u201d trata-se do\u00a0 terceiro livro de poemas,\u00a0 do escritor e poeta Paulo Soroka que j\u00e1 \u00e9 autor\u00a0 dos livros: \u201cUm poema a cada dia para fazer a travessia \u201c\u2026","rel":"","context":"Em &quot;Comunica\u00e7\u00e3o&quot;","block_context":{"text":"Comunica\u00e7\u00e3o","link":"https:\/\/jornalrol.com.br\/?cat=7"},"img":{"alt_text":"","src":"https:\/\/i0.wp.com\/jornalrol.com.br\/wp-content\/uploads\/2022\/11\/outro.jpg?resize=350%2C200","width":350,"height":200},"classes":[]},{"id":51375,"url":"https:\/\/jornalrol.com.br\/?p=51375","url_meta":{"origin":44763,"position":5},"title":"Pietro Costa lan\u00e7a sua nova obra liter\u00e1ria: Nos Labirintos da Palavra","author":"Veronica Moreira","date":"30 de julho de 2022","format":false,"excerpt":"O lan\u00e7amento acontecer\u00e1 no s\u00e1bado, dia 24 de setembro, a partir das 20h00, no Instagram do autor, e quem j\u00e1 tiver adquirido o livro at\u00e9 l\u00e1 ter\u00e1 oportunidade de declamar os versos de sua prefer\u00eancia e ainda receber um certificado de participa\u00e7\u00e3o NOS LABIRINTOS DA PALAVRA\u00a0 \u00e9 a nova obra\u2026","rel":"","context":"Em &quot;Comunica\u00e7\u00e3o&quot;","block_context":{"text":"Comunica\u00e7\u00e3o","link":"https:\/\/jornalrol.com.br\/?cat=7"},"img":{"alt_text":"","src":"https:\/\/i0.wp.com\/jornalrol.com.br\/wp-content\/uploads\/2022\/07\/pietro.jpg?resize=350%2C200&ssl=1","width":350,"height":200,"srcset":"https:\/\/i0.wp.com\/jornalrol.com.br\/wp-content\/uploads\/2022\/07\/pietro.jpg?resize=350%2C200&ssl=1 1x, https:\/\/i0.wp.com\/jornalrol.com.br\/wp-content\/uploads\/2022\/07\/pietro.jpg?resize=525%2C300&ssl=1 1.5x, https:\/\/i0.wp.com\/jornalrol.com.br\/wp-content\/uploads\/2022\/07\/pietro.jpg?resize=700%2C400&ssl=1 2x, https:\/\/i0.wp.com\/jornalrol.com.br\/wp-content\/uploads\/2022\/07\/pietro.jpg?resize=1050%2C600&ssl=1 3x"},"classes":[]}],"_links":{"self":[{"href":"https:\/\/jornalrol.com.br\/index.php?rest_route=\/wp\/v2\/posts\/44763","targetHints":{"allow":["GET"]}}],"collection":[{"href":"https:\/\/jornalrol.com.br\/index.php?rest_route=\/wp\/v2\/posts"}],"about":[{"href":"https:\/\/jornalrol.com.br\/index.php?rest_route=\/wp\/v2\/types\/post"}],"author":[{"embeddable":true,"href":"https:\/\/jornalrol.com.br\/index.php?rest_route=\/wp\/v2\/users\/6"}],"replies":[{"embeddable":true,"href":"https:\/\/jornalrol.com.br\/index.php?rest_route=%2Fwp%2Fv2%2Fcomments&post=44763"}],"version-history":[{"count":0,"href":"https:\/\/jornalrol.com.br\/index.php?rest_route=\/wp\/v2\/posts\/44763\/revisions"}],"wp:featuredmedia":[{"embeddable":true,"href":"https:\/\/jornalrol.com.br\/index.php?rest_route=\/wp\/v2\/media\/44765"}],"wp:attachment":[{"href":"https:\/\/jornalrol.com.br\/index.php?rest_route=%2Fwp%2Fv2%2Fmedia&parent=44763"}],"wp:term":[{"taxonomy":"category","embeddable":true,"href":"https:\/\/jornalrol.com.br\/index.php?rest_route=%2Fwp%2Fv2%2Fcategories&post=44763"},{"taxonomy":"post_tag","embeddable":true,"href":"https:\/\/jornalrol.com.br\/index.php?rest_route=%2Fwp%2Fv2%2Ftags&post=44763"}],"curies":[{"name":"wp","href":"https:\/\/api.w.org\/{rel}","templated":true}]}}