{"id":44774,"date":"2021-09-14T12:53:03","date_gmt":"2021-09-14T15:53:03","guid":{"rendered":"http:\/\/www.jornalrol.com.br\/?p=44774"},"modified":"2021-09-14T12:53:03","modified_gmt":"2021-09-14T15:53:03","slug":"diamantino-lourenco-bartolo-cooperacao-cultural-lusofona","status":"publish","type":"post","link":"https:\/\/jornalrol.com.br\/?p=44774","title":{"rendered":"Diamantino Louren\u00e7o Rodrigues de B\u00e1rtolo: &#039;Coopera\u00e7\u00e3o cultural lus\u00f3fona&#039;"},"content":{"rendered":"<div class=\"pdfprnt-buttons pdfprnt-buttons-post pdfprnt-top-right\"><a href=\"https:\/\/jornalrol.com.br\/index.php?rest_route=%2Fwp%2Fv2%2Fposts%2F44774&print=pdf\" class=\"pdfprnt-button pdfprnt-button-pdf\" target=\"_blank\" ><\/a><a href=\"https:\/\/jornalrol.com.br\/index.php?rest_route=%2Fwp%2Fv2%2Fposts%2F44774&print=print\" class=\"pdfprnt-button pdfprnt-button-print\" target=\"_blank\" ><img decoding=\"async\" src=\"https:\/\/jornalrol.com.br\/wp-content\/plugins\/pdf-print\/images\/print.png\" alt=\"image_print\" title=\"Conte\u00fado de impress\u00e3o\" \/><\/a><\/div><figure id=\"attachment_33964\" aria-describedby=\"caption-attachment-33964\" style=\"width: 150px\" class=\"wp-caption aligncenter\"><a href=\"http:\/\/www.jornalrol.com.br\/wp-content\/uploads\/2020\/09\/113545633_1612205885611817_276299013388565688_o-1.jpg\"><img loading=\"lazy\" decoding=\"async\" data-attachment-id=\"33964\" data-permalink=\"https:\/\/jornalrol.com.br\/?attachment_id=33964\" data-orig-file=\"https:\/\/jornalrol.com.br\/wp-content\/uploads\/2020\/09\/113545633_1612205885611817_276299013388565688_o-1.jpg\" data-orig-size=\"419,580\" data-comments-opened=\"0\" data-image-meta=\"{&quot;aperture&quot;:&quot;0&quot;,&quot;credit&quot;:&quot;&quot;,&quot;camera&quot;:&quot;&quot;,&quot;caption&quot;:&quot;&quot;,&quot;created_timestamp&quot;:&quot;0&quot;,&quot;copyright&quot;:&quot;&quot;,&quot;focal_length&quot;:&quot;0&quot;,&quot;iso&quot;:&quot;0&quot;,&quot;shutter_speed&quot;:&quot;0&quot;,&quot;title&quot;:&quot;&quot;,&quot;orientation&quot;:&quot;1&quot;}\" data-image-title=\"113545633_1612205885611817_276299013388565688_o\" data-image-description=\"&lt;p&gt;Diamantino Louren\u00e7o R. de B\u00e1rtolo&lt;\/p&gt;\n\" data-image-caption=\"&lt;p&gt;Diamantino B\u00e1rtolo&lt;\/p&gt;\n\" data-large-file=\"https:\/\/jornalrol.com.br\/wp-content\/uploads\/2020\/09\/113545633_1612205885611817_276299013388565688_o-1.jpg\" class=\"size-thumbnail wp-image-33964\" src=\"http:\/\/www.jornalrol.com.br\/wp-content\/uploads\/2020\/09\/113545633_1612205885611817_276299013388565688_o-1-150x150.jpg\" alt=\"\" width=\"150\" height=\"150\" \/><\/a><figcaption id=\"caption-attachment-33964\" class=\"wp-caption-text\">Diamantino Louren\u00e7o R. de B\u00e1rtolo<\/figcaption><\/figure>\n<h2 style=\"text-align: center;\">Coopera\u00e7\u00e3o cultural lus\u00f3fona<\/h2>\n<p><!--more--><\/p>\n<p><a href=\"http:\/\/jornalrol.com.br\/wp-content\/uploads\/2021\/09\/PicsArt_09-14-12.40.56-1.jpg\"><img loading=\"lazy\" decoding=\"async\" data-attachment-id=\"44776\" data-permalink=\"https:\/\/jornalrol.com.br\/?attachment_id=44776\" data-orig-file=\"https:\/\/jornalrol.com.br\/wp-content\/uploads\/2021\/09\/PicsArt_09-14-12.40.56-1.jpg\" data-orig-size=\"250,518\" data-comments-opened=\"0\" data-image-meta=\"{&quot;aperture&quot;:&quot;0&quot;,&quot;credit&quot;:&quot;362279370022101&quot;,&quot;camera&quot;:&quot;&quot;,&quot;caption&quot;:&quot;&quot;,&quot;created_timestamp&quot;:&quot;0&quot;,&quot;copyright&quot;:&quot;&quot;,&quot;focal_length&quot;:&quot;0&quot;,&quot;iso&quot;:&quot;0&quot;,&quot;shutter_speed&quot;:&quot;0&quot;,&quot;title&quot;:&quot;&quot;,&quot;orientation&quot;:&quot;1&quot;}\" data-image-title=\"PicsArt_09-14-12.40.56\" data-image-description=\"\" data-image-caption=\"\" data-large-file=\"https:\/\/jornalrol.com.br\/wp-content\/uploads\/2021\/09\/PicsArt_09-14-12.40.56-1.jpg\" class=\"size-full wp-image-44776 alignleft\" src=\"http:\/\/jornalrol.com.br\/wp-content\/uploads\/2021\/09\/PicsArt_09-14-12.40.56-1.jpg\" alt=\"\" width=\"250\" height=\"518\" \/><\/a>O mundo, atrav\u00e9s dos povos, abre-se \u00e0 humanidade: primeiramente, pelos processos virtuais; numa fase posterior, pela coopera\u00e7\u00e3o institucional, empresarial e individual. O interc\u00e2mbio de conhecimentos, de tecnologias, de recursos, os mais diversos, de pessoas e bens, \u00e9 uma inevitabilidade salutar que beneficiar\u00e1 as na\u00e7\u00f5es e as pessoas.<\/p>\n<p>\u00c9 imposs\u00edvel viver-se, desenvolver-se e alcan\u00e7ar padr\u00f5es de vida mais elevados, numa atitude de isolamento individual, institucional e t\u00e9cnico. A livre circula\u00e7\u00e3o de pessoas, mercadorias e capitais, dentro de regras bem definidas e fiscalizadas, poder\u00e1 constituir uma estrat\u00e9gia que conduza a um melhor bem-estar geral.<\/p>\n<p>Imp\u00f5e-se, com grande acuidade, a implementa\u00e7\u00e3o, desenvolvimento e consolida\u00e7\u00e3o de uma pol\u00edtica de Educa\u00e7\u00e3o para uma Cultura da Coopera\u00e7\u00e3o que, na circunst\u00e2ncia, atendendo \u00e0s perspetivas da Lusofonia, se iniciaria na fam\u00edlia, na escola e prosseguiria ao longo da vida profissional e social dos indiv\u00edduos, bem como no funcionamento das institui\u00e7\u00f5es.<\/p>\n<p>Nenhum dos pa\u00edses constituintes da CPLP &#8211; Comunidade de Povos de L\u00edngua Portuguesa -, independentemente do seu maior, ou menor, potencial em recursos naturais, cient\u00edficos e tecnol\u00f3gicos, \u00e9 totalmente aut\u00f3nomo, ali\u00e1s, a independ\u00eancia absoluta ser\u00e1 dif\u00edcil de se obter, at\u00e9 mesmo ao n\u00edvel do pensamento individual, na medida em que o Tribunal da Consci\u00eancia \u00c9tico-Moral, sancionar\u00e1 quaisquer desenvolvimentos intelectuais, contr\u00e1rios aos valores essenciais da vida verdadeiramente humana e digna.<\/p>\n<p>Interiorizar uma genu\u00edna cultura de coopera\u00e7\u00e3o lus\u00f3fona, sem preju\u00edzo dos diversos acordos internacionais, j\u00e1 existentes, ou a celebrar, sem deslealdade para com as parecerias que se estabeleceram entre pa\u00edses, e aproveitando, justamente, todas as experi\u00eancias, e sinergias j\u00e1 adquiridas, poder\u00e1 melhorar, enriquecer e consolidar os n\u00edveis de vida dos povos envolvidos, reduzindo tens\u00f5es, eliminando barreiras f\u00edsicas, e artificialmente constru\u00eddas, possibilitando, afinal, a irmana\u00e7\u00e3o no desenvolvimento das causas nobres, como: a paz, a justi\u00e7a, a sa\u00fade, a educa\u00e7\u00e3o, o bem-comum, obviamente, no respeito por leg\u00edtimos, legais e justos interesses das institui\u00e7\u00f5es e das pessoas.<\/p>\n<p>N\u00e3o se trata de uma educa\u00e7\u00e3o para a cultura da coopera\u00e7\u00e3o miserabilista, pela qual toda a humanidade deveria ser pobre, bem pelo contr\u00e1rio, deseja-se que os povos, de todos os lugares do mundo, vivam cada vez melhor, cooperando entre si, precisamente em todos os aspetos que sirvam para aprender, desenvolver e pacificar.<\/p>\n<p>Um projeto Lus\u00f3fono de educa\u00e7\u00e3o, para uma nova cultura da coopera\u00e7\u00e3o, poder\u00e1 iniciar-se a v\u00e1rios n\u00edveis da interven\u00e7\u00e3o geral: a) para resultados a curto prazo, os governos conseguem implementar medidas que conduzam ao exerc\u00edcio real de pr\u00e1ticas de coopera\u00e7\u00e3o; b) para resultados a m\u00e9dio prazo, a escola \u00e9 essencial; c) para resultados a longo prazo, as gera\u00e7\u00f5es atuais, mais novas, devem ser mentalizadas, apoiadas e encaminhadas para atividades de interc\u00e2mbios internacionais de investiga\u00e7\u00e3o, contacto direto com outras culturas, constru\u00e7\u00e3o de novos e estimulantes paradigmas, para a import\u00e2ncia da cultura, do trabalho, contudo, sempre no respeito pelos valores nacionais e universais, no cumprimento dos deveres, igualmente nacionais e universais.<\/p>\n<p>A coopera\u00e7\u00e3o cultural, cient\u00edfica e tecnol\u00f3gica ser\u00e1 um primeiro e grande passo no sentido da harmoniza\u00e7\u00e3o dos povos cooperantes, de resto, e a t\u00edtulo de bom exemplo, o Tratado de Amizade, Coopera\u00e7\u00e3o e Consulta entre o Brasil e Portugal, assinado em Porto Seguro, em 22 de abril de 2000, \u00e9 um instrumento que deveria ser potencializado \u00e0 exaust\u00e3o<em>.<\/em><\/p>\n<p>Com efeito:<em> \u00abEssa coopera\u00e7\u00e3o poder\u00e1 assumir, nomeadamente, a forma de interc\u00e2mbio de informa\u00e7\u00f5es e de documenta\u00e7\u00e3o cient\u00edfica, t\u00e9cnica e tecnol\u00f3gica; de interc\u00e2mbio de professores, estudantes, cientistas, pesquisadores, peritos e t\u00e9cnicos; de organiza\u00e7\u00e3o de visitas e viagens de estudo de delega\u00e7\u00f5es cient\u00edficas e tecnol\u00f3gicas; de estudo, prepara\u00e7\u00e3o e realiza\u00e7\u00e3o conjunta ou coordenada de programas ou projectos de pesquisa cient\u00edfica, no territ\u00f3rio de uma das partes \u2026\u00bb <\/em>(Art\u00ba 28\u00ba).<\/p>\n<p><strong>Bibliografia<\/strong><\/p>\n<p>TRATADO AMIZADE E COOPERA\u00c7\u00c3O E CONSULTA ENTRE BRASIL E PORTUGAL, (2000), Resolu\u00e7\u00e3o da Assembleia da Rep\u00fablica Portuguesa, n\u00ba 83\/2000, aprova para ratifica\u00e7\u00e3o o Tratado de Amizade, Coopera\u00e7\u00e3o e Consulta entre a Rep\u00fablica Portuguesa e a Rep\u00fablica Federativa do Brasil, assinado em Porto Seguro, em 22 de abril de 2000, publicado no Di\u00e1rio da Rep\u00fablica, I S\u00e9rie-A, N\u00ba 287 de 14 de dezembro de 2000 p\u00e1gs. 7172 a 7180.<\/p>\n<p>&nbsp;<\/p>\n<h3>Diamantino Louren\u00e7o Rodrigues de B\u00e1rtolo<\/h3>\n<p>Presidente do N\u00facleo Acad\u00e9mico de Letras e Artes de Portugal<\/p>\n<p>NALAP.ORG<\/p>\n<p>diamantino.bartolo@gmail.com<\/p>\n<p>&nbsp;<\/p>\n","protected":false},"excerpt":{"rendered":"<p>Coopera\u00e7\u00e3o cultural lus\u00f3fona<\/p>\n","protected":false},"author":16,"featured_media":44776,"comment_status":"closed","ping_status":"closed","sticky":false,"template":"","format":"standard","meta":{"_jetpack_newsletter_access":"","_jetpack_dont_email_post_to_subs":false,"_jetpack_newsletter_tier_id":0,"_jetpack_memberships_contains_paywalled_content":false,"_jetpack_memberships_contains_paid_content":false,"footnotes":""},"categories":[7],"tags":[1094,2330,2837],"class_list":["post-44774","post","type-post","status-publish","format-standard","has-post-thumbnail","hentry","category-comunicacao","tag-artigo","tag-cooperacao-cultural-lusofona","tag-diamantino-lourenco-rodrigues-de-bartolo"],"aioseo_notices":[],"views":438,"jetpack_featured_media_url":"https:\/\/jornalrol.com.br\/wp-content\/uploads\/2021\/09\/PicsArt_09-14-12.40.56-1.jpg","jetpack_sharing_enabled":true,"jetpack_likes_enabled":true,"jetpack-related-posts":[{"id":47139,"url":"https:\/\/jornalrol.com.br\/?p=47139","url_meta":{"origin":44774,"position":0},"title":"Diamantino Louren\u00e7o Rodrigues de B\u00e1rtolo: &#039;Educa\u00e7\u00e3o e cultura para a lusofonia&#039;","author":"Diamantino Bartolo","date":"8 de dezembro de 2021","format":false,"excerpt":"Educa\u00e7\u00e3o e cultura para a lusofonia Quaisquer que sejam as atividades, a educa\u00e7\u00e3o \u00e9 fundamental para a constru\u00e7\u00e3o de paradigmas, que sustentem modelos de desenvolvimento e relacionamento verdadeiramente compat\u00edveis com as novas exig\u00eancias da dignidade humana, as quais passam, justamente, pelo conceito de coopera\u00e7\u00e3o solid\u00e1ria entre pessoas, povos e na\u00e7\u00f5es.\u2026","rel":"","context":"Em &quot;Comunica\u00e7\u00e3o&quot;","block_context":{"text":"Comunica\u00e7\u00e3o","link":"https:\/\/jornalrol.com.br\/?cat=7"},"img":{"alt_text":"","src":"https:\/\/i0.wp.com\/www.jornalrol.com.br\/wp-content\/uploads\/2020\/09\/113545633_1612205885611817_276299013388565688_o-1-150x150.jpg?resize=350%2C200","width":350,"height":200},"classes":[]},{"id":69508,"url":"https:\/\/jornalrol.com.br\/?p=69508","url_meta":{"origin":44774,"position":1},"title":"Educa\u00e7\u00e3o para a cultura da responsabilidade","author":"Diamantino Bartolo","date":"21 de setembro de 2024","format":false,"excerpt":"Um projeto de coopera\u00e7\u00e3o, independentemente da qualidade em que as partes interv\u00eam, implica uma total disponibiliza\u00e7\u00e3o para colaborar, respons\u00e1vel e...","rel":"","context":"Em &quot;artigos&quot;","block_context":{"text":"artigos","link":"https:\/\/jornalrol.com.br\/?cat=9398"},"img":{"alt_text":"Educa\u00e7\u00e3o para a cultura da responsabilidade Imagem gerada com IA\u00a0do Bing \u2219 19 de setembro de 2024 \u00e0s 8:37 AM","src":"https:\/\/i0.wp.com\/jornalrol.com.br\/wp-content\/uploads\/2024\/09\/OIG2-2-1.jpeg?resize=350%2C200&ssl=1","width":350,"height":200,"srcset":"https:\/\/i0.wp.com\/jornalrol.com.br\/wp-content\/uploads\/2024\/09\/OIG2-2-1.jpeg?resize=350%2C200&ssl=1 1x, https:\/\/i0.wp.com\/jornalrol.com.br\/wp-content\/uploads\/2024\/09\/OIG2-2-1.jpeg?resize=525%2C300&ssl=1 1.5x, https:\/\/i0.wp.com\/jornalrol.com.br\/wp-content\/uploads\/2024\/09\/OIG2-2-1.jpeg?resize=700%2C400&ssl=1 2x"},"classes":[]},{"id":73387,"url":"https:\/\/jornalrol.com.br\/?p=73387","url_meta":{"origin":44774,"position":2},"title":"Comunica\u00e7\u00e3o transparente","author":"Diamantino Bartolo","date":"26 de maio de 2025","format":false,"excerpt":"Comunicar apresenta-se, hoje, como uma das principais potencialidades da humanidade, objetivamente, na sua vertente mais nobre que \u00e9 o di\u00e1logo, a diferentes...","rel":"","context":"Em &quot;artigos&quot;","block_context":{"text":"artigos","link":"https:\/\/jornalrol.com.br\/?cat=9398"},"img":{"alt_text":"Imagem criada por IA do Bing - 26 de maio de 2025, \u00e0s 11:56 PM","src":"https:\/\/i0.wp.com\/jornalrol.com.br\/wp-content\/uploads\/2025\/05\/OIG4-4.jpg?resize=350%2C200&ssl=1","width":350,"height":200,"srcset":"https:\/\/i0.wp.com\/jornalrol.com.br\/wp-content\/uploads\/2025\/05\/OIG4-4.jpg?resize=350%2C200&ssl=1 1x, https:\/\/i0.wp.com\/jornalrol.com.br\/wp-content\/uploads\/2025\/05\/OIG4-4.jpg?resize=525%2C300&ssl=1 1.5x, https:\/\/i0.wp.com\/jornalrol.com.br\/wp-content\/uploads\/2025\/05\/OIG4-4.jpg?resize=700%2C400&ssl=1 2x"},"classes":[]},{"id":54002,"url":"https:\/\/jornalrol.com.br\/?p=54002","url_meta":{"origin":44774,"position":3},"title":"Diamantino Louren\u00e7o Rodrigues de B\u00e1rtolo: &#039;Mulher. Irradia\u00e7\u00e3o de amor e paz&#039;","author":"Diamantino Bartolo","date":"8 de mar\u00e7o de 2023","format":false,"excerpt":"Mulher. Irradia\u00e7\u00e3o de amor e paz Injustamente, \u00e9 nos tempos dif\u00edceis, que valorizamos a Mulher O Homem de hoje, deve abandonar todo o tipo de extremismos O tempo das cavernas, da escravid\u00e3o e de uma sujei\u00e7\u00e3o qualquer \u00c9 incompat\u00edvel com a dignidade humana revelando despotismo \u00a0 Mulher e Homem, quando\u2026","rel":"","context":"Em &quot;Comunica\u00e7\u00e3o&quot;","block_context":{"text":"Comunica\u00e7\u00e3o","link":"https:\/\/jornalrol.com.br\/?cat=7"},"img":{"alt_text":"","src":"https:\/\/i0.wp.com\/www.jornalrol.com.br\/wp-content\/uploads\/2022\/11\/113545633_1612205885611817_276299013388565688_o-1-217x300.jpg?resize=350%2C200","width":350,"height":200},"classes":[]},{"id":76972,"url":"https:\/\/jornalrol.com.br\/?p=76972","url_meta":{"origin":44774,"position":4},"title":"Cidad\u00e3o luso-brasileiro","author":"Diamantino Bartolo","date":"28 de novembro de 2025","format":false,"excerpt":"Assumir a cidadania plena, em qualquer parte do mundo, em geral, e no pr\u00f3prio espa\u00e7o, em particular, postula um conjunto de requisitos institucionais e...","rel":"","context":"Em &quot;artigos&quot;","block_context":{"text":"artigos","link":"https:\/\/jornalrol.com.br\/?cat=9398"},"img":{"alt_text":"Imagem criada por IA da Meta","src":"https:\/\/i0.wp.com\/jornalrol.com.br\/wp-content\/uploads\/2025\/11\/35722aff-ffce-4430-ae64-300a81e69f05.jpg?resize=350%2C200&ssl=1","width":350,"height":200,"srcset":"https:\/\/i0.wp.com\/jornalrol.com.br\/wp-content\/uploads\/2025\/11\/35722aff-ffce-4430-ae64-300a81e69f05.jpg?resize=350%2C200&ssl=1 1x, https:\/\/i0.wp.com\/jornalrol.com.br\/wp-content\/uploads\/2025\/11\/35722aff-ffce-4430-ae64-300a81e69f05.jpg?resize=525%2C300&ssl=1 1.5x, https:\/\/i0.wp.com\/jornalrol.com.br\/wp-content\/uploads\/2025\/11\/35722aff-ffce-4430-ae64-300a81e69f05.jpg?resize=700%2C400&ssl=1 2x, https:\/\/i0.wp.com\/jornalrol.com.br\/wp-content\/uploads\/2025\/11\/35722aff-ffce-4430-ae64-300a81e69f05.jpg?resize=1050%2C600&ssl=1 3x"},"classes":[]},{"id":50233,"url":"https:\/\/jornalrol.com.br\/?p=50233","url_meta":{"origin":44774,"position":5},"title":"Diamantino Louren\u00e7o Rodrigues de B\u00e1rtolo: &#039;Trabalho: Suporte da dignidade, da justi\u00e7a e da cultura&#039;","author":"Diamantino Bartolo","date":"18 de maio de 2022","format":false,"excerpt":"Trabalho: Suporte da dignidade, da justi\u00e7a e da cultura Na obra que serve a presente reflex\u00e3o, Ant\u00f3nio S\u00e9rgio descreve como a partir do \u201cSelf-Government\u201d se podem criar tipos de escolas mais abrangentes, \u00e0 semelhan\u00e7a de um Estado. Acompanhou depois todo o processo que se desenvolveu a partir de tr\u00eas cidades\u2026","rel":"","context":"Em &quot;Comunica\u00e7\u00e3o&quot;","block_context":{"text":"Comunica\u00e7\u00e3o","link":"https:\/\/jornalrol.com.br\/?cat=7"},"img":{"alt_text":"","src":"https:\/\/i0.wp.com\/www.jornalrol.com.br\/wp-content\/uploads\/2020\/09\/113545633_1612205885611817_276299013388565688_o-1-217x300.jpg?resize=350%2C200","width":350,"height":200},"classes":[]}],"_links":{"self":[{"href":"https:\/\/jornalrol.com.br\/index.php?rest_route=\/wp\/v2\/posts\/44774","targetHints":{"allow":["GET"]}}],"collection":[{"href":"https:\/\/jornalrol.com.br\/index.php?rest_route=\/wp\/v2\/posts"}],"about":[{"href":"https:\/\/jornalrol.com.br\/index.php?rest_route=\/wp\/v2\/types\/post"}],"author":[{"embeddable":true,"href":"https:\/\/jornalrol.com.br\/index.php?rest_route=\/wp\/v2\/users\/16"}],"replies":[{"embeddable":true,"href":"https:\/\/jornalrol.com.br\/index.php?rest_route=%2Fwp%2Fv2%2Fcomments&post=44774"}],"version-history":[{"count":0,"href":"https:\/\/jornalrol.com.br\/index.php?rest_route=\/wp\/v2\/posts\/44774\/revisions"}],"wp:featuredmedia":[{"embeddable":true,"href":"https:\/\/jornalrol.com.br\/index.php?rest_route=\/wp\/v2\/media\/44776"}],"wp:attachment":[{"href":"https:\/\/jornalrol.com.br\/index.php?rest_route=%2Fwp%2Fv2%2Fmedia&parent=44774"}],"wp:term":[{"taxonomy":"category","embeddable":true,"href":"https:\/\/jornalrol.com.br\/index.php?rest_route=%2Fwp%2Fv2%2Fcategories&post=44774"},{"taxonomy":"post_tag","embeddable":true,"href":"https:\/\/jornalrol.com.br\/index.php?rest_route=%2Fwp%2Fv2%2Ftags&post=44774"}],"curies":[{"name":"wp","href":"https:\/\/api.w.org\/{rel}","templated":true}]}}