{"id":44783,"date":"2021-09-14T17:13:05","date_gmt":"2021-09-14T20:13:05","guid":{"rendered":"http:\/\/www.jornalrol.com.br\/?p=44783"},"modified":"2021-09-14T17:13:05","modified_gmt":"2021-09-14T20:13:05","slug":"no-quadro-de-colunistas-do-rol-a-escritora-poeta-e-ativista-cultural-patricia-alvarenga","status":"publish","type":"post","link":"https:\/\/jornalrol.com.br\/?p=44783","title":{"rendered":"No Quadro de Colunistas do ROL, a escritora, poeta e ativista cultural Patr\u00edcia Alvarenga!"},"content":{"rendered":"<div class=\"pdfprnt-buttons pdfprnt-buttons-post pdfprnt-top-right\"><a href=\"https:\/\/jornalrol.com.br\/index.php?rest_route=%2Fwp%2Fv2%2Fposts%2F44783&print=pdf\" class=\"pdfprnt-button pdfprnt-button-pdf\" target=\"_blank\" ><\/a><a href=\"https:\/\/jornalrol.com.br\/index.php?rest_route=%2Fwp%2Fv2%2Fposts%2F44783&print=print\" class=\"pdfprnt-button pdfprnt-button-print\" target=\"_blank\" ><img decoding=\"async\" src=\"https:\/\/jornalrol.com.br\/wp-content\/plugins\/pdf-print\/images\/print.png\" alt=\"image_print\" title=\"Conte\u00fado de impress\u00e3o\" \/><\/a><\/div><figure id=\"attachment_44785\" aria-describedby=\"caption-attachment-44785\" style=\"width: 162px\" class=\"wp-caption aligncenter\"><a href=\"http:\/\/www.jornalrol.com.br\/no-quadro-de-colunistas-do-rol-a-escritora-poeta-e-ativista-cultural-patricia-alvarenga\/20210711_172218-1\/\" rel=\"attachment wp-att-44785\"><img loading=\"lazy\" decoding=\"async\" data-attachment-id=\"44785\" data-permalink=\"https:\/\/jornalrol.com.br\/?attachment_id=44785\" data-orig-file=\"https:\/\/jornalrol.com.br\/wp-content\/uploads\/2021\/09\/20210711_172218-1.jpg\" data-orig-size=\"441,588\" data-comments-opened=\"0\" data-image-meta=\"{&quot;aperture&quot;:&quot;2.2&quot;,&quot;credit&quot;:&quot;&quot;,&quot;camera&quot;:&quot;SM-A715F&quot;,&quot;caption&quot;:&quot;&quot;,&quot;created_timestamp&quot;:&quot;1626024139&quot;,&quot;copyright&quot;:&quot;&quot;,&quot;focal_length&quot;:&quot;3.75&quot;,&quot;iso&quot;:&quot;1000&quot;,&quot;shutter_speed&quot;:&quot;0.041666666666667&quot;,&quot;title&quot;:&quot;&quot;,&quot;orientation&quot;:&quot;1&quot;}\" data-image-title=\"20210711_172218 (1)\" data-image-description=\"\" data-image-caption=\"&lt;p&gt;Patr\u00edcia Alvarenga&lt;\/p&gt;\n\" data-large-file=\"https:\/\/jornalrol.com.br\/wp-content\/uploads\/2021\/09\/20210711_172218-1.jpg\" class=\"wp-image-44785\" src=\"http:\/\/jornalrol.com.br\/wp-content\/uploads\/2021\/09\/20210711_172218-1-225x300.jpg\" alt=\"\" width=\"162\" height=\"216\" \/><\/a><figcaption id=\"caption-attachment-44785\" class=\"wp-caption-text\">Patr\u00edcia Alvarenga<\/figcaption><\/figure>\n<h2 style=\"text-align: center;\">Das letras em defesa da Justi\u00e7a \u00e0s letras do ativismo cultural nas redes sociais, Patr\u00edcia Alvarenga \u00e9 a mais nova colaboradora do Jornal ROL!<\/h2>\n<p><!--more--><\/p>\n<p><strong>Patr\u00edcia Alvarenga<\/strong> \u00e9 carioca, escritora e poeta.<\/p>\n<p>Trabalha como Analista (\u00e1rea processual) do Minist\u00e9rio P\u00fablico do estado do Rio de Janeiro.<\/p>\n<p>\u00c9 Bacharel em Letras (UFRJ) e Direito (Uerj), p\u00f3s-graduada em Educa\u00e7\u00e3o (UFRJ). Dra.h.c. e Pesquisadora em Literatura.<\/p>\n<p>\u00c9 autora do livro de poemas &#8216;<em>Tatuagens da Alma &#8211; Entre Versos e Reflex\u00f5es&#8217;<\/em>, editora AIL, publicado neste ano, que foi escolhido como semifinalista do concurso &#8216;<em>Livro do Ano 2021&#8242;<\/em>, pela Literarte (o resultado do certame ainda n\u00e3o foi divulgado at\u00e9 a presente data).<\/p>\n<p>Participou do projeto &#8216;<em>Parede dos Imortais&#8217;<\/em>, na Casa dos Poetas, em Petr\u00f3polis-RJ, atrav\u00e9s da Associa\u00e7\u00e3o Internacional de Escritores e Artistas.<\/p>\n<p>\u00c9 coautora de, aproximadamente, 25 colet\u00e2neas. Detentora de pr\u00eamios liter\u00e1rios, t\u00edtulos e comendas, \u00e9 tamb\u00e9m Embaixadora da Paz da Organiza\u00e7\u00e3o Mundial dos Defensores dos Direitos Humanos &#8211; OMDDH.<\/p>\n<p>Membra vital\u00edcia de seis academias liter\u00e1rias: ACILBRAS, FEBACLA, AIML, AIL, ALSPA (fundadora) e AILAP (fundadora).<\/p>\n<p>\u00c9 ativista cultural nas redes sociais e participa de in\u00fameros saraus liter\u00e1rios.<\/p>\n<p><strong>Redes sociais: <\/strong><\/p>\n<p><em>Instagram<\/em>: @patriciapoeticamente.<\/p>\n<p><em>Facebook<\/em>: Patr\u00edcia Alvarenga. Abaixo, sua primeira contribui\u00e7\u00e3o no <strong>Jornal ROL<\/strong>, a cr\u00f4nica &#8216;Sejas tua pr\u00f3pria tempestade!<\/p>\n<p style=\"text-align: center;\"><strong>Sejas tua pr\u00f3pria tempestade<\/strong><\/p>\n<p><a href=\"http:\/\/www.jornalrol.com.br\/no-quadro-de-colunistas-do-rol-a-escritora-poeta-e-ativista-cultural-patricia-alvarenga\/tempestade\/\" rel=\"attachment wp-att-44786\"><img loading=\"lazy\" decoding=\"async\" class=\" wp-image-44786 aligncenter\" src=\"http:\/\/www.jornalrol.com.br\/wp-content\/uploads\/2021\/09\/Tempestade-300x225.jpg\" alt=\"\" width=\"419\" height=\"314\" \/><\/a><\/p>\n<p>Quando todos os ventos contra ti soprarem, n\u00e3o te aflijas. N\u00e3o deixes que os trov\u00f5es te ensurde\u00e7am ou mesmo que os rel\u00e2mpagos te ceguem. A chuva pode at\u00e9 te encharcar, a ponto de o des\u00e2nimo te envolver, maliciosamente. Eventual nevasca tentar\u00e1 te imobilizar e te derrubar, at\u00e9 tu desistires de tudo.<\/p>\n<p>Mas saibas que a for\u00e7a que tens dentro de ti \u00e9 imensa! Tu n\u00e3o sabes a dimens\u00e3o, at\u00e9 que dela necessites! Se a colossal tempestade n\u00e3o for capaz de te destruir, mostrar\u00e1s a ela quem \u00e9 o furac\u00e3o! Sim, ser\u00e1s o pr\u00f3prio vendaval, o t\u00e3o temido tornado!<\/p>\n<p>Se conseguires atravessar, de forma perseverante e vigorosa, a terr\u00edvel tormenta que a vida te apresentar, ser\u00e1s imbat\u00edvel! Isso se chama supera\u00e7\u00e3o! Poucos s\u00e3o aqueles capazes de triunfar, diante de tantas adversidades e, de cabe\u00e7a erguida, seguir em frente, sem olhar para tr\u00e1s!<\/p>\n<p>S\u00e3o necess\u00e1rias for\u00e7a, obstina\u00e7\u00e3o, disciplina e vontade. Entrementes, acima de tudo, te ser\u00e3o exigidos, \u00edmpeto, aud\u00e1cia e bravura para encarar teus pr\u00f3prios medos e dizer-lhes: \u201c<em>sou minha pr\u00f3pria tempestade!\u201d <\/em><\/p>\n","protected":false},"excerpt":{"rendered":"<p>Das letras em defesa da Justi\u00e7a \u00e0s letras do ativismo cultural nas redes sociais, Patr\u00edcia Alvarenga \u00e9 a mais nova colaboradora do Jornal ROL!<\/p>\n","protected":false},"author":6,"featured_media":44785,"comment_status":"closed","ping_status":"closed","sticky":false,"template":"","format":"standard","meta":{"_jetpack_newsletter_access":"","_jetpack_dont_email_post_to_subs":false,"_jetpack_newsletter_tier_id":0,"_jetpack_memberships_contains_paywalled_content":false,"_jetpack_memberships_contains_paid_content":false,"footnotes":""},"categories":[7],"tags":[1008,2131,6623],"class_list":["post-44783","post","type-post","status-publish","format-standard","has-post-thumbnail","hentry","category-comunicacao","tag-apresentacao","tag-colunista","tag-patricia-alvarenga"],"aioseo_notices":[],"views":417,"jetpack_featured_media_url":"https:\/\/jornalrol.com.br\/wp-content\/uploads\/2021\/09\/20210711_172218-1.jpg","jetpack_sharing_enabled":true,"jetpack_likes_enabled":true,"jetpack-related-posts":[{"id":44068,"url":"https:\/\/jornalrol.com.br\/?p=44068","url_meta":{"origin":44783,"position":0},"title":"Patr\u00edcia Alvarenga lan\u00e7a o livro de poesias &#039;Tatuagens da Alma &#8211; Entre Versos e Reflex\u00f5es&#039;","author":"Sergio Diniz da Costa","date":"23 de agosto de 2021","format":false,"excerpt":"A alma humana, o consciente e o inconsciente, apresentados\u00a0 numa linguagem l\u00edrica, filos\u00f3fica e introspectiva marcam o primeiro livro de poesias de Patr\u00edcia Alvarenga De acordo com a escritora e poetisa Patr\u00edcia Alvarenga, a decis\u00e3o de publicar seu livro de estreia se deu num momento bastante conturbado: ap\u00f3s a chegada\u2026","rel":"","context":"Em &quot;Comunica\u00e7\u00e3o&quot;","block_context":{"text":"Comunica\u00e7\u00e3o","link":"https:\/\/jornalrol.com.br\/?cat=7"},"img":{"alt_text":"","src":"https:\/\/i0.wp.com\/jornalrol.com.br\/wp-content\/uploads\/2021\/08\/0-4-c-1-211x300.jpg?resize=350%2C200","width":350,"height":200},"classes":[]},{"id":49819,"url":"https:\/\/jornalrol.com.br\/?p=49819","url_meta":{"origin":44783,"position":1},"title":"Patr\u00edcia Alvarenga: &#039;Minha ess\u00eancia&#039;","author":"Patricia Danielle de Ata\u00edde Alvarenga","date":"24 de abril de 2022","format":false,"excerpt":"Minha ess\u00eancia H\u00e1 pessoas que t\u00eam, na arte de fantasiar e imaginar, sua raz\u00e3o de viver. Utilizam-se do teclado ou mesmo da caneta para escrever sobre o que foi, o que n\u00e3o foi, o que poderia ter sido, sobre o que \u00e9, o que n\u00e3o \u00e9, o que ser\u00e1 ou\u2026","rel":"","context":"Em &quot;Comunica\u00e7\u00e3o&quot;","block_context":{"text":"Comunica\u00e7\u00e3o","link":"https:\/\/jornalrol.com.br\/?cat=7"},"img":{"alt_text":"","src":"https:\/\/i0.wp.com\/jornalrol.com.br\/wp-content\/uploads\/2021\/09\/20210711_172218-1-150x150.jpg?resize=350%2C200","width":350,"height":200},"classes":[]},{"id":61107,"url":"https:\/\/jornalrol.com.br\/?p=61107","url_meta":{"origin":44783,"position":2},"title":"Sintonia","author":"Patricia Danielle de Ata\u00edde Alvarenga","date":"15 de setembro de 2023","format":false,"excerpt":"As \u00e1guas ouvem nos rios minha poesia; Os p\u00e1ssaros tecem nas \u00e1rvores minha esperan\u00e7a; As flores cantam nas matas meus...","rel":"","context":"Em &quot;Literatura&quot;","block_context":{"text":"Literatura","link":"https:\/\/jornalrol.com.br\/?cat=9285"},"img":{"alt_text":"Paisagem. Foto de Patr\u00edcia alvarenga","src":"https:\/\/i0.wp.com\/jornalrol.com.br\/wp-content\/uploads\/2023\/09\/f578e376-4203-4075-8928-903385192111.jpg?resize=350%2C200&ssl=1","width":350,"height":200,"srcset":"https:\/\/i0.wp.com\/jornalrol.com.br\/wp-content\/uploads\/2023\/09\/f578e376-4203-4075-8928-903385192111.jpg?resize=350%2C200&ssl=1 1x, https:\/\/i0.wp.com\/jornalrol.com.br\/wp-content\/uploads\/2023\/09\/f578e376-4203-4075-8928-903385192111.jpg?resize=525%2C300&ssl=1 1.5x, https:\/\/i0.wp.com\/jornalrol.com.br\/wp-content\/uploads\/2023\/09\/f578e376-4203-4075-8928-903385192111.jpg?resize=700%2C400&ssl=1 2x, https:\/\/i0.wp.com\/jornalrol.com.br\/wp-content\/uploads\/2023\/09\/f578e376-4203-4075-8928-903385192111.jpg?resize=1050%2C600&ssl=1 3x"},"classes":[]},{"id":49518,"url":"https:\/\/jornalrol.com.br\/?p=49518","url_meta":{"origin":44783,"position":3},"title":"Patr\u00edcia Alvarenga: &#039;Viagem&#039;","author":"Patricia Danielle de Ata\u00edde Alvarenga","date":"2 de abril de 2022","format":false,"excerpt":"Viagem Mergulhar em seu cora\u00e7\u00e3o inquieto E voltar com um trof\u00e9u na m\u00e3o. Nadar em sua alma travessa, Brincando de sereia sem can\u00e7\u00e3o. \u00a0 Fantasias que cultivo com esmero: Deslindar sua mente em passeios, Alcan\u00e7ar seu reflexo no espelho... Embevecida, satisfazer meus anseios. \u00a0 Retornar dessa viagem com um pr\u00eamio;\u2026","rel":"","context":"Em &quot;Comunica\u00e7\u00e3o&quot;","block_context":{"text":"Comunica\u00e7\u00e3o","link":"https:\/\/jornalrol.com.br\/?cat=7"},"img":{"alt_text":"","src":"https:\/\/i0.wp.com\/jornalrol.com.br\/wp-content\/uploads\/2021\/09\/20210711_172218-1-150x150.jpg?resize=350%2C200","width":350,"height":200},"classes":[]},{"id":50720,"url":"https:\/\/jornalrol.com.br\/?p=50720","url_meta":{"origin":44783,"position":4},"title":"Patr\u00edcia Alvarenga: &#039;Energia borbulhante&#039;","author":"Patricia Danielle de Ata\u00edde Alvarenga","date":"16 de junho de 2022","format":false,"excerpt":"Energia borbulhante Paix\u00e3o, emo\u00e7\u00e3o t\u00e3o dif\u00edcil de traduzir... \u00c9 mais que entusiasmo ou alegria esfuziante. Talvez uma verdade, um sentimento a reluzir. S\u00e3o coloridos fogos de artif\u00edcio vibrantes... Beleza em cada canto a nos conduzir. \u00a0 Passa a ser um espl\u00eandido espet\u00e1culo viver. Pessoas, atividades, tarefas e cen\u00e1rios... Novos ares,\u2026","rel":"","context":"Em &quot;Comunica\u00e7\u00e3o&quot;","block_context":{"text":"Comunica\u00e7\u00e3o","link":"https:\/\/jornalrol.com.br\/?cat=7"},"img":{"alt_text":"","src":"https:\/\/i0.wp.com\/jornalrol.com.br\/wp-content\/uploads\/2021\/09\/20210711_172218-1-150x150.jpg?resize=350%2C200","width":350,"height":200},"classes":[]},{"id":60509,"url":"https:\/\/jornalrol.com.br\/?p=60509","url_meta":{"origin":44783,"position":5},"title":"Noel Rosa e de todas as flores","author":"Patricia Danielle de Ata\u00edde Alvarenga","date":"28 de agosto de 2023","format":false,"excerpt":"Saudades ainda sentem Lapa e Vila Isabel, de seu bandolim e de seu viol\u00e3o, a seduzir a boemia que lhe tirava o chap\u00e9u, consagrando-lhe com extrema admira\u00e7\u00e3o","rel":"","context":"Em &quot;Literatura&quot;","block_context":{"text":"Literatura","link":"https:\/\/jornalrol.com.br\/?cat=9285"},"img":{"alt_text":"Patr\u00edcia alvarenga","src":"https:\/\/i0.wp.com\/www.jornalrol.com.br\/wp-content\/uploads\/2023\/05\/Patricia-Danielle-de-Ataide-Alvarenga.jpg?resize=350%2C200&ssl=1","width":350,"height":200},"classes":[]}],"_links":{"self":[{"href":"https:\/\/jornalrol.com.br\/index.php?rest_route=\/wp\/v2\/posts\/44783","targetHints":{"allow":["GET"]}}],"collection":[{"href":"https:\/\/jornalrol.com.br\/index.php?rest_route=\/wp\/v2\/posts"}],"about":[{"href":"https:\/\/jornalrol.com.br\/index.php?rest_route=\/wp\/v2\/types\/post"}],"author":[{"embeddable":true,"href":"https:\/\/jornalrol.com.br\/index.php?rest_route=\/wp\/v2\/users\/6"}],"replies":[{"embeddable":true,"href":"https:\/\/jornalrol.com.br\/index.php?rest_route=%2Fwp%2Fv2%2Fcomments&post=44783"}],"version-history":[{"count":0,"href":"https:\/\/jornalrol.com.br\/index.php?rest_route=\/wp\/v2\/posts\/44783\/revisions"}],"wp:featuredmedia":[{"embeddable":true,"href":"https:\/\/jornalrol.com.br\/index.php?rest_route=\/wp\/v2\/media\/44785"}],"wp:attachment":[{"href":"https:\/\/jornalrol.com.br\/index.php?rest_route=%2Fwp%2Fv2%2Fmedia&parent=44783"}],"wp:term":[{"taxonomy":"category","embeddable":true,"href":"https:\/\/jornalrol.com.br\/index.php?rest_route=%2Fwp%2Fv2%2Fcategories&post=44783"},{"taxonomy":"post_tag","embeddable":true,"href":"https:\/\/jornalrol.com.br\/index.php?rest_route=%2Fwp%2Fv2%2Ftags&post=44783"}],"curies":[{"name":"wp","href":"https:\/\/api.w.org\/{rel}","templated":true}]}}