{"id":44791,"date":"2021-09-15T18:11:36","date_gmt":"2021-09-15T21:11:36","guid":{"rendered":"http:\/\/www.jornalrol.com.br\/?p=44791"},"modified":"2021-09-15T18:11:36","modified_gmt":"2021-09-15T21:11:36","slug":"pequod-so-os-bons-morrem-jovens-texto-inedito-do-dramaturgo-mario-bortolotto","status":"publish","type":"post","link":"https:\/\/jornalrol.com.br\/?p=44791","title":{"rendered":"&#039;Pequod&#039; &#8211; S\u00f3 os Bons Morrem Jovens  texto in\u00e9dito do dramaturgo M\u00e1rio Bortolotto"},"content":{"rendered":"<div class=\"pdfprnt-buttons pdfprnt-buttons-post pdfprnt-top-right\"><a href=\"https:\/\/jornalrol.com.br\/index.php?rest_route=%2Fwp%2Fv2%2Fposts%2F44791&print=pdf\" class=\"pdfprnt-button pdfprnt-button-pdf\" target=\"_blank\" ><\/a><a href=\"https:\/\/jornalrol.com.br\/index.php?rest_route=%2Fwp%2Fv2%2Fposts%2F44791&print=print\" class=\"pdfprnt-button pdfprnt-button-print\" target=\"_blank\" ><img decoding=\"async\" src=\"https:\/\/jornalrol.com.br\/wp-content\/plugins\/pdf-print\/images\/print.png\" alt=\"image_print\" title=\"Conte\u00fado de impress\u00e3o\" \/><\/a><\/div><h2 style=\"text-align: center\">A estreia ser\u00e1 no dia 24 de setembro e o espet\u00e1culo ficar\u00e1 em cartaz de sexta \u00e0 domingo, de 24\/09 a 10\/10, sempre \u00e0s 19h00 horas<\/h2>\n<p><!--more--><\/p>\n<p dir=\"ltr\">O projeto, vencedor na categoria<strong> \u201cPR\u00caMIO POR HIST\u00d3RICO DE REALIZA\u00c7\u00c3O EM TEATRO&#8221;<\/strong> no edital viabilizado pelo<strong> Proac,<\/strong> atrav\u00e9s da<strong> Lei Aldir Blanc<\/strong>, resulta na montagem in\u00e9dita com o Grupo de Teatro Cemit\u00e9rio de Autom\u00f3veis, que apresentar\u00e1 curta temporada em formato online, com grava\u00e7\u00e3o transmitida ao vivo no Teatro S\u00e9rgio Cardoso Digital.<\/p>\n<p dir=\"ltr\">A estreia ser\u00e1 no dia 24 de setembro e o espet\u00e1culo ficar\u00e1 em cartaz de sexta \u00e0 domingo, de 24\/09 a 10\/10, sempre \u00e0s 19h00. No dia 10 de outubro, ap\u00f3s a \u00faltima apresenta\u00e7\u00e3o do espet\u00e1culo, haver\u00e1 um bate-papo ao vivo e online, com o diretor e dramaturgo <strong>M\u00e1rio Bortolotto.<\/strong> Os ingressos para a temporada s\u00e3o gratuitos!!!<\/p>\n<p>Em <strong>\u201cPequod\u201d<\/strong> Bortolotto assina o texto e dire\u00e7\u00e3o, al\u00e9m da sonoplastia, e integra o elenco ao lado dos atores Nelson Peres, Fernando Castioni e Rebecca Le\u00e3o. A concep\u00e7\u00e3o da luz do espet\u00e1culo \u00e9 do experiente iluminador Caetano Vilela. A cenografia realista, que traz a cabine de um barco ancorado, \u00e9 cria\u00e7\u00e3o dos irm\u00e3os Mariko Ogawa e Seiji Ogawa. As filmagens para a vers\u00e3o em v\u00eddeo ficar\u00e3o sob a coordena\u00e7\u00e3o do experiente diretor de fotografia Cau\u00ea Angeli (\u201cGIG &#8211; A Uberiza\u00e7\u00e3o do Trabalho\u201d, \u201cJaci\u201d, entre outros).<\/p>\n<p dir=\"ltr\">O espet\u00e1culo encerra uma trilogia dos irm\u00e3os Nando e Maur\u00edcio, personagens que apareceram pela primeira vez no texto \u201cFica Frio\u201d, encenado em 1989, e retornaram posteriormente com a pe\u00e7a \u201cTempo de Tr\u00e9gua\u201d, encenada no ano 2000.<\/p>\n<p dir=\"ltr\"><strong>M\u00e1rio Bortolotto<\/strong> tamb\u00e9m atuou e dirigiu nas duas primeiras pe\u00e7as, na trilogia que levou 32 anos para se concluir. Apesar de ser uma pe\u00e7a com tem\u00e1tica linear, o p\u00fablico n\u00e3o precisa ter visto as primeiras para acompanhar \u201cPequod &#8211; S\u00f3 os Bons Morrem Jovens\u201d, ela tem for\u00e7a dramat\u00fargica por si s\u00f3.<\/p>\n<p dir=\"ltr\">\u201cQuando escrevi a primeira pe\u00e7a, n\u00e3o pensava em escrever uma segunda com os mesmos personagens. E quando escrevi a segunda, n\u00e3o pensava em escrever a terceira. Mas mais precisamente em rela\u00e7\u00e3o \u00e0 terceira, \u00e9 uma ideia que tive h\u00e1 alguns anos e ela s\u00f3 veio amadurecendo.\u201d &#8211; comenta M\u00e1rio Bortolotto.<\/p>\n<p dir=\"ltr\">Inicialmente, o projeto previa uma temporada com plateia presencial que seria realizada na sede do Grupo, o que precisou ser adaptado em decorr\u00eancia ao enfrentamento da pandemia. Para realiza\u00e7\u00e3o do espet\u00e1culo em formato virtual, buscamos parceria com o Teatro S\u00e9rgio Cardoso, que abra\u00e7ou o projeto e viabilizou a realiza\u00e7\u00e3o da temporada online na plataforma digital da organiza\u00e7\u00e3o. Nesse formato, buscamos fidelidade \u00e0 obra original, n\u00e3o descaracterizando o teatro, e sim, usando de ferramentas dispon\u00edveis para uma experi\u00eancia imersiva do espectador.<\/p>\n<p dir=\"ltr\">O espet\u00e1culo deve ganhar uma vers\u00e3o presencial em 2022, ano em que o Grupo completa 40 anos em atividade. Para a grava\u00e7\u00e3o e temporada online, que estreia em breve, todos os protocolos de seguran\u00e7a est\u00e3o sendo seguidos pela produ\u00e7\u00e3o. A equipe inteira est\u00e1 sendo testada, e todos est\u00e3o sendo vacinados regularmente conforme os calend\u00e1rios vigentes.<\/p>\n<p dir=\"ltr\"><strong>Sinopse\u00a0<\/strong><\/p>\n<p dir=\"ltr\">No espet\u00e1culo \u201cPequod \u2013 S\u00f3 os Bons Morrem Jovens\u201d, Nando, agora j\u00e1 bem mais velho, mora sozinho em um barco. Raramente ele sai de l\u00e1. Mauricio o encontra para comunicar o falecimento do pai. Nesse \u00faltimo encontro entre os irm\u00e3os, velhas contas ser\u00e3o acertadas e os dois irm\u00e3os finalmente poder\u00e3o avaliar o que fizeram de suas vidas e onde conseguiram acertar e onde erraram de maneira desastrosa. Outros dois novos personagens aparecem nessa pe\u00e7a. Um amigo de Nando, um velho asm\u00e1tico e uma garota de proced\u00eancia misteriosa que frequenta o barco onde Nando mora.<\/p>\n<p dir=\"ltr\">Pequod fecha a trilogia dos irm\u00e3os Nando e Maur\u00edcio, que come\u00e7ou no texto \u201cFica Frio\u201d, encenado em 1989, e teve seu segundo cap\u00edtulo com a pe\u00e7a \u201cTempo de Tr\u00e9gua\u201d no ano 2000. Os Irm\u00e3os Nestor Ara\u00fajo v\u00eam de uma fam\u00edlia abastada do interior do Paran\u00e1. Os dois t\u00eam personalidades opostas. Nando \u00e9 o mais velho e muito cedo saiu de casa recusando qualquer ajuda da fam\u00edlia. Sempre viveu de pequenos trabalhos e pequenos delitos, preferindo ficar \u00e0 margem da sociedade. J\u00e1 Maur\u00edcio, \u00e9 o filho que fez tudo o que esperavam dele. Ficou junto dos pais, cuidou dos neg\u00f3cios da fam\u00edlia, casou, e levou uma vida que sempre primou pela mais perfeita retid\u00e3o. Os dois apareceram pela primeira vez na pe\u00e7a \u201cFica Frio\u201d ainda bem jovens. Maur\u00edcio era incumbido pelo pai de encontrar o irm\u00e3o e tentar traz\u00ea-lo de volta para casa. Ele o encontra, mas acaba tendo que fugir junto com o irm\u00e3o que havia acabado de assaltar uma joalheria. Os dois caem na estrada e a viagem acaba sendo uma esp\u00e9cie de ritual de inicia\u00e7\u00e3o para o jovem. Na segunda pe\u00e7a \u201cTempo de Tr\u00e9gua\u201d, os irm\u00e3os voltam a se encontrar numa reuni\u00e3o de fam\u00edlia no Natal. Maur\u00edcio j\u00e1 est\u00e1 casado e leva a esposa. Nando surpreendentemente aparece depois de muito tempo longe de casa. Mas a sua visita s\u00f3 prova o quanto ele n\u00e3o se sente bem-vindo em nenhum lugar do mundo.<\/p>\n<p dir=\"ltr\">\n","protected":false},"excerpt":{"rendered":"<p>A estreia ser\u00e1 no dia 24 de setembro e o espet\u00e1culo ficar\u00e1 em cartaz de sexta \u00e0 domingo, de 24\/09 a 10\/10, sempre \u00e0s 19h00 horas<\/p>\n","protected":false},"author":34,"featured_media":0,"comment_status":"closed","ping_status":"closed","sticky":false,"template":"","format":"standard","meta":{"_jetpack_newsletter_access":"","_jetpack_dont_email_post_to_subs":false,"_jetpack_newsletter_tier_id":0,"_jetpack_memberships_contains_paywalled_content":false,"_jetpack_memberships_contains_paid_content":false,"footnotes":""},"categories":[7],"tags":[3439,5442,6719,8029],"class_list":["post-44791","post","type-post","status-publish","format-standard","hentry","category-comunicacao","tag-espetaculo-em-cartaz","tag-mario-bartolotto","tag-pequod","tag-so-os-bons-morrem-jovens"],"aioseo_notices":[],"views":652,"jetpack_featured_media_url":"","jetpack_sharing_enabled":true,"jetpack_likes_enabled":true,"jetpack-related-posts":[{"id":20143,"url":"https:\/\/jornalrol.com.br\/?p=20143","url_meta":{"origin":44791,"position":0},"title":"Agenda Teatro Escola Mario Persico para os dias 10 (sexta) e 12 (domingo)","author":"Sergio Diniz da Costa","date":"8 de agosto de 2018","format":false,"excerpt":"'Sob o Azul do C\u00e9u' (sexta, \u00e0s 20h00 e domingo, \u00e0s 21h00) e 'Uma Certa Branca de Neve (domingo, \u00e0s 19h00) \u00a0 SOB O AZUL DO C\u00c9U* A montagem que estreou em 1997 est\u00e1 completando 22 anos, portanto, e j\u00e1 foi vista por mais de 50.000 pessoas. O texto de\u2026","rel":"","context":"Em &quot;Comunica\u00e7\u00e3o&quot;","block_context":{"text":"Comunica\u00e7\u00e3o","link":"https:\/\/jornalrol.com.br\/?cat=7"},"img":{"alt_text":"","src":"https:\/\/i0.wp.com\/www.jornalrol.com.br\/wp-content\/uploads\/2018\/08\/601746_355122751255331_564414591_n-1-300x297.jpg?resize=350%2C200","width":350,"height":200},"classes":[]},{"id":45429,"url":"https:\/\/jornalrol.com.br\/?p=45429","url_meta":{"origin":44791,"position":1},"title":"A escravid\u00e3o em Sorocaba virou tema para a cria\u00e7\u00e3o de tr\u00eas espet\u00e1culos do Teatro Escola Mario Persico, que iniciam temporada neste final de semana","author":"Sergio Diniz da Costa","date":"11 de outubro de 2021","format":false,"excerpt":"As apresenta\u00e7\u00f5es acontecer\u00e3o de sexta a domingo, no Teatro Escola Mario Persico, com entrada franca Estreia neste final de semana o projeto: \u201cFatores que levaram Sorocaba ao protagonismo na luta pela aboli\u00e7\u00e3o da escravatura\u201d aprovado no edital 01 de 2019 do PROAC. O projeto que deveria estrear em 2020, ficou\u2026","rel":"","context":"Em &quot;Comunica\u00e7\u00e3o&quot;","block_context":{"text":"Comunica\u00e7\u00e3o","link":"https:\/\/jornalrol.com.br\/?cat=7"},"img":{"alt_text":"","src":"https:\/\/i0.wp.com\/jornalrol.com.br\/wp-content\/uploads\/2021\/10\/E-PRECISO-PERSEVERAN%C3%87A-PROAC-EDITAIS.png?resize=350%2C200&ssl=1","width":350,"height":200,"srcset":"https:\/\/i0.wp.com\/jornalrol.com.br\/wp-content\/uploads\/2021\/10\/E-PRECISO-PERSEVERAN%C3%87A-PROAC-EDITAIS.png?resize=350%2C200&ssl=1 1x, https:\/\/i0.wp.com\/jornalrol.com.br\/wp-content\/uploads\/2021\/10\/E-PRECISO-PERSEVERAN%C3%87A-PROAC-EDITAIS.png?resize=525%2C300&ssl=1 1.5x, https:\/\/i0.wp.com\/jornalrol.com.br\/wp-content\/uploads\/2021\/10\/E-PRECISO-PERSEVERAN%C3%87A-PROAC-EDITAIS.png?resize=700%2C400&ssl=1 2x, https:\/\/i0.wp.com\/jornalrol.com.br\/wp-content\/uploads\/2021\/10\/E-PRECISO-PERSEVERAN%C3%87A-PROAC-EDITAIS.png?resize=1050%2C600&ssl=1 3x, https:\/\/i0.wp.com\/jornalrol.com.br\/wp-content\/uploads\/2021\/10\/E-PRECISO-PERSEVERAN%C3%87A-PROAC-EDITAIS.png?resize=1400%2C800&ssl=1 4x"},"classes":[]},{"id":44350,"url":"https:\/\/jornalrol.com.br\/?p=44350","url_meta":{"origin":44791,"position":2},"title":"Teatro Escola Mario Persico apresenta o espet\u00e1culo &#039;Sob o Azul do C\u00e9u&#039;","author":"Sergio Diniz da Costa","date":"31 de agosto de 2021","format":false,"excerpt":"A pe\u00e7a ser\u00e1 apresentada nos dias\u00a004\/07\/2021 (s\u00e1bado), \u00e0s 20h e 05\/07\/2021(domingo), \u00e0s 19h \u00a0 SOB O AZUL DO C\u00c9U (S\u00e1bado e domingo) \u2018SOB O AZUL DO C\u00c9U\u2019, espet\u00e1culo que ganhou o Primeiro Lugar no J\u00fari Popular no Pr\u00eamio ATS edi\u00e7\u00e3o 2005. A montagem que estreou em 1997 est\u00e1 completando 24\u2026","rel":"","context":"Em &quot;Comunica\u00e7\u00e3o&quot;","block_context":{"text":"Comunica\u00e7\u00e3o","link":"https:\/\/jornalrol.com.br\/?cat=7"},"img":{"alt_text":"","src":"https:\/\/i0.wp.com\/jornalrol.com.br\/wp-content\/uploads\/2021\/08\/240574409_2353149244818497_8918712818746623057_n.jpg?resize=350%2C200&ssl=1","width":350,"height":200,"srcset":"https:\/\/i0.wp.com\/jornalrol.com.br\/wp-content\/uploads\/2021\/08\/240574409_2353149244818497_8918712818746623057_n.jpg?resize=350%2C200&ssl=1 1x, https:\/\/i0.wp.com\/jornalrol.com.br\/wp-content\/uploads\/2021\/08\/240574409_2353149244818497_8918712818746623057_n.jpg?resize=525%2C300&ssl=1 1.5x, https:\/\/i0.wp.com\/jornalrol.com.br\/wp-content\/uploads\/2021\/08\/240574409_2353149244818497_8918712818746623057_n.jpg?resize=700%2C400&ssl=1 2x"},"classes":[]},{"id":3340,"url":"https:\/\/jornalrol.com.br\/?p=3340","url_meta":{"origin":44791,"position":3},"title":"O Sesi em Tatu\u00ed (SP) apresenta o &#039;Festival Primavera Cultural&#039; de 24 de setembro a 4 de outubro","author":"Helio Rubens","date":"24 de setembro de 2015","format":false,"excerpt":"Sesi apresenta Festival Primavera Cultural com artistas de Tatu\u00ed e regi\u00e3o Do G1 Itapetininga e regi\u00e3o O Sesi em Tatu\u00ed (SP) apresenta o \"Festival Primavera Cultural\", que privilegia artistas da cidade e da Tatu\u00ed ao abrir espa\u00e7o para novos talentos, em montagens de teatro e m\u00fasica, com a produ\u00e7\u00e3o de\u2026","rel":"","context":"Em &quot;Comunica\u00e7\u00e3o&quot;","block_context":{"text":"Comunica\u00e7\u00e3o","link":"https:\/\/jornalrol.com.br\/?cat=7"},"img":{"alt_text":"Sesi Araraquara apresenta Rubber Soul um show beatles cover  (Foto: Bruna Redondano)","src":"https:\/\/i0.wp.com\/s2.glbimg.com\/UTVh_xlHu1Vb5bsprPYV28kUae0%3D\/300x225\/s.glbimg.com\/jo\/g1\/f\/original\/2014\/09\/30\/rubber_soul_5_foto_bruna_redondano.jpg?resize=350%2C200","width":350,"height":200},"classes":[]},{"id":20717,"url":"https:\/\/jornalrol.com.br\/?p=20717","url_meta":{"origin":44791,"position":4},"title":"Agenda Teatro Escola Mario Persico para os dias 08 (s\u00e1bado) e 09 (domingo)","author":"Sergio Diniz da Costa","date":"5 de setembro de 2018","format":false,"excerpt":"'A hora da estrela' (08 - s\u00e1bado, 20h) e 'Sob\u00a0 o azul do c\u00e9u' (09 - domingo - 20h) A HORA DA ESTRELA A Hora da Estrela \u00e9 o canto do cisne de uma autora que escrevia sabendo ser aquela sua ultima obra, que escrevia sabendo que estava morrendo. O\u2026","rel":"","context":"Em &quot;Comunica\u00e7\u00e3o&quot;","block_context":{"text":"Comunica\u00e7\u00e3o","link":"https:\/\/jornalrol.com.br\/?cat=7"},"img":{"alt_text":"","src":"https:\/\/i0.wp.com\/www.jornalrol.com.br\/wp-content\/uploads\/2018\/08\/601746_355122751255331_564414591_n-2-300x297.jpg?resize=350%2C200","width":350,"height":200},"classes":[]},{"id":21427,"url":"https:\/\/jornalrol.com.br\/?p=21427","url_meta":{"origin":44791,"position":5},"title":"Teatro Escola Mario Persico apresenta o espet\u00e1culo &#039;A Opereta do Malandro&#039;","author":"Sergio Diniz da Costa","date":"9 de outubro de 2018","format":false,"excerpt":"O pr\u00f3ximo domingo, dia 14, ser\u00e1 marcado pela nostalgia e pela montagem de um dos cl\u00e1ssicos do teatro e cinema nacionais: o espet\u00e1culo musical 'A Opereta do Malandro' \u00a0 A OPERETA DO MALANDRO Domingo (14), \u00e0s 19h e 21h O pr\u00f3ximo domingo dia 14 ser\u00e1 marcado pela nostalgia e pela\u2026","rel":"","context":"Em &quot;Comunica\u00e7\u00e3o&quot;","block_context":{"text":"Comunica\u00e7\u00e3o","link":"https:\/\/jornalrol.com.br\/?cat=7"},"img":{"alt_text":"","src":"https:\/\/i0.wp.com\/www.jornalrol.com.br\/wp-content\/uploads\/2018\/10\/601746_355122751255331_564414591_n-300x297.jpg?resize=350%2C200","width":350,"height":200},"classes":[]}],"_links":{"self":[{"href":"https:\/\/jornalrol.com.br\/index.php?rest_route=\/wp\/v2\/posts\/44791","targetHints":{"allow":["GET"]}}],"collection":[{"href":"https:\/\/jornalrol.com.br\/index.php?rest_route=\/wp\/v2\/posts"}],"about":[{"href":"https:\/\/jornalrol.com.br\/index.php?rest_route=\/wp\/v2\/types\/post"}],"author":[{"embeddable":true,"href":"https:\/\/jornalrol.com.br\/index.php?rest_route=\/wp\/v2\/users\/34"}],"replies":[{"embeddable":true,"href":"https:\/\/jornalrol.com.br\/index.php?rest_route=%2Fwp%2Fv2%2Fcomments&post=44791"}],"version-history":[{"count":0,"href":"https:\/\/jornalrol.com.br\/index.php?rest_route=\/wp\/v2\/posts\/44791\/revisions"}],"wp:attachment":[{"href":"https:\/\/jornalrol.com.br\/index.php?rest_route=%2Fwp%2Fv2%2Fmedia&parent=44791"}],"wp:term":[{"taxonomy":"category","embeddable":true,"href":"https:\/\/jornalrol.com.br\/index.php?rest_route=%2Fwp%2Fv2%2Fcategories&post=44791"},{"taxonomy":"post_tag","embeddable":true,"href":"https:\/\/jornalrol.com.br\/index.php?rest_route=%2Fwp%2Fv2%2Ftags&post=44791"}],"curies":[{"name":"wp","href":"https:\/\/api.w.org\/{rel}","templated":true}]}}