{"id":44795,"date":"2021-09-15T19:07:58","date_gmt":"2021-09-15T22:07:58","guid":{"rendered":"http:\/\/www.jornalrol.com.br\/?p=44795"},"modified":"2021-09-15T19:07:58","modified_gmt":"2021-09-15T22:07:58","slug":"a-vida-nomade-de-raul-taunay-em-prosa-e-verso","status":"publish","type":"post","link":"https:\/\/jornalrol.com.br\/?p=44795","title":{"rendered":"A vida n\u00f4made de Raul Taunay em prosa e verso"},"content":{"rendered":"<div class=\"pdfprnt-buttons pdfprnt-buttons-post pdfprnt-top-right\"><a href=\"https:\/\/jornalrol.com.br\/index.php?rest_route=%2Fwp%2Fv2%2Fposts%2F44795&print=pdf\" class=\"pdfprnt-button pdfprnt-button-pdf\" target=\"_blank\" ><\/a><a href=\"https:\/\/jornalrol.com.br\/index.php?rest_route=%2Fwp%2Fv2%2Fposts%2F44795&print=print\" class=\"pdfprnt-button pdfprnt-button-print\" target=\"_blank\" ><img decoding=\"async\" src=\"https:\/\/jornalrol.com.br\/wp-content\/plugins\/pdf-print\/images\/print.png\" alt=\"image_print\" title=\"Conte\u00fado de impress\u00e3o\" \/><\/a><\/div><h5 style=\"text-align: center;\"><a href=\"http:\/\/www.jornalrol.com.br\/a-vida-nomade-de-raul-taunay-em-prosa-e-verso\/raul\/\" rel=\"attachment wp-att-44796\"><img loading=\"lazy\" decoding=\"async\" class=\"aligncenter wp-image-44796\" src=\"http:\/\/www.jornalrol.com.br\/wp-content\/uploads\/2021\/09\/raul-200x300.jpg\" alt=\"\" width=\"219\" height=\"329\" \/><\/a><a href=\"https:\/\/imagens.pressmanager.net\/download?foto_id=3071705&amp;release_id=336096&amp;contato_id=%%CONTATO_ID%%&amp;did=700227746&amp;envio_id=1009089&amp;hash=f039ae16932a0a3add925c2fdd34e89c\" target=\"_blank\" rel=\"noopener\">baixar em alta resolu\u00e7\u00e3o<\/a><\/h5>\n<h2 style=\"text-align: center;\"><em>O diplomata e escritor\u00a0<strong>Raul de Taunay<\/strong>\u00a0viveu em muitos pa\u00edses, mas dois em especial o marcaram: Angola e Congo. As experi\u00eancias pelos pa\u00edses africanos agora se desdobram em dois livros:\u00a0<strong>Meu Brasil Angolano e<\/strong>\u00a0<strong>O Sol do Congo<\/strong>, lan\u00e7amento da editora 7 Letras<\/em><\/h2>\n<p><!--more--><\/p>\n<p>Os conte\u00fados expressam a \u00f3tica vigorosa de um autor plural, com 12 livros publicados, entre romances, poesias, al\u00e9m de artigos e an\u00e1lises do cen\u00e1rio internacional. Por meio da literatura, criou v\u00ednculos de amizade com escritores not\u00e1veis, como o poeta Carlos Nejar e a imortal romancista Dinah Silveira de Queiroz. Em 2005, foi agraciado com a Medalha Jo\u00e3o Ribeiro, a mais importante comenda da Academia Brasileira de Letras.<\/p>\n<p>Raul de Taunay nasceu na Fran\u00e7a, em 1949, quando os pais, diplomatas, encontravam-se em uma miss\u00e3o. Portanto brasileiro segundo a Constitui\u00e7\u00e3o Federal, foi aqui que cresceu, ora no Rio de Janeiro, ora em Bras\u00edlia, numa \u00e9poca em que as escolas, universidades e reda\u00e7\u00f5es instigavam a forma\u00e7\u00e3o de op\u00e7\u00f5es liter\u00e1rias novas para a capital.<\/p>\n<p>Formado em Direito pela Pontif\u00edcia Universidade Cat\u00f3lica do Rio de Janeiro e, em Diplomacia, pelo Instituto Rio Branco, passou a dedicar-se com mais profus\u00e3o \u00e0 literatura, estimulado pelos relat\u00f3rios do Itamaraty e das embaixadas em defesa dos interesses da na\u00e7\u00e3o. E \u00e9, tamb\u00e9m ele, um defensor das causas sociais, da igualdade e da luta contra a opress\u00e3o.<\/p>\n<p>Cr\u00edtico da din\u00e2mica euroc\u00eantrica ocidental que rege at\u00e9 hoje os processos globais de domina\u00e7\u00e3o, Raul de Taunay exibe, em\u00a0<strong><em>Meu Brasil Angolano<\/em><\/strong>\u00a0e\u00a0<strong><em>O Sol do Congo<\/em><\/strong>, sua vis\u00e3o nos campos pol\u00edtico, ambiental, social e econ\u00f4mico. Uma literatura feita de prosa hist\u00f3rica e poesia de vanguarda, que contribui para desmistificar no leitor a ideia que se construiu, historicamente, do continente africano.<\/p>\n<p><strong>Meu Brasil Angolano<\/strong><\/p>\n<p>Escrito inteiramente em Luanda sitiada, este romance hist\u00f3rico-ficcional narra com revigorante f\u00f4lego o palco da guerra civil que se sucedeu ao processo de independ\u00eancia de Angola, em 1975. Naquela \u00e9poca, o governo brasileiro foi o primeiro no mundo a reconhecer a Angola livre que ali nascia.<\/p>\n<p>Desde a primeira publica\u00e7\u00e3o, originalmente pela Editora Record, em 1993, este romance hist\u00f3rico vem servindo como refer\u00eancia a pesquisadores e historiadores no Brasil e em pa\u00edses de express\u00e3o portuguesa. A segunda edi\u00e7\u00e3o foi lan\u00e7ada na Feira do Livro de Lisboa, pela editora portuguesa Pref\u00e1cio. Esta terceira edi\u00e7\u00e3o leva o selo da Editora Pandorga, de S\u00e3o Paulo.<\/p>\n<p><strong><img loading=\"lazy\" decoding=\"async\" class=\"CToWUd alignleft\" src=\"https:\/\/ci6.googleusercontent.com\/proxy\/pMlwYTKYBnuKtuKHPw8it1RISR6w401z3Y7riYvRzbijczKsjvCj0crspeNv5gFQ6PMfw09rmkc6Y0m66IdTlHUqMn8ujtKxj8QUKpmwJ3HlacT3sOzP1ZlfCyHjYufcSrr0_zi9OJtqDESeV21LmR3Ut_JlyaZTryYQ9exja3Kl8EDp6oPyiW9VFwUw7YQqFNDJmVQ0KS2pBA0=s0-d-e1-ft#https:\/\/files.pressmanager.net\/clientes\/64a8e8d576d3505a7823819ae1fa6eb7\/imagens\/2021\/09\/01\/28d4680df967f05132175ce16eda981f_medium.jpg\" alt=\"\" width=\"128\" height=\"185\" align=\"left\" hspace=\"10\" vspace=\"10\" \/>Ficha T\u00e9cnica<\/strong><strong><br \/>\nT\u00edtulo<\/strong>: Meu Brasil Angolano<br \/>\n<strong>Editora<\/strong>: Pandorga<br \/>\n<strong>ISBN:\u00a0<\/strong>978-65-5579-027-6\u00a0<strong>\u00a0<\/strong><br \/>\n<strong>Formato<\/strong>: 16 x 23 cm<br \/>\n<strong>P\u00e1ginas<\/strong>: 260<br \/>\n<strong>Pre\u00e7o: R$ 39,90<br \/>\n<\/strong><strong>Link de compra:\u00a0<\/strong><a href=\"https:\/\/loja.editorapandorga.com.br\/meu-brasil-angolano\" target=\"_blank\" rel=\"noopener\">Editora Pangorga<\/a><\/p>\n<p>&nbsp;<\/p>\n<p><strong>O Sol do Congo<\/strong><\/p>\n<p>Colet\u00e2nea de poemas inspirada pelo movimento das \u00e1guas fluviais da Bacia do Congo, a segunda maior do planeta. Essa abund\u00e2ncia h\u00eddrica, somada \u00e0s chuvas torrenciais seguidas por um sol t\u00edmido no c\u00e9u nublado, trouxeram ao autor a enzima para produzir uma po\u00e9tica ambiental, na qual \u00e9 reconhecida a complexidade do ecossistema tropical e contemplada, com deslumbramento e estupor, a din\u00e2mica da fauna e da flora regionais.<\/p>\n<p>Produ\u00e7\u00e3o mais recente do autor, de 2021, a colet\u00e2nea traz uma obra de intensa originalidade, inspirada na miss\u00e3o que ele desempenhou, de 2016 a 2020, no Congo-Brazzaville.<\/p>\n<p><strong><img loading=\"lazy\" decoding=\"async\" class=\"CToWUd alignleft\" src=\"https:\/\/ci3.googleusercontent.com\/proxy\/8_QG_6l5zQz32yHBlt7cz8kmybOgHSS0e-QekLnL3Adf4YFChz-KHvJFtWYAjRy1u1ZCKuUyoaSghYl3ySSZT3HYOJhuz75uMNWiK9X731jeq4Pe4QOSS0F5F4PQNONxAVydZGW0vUY2qWmZKc4B52LdgPY3-xxtlcfIfVqmELMQcboFzxsZt0_uTo7t96fOgM84mJ1zJ4BEvLM=s0-d-e1-ft#https:\/\/files.pressmanager.net\/clientes\/64a8e8d576d3505a7823819ae1fa6eb7\/imagens\/2021\/09\/01\/4e81af0a378823a10a790a531e052496_medium.jpg\" alt=\"\" width=\"128\" height=\"193\" align=\"left\" hspace=\"10\" \/>Ficha t\u00e9cnica<br \/>\n<\/strong>T\u00edtulo: O Sol do Congo<br \/>\nEditora:\u00a0 Editora 7Letras<br \/>\nISBN: 978-65-86043-56-3<br \/>\nFormato: Brochura 14 x 21 cm<br \/>\nP\u00e1ginas: 137<br \/>\nPre\u00e7o: R$ 41,65<br \/>\nLink de compra:\u00a0<a href=\"https:\/\/www.travessa.com.br\/o-sol-do-congo-1-ed-2020\/artigo\/6157513d-7a75-4d93-9630-0a2233e56d56?pcd=041&amp;gclid=CjwKCAjw0qOIBhBhEiwAyvVcf00s_YukNLLjYU5xsM2O2HwXn0DNIc02oZPgn0fAB0aliSK-4pDBWBoCB8EQAvD_BwE\" target=\"_blank\" rel=\"noopener\">Travessa<\/a>\u00a0e\u00a0<a href=\"https:\/\/www.amazon.com.br\/Sol-Do-Congo-Raul-Taunay\/dp\/6586043565\/ref=sr_1_1?__mk_pt_BR=%C3%85M%C3%85%C5%BD%C3%95%C3%91&amp;dchild=1&amp;keywords=o+sol+do+congo&amp;qid=1629230248&amp;sr=8-1\" target=\"_blank\" rel=\"noopener\">Amazon<\/a><\/p>\n<div><\/div>\n<p>&nbsp;<\/p>\n","protected":false},"excerpt":{"rendered":"<p>baixar em alta resolu\u00e7\u00e3o O diplomata e escritor\u00a0Raul de Taunay\u00a0viveu em muitos pa\u00edses, mas dois em especial o marcaram: Angola e Congo. As experi\u00eancias pelos pa\u00edses africanos agora se desdobram em dois livros:\u00a0Meu Brasil Angolano e\u00a0O Sol do Congo, lan\u00e7amento da editora<\/p>\n<p class=\"link-more\"><a class=\"myButt \" href=\"https:\/\/jornalrol.com.br\/?p=44795\">Read More<\/a><\/p>\n","protected":false},"author":34,"featured_media":44796,"comment_status":"closed","ping_status":"closed","sticky":false,"template":"","format":"standard","meta":{"_jetpack_newsletter_access":"","_jetpack_dont_email_post_to_subs":false,"_jetpack_newsletter_tier_id":0,"_jetpack_memberships_contains_paywalled_content":false,"_jetpack_memberships_contains_paid_content":false,"footnotes":""},"categories":[7],"tags":[5164,5639,7224,7353,8770],"class_list":["post-44795","post","type-post","status-publish","format-standard","has-post-thumbnail","hentry","category-comunicacao","tag-livros","tag-meu-brasil-angolano","tag-prosa-e-verso","tag-raul-de-taunay","tag-vida-nomade"],"aioseo_notices":[],"views":466,"jetpack_featured_media_url":"","jetpack_sharing_enabled":true,"jetpack_likes_enabled":true,"jetpack-related-posts":[{"id":9227,"url":"https:\/\/jornalrol.com.br\/?p=9227","url_meta":{"origin":44795,"position":0},"title":"Jos\u00e9 Coutinho de Oliveira: &#039;Momento mon\u00e1rquico VI (b)&#039;","author":"Helio Rubens","date":"4 de abril de 2017","format":false,"excerpt":"\u00a0Jos\u00e9 Coutinho de Oliveira: 'Momento mon\u00e1rquico VI (b)' Como toda institui\u00e7\u00e3o a monarquia brasileira tamb\u00e9m tinha pontos fr\u00e1geis. A principal fragilidade \u00e9 que o modelo mon\u00e1rquico era parlamentarista misto, dualista, ou seja, o imperador tamb\u00e9m participava da administra\u00e7\u00e3o. Um modelo diferente\u00a0 do modelo brit\u00e2nico, chamado de monista, ou seja, a\u2026","rel":"","context":"Em &quot;Comunica\u00e7\u00e3o&quot;","block_context":{"text":"Comunica\u00e7\u00e3o","link":"https:\/\/jornalrol.com.br\/?cat=7"},"img":{"alt_text":"","src":"https:\/\/i0.wp.com\/www.jornalrol.com.br\/wp-content\/uploads\/2016\/09\/foto-Jos%C3%A9-Coutinho-202x300.jpg?resize=350%2C200","width":350,"height":200},"classes":[]},{"id":20674,"url":"https:\/\/jornalrol.com.br\/?p=20674","url_meta":{"origin":44795,"position":1},"title":"Carlos Carvalho Cavalheiro: &#039;Bandeiras ou mon\u00e7\u00f5es?&#039;","author":"Carlos Carvalho Cavalheiro","date":"4 de setembro de 2018","format":false,"excerpt":"\"O tema suscita muito debate. Afinal, as mon\u00e7\u00f5es s\u00e3o parte da hist\u00f3ria do bandeirantismo paulista ou um movimento separado? A resposta n\u00e3o \u00e9 t\u00e3o simples assim.\" O tema suscita muito debate. Afinal, as mon\u00e7\u00f5es s\u00e3o parte da hist\u00f3ria do bandeirantismo paulista ou um movimento separado? A resposta n\u00e3o \u00e9 t\u00e3o\u2026","rel":"","context":"Em &quot;Comunica\u00e7\u00e3o&quot;","block_context":{"text":"Comunica\u00e7\u00e3o","link":"https:\/\/jornalrol.com.br\/?cat=7"},"img":{"alt_text":"","src":"https:\/\/i0.wp.com\/www.jornalrol.com.br\/wp-content\/uploads\/2018\/09\/Carlos-Foto-Andr%C3%A9-Pinto-2018-194x300.jpg?resize=350%2C200","width":350,"height":200},"classes":[]},{"id":33904,"url":"https:\/\/jornalrol.com.br\/?p=33904","url_meta":{"origin":44795,"position":2},"title":"A. J. Ngo Nuni lan\u00e7a o livro-den\u00fancia &#039;O Dia em que n\u00e3o Voltei a Casa&#039;","author":"Sergio Diniz da Costa","date":"17 de setembro de 2020","format":false,"excerpt":"'O DIA EM QUE N\u00c3O VOLTEI A CASA'\u00a0 \u00e9 uma narrativa sem drama, denunciando injusti\u00e7as de um povo contra o outro 'O DIA EM QUE N\u00c3O VOLTEI A CASA' \u00e9 o primeiro livro de\u00a0A. J. Ngo Nuni, editado pela\u00a0 Editora Anjo\u00a0 com pref\u00e1cio do professor de Hist\u00f3ria Heber Soares Costa.\u2026","rel":"","context":"Em &quot;Comunica\u00e7\u00e3o&quot;","block_context":{"text":"Comunica\u00e7\u00e3o","link":"https:\/\/jornalrol.com.br\/?cat=7"},"img":{"alt_text":"","src":"https:\/\/i0.wp.com\/jornalrol.com.br\/wp-content\/uploads\/2020\/09\/118402333_100252931818652_3406169152193136764_o.jpg?resize=350%2C200&ssl=1","width":350,"height":200,"srcset":"https:\/\/i0.wp.com\/jornalrol.com.br\/wp-content\/uploads\/2020\/09\/118402333_100252931818652_3406169152193136764_o.jpg?resize=350%2C200&ssl=1 1x, https:\/\/i0.wp.com\/jornalrol.com.br\/wp-content\/uploads\/2020\/09\/118402333_100252931818652_3406169152193136764_o.jpg?resize=525%2C300&ssl=1 1.5x, https:\/\/i0.wp.com\/jornalrol.com.br\/wp-content\/uploads\/2020\/09\/118402333_100252931818652_3406169152193136764_o.jpg?resize=700%2C400&ssl=1 2x, https:\/\/i0.wp.com\/jornalrol.com.br\/wp-content\/uploads\/2020\/09\/118402333_100252931818652_3406169152193136764_o.jpg?resize=1050%2C600&ssl=1 3x"},"classes":[]},{"id":9348,"url":"https:\/\/jornalrol.com.br\/?p=9348","url_meta":{"origin":44795,"position":3},"title":"Jos\u00e9 Coutinho de Oliveira &#8211; &#039;Momento mon\u00e1rquico III (bis)&#039;","author":"Helio Rubens","date":"11 de abril de 2017","format":false,"excerpt":"Jos\u00e9 Coutinho de Oliveira - 'Momento mon\u00e1rquico III (bis)' \u00a0\u00a0\u00a0\u00a0\u00a0 No livro \" Ser ou n\u00e3o ser monarquista - eis a quest\u00e3o \" de Armando Alexandre dos Santos, plagiando Shakespeare em Hamlet, to be or not to be, that\"s the question, ser ou n\u00e3o ser, eis a quest\u00e3o, podemos constatar\u2026","rel":"","context":"Em &quot;Comunica\u00e7\u00e3o&quot;","block_context":{"text":"Comunica\u00e7\u00e3o","link":"https:\/\/jornalrol.com.br\/?cat=7"},"img":{"alt_text":"","src":"https:\/\/i0.wp.com\/www.jornalrol.com.br\/wp-content\/uploads\/2016\/09\/foto-Jos%C3%A9-Coutinho-202x300.jpg?resize=350%2C200","width":350,"height":200},"classes":[]},{"id":73798,"url":"https:\/\/jornalrol.com.br\/?p=73798","url_meta":{"origin":44795,"position":4},"title":"Ra\u00fal Villalba: Criador de mundos &#8211; O olhar que descobre","author":"Marta Oliveri","date":"20 de junho de 2025","format":false,"excerpt":"A arte \u00e9 uma forma de express\u00e3o que transcende as palavras. A po\u00e9tica da imagem \u00e9 uma linguagem visual que captura a ess\u00eancia da experi\u00eancia humana.","rel":"","context":"Em &quot;Arte&quot;","block_context":{"text":"Arte","link":"https:\/\/jornalrol.com.br\/?cat=9286"},"img":{"alt_text":"Ra\u00fal Villalba","src":"https:\/\/i0.wp.com\/jornalrol.com.br\/wp-content\/uploads\/2025\/06\/690c0d74-1b0c-4327-99c5-ea8870530433.jpeg?resize=350%2C200&ssl=1","width":350,"height":200,"srcset":"https:\/\/i0.wp.com\/jornalrol.com.br\/wp-content\/uploads\/2025\/06\/690c0d74-1b0c-4327-99c5-ea8870530433.jpeg?resize=350%2C200&ssl=1 1x, https:\/\/i0.wp.com\/jornalrol.com.br\/wp-content\/uploads\/2025\/06\/690c0d74-1b0c-4327-99c5-ea8870530433.jpeg?resize=525%2C300&ssl=1 1.5x, https:\/\/i0.wp.com\/jornalrol.com.br\/wp-content\/uploads\/2025\/06\/690c0d74-1b0c-4327-99c5-ea8870530433.jpeg?resize=700%2C400&ssl=1 2x"},"classes":[]},{"id":76509,"url":"https:\/\/jornalrol.com.br\/?p=76509","url_meta":{"origin":44795,"position":5},"title":"Acad\u00eamico Internacional da FEBACLA","author":"Dom Alexandre da Silva Cam\u00ealo Rurikovich Carvalho","date":"3 de novembro de 2025","format":false,"excerpt":"Inscri\u00e7\u00f5es para recebimento de propostas de Acad\u00eamicos para ocuparem Cadeiras Patron\u00edmicas, com o t\u00edtulo de Acad\u00eamico Efetivo, categoria Acad\u00eamico Internacional","rel":"","context":"Em &quot;Academias e Federa\u00e7\u00f5es de Artes&quot;","block_context":{"text":"Academias e Federa\u00e7\u00f5es de Artes","link":"https:\/\/jornalrol.com.br\/?cat=9391"},"img":{"alt_text":"Logo da FEBACLA","src":"https:\/\/i0.wp.com\/jornalrol.com.br\/wp-content\/uploads\/2025\/11\/576503288_1956927661549307_1528312271909194320_n.jpg?resize=350%2C200&ssl=1","width":350,"height":200,"srcset":"https:\/\/i0.wp.com\/jornalrol.com.br\/wp-content\/uploads\/2025\/11\/576503288_1956927661549307_1528312271909194320_n.jpg?resize=350%2C200&ssl=1 1x, https:\/\/i0.wp.com\/jornalrol.com.br\/wp-content\/uploads\/2025\/11\/576503288_1956927661549307_1528312271909194320_n.jpg?resize=525%2C300&ssl=1 1.5x, https:\/\/i0.wp.com\/jornalrol.com.br\/wp-content\/uploads\/2025\/11\/576503288_1956927661549307_1528312271909194320_n.jpg?resize=700%2C400&ssl=1 2x"},"classes":[]}],"_links":{"self":[{"href":"https:\/\/jornalrol.com.br\/index.php?rest_route=\/wp\/v2\/posts\/44795","targetHints":{"allow":["GET"]}}],"collection":[{"href":"https:\/\/jornalrol.com.br\/index.php?rest_route=\/wp\/v2\/posts"}],"about":[{"href":"https:\/\/jornalrol.com.br\/index.php?rest_route=\/wp\/v2\/types\/post"}],"author":[{"embeddable":true,"href":"https:\/\/jornalrol.com.br\/index.php?rest_route=\/wp\/v2\/users\/34"}],"replies":[{"embeddable":true,"href":"https:\/\/jornalrol.com.br\/index.php?rest_route=%2Fwp%2Fv2%2Fcomments&post=44795"}],"version-history":[{"count":0,"href":"https:\/\/jornalrol.com.br\/index.php?rest_route=\/wp\/v2\/posts\/44795\/revisions"}],"wp:featuredmedia":[{"embeddable":true,"href":"https:\/\/jornalrol.com.br\/index.php?rest_route=\/"}],"wp:attachment":[{"href":"https:\/\/jornalrol.com.br\/index.php?rest_route=%2Fwp%2Fv2%2Fmedia&parent=44795"}],"wp:term":[{"taxonomy":"category","embeddable":true,"href":"https:\/\/jornalrol.com.br\/index.php?rest_route=%2Fwp%2Fv2%2Fcategories&post=44795"},{"taxonomy":"post_tag","embeddable":true,"href":"https:\/\/jornalrol.com.br\/index.php?rest_route=%2Fwp%2Fv2%2Ftags&post=44795"}],"curies":[{"name":"wp","href":"https:\/\/api.w.org\/{rel}","templated":true}]}}