{"id":4778,"date":"2016-04-30T20:16:03","date_gmt":"2016-04-30T23:16:03","guid":{"rendered":"http:\/\/www.jornalrol.com.br\/?p=4778"},"modified":"2016-04-30T20:16:03","modified_gmt":"2016-04-30T23:16:03","slug":"academia-itapetininga-de-letras-vai-restaurar-nomes-antigos","status":"publish","type":"post","link":"https:\/\/jornalrol.com.br\/?p=4778","title":{"rendered":"Academia Itapetininga de Letras vai recuperar nomes antigos e tradicionais"},"content":{"rendered":"<div class=\"pdfprnt-buttons pdfprnt-buttons-post pdfprnt-top-right\"><a href=\"https:\/\/jornalrol.com.br\/index.php?rest_route=%2Fwp%2Fv2%2Fposts%2F4778&print=pdf\" class=\"pdfprnt-button pdfprnt-button-pdf\" target=\"_blank\" ><\/a><a href=\"https:\/\/jornalrol.com.br\/index.php?rest_route=%2Fwp%2Fv2%2Fposts%2F4778&print=print\" class=\"pdfprnt-button pdfprnt-button-print\" target=\"_blank\" ><img decoding=\"async\" src=\"https:\/\/jornalrol.com.br\/wp-content\/plugins\/pdf-print\/images\/print.png\" alt=\"image_print\" title=\"Conte\u00fado de impress\u00e3o\" \/><\/a><\/div><h1><strong><a href=\"http:\/\/www.jornalrol.com.br\/academia-itapetininga-de-letras-vai-restaurar-nomes-antigos\/logomarca\/\" rel=\"attachment wp-att-4779\"><img loading=\"lazy\" decoding=\"async\" class=\"alignleft  wp-image-4779\" src=\"http:\/\/www.jornalrol.com.br\/wp-content\/uploads\/2016\/04\/Logomarca-241x300.jpg\" alt=\"Logomarca\" width=\"103\" height=\"128\" \/><\/a>As principais ruas e pra\u00e7as de Itapetininga passar\u00e3o a ter dois nomes: o atual e o\u00a0popular<\/strong><\/h1>\n<p><!--more--><\/p>\n<p>V\u00e1rias\u00a0ruas e pra\u00e7as da cidade de Itapetininga tem nomes oficiais que s\u00e3o poucos ou nada conhecidos do p\u00fablico.<\/p>\n<p>\u00c9 o caso, por exemplo, da Pra\u00e7a Marechal Deodoro, localizada no centro da cidade. \u00c9 muito prov\u00e1vel que muitos itapetininganos nem saibam onde fica essa pra\u00e7a, mas se perguntarem onde fica o\u00a0&#8216;Largo dos Amores&#8217;, sem d\u00favida todos os moradores da cidade saber\u00e3o onde fica.<\/p>\n<p>Conhecer os nomes antigos, entretanto, \u00e9 importante, inclusive para incentivar o estudo da hist\u00f3ria da cidade, segundo o autor de uma proposta, o acad\u00eamico Helio Rubens de Arruda e Miranda, que a submeteu \u00e0 aprova\u00e7\u00e3o durante a \u00faltima reuni\u00e3o da Academia Itapetiningana de Letras, dia 28 \u00faltimo.<\/p>\n<p>Como a proposta foi aprovada por todos os acad\u00eamicos presentes, o presidente da AIL, Padre Mario Donato Sampaio nomeou o acad\u00eamico Roberto Soares Hungria para dar andamento ao assunto, verificando com as autoridades respons\u00e1veis como pode ser feita a coloca\u00e7\u00e3o de uma segunda placa, abaixo da oficial, com o nome pela qual o local era ou ainda \u00e9 conhecido pelo p\u00fablico. \u00c9 o caso da Rua Quintino Bocaiuva, tamb\u00e9m conhecida como &#8216;Rua das Tropas&#8217;, a Pra\u00e7a Duque de Caxias, conhecida como &#8216;Pra\u00e7a da Matriz&#8217; e muitos outros locais.<\/p>\n<p>No entender da Academia Itapetiningana de Letras, essa medida ir\u00e1 incentivar o estudo da hist\u00f3ria da cidade e ajudar\u00e1 a preservar os costumes antigos.<\/p>\n<p>&nbsp;<\/p>\n","protected":false},"excerpt":{"rendered":"<p>As principais ruas e pra\u00e7as de Itapetininga passar\u00e3o a ter dois nomes: o atual e o\u00a0popular<\/p>\n","protected":false},"author":3,"featured_media":0,"comment_status":"closed","ping_status":"closed","sticky":false,"template":"","format":"standard","meta":{"_jetpack_newsletter_access":"","_jetpack_dont_email_post_to_subs":false,"_jetpack_newsletter_tier_id":0,"_jetpack_memberships_contains_paywalled_content":false,"_jetpack_memberships_contains_paid_content":false,"footnotes":""},"categories":[7],"tags":[],"class_list":["post-4778","post","type-post","status-publish","format-standard","hentry","category-comunicacao"],"aioseo_notices":[],"views":0,"jetpack_featured_media_url":"","jetpack_sharing_enabled":true,"jetpack_likes_enabled":true,"jetpack-related-posts":[{"id":5485,"url":"https:\/\/jornalrol.com.br\/?p=5485","url_meta":{"origin":4778,"position":0},"title":"Projeto &#039;Placas antigas&#039; est\u00e1 sendo desenvolvido pela Academia Itapetiningana de Letras","author":"Helio Rubens","date":"3 de julho de 2016","format":false,"excerpt":"As placas com nomes antigos ser\u00e3o colocadas abaixo das oficiais Na ultima reuni\u00e3o da AIL - Academia Itapetiningana de Letras, os acad\u00eamicos aprovaram por unanimidade as diretores que justificam o projeto que pretende incentivar o estudo das origens da ciade de Itapetininga. \u00a0 A defini\u00e7\u00e3o dos crit\u00e9rios para que o\u2026","rel":"","context":"Em &quot;Comunica\u00e7\u00e3o&quot;","block_context":{"text":"Comunica\u00e7\u00e3o","link":"https:\/\/jornalrol.com.br\/?cat=7"},"img":{"alt_text":"Logo AIL","src":"https:\/\/i0.wp.com\/www.jornalrol.com.br\/wp-content\/uploads\/2016\/07\/Logo-AIL-241x300.jpg?resize=350%2C200","width":350,"height":200},"classes":[]},{"id":4765,"url":"https:\/\/jornalrol.com.br\/?p=4765","url_meta":{"origin":4778,"position":1},"title":"Academia Itapetiningana de Letras com novas atividades","author":"Helio Rubens","date":"30 de abril de 2016","format":false,"excerpt":"Em reuni\u00e3o realizada no dia de ontem, 28 de abril, os membros da Academia Itapetiningana de Letras apoiaram v\u00e1rias propostas. Saiba quais \u00a0 A Academia resolveu aceitar o oferecimento da Secretaria da Cultura da Prefeitura de Itapetininga e vai se instalar oficialmente no novo pr\u00e9dio do Centro Cultural (Largo dos\u2026","rel":"","context":"Em &quot;Comunica\u00e7\u00e3o&quot;","block_context":{"text":"Comunica\u00e7\u00e3o","link":"https:\/\/jornalrol.com.br\/?cat=7"},"img":{"alt_text":"","src":"","width":0,"height":0},"classes":[]},{"id":9891,"url":"https:\/\/jornalrol.com.br\/?p=9891","url_meta":{"origin":4778,"position":2},"title":"Exposi\u00e7\u00e3o de livros de Paulo Set\u00fabal e Chiquinha Rodrigues em Tatui","author":"Helio Rubens","date":"29 de abril de 2017","format":false,"excerpt":"EXPOSI\u00c7\u00c3O DE LIVROS DE AUTORIA DE PAULO SET\u00daBAL E CHIQUINHA RODRIGUES ACONTECE DE 4 A 31 DE MAIO A Biblioteca Municipal \u201cBrigadeiro Jord\u00e3o\u201d, equipamento cultural da Secretaria de Esporte, Cultura, Turismo, Lazer e Juventude, receber\u00e1 de 4 a 31 de maio, a Exposi\u00e7\u00e3o de Livros de Autoria de Paulo Set\u00fabal\u2026","rel":"","context":"Em &quot;Comunica\u00e7\u00e3o&quot;","block_context":{"text":"Comunica\u00e7\u00e3o","link":"https:\/\/jornalrol.com.br\/?cat=7"},"img":{"alt_text":"","src":"https:\/\/ci3.googleusercontent.com\/proxy\/3w3cZUT6TNHYjtC32_tmYcXeomLV5u9JeHslKKY53gzh_UxmmkNtcz-jl0ktaVXVxExPgBghQr1ZEY45atl8ugEJh4OIgHXdc2hY3wN6UwBrwJYWiGXL_LnoYmd4bXNyVawWkpFamRLY-fqZJWXKSA5s2NnZO4fp-03LoK3Pye-ReTeJnvcvIGX2aU8AhgWRNIjCoCspvLeX0Kud8TBD1J4uAWD679rpOdoOXUXypCm9FuxR52M=s0-d-e1-ft#http:\/\/assets.mktnaweb.com\/accounts\/2013\/06\/13\/17128\/pictures\/150\/original_Exposi%C3%A7%C3%A3o%20-%20Dia%20Municipal%20da%20Literatura%20%288%29.jpg?1493381322","width":350,"height":200},"classes":[]},{"id":6186,"url":"https:\/\/jornalrol.com.br\/?p=6186","url_meta":{"origin":4778,"position":3},"title":"Sergio Diniz da Costa: &#039;Pra\u00e7as&#039;","author":"Helio Rubens","date":"9 de setembro de 2016","format":false,"excerpt":"'PRA\u00c7AS' Estou no centro da pra\u00e7a central de minha cidade. Manh\u00e3 fresca de setembro. C\u00e9u de Brigadeiro. E ali parado, sou um mero e curioso observador. Algumas pessoas cruzam por mim como que desenhando um \u2018Jogo da Velha\u2019, em dire\u00e7\u00e3o a seus afazeres. Outras, prestam aten\u00e7\u00e3o \u00e0 prega\u00e7\u00e3o de um\u2026","rel":"","context":"Em &quot;Comunica\u00e7\u00e3o&quot;","block_context":{"text":"Comunica\u00e7\u00e3o","link":"https:\/\/jornalrol.com.br\/?cat=7"},"img":{"alt_text":"","src":"https:\/\/i0.wp.com\/www.jornalrol.com.br\/wp-content\/uploads\/2016\/06\/31959000_1530139590441430_4366887940710727680_n-300x300.jpg?resize=350%2C200","width":350,"height":200},"classes":[]},{"id":3538,"url":"https:\/\/jornalrol.com.br\/?p=3538","url_meta":{"origin":4778,"position":4},"title":"Passeio Fotogr\u00e1fico-Cultural ao Centro Hist\u00f3rico de Itapetininga","author":"Helio Rubens","date":"21 de outubro de 2015","format":false,"excerpt":"O IHGGI formou uma Comiss\u00e3o com a finalidade de realizar mais um\u00a0Passeio Fotogr\u00e1fico-Cultural ao Centro Hist\u00f3rico de Itapetininga. O evento vai levar um grupo de pessoas interessadas em conhecer um pouco mais sobre o passado de Itapetininga, para um inesquec\u00edvel passeio a p\u00e9 que come\u00e7ar\u00e1 na Pra\u00e7a do Rosario, centro\u2026","rel":"","context":"Em &quot;Comunica\u00e7\u00e3o&quot;","block_context":{"text":"Comunica\u00e7\u00e3o","link":"https:\/\/jornalrol.com.br\/?cat=7"},"img":{"alt_text":"Cartazete Passeio ult8imo","src":"https:\/\/i0.wp.com\/www.jornalrol.com.br\/wp-content\/uploads\/2015\/10\/Cartazete-Passeio-ult8imo-212x300.jpg?resize=350%2C200","width":350,"height":200},"classes":[]},{"id":67245,"url":"https:\/\/jornalrol.com.br\/?p=67245","url_meta":{"origin":4778,"position":5},"title":"Pra\u00e7as","author":"Sergio Diniz da Costa","date":"9 de junho de 2024","format":false,"excerpt":"Estou no centro da pra\u00e7a central de minha cidade. Manh\u00e3 fresca de setembro. C\u00e9u de Brigadeiro. E ali parado, sou um mero e curioso observador.","rel":"","context":"Em &quot;Cr\u00f4nicas&quot;","block_context":{"text":"Cr\u00f4nicas","link":"https:\/\/jornalrol.com.br\/?cat=9392"},"img":{"alt_text":"Uma pra\u00e7a, com muitas pessoas em tr\u00e2nsito","src":"https:\/\/i0.wp.com\/jornalrol.com.br\/wp-content\/uploads\/2024\/06\/OIG2-1.jpeg?resize=350%2C200&ssl=1","width":350,"height":200,"srcset":"https:\/\/i0.wp.com\/jornalrol.com.br\/wp-content\/uploads\/2024\/06\/OIG2-1.jpeg?resize=350%2C200&ssl=1 1x, https:\/\/i0.wp.com\/jornalrol.com.br\/wp-content\/uploads\/2024\/06\/OIG2-1.jpeg?resize=525%2C300&ssl=1 1.5x, https:\/\/i0.wp.com\/jornalrol.com.br\/wp-content\/uploads\/2024\/06\/OIG2-1.jpeg?resize=700%2C400&ssl=1 2x"},"classes":[]}],"_links":{"self":[{"href":"https:\/\/jornalrol.com.br\/index.php?rest_route=\/wp\/v2\/posts\/4778","targetHints":{"allow":["GET"]}}],"collection":[{"href":"https:\/\/jornalrol.com.br\/index.php?rest_route=\/wp\/v2\/posts"}],"about":[{"href":"https:\/\/jornalrol.com.br\/index.php?rest_route=\/wp\/v2\/types\/post"}],"author":[{"embeddable":true,"href":"https:\/\/jornalrol.com.br\/index.php?rest_route=\/wp\/v2\/users\/3"}],"replies":[{"embeddable":true,"href":"https:\/\/jornalrol.com.br\/index.php?rest_route=%2Fwp%2Fv2%2Fcomments&post=4778"}],"version-history":[{"count":0,"href":"https:\/\/jornalrol.com.br\/index.php?rest_route=\/wp\/v2\/posts\/4778\/revisions"}],"wp:attachment":[{"href":"https:\/\/jornalrol.com.br\/index.php?rest_route=%2Fwp%2Fv2%2Fmedia&parent=4778"}],"wp:term":[{"taxonomy":"category","embeddable":true,"href":"https:\/\/jornalrol.com.br\/index.php?rest_route=%2Fwp%2Fv2%2Fcategories&post=4778"},{"taxonomy":"post_tag","embeddable":true,"href":"https:\/\/jornalrol.com.br\/index.php?rest_route=%2Fwp%2Fv2%2Ftags&post=4778"}],"curies":[{"name":"wp","href":"https:\/\/api.w.org\/{rel}","templated":true}]}}