{"id":47998,"date":"2022-01-19T14:44:54","date_gmt":"2022-01-19T16:44:54","guid":{"rendered":"http:\/\/www.jornalrol.com.br\/?p=47998"},"modified":"2022-01-19T14:44:54","modified_gmt":"2022-01-19T16:44:54","slug":"eliana-hoenhe-pereira-a-decada-de-20-e-as-conquistas-literarias","status":"publish","type":"post","link":"https:\/\/jornalrol.com.br\/?p=47998","title":{"rendered":"Eliana Hoenhe Pereira: &#039;A d\u00e9cada de 20 e as conquistas liter\u00e1rias&#039;"},"content":{"rendered":"<div class=\"pdfprnt-buttons pdfprnt-buttons-post pdfprnt-top-right\"><a href=\"https:\/\/jornalrol.com.br\/index.php?rest_route=%2Fwp%2Fv2%2Fposts%2F47998&print=pdf\" class=\"pdfprnt-button pdfprnt-button-pdf\" target=\"_blank\" ><\/a><a href=\"https:\/\/jornalrol.com.br\/index.php?rest_route=%2Fwp%2Fv2%2Fposts%2F47998&print=print\" class=\"pdfprnt-button pdfprnt-button-print\" target=\"_blank\" ><img decoding=\"async\" src=\"https:\/\/jornalrol.com.br\/wp-content\/plugins\/pdf-print\/images\/print.png\" alt=\"image_print\" title=\"Conte\u00fado de impress\u00e3o\" \/><\/a><\/div><figure id=\"attachment_35787\" aria-describedby=\"caption-attachment-35787\" style=\"width: 159px\" class=\"wp-caption aligncenter\"><a href=\"http:\/\/www.jornalrol.com.br\/no-quadro-de-colunistas-do-rol-a-sensibilidade-social-e-literaria-de-eliana-hoenhe-pereira\/foto-2-2\/\" rel=\"attachment wp-att-35787\"><img loading=\"lazy\" decoding=\"async\" data-attachment-id=\"35787\" data-permalink=\"https:\/\/jornalrol.com.br\/?attachment_id=35787\" data-orig-file=\"https:\/\/jornalrol.com.br\/wp-content\/uploads\/2020\/12\/Foto-2.jpg\" data-orig-size=\"540,540\" data-comments-opened=\"0\" data-image-meta=\"{&quot;aperture&quot;:&quot;0&quot;,&quot;credit&quot;:&quot;&quot;,&quot;camera&quot;:&quot;&quot;,&quot;caption&quot;:&quot;&quot;,&quot;created_timestamp&quot;:&quot;0&quot;,&quot;copyright&quot;:&quot;&quot;,&quot;focal_length&quot;:&quot;0&quot;,&quot;iso&quot;:&quot;0&quot;,&quot;shutter_speed&quot;:&quot;0&quot;,&quot;title&quot;:&quot;&quot;,&quot;orientation&quot;:&quot;0&quot;}\" data-image-title=\"Foto 2\" data-image-description=\"\" data-image-caption=\"&lt;p&gt;Eliana Hoenhe Pereira&lt;\/p&gt;\n\" data-large-file=\"https:\/\/jornalrol.com.br\/wp-content\/uploads\/2020\/12\/Foto-2.jpg\" class=\" wp-image-35787\" src=\"http:\/\/www.jornalrol.com.br\/wp-content\/uploads\/2020\/12\/Foto-2-300x300.jpg\" alt=\"\" width=\"159\" height=\"159\" \/><\/a><figcaption id=\"caption-attachment-35787\" class=\"wp-caption-text\">Eliana Hoenhe Pereira<\/figcaption><\/figure>\n<h2 style=\"text-align: center;\"><strong>A d\u00e9cada de 20 e as conquistas liter\u00e1rias<\/strong><\/h2>\n<p><!--more--><\/p>\n<p><a href=\"http:\/\/www.jornalrol.com.br\/eliana-hoenhe-pereira-a-decada-de-20-e-as-conquistas-literarias\/fantasy-3361140_960_720\/\" rel=\"attachment wp-att-48000\"><img loading=\"lazy\" decoding=\"async\" class=\" wp-image-48000 aligncenter\" src=\"http:\/\/www.jornalrol.com.br\/wp-content\/uploads\/2022\/01\/fantasy-3361140_960_720-300x200.jpg\" alt=\"\" width=\"623\" height=\"415\" \/><\/a><\/p>\n<p><span style=\"font-weight: 400;\">A d\u00e9cada de 1.920 \u00e9 marcada por grandes mudan\u00e7as no mundo ocidental provavelmente como resultado do fim da Primeira Guerra Mundial e da gripe espanhola. O desenvolvimento econ\u00f4mico, cultural e tecnol\u00f3gico despontou em pa\u00edses da Europa e Estados Unidos e o estilo de vida americano dominou o mundo. Foi a era das inova\u00e7\u00f5es tecnol\u00f3gicas, do r\u00e1dio e do in\u00edcio do cinema falado e da liberdade de cultura, valores e costumes sociais. Assim come\u00e7ava a luta pelos direitos da mulher para se libertar das amarras de preconceitos com manifestos de luta e conquistas. Os espartilhos j\u00e1 n\u00e3o eram t\u00e3o importantes e deram espa\u00e7o para os cabelos curtos, vestidos decotados e l\u00e1bios vermelhos. Brilhavam no cinema Greta Garbo, Rodolfo Valentino e Charles Chaplin com seu personagem Carlitos.<\/span><\/p>\n<p><span style=\"font-weight: 400;\">Parte do Brasil, pa\u00eds extremamente fechado culturalmente, estava de mudan\u00e7a para as cidades por conta da industrializa\u00e7\u00e3o crescente. O evento \u201cSemana da Arte Moderna\u201d, de 11 a 18 \/02\/1.922, \u00e9 realizado no Teatro de S\u00e3o Paulo. Foi um marco do moderno momento definidor de um novo conceito de cultura brasileira e novas est\u00e9ticas das vanguardas que despontavam como o pr\u00f3prio modernismo e sua aproxima\u00e7\u00e3o com a cultura popular que se revela no encontro de intelectuais, artistas pl\u00e1sticos, arquitetos, m\u00fasicos, poetas e escritores contando com a participa\u00e7\u00e3o de Anita Malfatti, Di Cavalcanti, Oswald de Andrade, Menotti Del Picchia, Pl\u00ednio Salgado, Manuel Bandeira e Tarsila do Amaral que, embora n\u00e3o tenha participado ativamente, tornou se o grande nome das artes pl\u00e1sticas do modernismo. Em 1921, Monteiro Lobato, escritor taubateano, publicou \u201cNarizinho Arrebitado\u201d. E, em \u201cCidades Mortas\u201d, o escritor descreve a decad\u00eancia do Vale do Para\u00edba com a queda do ciclo do caf\u00e9. Eles renovaram o ambiente em um pa\u00eds extremamente fechado culturalmente. \u00c9 nesse cen\u00e1rio que, em 1920, em uma pequena cidade do Vale do Para\u00edba, cheia de belezas naturais e com manifesta\u00e7\u00f5es do folclore regional e tradi\u00e7\u00f5es de festas populares que nasceu Ruth Guimar\u00e3es que \u00e9 autora de \u201c\u00c1gua funda\u201d e encontra-se no patamar de uma grande escritora que vem sendo aos poucos redescoberta.<\/span><\/p>\n<p><strong>Eliana Hoenhe Pereira<\/strong><\/p>\n<p>eliana.hoenhe1@hotmail.com<\/p>\n<p><span style=\"font-weight: 400;\">Fonte de consulta:<\/span><\/p>\n<p><span style=\"font-weight: 400;\">D\u00e9cada de 1.920 &#8211; Wikip\u00e9dia, a enciclop\u00e9dia livre https:\/\/www.infoescola.com&gt;hist\u00f3ria<\/span><\/p>\n<p><span style=\"font-weight: 400;\">O que aconteceu em 1.920 no Brasil? \u2013https:\/\/www.natgeo.pt&gt;2020\/01<\/span><\/p>\n<p><span style=\"font-weight: 400;\">D\u00e9cada de 1.920 no Brasil-https: \/\/ g1.globo.com&gt;v\u00eddeo<\/span><\/p>\n<p>&nbsp;<\/p>\n<p>&nbsp;<\/p>\n<p>&nbsp;<\/p>\n<p>&nbsp;<\/p>\n<p>&nbsp;<\/p>\n<p>&nbsp;<\/p>\n","protected":false},"excerpt":{"rendered":"<p>A d\u00e9cada de 20 e as conquistas liter\u00e1rias<\/p>\n","protected":false},"author":24,"featured_media":0,"comment_status":"closed","ping_status":"closed","sticky":false,"template":"","format":"standard","meta":{"_jetpack_newsletter_access":"","_jetpack_dont_email_post_to_subs":false,"_jetpack_newsletter_tier_id":0,"_jetpack_memberships_contains_paywalled_content":false,"_jetpack_memberships_contains_paid_content":false,"footnotes":""},"categories":[7],"tags":[938,1094,3162],"class_list":["post-47998","post","type-post","status-publish","format-standard","hentry","category-comunicacao","tag-anos-20","tag-artigo","tag-eliana-hoenhe-pereira"],"aioseo_notices":[],"views":539,"jetpack_featured_media_url":"","jetpack_sharing_enabled":true,"jetpack_likes_enabled":true,"jetpack-related-posts":[{"id":43286,"url":"https:\/\/jornalrol.com.br\/?p=43286","url_meta":{"origin":47998,"position":0},"title":"Eliana Hoenhe Pereira: &#039;Minha prioridade&#039;","author":"Eliana Hoenhe Pereira","date":"26 de julho de 2021","format":false,"excerpt":"Minha prioridade Mergulho nos meus conceitos e revejo os meus sentimentos O tempo corre como o vento \u00a0\u00a0filtro meus pensamentos Livro-me das falsas ilus\u00f5es que nada se imp\u00f5e \u00a0O que vale \u00e9 viver sem dramas e cobran\u00e7as sem promessas de eternas mudan\u00e7as Voo sem limites qu\u00e3o o canto dos p\u00e1ssaros\u2026","rel":"","context":"Em &quot;Comunica\u00e7\u00e3o&quot;","block_context":{"text":"Comunica\u00e7\u00e3o","link":"https:\/\/jornalrol.com.br\/?cat=7"},"img":{"alt_text":"","src":"https:\/\/i0.wp.com\/www.jornalrol.com.br\/wp-content\/uploads\/2020\/12\/Foto-2-150x150.jpg?resize=350%2C200","width":350,"height":200},"classes":[]},{"id":51856,"url":"https:\/\/jornalrol.com.br\/?p=51856","url_meta":{"origin":47998,"position":1},"title":"Eliana Hoenhe Pereira: &#039;Bicenten\u00e1rio da Independ\u00eancia do Brasil&#039;","author":"Eliana Hoenhe Pereira","date":"5 de setembro de 2022","format":false,"excerpt":"Bicenten\u00e1rio da Independ\u00eancia do Brasil Estamos em constru\u00e7\u00e3o! Muito j\u00e1 foi conquistado e muito h\u00e1 de ser alcan\u00e7ado. A Independ\u00eancia da nossa na\u00e7\u00e3o N\u00e3o foi em v\u00e3o. Embora decretada pelo Imperador, tivemos per\u00edodos na hist\u00f3ria vividos e sentidos de muita dor. Foi um processo ao longo do tempo. Gratid\u00e3o \u00e9\u2026","rel":"","context":"Em &quot;Comunica\u00e7\u00e3o&quot;","block_context":{"text":"Comunica\u00e7\u00e3o","link":"https:\/\/jornalrol.com.br\/?cat=7"},"img":{"alt_text":"","src":"https:\/\/i0.wp.com\/jornalrol.com.br\/wp-content\/uploads\/2022\/09\/Picsart_22-09-05_18-35-54-292.jpg?resize=350%2C200&ssl=1","width":350,"height":200,"srcset":"https:\/\/i0.wp.com\/jornalrol.com.br\/wp-content\/uploads\/2022\/09\/Picsart_22-09-05_18-35-54-292.jpg?resize=350%2C200&ssl=1 1x, https:\/\/i0.wp.com\/jornalrol.com.br\/wp-content\/uploads\/2022\/09\/Picsart_22-09-05_18-35-54-292.jpg?resize=525%2C300&ssl=1 1.5x, https:\/\/i0.wp.com\/jornalrol.com.br\/wp-content\/uploads\/2022\/09\/Picsart_22-09-05_18-35-54-292.jpg?resize=700%2C400&ssl=1 2x"},"classes":[]},{"id":54078,"url":"https:\/\/jornalrol.com.br\/?p=54078","url_meta":{"origin":47998,"position":2},"title":"Eliana Hoenhe Pereira: &#039;Minha SOL&#039;","author":"Eliana Hoenhe Pereira","date":"14 de mar\u00e7o de 2023","format":false,"excerpt":"Minha SOL Meu universo meus versos; Amor sem julgamento. Para o meu cora\u00e7\u00e3o, um alento; Fiel companhia que me enche de alegria . Do balan\u00e7o da cauda, Leio todos os movimentos; No olhar, os sentimentos. Ah! Quando distancio-me por dias, O retorno \u00e9 invadido por uivados, Pela saudade sufocada De\u2026","rel":"","context":"Em &quot;Comunica\u00e7\u00e3o&quot;","block_context":{"text":"Comunica\u00e7\u00e3o","link":"https:\/\/jornalrol.com.br\/?cat=7"},"img":{"alt_text":"","src":"https:\/\/i0.wp.com\/www.jornalrol.com.br\/wp-content\/uploads\/2020\/12\/Foto-2-150x150.jpg?resize=350%2C200","width":350,"height":200},"classes":[]},{"id":76994,"url":"https:\/\/jornalrol.com.br\/?p=76994","url_meta":{"origin":47998,"position":3},"title":"Descobri por a\u00ed&#8230;","author":"Eliana Hoenhe Pereira","date":"30 de novembro de 2025","format":false,"excerpt":"Descobri por a\u00ed que viajar \u00e9 a mais absoluta liberdade! \u00c9 preciso aproveitar as oportunidades. Em cada viagem brota um novo sentimento e uma jornada...","rel":"","context":"Em &quot;Literatura&quot;","block_context":{"text":"Literatura","link":"https:\/\/jornalrol.com.br\/?cat=9285"},"img":{"alt_text":"Foto por Eliana Hoenhe Pereira","src":"https:\/\/i0.wp.com\/jornalrol.com.br\/wp-content\/uploads\/2025\/11\/e64482a3-c0b0-44ea-b248-2e6b87febb50.jpg?resize=350%2C200&ssl=1","width":350,"height":200,"srcset":"https:\/\/i0.wp.com\/jornalrol.com.br\/wp-content\/uploads\/2025\/11\/e64482a3-c0b0-44ea-b248-2e6b87febb50.jpg?resize=350%2C200&ssl=1 1x, https:\/\/i0.wp.com\/jornalrol.com.br\/wp-content\/uploads\/2025\/11\/e64482a3-c0b0-44ea-b248-2e6b87febb50.jpg?resize=525%2C300&ssl=1 1.5x, https:\/\/i0.wp.com\/jornalrol.com.br\/wp-content\/uploads\/2025\/11\/e64482a3-c0b0-44ea-b248-2e6b87febb50.jpg?resize=700%2C400&ssl=1 2x, https:\/\/i0.wp.com\/jornalrol.com.br\/wp-content\/uploads\/2025\/11\/e64482a3-c0b0-44ea-b248-2e6b87febb50.jpg?resize=1050%2C600&ssl=1 3x, https:\/\/i0.wp.com\/jornalrol.com.br\/wp-content\/uploads\/2025\/11\/e64482a3-c0b0-44ea-b248-2e6b87febb50.jpg?resize=1400%2C800&ssl=1 4x"},"classes":[]},{"id":42879,"url":"https:\/\/jornalrol.com.br\/?p=42879","url_meta":{"origin":47998,"position":4},"title":"Eliana Hoenhe Pereira: &#039;A fase dos 60&#039;","author":"Eliana Hoenhe Pereira","date":"13 de julho de 2021","format":false,"excerpt":"A fase dos 60 A idade chegando E com ela tudo que se foi conquistando Enfrentamos mal tempo Mas vivemos cada momento Sem precisar recorrer a in\u00fateis sentimentos N\u00e3o \u00e9 o fim... O fim \u00e9 tudo que ainda temos para viver E h\u00e1 muito para se fazer Aque\u00e7o-me com meu\u2026","rel":"","context":"Em &quot;Comunica\u00e7\u00e3o&quot;","block_context":{"text":"Comunica\u00e7\u00e3o","link":"https:\/\/jornalrol.com.br\/?cat=7"},"img":{"alt_text":"","src":"https:\/\/i0.wp.com\/www.jornalrol.com.br\/wp-content\/uploads\/2020\/12\/Foto-2-150x150.jpg?resize=350%2C200","width":350,"height":200},"classes":[]},{"id":61245,"url":"https:\/\/jornalrol.com.br\/?p=61245","url_meta":{"origin":47998,"position":5},"title":"Simplicidade","author":"Eliana Hoenhe Pereira","date":"18 de setembro de 2023","format":false,"excerpt":"Entre, aconchegue-te! Tens toques de suavidade. Lembras\u2013me as flores do campo, que me encantam pela sua beleza e abund\u00e2ncia. Florescem em lugares iluminados...","rel":"","context":"Em &quot;Literatura&quot;","block_context":{"text":"Literatura","link":"https:\/\/jornalrol.com.br\/?cat=9285"},"img":{"alt_text":"Eliana Hoenhe Pereira","src":"https:\/\/i0.wp.com\/jornalrol.com.br\/wp-content\/uploads\/2023\/09\/IMG-20230819-WA0061-e1730333605290.jpg?resize=350%2C200&ssl=1","width":350,"height":200},"classes":[]}],"_links":{"self":[{"href":"https:\/\/jornalrol.com.br\/index.php?rest_route=\/wp\/v2\/posts\/47998","targetHints":{"allow":["GET"]}}],"collection":[{"href":"https:\/\/jornalrol.com.br\/index.php?rest_route=\/wp\/v2\/posts"}],"about":[{"href":"https:\/\/jornalrol.com.br\/index.php?rest_route=\/wp\/v2\/types\/post"}],"author":[{"embeddable":true,"href":"https:\/\/jornalrol.com.br\/index.php?rest_route=\/wp\/v2\/users\/24"}],"replies":[{"embeddable":true,"href":"https:\/\/jornalrol.com.br\/index.php?rest_route=%2Fwp%2Fv2%2Fcomments&post=47998"}],"version-history":[{"count":0,"href":"https:\/\/jornalrol.com.br\/index.php?rest_route=\/wp\/v2\/posts\/47998\/revisions"}],"wp:attachment":[{"href":"https:\/\/jornalrol.com.br\/index.php?rest_route=%2Fwp%2Fv2%2Fmedia&parent=47998"}],"wp:term":[{"taxonomy":"category","embeddable":true,"href":"https:\/\/jornalrol.com.br\/index.php?rest_route=%2Fwp%2Fv2%2Fcategories&post=47998"},{"taxonomy":"post_tag","embeddable":true,"href":"https:\/\/jornalrol.com.br\/index.php?rest_route=%2Fwp%2Fv2%2Ftags&post=47998"}],"curies":[{"name":"wp","href":"https:\/\/api.w.org\/{rel}","templated":true}]}}