{"id":48018,"date":"2022-01-20T21:22:47","date_gmt":"2022-01-20T23:22:47","guid":{"rendered":"http:\/\/www.jornalrol.com.br\/?p=48018"},"modified":"2022-01-20T21:22:47","modified_gmt":"2022-01-20T23:22:47","slug":"patricia-alvarenga-minha-primeira-leitura-de-2022","status":"publish","type":"post","link":"https:\/\/jornalrol.com.br\/?p=48018","title":{"rendered":"Patr\u00edcia Alvarenga: &#039;Minha primeira leitura de 2022&#039;"},"content":{"rendered":"<div class=\"pdfprnt-buttons pdfprnt-buttons-post pdfprnt-top-right\"><a href=\"https:\/\/jornalrol.com.br\/index.php?rest_route=%2Fwp%2Fv2%2Fposts%2F48018&print=pdf\" class=\"pdfprnt-button pdfprnt-button-pdf\" target=\"_blank\" ><\/a><a href=\"https:\/\/jornalrol.com.br\/index.php?rest_route=%2Fwp%2Fv2%2Fposts%2F48018&print=print\" class=\"pdfprnt-button pdfprnt-button-print\" target=\"_blank\" ><img decoding=\"async\" src=\"https:\/\/jornalrol.com.br\/wp-content\/plugins\/pdf-print\/images\/print.png\" alt=\"image_print\" title=\"Conte\u00fado de impress\u00e3o\" \/><\/a><\/div><figure id=\"attachment_44785\" aria-describedby=\"caption-attachment-44785\" style=\"width: 121px\" class=\"wp-caption aligncenter\"><a href=\"http:\/\/www.jornalrol.com.br\/no-quadro-de-colunistas-do-rol-a-escritora-poeta-e-ativista-cultural-patricia-alvarenga\/20210711_172218-1\/\" rel=\"attachment wp-att-44785\"><img loading=\"lazy\" decoding=\"async\" data-attachment-id=\"44785\" data-permalink=\"https:\/\/jornalrol.com.br\/?attachment_id=44785\" data-orig-file=\"https:\/\/jornalrol.com.br\/wp-content\/uploads\/2021\/09\/20210711_172218-1.jpg\" data-orig-size=\"441,588\" data-comments-opened=\"0\" data-image-meta=\"{&quot;aperture&quot;:&quot;2.2&quot;,&quot;credit&quot;:&quot;&quot;,&quot;camera&quot;:&quot;SM-A715F&quot;,&quot;caption&quot;:&quot;&quot;,&quot;created_timestamp&quot;:&quot;1626024139&quot;,&quot;copyright&quot;:&quot;&quot;,&quot;focal_length&quot;:&quot;3.75&quot;,&quot;iso&quot;:&quot;1000&quot;,&quot;shutter_speed&quot;:&quot;0.041666666666667&quot;,&quot;title&quot;:&quot;&quot;,&quot;orientation&quot;:&quot;1&quot;}\" data-image-title=\"20210711_172218 (1)\" data-image-description=\"\" data-image-caption=\"&lt;p&gt;Patr\u00edcia Alvarenga&lt;\/p&gt;\n\" data-large-file=\"https:\/\/jornalrol.com.br\/wp-content\/uploads\/2021\/09\/20210711_172218-1.jpg\" class=\" wp-image-44785\" src=\"http:\/\/jornalrol.com.br\/wp-content\/uploads\/2021\/09\/20210711_172218-1-225x300.jpg\" alt=\"\" width=\"121\" height=\"162\" \/><\/a><figcaption id=\"caption-attachment-44785\" class=\"wp-caption-text\">Patr\u00edcia Alvarenga<\/figcaption><\/figure>\n<h2 style=\"text-align: center;\"><strong>Minha primeira leitura de 2022<\/strong><\/h2>\n<p><!--more--><\/p>\n<p><a href=\"http:\/\/www.jornalrol.com.br\/patricia-alvarenga-minha-primeira-leitura-de-2022\/20220120_162138\/\" rel=\"attachment wp-att-48019\"><img loading=\"lazy\" decoding=\"async\" class=\" wp-image-48019 alignleft\" src=\"http:\/\/jornalrol.com.br\/wp-content\/uploads\/2022\/01\/20220120_162138-234x300.jpg\" alt=\"\" width=\"270\" height=\"346\" \/><\/a>Sim, mais um livro dela! Let\u00edcia Wierzchowski \u00e9 minha autora nacional de romances preferida. Este foi o 14\u00ba livro dessa ga\u00facha, com origens polonesas &#8211; que j\u00e1 publicou um total de 32 livros &#8211; que tive o privil\u00e9gio de degustar e, mais uma vez, me deleitei com a hist\u00f3ria. Outra obra de qualidade \u00edmpar!<\/p>\n<p>\u00c9 um misto de romance com biografia, escrito, como \u00e9 o estilo da autora, de forma extremamente po\u00e9tica, sens\u00edvel e elegante. Entre fic\u00e7\u00e3o e realidade, narra a hist\u00f3ria real de Adelina Hess, descendente de alem\u00e3es, que viveu em Santa Catarina e foi a fundadora da famosa Camisaria Dudalina. Personagem principal da trama, Adelina foi uma mulher muito \u00e0 frente de seu tempo. De personalidade forte, vision\u00e1ria, excelente negociante e trabalhadora incans\u00e1vel, foi, ainda, esposa apaixonada e m\u00e3e de dezesseis filhos! Supera\u00e7\u00e3o, tenacidade, coragem, for\u00e7a, labuta e muito amor foram necess\u00e1rios para criar uma fam\u00edlia t\u00e3o grande, ao mesmo tempo em que planejava, diuturnamente, o crescimento de seu neg\u00f3cio.<\/p>\n<p><em>(&#8230;) \u00b4Bem tarde, quase madrugada, Duda provou a primeira camisa. Elogiou-lhe o caimento, a bainha, o feitio da gola. Adelina entregou ao marido um sorriso l\u00edmpido como um rio que corria atr\u00e1s da casa sob a luz da lua.<\/em><\/p>\n<p><em>Ela havia acertado a m\u00e3o. Trabalhou-se o domingo todo.<\/em><\/p>\n<p><em>Na segunda-feira, havia uma arara de camisas esperando os clientes na venda`. (&#8230;) <\/em>(P\u00e1gina 207).<\/p>\n<p>A narrativa &#8211; feita de forma n\u00e3o linear &#8211; \u00e9 realizada pelas tr\u00eas moiras fiandeiras, as quais, na mitologia grega, eram as tr\u00eas irm\u00e3s que determinavam o destino de deuses e de seres humanos, produzindo, tecendo e cortando o fio da vida de cada ser.<\/p>\n<p><em>(&#8230;) \u00b4Eu sou uma das tr\u00eas Moiras, que tudo fiam e tudo tramam. Chamam-me destino, mas eu n\u00e3o fa\u00e7o nada sozinha.<\/em><\/p>\n<p><em>Minhas duas irm\u00e3s e eu tecemos o fado dos homens desde o limiar do mundo, sentadas \u00e0 sombra dos s\u00e9culos numa das curvas do tempo. (&#8230;) <\/em><\/p>\n<p><em>Nem bonitas nem feias, alheias a qualquer idade, n\u00f3s, as tr\u00eas filhas de Moros e Ananques, tramamos o tecido da vida, posto h\u00e1 um fio que costura o destino de cada homem sob o c\u00e9u. ` (&#8230;) <\/em>(P\u00e1gina 21).<\/p>\n<p>\u00c9 um livro que homenageia, postumamente, n\u00e3o s\u00f3 a fenomenal Adelina Hess, mas todas as mulheres, ao destacar a for\u00e7a e a coragem do g\u00eanero feminino.<\/p>\n<p>O curioso t\u00edtulo da obra adv\u00e9m dos doces degustados na casa da personagem principal, como tradi\u00e7\u00e3o ap\u00f3s cada parto, pois, segundo o costume familiar<strong>, <\/strong>alegravam os parentes e amigos, e davam for\u00e7as \u00e0 m\u00e3e, que precisava se recuperar.<\/p>\n<p>Let\u00edcia Wierzchowski \u00e9 uma autora espetacular, cuja sensibilidade e intelig\u00eancia conquistam leitores, a cada obra lan\u00e7ada!<\/p>\n<p>Recomendo imensamente a leitura!!!!<\/p>\n<p><strong>\u00a0Patr\u00edcia Alvarenga<\/strong><\/p>\n<p>patydany@hotmail.com<\/p>\n<p>&nbsp;<\/p>\n<p>&nbsp;<\/p>\n<p>&nbsp;<\/p>\n<p>&nbsp;<\/p>\n<p>&nbsp;<\/p>\n<p>&nbsp;<\/p>\n","protected":false},"excerpt":{"rendered":"<p>Minha primeira leitura de 2022<\/p>\n","protected":false},"author":43,"featured_media":48019,"comment_status":"closed","ping_status":"closed","sticky":false,"template":"","format":"standard","meta":{"_jetpack_newsletter_access":"","_jetpack_dont_email_post_to_subs":false,"_jetpack_newsletter_tier_id":0,"_jetpack_memberships_contains_paywalled_content":false,"_jetpack_memberships_contains_paid_content":false,"footnotes":""},"categories":[7],"tags":[1094,5071,5145,6623,7484],"class_list":["post-48018","post","type-post","status-publish","format-standard","has-post-thumbnail","hentry","category-comunicacao","tag-artigo","tag-leticia-wierzchowski","tag-livro","tag-patricia-alvarenga","tag-resenha"],"aioseo_notices":[],"views":436,"jetpack_featured_media_url":"","jetpack_sharing_enabled":true,"jetpack_likes_enabled":true,"jetpack-related-posts":[{"id":46067,"url":"https:\/\/jornalrol.com.br\/?p=46067","url_meta":{"origin":48018,"position":0},"title":"Patr\u00edcia Alvarenga: &#039;Amor desesperado&#039;","author":"Patricia Danielle de Ata\u00edde Alvarenga","date":"30 de outubro de 2021","format":false,"excerpt":"Amor desesperado \u00a0 Ela amava ler. Lia compulsiva e desesperadamente. Tinha a tr\u00e1gica no\u00e7\u00e3o que n\u00e3o daria conta de encerrar sua lista de desejos \u2013 no seu caso, necessidades \u2013 ainda nesta vida. Havia os cl\u00e1ssicos \u2013 intermin\u00e1veis - os contempor\u00e2neos, que sempre vinham em levas \u2013 enfim, os escritores\u2026","rel":"","context":"Em &quot;Comunica\u00e7\u00e3o&quot;","block_context":{"text":"Comunica\u00e7\u00e3o","link":"https:\/\/jornalrol.com.br\/?cat=7"},"img":{"alt_text":"","src":"https:\/\/i0.wp.com\/jornalrol.com.br\/wp-content\/uploads\/2021\/09\/20210711_172218-1-150x150.jpg?resize=350%2C200","width":350,"height":200},"classes":[]},{"id":48508,"url":"https:\/\/jornalrol.com.br\/?p=48508","url_meta":{"origin":48018,"position":1},"title":"Patr\u00edcia Alvarenga: &#039;Irremedi\u00e1vel separa\u00e7\u00e3o&#039;","author":"Patricia Danielle de Ata\u00edde Alvarenga","date":"14 de fevereiro de 2022","format":false,"excerpt":"Irremedi\u00e1vel separa\u00e7\u00e3o O gosto acre na boca prenunciava o momento t\u00e3o adiado. Sua decis\u00e3o atribulada n\u00e3o poderia passar daquele dia. A ansiedade a dominava h\u00e1 semanas e havia chegado, finalmente, o fat\u00eddico s\u00e1bado: \u00faltimo dia para resolver suas pend\u00eancias... Laura estava com o cora\u00e7\u00e3o dilacerado. Teria que fazer escolhas muito\u2026","rel":"","context":"Em &quot;Comunica\u00e7\u00e3o&quot;","block_context":{"text":"Comunica\u00e7\u00e3o","link":"https:\/\/jornalrol.com.br\/?cat=7"},"img":{"alt_text":"","src":"https:\/\/i0.wp.com\/jornalrol.com.br\/wp-content\/uploads\/2021\/09\/20210711_172218-1-150x150.jpg?resize=350%2C200","width":350,"height":200},"classes":[]},{"id":49819,"url":"https:\/\/jornalrol.com.br\/?p=49819","url_meta":{"origin":48018,"position":2},"title":"Patr\u00edcia Alvarenga: &#039;Minha ess\u00eancia&#039;","author":"Patricia Danielle de Ata\u00edde Alvarenga","date":"24 de abril de 2022","format":false,"excerpt":"Minha ess\u00eancia H\u00e1 pessoas que t\u00eam, na arte de fantasiar e imaginar, sua raz\u00e3o de viver. Utilizam-se do teclado ou mesmo da caneta para escrever sobre o que foi, o que n\u00e3o foi, o que poderia ter sido, sobre o que \u00e9, o que n\u00e3o \u00e9, o que ser\u00e1 ou\u2026","rel":"","context":"Em &quot;Comunica\u00e7\u00e3o&quot;","block_context":{"text":"Comunica\u00e7\u00e3o","link":"https:\/\/jornalrol.com.br\/?cat=7"},"img":{"alt_text":"","src":"https:\/\/i0.wp.com\/jornalrol.com.br\/wp-content\/uploads\/2021\/09\/20210711_172218-1-150x150.jpg?resize=350%2C200","width":350,"height":200},"classes":[]},{"id":44068,"url":"https:\/\/jornalrol.com.br\/?p=44068","url_meta":{"origin":48018,"position":3},"title":"Patr\u00edcia Alvarenga lan\u00e7a o livro de poesias &#039;Tatuagens da Alma &#8211; Entre Versos e Reflex\u00f5es&#039;","author":"Sergio Diniz da Costa","date":"23 de agosto de 2021","format":false,"excerpt":"A alma humana, o consciente e o inconsciente, apresentados\u00a0 numa linguagem l\u00edrica, filos\u00f3fica e introspectiva marcam o primeiro livro de poesias de Patr\u00edcia Alvarenga De acordo com a escritora e poetisa Patr\u00edcia Alvarenga, a decis\u00e3o de publicar seu livro de estreia se deu num momento bastante conturbado: ap\u00f3s a chegada\u2026","rel":"","context":"Em &quot;Comunica\u00e7\u00e3o&quot;","block_context":{"text":"Comunica\u00e7\u00e3o","link":"https:\/\/jornalrol.com.br\/?cat=7"},"img":{"alt_text":"","src":"https:\/\/i0.wp.com\/jornalrol.com.br\/wp-content\/uploads\/2021\/08\/0-4-c-1-211x300.jpg?resize=350%2C200","width":350,"height":200},"classes":[]},{"id":50923,"url":"https:\/\/jornalrol.com.br\/?p=50923","url_meta":{"origin":48018,"position":4},"title":"Patr\u00edcia Alvarenga: &#039;&#039;Por que caiu? Caiu porque&#8230;&#039; \u2013 a hist\u00f3ria por tr\u00e1s da queda do Palace Dois na Barra da Tijuca&#039;","author":"Patricia Danielle de Ata\u00edde Alvarenga","date":"30 de junho de 2022","format":false,"excerpt":"'Por que caiu? Caiu porque...' \u2013 a hist\u00f3ria por tr\u00e1s da queda do Palace Dois na Barra da Tijuca Quem tem mais de 40 anos e, principalmente, quem era morador da cidade do Rio de Janeiro em 1994, com certeza lembra da trag\u00e9dia da queda do edif\u00edcio de 22 andares\u2026","rel":"","context":"Em &quot;Comunica\u00e7\u00e3o&quot;","block_context":{"text":"Comunica\u00e7\u00e3o","link":"https:\/\/jornalrol.com.br\/?cat=7"},"img":{"alt_text":"","src":"https:\/\/i0.wp.com\/jornalrol.com.br\/wp-content\/uploads\/2022\/06\/Picsart_22-06-29_23-47-48-473-1.jpg?resize=350%2C200&ssl=1","width":350,"height":200,"srcset":"https:\/\/i0.wp.com\/jornalrol.com.br\/wp-content\/uploads\/2022\/06\/Picsart_22-06-29_23-47-48-473-1.jpg?resize=350%2C200&ssl=1 1x, https:\/\/i0.wp.com\/jornalrol.com.br\/wp-content\/uploads\/2022\/06\/Picsart_22-06-29_23-47-48-473-1.jpg?resize=525%2C300&ssl=1 1.5x, https:\/\/i0.wp.com\/jornalrol.com.br\/wp-content\/uploads\/2022\/06\/Picsart_22-06-29_23-47-48-473-1.jpg?resize=700%2C400&ssl=1 2x, https:\/\/i0.wp.com\/jornalrol.com.br\/wp-content\/uploads\/2022\/06\/Picsart_22-06-29_23-47-48-473-1.jpg?resize=1050%2C600&ssl=1 3x, https:\/\/i0.wp.com\/jornalrol.com.br\/wp-content\/uploads\/2022\/06\/Picsart_22-06-29_23-47-48-473-1.jpg?resize=1400%2C800&ssl=1 4x"},"classes":[]},{"id":61107,"url":"https:\/\/jornalrol.com.br\/?p=61107","url_meta":{"origin":48018,"position":5},"title":"Sintonia","author":"Patricia Danielle de Ata\u00edde Alvarenga","date":"15 de setembro de 2023","format":false,"excerpt":"As \u00e1guas ouvem nos rios minha poesia; Os p\u00e1ssaros tecem nas \u00e1rvores minha esperan\u00e7a; As flores cantam nas matas meus...","rel":"","context":"Em &quot;Literatura&quot;","block_context":{"text":"Literatura","link":"https:\/\/jornalrol.com.br\/?cat=9285"},"img":{"alt_text":"Paisagem. Foto de Patr\u00edcia alvarenga","src":"https:\/\/i0.wp.com\/jornalrol.com.br\/wp-content\/uploads\/2023\/09\/f578e376-4203-4075-8928-903385192111.jpg?resize=350%2C200&ssl=1","width":350,"height":200,"srcset":"https:\/\/i0.wp.com\/jornalrol.com.br\/wp-content\/uploads\/2023\/09\/f578e376-4203-4075-8928-903385192111.jpg?resize=350%2C200&ssl=1 1x, https:\/\/i0.wp.com\/jornalrol.com.br\/wp-content\/uploads\/2023\/09\/f578e376-4203-4075-8928-903385192111.jpg?resize=525%2C300&ssl=1 1.5x, https:\/\/i0.wp.com\/jornalrol.com.br\/wp-content\/uploads\/2023\/09\/f578e376-4203-4075-8928-903385192111.jpg?resize=700%2C400&ssl=1 2x, https:\/\/i0.wp.com\/jornalrol.com.br\/wp-content\/uploads\/2023\/09\/f578e376-4203-4075-8928-903385192111.jpg?resize=1050%2C600&ssl=1 3x"},"classes":[]}],"_links":{"self":[{"href":"https:\/\/jornalrol.com.br\/index.php?rest_route=\/wp\/v2\/posts\/48018","targetHints":{"allow":["GET"]}}],"collection":[{"href":"https:\/\/jornalrol.com.br\/index.php?rest_route=\/wp\/v2\/posts"}],"about":[{"href":"https:\/\/jornalrol.com.br\/index.php?rest_route=\/wp\/v2\/types\/post"}],"author":[{"embeddable":true,"href":"https:\/\/jornalrol.com.br\/index.php?rest_route=\/wp\/v2\/users\/43"}],"replies":[{"embeddable":true,"href":"https:\/\/jornalrol.com.br\/index.php?rest_route=%2Fwp%2Fv2%2Fcomments&post=48018"}],"version-history":[{"count":0,"href":"https:\/\/jornalrol.com.br\/index.php?rest_route=\/wp\/v2\/posts\/48018\/revisions"}],"wp:featuredmedia":[{"embeddable":true,"href":"https:\/\/jornalrol.com.br\/index.php?rest_route=\/"}],"wp:attachment":[{"href":"https:\/\/jornalrol.com.br\/index.php?rest_route=%2Fwp%2Fv2%2Fmedia&parent=48018"}],"wp:term":[{"taxonomy":"category","embeddable":true,"href":"https:\/\/jornalrol.com.br\/index.php?rest_route=%2Fwp%2Fv2%2Fcategories&post=48018"},{"taxonomy":"post_tag","embeddable":true,"href":"https:\/\/jornalrol.com.br\/index.php?rest_route=%2Fwp%2Fv2%2Ftags&post=48018"}],"curies":[{"name":"wp","href":"https:\/\/api.w.org\/{rel}","templated":true}]}}