{"id":48453,"date":"2022-02-11T01:38:10","date_gmt":"2022-02-11T03:38:10","guid":{"rendered":"http:\/\/www.jornalrol.com.br\/?p=48453"},"modified":"2022-02-11T01:38:10","modified_gmt":"2022-02-11T03:38:10","slug":"documentario-sobre-transexualidade-transversais-estreia-nos-cinemas-dia-17-de-fevereiro","status":"publish","type":"post","link":"https:\/\/jornalrol.com.br\/?p=48453","title":{"rendered":"Document\u00e1rio sobre transexualidade transversais estreia nos cinemas dia 17 de fevereiro"},"content":{"rendered":"<div class=\"pdfprnt-buttons pdfprnt-buttons-post pdfprnt-top-right\"><a href=\"https:\/\/jornalrol.com.br\/index.php?rest_route=%2Fwp%2Fv2%2Fposts%2F48453&print=pdf\" class=\"pdfprnt-button pdfprnt-button-pdf\" target=\"_blank\" ><\/a><a href=\"https:\/\/jornalrol.com.br\/index.php?rest_route=%2Fwp%2Fv2%2Fposts%2F48453&print=print\" class=\"pdfprnt-button pdfprnt-button-print\" target=\"_blank\" ><img decoding=\"async\" src=\"https:\/\/jornalrol.com.br\/wp-content\/plugins\/pdf-print\/images\/print.png\" alt=\"image_print\" title=\"Conte\u00fado de impress\u00e3o\" \/><\/a><\/div><h2 style=\"text-align: center\"><em>O longa cearense, dirigido por \u00c9merson Maranh\u00e3o, foi exibido na Mostra Internacional de S\u00e3o Paulo, Cine Cear\u00e1 e Mix Brasil<\/em><\/h2>\n<p><!--more--><\/p>\n<div id=\"m_6873561824914355741m_-8268749495991492436text-text-section-3\">\n<table role=\"presentation\" border=\"0\" width=\"100%\" cellspacing=\"0\" cellpadding=\"0\" bgcolor=\"transparent\">\n<tbody>\n<tr>\n<td valign=\"top\">Primeiro longa do jornalista e cineasta \u00c9merson Maranh\u00e3o,\u00a0<strong>TRANSVERSAIS<\/strong>\u00a0estreia nos cinemas no dia 17 de fevereiro. O longa fez parte da se\u00e7\u00e3o Programa Queer.doc do 29o\u00a0Festival Mix Brasil, e tamb\u00e9m esteve em outros Festivais brasileiros como a 45a\u00a0Mostra Internacional de Cinema de S\u00e3o Paulo, e o Cine Cear\u00e1.<\/p>\n<p>Produzido por Allan Deberton (\u201cPacarrete\u201d),\u00a0o document\u00e1rio apresenta os depoimentos de quatro pessoas trans que resgatam suas hist\u00f3rias, seus processos de autodescoberta e de tr\u00e2nsitos e jornadas, al\u00e9m de tamb\u00e9m de uma mulher cisg\u00eanero, m\u00e3e de uma adolescente trans. Mesmo sofrendo censura do governo federal, que publicamente anunciou que \u201cn\u00e3o tinha cabimento fazer um filme com este tema\u201d e declarou que ele seria \u201cabortado\u201d do edital da Ancine em que era finalista, o filme est\u00e1 circulando em festivais antes de fazer sua estreia em circuito comercial.<\/p>\n<p>As quatro pessoas que participam do filme s\u00e3o: Samilla Marques, uma funcion\u00e1ria p\u00fablica;\u00a0\u00a0\u00c9rikah Alc\u00e2ntara, uma professora; Caio Jos\u00e9, um enfermeiro; e o acad\u00eamico Kaio Lemos. Eles e elas passaram por um delicado processo de auto-aceita\u00e7\u00e3o at\u00e9 compreenderem a sua subjetividade.\u00a0\u00a0Hoje vivenciam tecnologias de g\u00eanero, como horm\u00f4nios e cirurgias, que lhe asseguram uma apar\u00eancia condizente com a maneira como se veem, mas ainda sofrem com a incompreens\u00e3o, o estranhamento e o preconceito.<\/p>\n<p>J\u00e1 a jornalista Mara Beatriz, mulher cisg\u00eanero, enfrentou a transfobia de perto e refez sua vida ao tomar conhecimento que era m\u00e3e de uma adolescente transg\u00eanero. Hoje, \u00e9 uma das mais ativas militantes do grupo M\u00e3es pela Diversidade no Cear\u00e1.<\/p>\n<p><strong>TRANSVERSAIS<\/strong>\u00a0\u00e9 um o document\u00e1rio \u00e9 de extrema import\u00e2ncia tanto pelo momento pol\u00edtico atual quanto pela visibilidade que d\u00e1 \u00e0 causa da transgeneridade. \u201c<em>Eu gostaria muito que esse document\u00e1rio pudesse contribuir para mudar esse cen\u00e1rio t\u00e3o pavoroso em que vivemos hoje no Pa\u00eds. Acho dif\u00edcil, mas n\u00e3o imposs\u00edvel. \u00c9 um trabalho de formiguinha. No entanto, se cada espectador que assistir ao filme despir seu olhar dos preconceitos costumeiros para se permitir conhecer esses personagens t\u00e3o especiais, sentir suas dores e alegrias, e deixar que essas trajet\u00f3rias t\u00e3o bonitas e \u00fanicas toquem seu cora\u00e7\u00f5es e mentes, acho que teremos um excelente come\u00e7o<\/em>\u201d, comenta o diretor.<\/p>\n<p>O longa, que parte de dois projetos anteriores do diretor, uma webs\u00e9rie e um curta, foi muito bem recebido em sua estreia na 45a\u00a0Mostra Internacional de Cinema em S\u00e3o Paulo.\u00a0\u00a0O cr\u00edtico Chico Fireman recomendou o longa e escreveu que\u00a0<em>\u201c[o] radicalismo de\u00a0<strong>TRANSVERSAIS<\/strong>\u00a0est\u00e1 em como seu tom \u00e9 de entendimento numa \u00e9poca de intoler\u00e2ncia. [E o filme] deveria ser mat\u00e9ria obrigat\u00f3ria em qualquer escola<\/em>.\u201d Matheus Mans, do site Esquina da Cultura, publicou que\u00a0<em>\u201c[o] filme, afinal, \u00e9 uma amostra de como a resist\u00eancia funciona. Bolsonaro reclamou, o filme existe. Hist\u00f3rias como a da m\u00e3e que ficou ao lado da filha quando essa se entendeu e se assumiu como transg\u00eanero \u00e9 um Brasil avesso ao de Bolsonaro e que \u00c9merson Maranh\u00e3o t\u00e3o bem consegue colocar na tela. Sentimos a esperan\u00e7a, o al\u00edvio e a emo\u00e7\u00e3o versus a barb\u00e1rie<\/em>.\u201d<\/p>\n<p>Denis Le Senechal Klimiuc, do Cinema com Rapadura, deu a nota m\u00e1xima ao document\u00e1rio, e declarou que \u201c<em>muito mais do que colher depoimentos e apresent\u00e1-los em uma montagem fluida e leve, Maranh\u00e3o \u00e9 h\u00e1bil ao criar um aspecto enorme para o seu trabalho. O filme inteiro \u00e9 pautado na vida daquelas pessoas e, portanto, na luz que emanam porque enxergam a metade cheia do copo<\/em>.\u201d<\/p>\n<p><strong>TRANSVERSAIS<\/strong>\u00a0\u00e9 distribu\u00eddo pela Deberton Filmes.<\/p>\n<p><strong>Depoimentos das entrevistadas e entrevistados<\/strong><\/p>\n<p><strong>Samilla Marques Aires<\/strong><\/p>\n<p>\u201cTransversais para mim \u00e9 um rompimento de paradigmas. \u00c9 desconstruir padr\u00f5es da nossa sociedade cisheteronormartiva, mostrando nossos corpos e nossas corpas de pessoas trans. Mais que um filme,\u00a0<strong>TRANSVERSAIS<\/strong>\u00a0para mim \u00e9 um ato pol\u00edtico no momento que a gente vive no Pa\u00eds.<\/p>\n<p>\u201cPara mim estar em Transversais \u00e9 um motivo de orgulho. Fico muito feliz de compartilhar minha hist\u00f3ria, para que as pessoas conhe\u00e7am nossas dificuldades e, mais que isso, nossas supera\u00e7\u00f5es. Para mim, este filme \u00e9 sobre supera\u00e7\u00e3o. \u00c9 claro que tem que ter muito coragem, nem todo mundo gosta de expor suas dores. Mas, de certa forma, me alivia faz\u00ea-lo no momento em que pode ajudar outras pessoas\u201d.<\/p>\n<p><strong>Kaio Lemos<\/strong><\/p>\n<p>\u201cDesde 2018, que a popula\u00e7\u00e3o LGBTQIAP+, e mais especificamente a popula\u00e7\u00e3o trans, est\u00e1 vivendo anos de persegui\u00e7\u00e3o e retrocesso em rela\u00e7\u00e3o aos nossos direitos b\u00e1sicos. A gente vive uma situa\u00e7\u00e3o muito preocupante em rela\u00e7\u00e3o a essa popula\u00e7\u00e3o. N\u00f3s estamos vivendo uma pandemia de covid-19, mas tamb\u00e9m vivemos uma pandemia de discursos de \u00f3dio, de viol\u00eancia e de morte. \u00c9 um cen\u00e1rio de pavor. E a popula\u00e7\u00e3o trans \u00e9 uma das mais atacadas, numa viol\u00eancia legitimada por esse desgoverno atual. A nossa identidade \u00e9 constantemente colocada em jogo. Acredito que\u00a0<strong>TRANSVERSAIS<\/strong>\u00a0tem essa pot\u00eancia de desconstru\u00e7\u00e3o, a partir das narrativas, das viv\u00eancias e das pr\u00e1ticas dessas pessoas trans que est\u00e3o no filme. Tudo isso \u00e9 muito importante. Acredito que Transversais tem a pot\u00eancia de estabelecer um di\u00e1logo com a sociedade, Seja uma forma de combater essa viol\u00eancia, que n\u00e3o \u00e9 s\u00f3 discursiva, \u00e9 de a\u00e7\u00f5es. Ao mostrar a nossa realidade, o filme se torna uma eficaz ferramenta de combate ao patriacardo, ao machismo e ao falocentrismo t\u00e3o vigentes.<\/p>\n<p>\u201cParticipar de Transversais, para mim, \u00e9 muito importante. Especificamente nesse filme, eu me senti muito bem, eu me sinto em casa. At\u00e9 porque a maior parte da equipe era de pessoas trans. Isso me permitiu ficar muito mais \u00e0 vontade, me permitiu me entregar mais, ter liberdade com o meu corpo, ter liberdade com as coisas que eu queria falar e que eu falei. N\u00e3o que as pessoas cis que est\u00e3o na equipe n\u00e3o se interessassem, elas se esfor\u00e7am. H\u00e1 claramente um esfor\u00e7o de compreens\u00e3o. As filmagens foram uma situa\u00e7\u00e3o insider. Eu me senti nessa condi\u00e7\u00e3o, dentro, participante dessa constru\u00e7\u00e3o. Foi um di\u00e1logo compartilhado. Foi muito bom! Tamb\u00e9m porque eu acredito que minha experi\u00eancia vai dialogar com muitas outras pessoas trans no Brasil. O compartilhamento de minha narrativa \u00e9 uma forma de sensibilizar outras pessoas que est\u00e3o passando por isso\u201d.<\/p>\n<p><strong>Mara Beatriz<\/strong><\/p>\n<p>\u201cNos dias de hoje, em que a gente est\u00e1 enfrentando tanto \u00f3dio, tanta LGBTfobia, o filme que vai mostrar como pessoas trans conseguem superar adversidades, conseguem combater essa LGBTfobia vai ajudar a muitas outras pessoas com essas quest\u00f5es em suas vidas\u201d.<\/p>\n<p>Participar de\u00a0<strong>TRANSVERSAIS<\/strong>\u00a0foi uma experi\u00eancia \u00fanica. A gente nunca tinha feito cinema antes, mas foi muito acolhida. A gente se sentiu muito honrado em ter a nossa hist\u00f3ria t\u00e3o fielmente abordada, e de forma t\u00e3o respeitosa. \u00c9 um filme que eu tenho certeza que ajudar\u00e1 outras fam\u00edlias a se relacionarem com pessoas trans\u201d.<\/p>\n<p><strong>Caio Jos\u00e9 Batista<\/strong><\/p>\n<p>\u201cEu acho que este filme \u00e9 de fundamental import\u00e2ncia para o momento em que estamos vivendo. Porque ele traz uma grande visibilidade para a causa trans\u201d.<\/p>\n<p>Foi muito legal participar de\u00a0<strong>TRANSVERSAIS<\/strong>. Foi muito desafiador tamb\u00e9m, porque \u00e9 um longa! E eu tive medo de n\u00e3o suprir as expectativas. \u00c9 um projeto grande e as expectativas s\u00e3o proporcionais, n\u00e9? Mas no fundo, foi muito legal porque eu consegui rever coisas dentro da minha vida e ver qu\u00e3o importante elas s\u00e3o para a pessoa que eu sou hoje, e que essas minhas viv\u00eancias podem ajudar a outras pessoas que passam por experi\u00eancias similares\u201d.<\/p>\n<p><strong>\u00c9rikah Alc\u00e2ntara<\/strong><\/p>\n<p>\u201cO filme traz a oportunidade de dar visibilidade a pessoas trans dentro de diversos contextos, para al\u00e9m da segrega\u00e7\u00e3o social imposta, com que comumente somos representadas. O filme mostra que, diferentemente do que a sociedade costuma apontar, n\u00f3s podemos ser o que quisermos, vivenciar rotinas familiares, rotinas de afeto, rotinas profissionais. Isso tudo de uma maneira muito natural.<\/p>\n<p>\u201cPara mim, participar de\u00a0<em>Transversais<\/em>\u00a0foi muito marcante, tanto porque eu pude relatar boa parte de minha vida, quanto porque uma pessoa muito querida minha, que inclusive participa do filme, partiu v\u00edtima da covid-19. Ent\u00e3o, esse filme tem uma das \u00faltimas imagens dele e isso \u00e9 muito forte. Sem falar, repito, na oportunidade de mostrar nosso dia a dia, que \u00e9 um dia a dia comum, mas geralmente as pessoas n\u00e3o fazem ideia disso\u201d.<\/td>\n<\/tr>\n<\/tbody>\n<\/table>\n<\/div>\n<div id=\"m_6873561824914355741m_-8268749495991492436image-image-section-list-left-4\">\n<table role=\"presentation\" border=\"0\" width=\"100%\" cellspacing=\"0\" cellpadding=\"0\" align=\"center\" bgcolor=\"#F0F0F0\">\n<tbody>\n<tr>\n<td>\n<table role=\"presentation\" border=\"0\" width=\"100%\" cellspacing=\"0\" cellpadding=\"0\" align=\"center\" bgcolor=\"#F0F0F0\">\n<tbody>\n<tr>\n<th align=\"left\"><\/th>\n<th align=\"left\">\n<table role=\"presentation\" border=\"0\" width=\"100%\" cellspacing=\"0\" cellpadding=\"0\" align=\"center\">\n<tbody>\n<tr>\n<td>\n<div>\n<p><img loading=\"lazy\" decoding=\"async\" class=\"CToWUd a6T alignleft\" src=\"https:\/\/ci3.googleusercontent.com\/proxy\/Ldx4zerXBQGreCTFQrtgfeVxx2osmMpHscZeYRxXTCvVRsOZjEZkGrkm0_XG4QqD5AuOd6_qzxRTN0BMW6jkuzLfixgGK2MCkmFlILduJuHc5Y3nTJ3h-fB9bSwakcBarkQZ6xiXtzjF-FwNwrnk327zye7KH7J_pRlmfNcnsbmlIj2SAS7h8cu4w-vdjlze9R3exxvOQSSqihUGpLoVtGmBPZZ8_rCYMEZU-Q=s0-d-e1-ft#https:\/\/images.squarespace-cdn.com\/content\/v1\/5b4bc0c570e802c5c3b59ece\/1644249719285-B2Z2Y7N2LJZX1NB4W6SJ\/CARTAZ_TRANSVERSAIS_sem_louros.jpg?format=750w\" alt=\"\" width=\"236\" height=\"334\" \/><strong>Sinopse<\/strong><\/p>\n<p>\u00c9rikah \u00e9 professora, Samilla \u00e9 funcion\u00e1ria p\u00fablica. Caio Jos\u00e9 \u00e9 param\u00e9dico, Kaio Lemos \u00e9 pesquisador acad\u00eamico. Mara \u00e9 jornalista e m\u00e3e de uma adolescente. Os cinco t\u00eam origens, forma\u00e7\u00f5es e classes sociais diferentes. Em comum, o fato de ter suas vidas atravessadas pela transexualidade<\/p>\n<\/div>\n<\/td>\n<\/tr>\n<\/tbody>\n<\/table>\n<\/th>\n<\/tr>\n<\/tbody>\n<\/table>\n<\/td>\n<\/tr>\n<\/tbody>\n<\/table>\n<\/div>\n<div id=\"m_6873561824914355741m_-8268749495991492436text-text-section-5\">\n<table role=\"presentation\" border=\"0\" width=\"100%\" cellspacing=\"0\" cellpadding=\"0\" bgcolor=\"transparent\">\n<tbody>\n<tr>\n<td valign=\"top\"><strong>Ficha T\u00e9cnica<\/strong><\/p>\n<p><strong>Roteiro e dire\u00e7\u00e3o<\/strong>: \u00c9merson Maranh\u00e3o<\/p>\n<p><strong>Produ\u00e7\u00e3o<\/strong>: Allan Deberton<\/p>\n<p><strong>Entrevistados<\/strong>: Caio Jos\u00e9 Batista, \u00c9rikah Alc\u00e2ntara, Kaio Lemos, Mara Beatriz, Samilla Marques Aires, Clotilde Batista Da Silva, Edivane Barros, J\u00e2nio Torres, Jos\u00e9 Rog\u00e9rio Franklin, Lara Mendes, Pai Alu\u00edsio, Priscila Marques, Priscila Paula Pessoa, Rozelangia de Paula Pessoa<\/p>\n<p><strong>Consultora de Roteiro<\/strong>: Julia Katharine<\/p>\n<p><strong>Assistente de Dire\u00e7\u00e3o<\/strong>: Breno Baptista<\/p>\n<p><strong>Produ\u00e7\u00e3o Executiva<\/strong>: C\u00e9sar Teixeira<\/p>\n<p><strong>Dire\u00e7\u00e3o de Produ\u00e7\u00e3o<\/strong>: Beijamim Arag\u00e3o<\/p>\n<p><strong>Fotografia e C\u00e2mera<\/strong>: Juno Braga, Linga Ac\u00e1cio<\/p>\n<p><strong>Assistente de C\u00e2mera<\/strong>: Evye Alves<\/p>\n<p><strong>Som Direto<\/strong>: Guma Farias<\/p>\n<p><strong>Trilha Sonora Original<\/strong>: Clau Aniz<\/p>\n<p><strong>Edi\u00e7\u00e3o de Som e Mixagem<\/strong>: \u00c9rico Paiva (Sap\u00e3o)<\/p>\n<p><strong>Montagem<\/strong>: Natara Ney<\/p>\n<p><strong>Logger e Assistente de Montagem<\/strong>: Luis Ramon<\/p>\n<p><strong>Fotografia adicional<\/strong>: Irene Bandeira, J\u00falio Caesar<\/p>\n<p><strong>Colorista<\/strong>\u00a0: Julia Bisilliat<\/p>\n<p><strong>Cr\u00e9ditos e Identidade<\/strong>\u00a0Visual: Miligrama<\/p>\n<p><strong>Produ\u00e7\u00e3o<\/strong>: Deberton Filmes<\/p>\n<p><strong>Coprodu\u00e7\u00e3o<\/strong>: A Sugestiva Filmes<\/td>\n<\/tr>\n<\/tbody>\n<\/table>\n<\/div>\n","protected":false},"excerpt":{"rendered":"<p>O longa cearense, dirigido por \u00c9merson Maranh\u00e3o, foi exibido na Mostra Internacional de S\u00e3o Paulo, Cine Cear\u00e1 e Mix Brasil<\/p>\n","protected":false},"author":34,"featured_media":0,"comment_status":"closed","ping_status":"closed","sticky":false,"template":"","format":"standard","meta":{"_jetpack_newsletter_access":"","_jetpack_dont_email_post_to_subs":false,"_jetpack_newsletter_tier_id":0,"_jetpack_memberships_contains_paywalled_content":false,"_jetpack_memberships_contains_paid_content":false,"footnotes":""},"categories":[7,11],"tags":[1953,2944,5804,8454],"class_list":["post-48453","post","type-post","status-publish","format-standard","hentry","category-comunicacao","category-cultura","tag-cine-ceara-e-mix-brasil","tag-documentario","tag-mostra-internacional","tag-transexualidade-transversais"],"aioseo_notices":[],"views":556,"jetpack_featured_media_url":"","jetpack_sharing_enabled":true,"jetpack_likes_enabled":true,"jetpack-related-posts":[{"id":45566,"url":"https:\/\/jornalrol.com.br\/?p=45566","url_meta":{"origin":48453,"position":0},"title":"Document\u00e1rio cearense sobre transexualidade estreia na 45\u00aa. Mostra Internacional de Cinema em S\u00e3o Paulo","author":"Veronica Moreira","date":"16 de outubro de 2021","format":false,"excerpt":"Fotos\u00a0 https:\/\/1drv.ms\/u\/s!AuE8oJHSrL6Uhf0bYbD_chs4mtbcyQ?e=r5aq8f TRANSVERSAIS, com dire\u00e7\u00e3o de \u00c9merson Maranh\u00e3o, e produ\u00e7\u00e3o de Allan Deberton, traz as hist\u00f3rias de cinco pessoas e os desafios da transexualidade O cineasta \u00c9merson Maranh\u00e3o costuma dizer que faz cinema para entender aos outros. \u201cPara me aproximar de universos e situa\u00e7\u00f5es que me sejam desconhecidos. Eu acho\u2026","rel":"","context":"Em &quot;Comunica\u00e7\u00e3o&quot;","block_context":{"text":"Comunica\u00e7\u00e3o","link":"https:\/\/jornalrol.com.br\/?cat=7"},"img":{"alt_text":"","src":"https:\/\/i0.wp.com\/www.jornalrol.com.br\/wp-content\/uploads\/2021\/10\/trans.jpg?resize=350%2C200","width":350,"height":200,"srcset":"https:\/\/i0.wp.com\/www.jornalrol.com.br\/wp-content\/uploads\/2021\/10\/trans.jpg?resize=350%2C200 1x, https:\/\/i0.wp.com\/www.jornalrol.com.br\/wp-content\/uploads\/2021\/10\/trans.jpg?resize=525%2C300 1.5x, https:\/\/i0.wp.com\/www.jornalrol.com.br\/wp-content\/uploads\/2021\/10\/trans.jpg?resize=700%2C400 2x"},"classes":[]},{"id":51790,"url":"https:\/\/jornalrol.com.br\/?p=51790","url_meta":{"origin":48453,"position":1},"title":"Dirigido por Lucas Bambozzi, &#039;Lavra&#039; estreia nos cinemas, no dia 8 de setembro","author":"Veronica Moreira","date":"2 de setembro de 2022","format":false,"excerpt":"Fotos:\u00a0https:\/\/1drv.ms\/u\/s!AuE8oJHSrL6UhtphTPV_-5DrtRndpQ?e=OQrVV2 Document\u00e1rio sobre os impactos da minera\u00e7\u00e3o na paisagem, na vida e na alma de Minas Gerais discute as trag\u00e9dias causadas pelas mineradoras Ap\u00f3s percurso por importantes festivais como o IDFA 2021 (Amsterd\u00e3), Hotdocs 2022 (Toronto), Festival de Cine de Lima e pr\u00eamios no Festival de Bras\u00edlia e Mostra Ecofalante,\u2026","rel":"","context":"Em &quot;Comunica\u00e7\u00e3o&quot;","block_context":{"text":"Comunica\u00e7\u00e3o","link":"https:\/\/jornalrol.com.br\/?cat=7"},"img":{"alt_text":"","src":"https:\/\/i0.wp.com\/jornalrol.com.br\/wp-content\/uploads\/2022\/09\/ceu-azul.jpg?resize=350%2C200&ssl=1","width":350,"height":200,"srcset":"https:\/\/i0.wp.com\/jornalrol.com.br\/wp-content\/uploads\/2022\/09\/ceu-azul.jpg?resize=350%2C200&ssl=1 1x, https:\/\/i0.wp.com\/jornalrol.com.br\/wp-content\/uploads\/2022\/09\/ceu-azul.jpg?resize=525%2C300&ssl=1 1.5x, https:\/\/i0.wp.com\/jornalrol.com.br\/wp-content\/uploads\/2022\/09\/ceu-azul.jpg?resize=700%2C400&ssl=1 2x"},"classes":[]},{"id":45496,"url":"https:\/\/jornalrol.com.br\/?p=45496","url_meta":{"origin":48453,"position":2},"title":"Document\u00e1rio sobre viol\u00eancia contra a mulher, rodado em 4 pa\u00edses, estreia em festivais do Brasil e M\u00e9xico","author":"Veronica Moreira","date":"13 de outubro de 2021","format":false,"excerpt":"NUNCA MAIS SEREI A MESMA, de Alice Lanari, est\u00e1 na sele\u00e7\u00e3o do 10o Olhar de Cinema NUNCA MAIS SEREI A MESMA, segundo document\u00e1rio de Alice Lanari faz sua estreia mundial na 10\u00aa edi\u00e7\u00e3o do Olhar de Cinema \u2013 Festival Internacional de Curitiba com exibi\u00e7\u00f5es nos dias 9 e 13 de\u2026","rel":"","context":"Em &quot;Comunica\u00e7\u00e3o&quot;","block_context":{"text":"Comunica\u00e7\u00e3o","link":"https:\/\/jornalrol.com.br\/?cat=7"},"img":{"alt_text":"","src":"https:\/\/i0.wp.com\/jornalrol.com.br\/wp-content\/uploads\/2021\/10\/catatumba.png?resize=350%2C200&ssl=1","width":350,"height":200,"srcset":"https:\/\/i0.wp.com\/jornalrol.com.br\/wp-content\/uploads\/2021\/10\/catatumba.png?resize=350%2C200&ssl=1 1x, https:\/\/i0.wp.com\/jornalrol.com.br\/wp-content\/uploads\/2021\/10\/catatumba.png?resize=525%2C300&ssl=1 1.5x, https:\/\/i0.wp.com\/jornalrol.com.br\/wp-content\/uploads\/2021\/10\/catatumba.png?resize=700%2C400&ssl=1 2x"},"classes":[]},{"id":3732,"url":"https:\/\/jornalrol.com.br\/?p=3732","url_meta":{"origin":48453,"position":3},"title":"Cine Clube de Itapetininga apresentar\u00e1 gratuitamente o filme &#039;Sementes do nosso quintal&#039;","author":"Helio Rubens","date":"17 de novembro de 2015","format":false,"excerpt":"Cine Clube Antonio Ballint, do Instituto Julio Prestes, em parceria com a Secretaria Municipal de Cultura e Turismo. apresentar\u00e1 gratuitamente o filme 'SEMENTES DO NOSSO QUINTAL', dia 19 de novembro\u00a0\u00e0s 19h30 \u00a0 Calorosamente recebido pelo p\u00fablico e premiado pelos internautas na 9.\u00aa edi\u00e7\u00e3o do Festival du Film d\u2019\u00c9ducation na Fran\u00e7a,\u00a0o\u2026","rel":"","context":"Em &quot;Comunica\u00e7\u00e3o&quot;","block_context":{"text":"Comunica\u00e7\u00e3o","link":"https:\/\/jornalrol.com.br\/?cat=7"},"img":{"alt_text":"foto 12","src":"https:\/\/i0.wp.com\/www.jornalrol.com.br\/wp-content\/uploads\/2015\/11\/foto-12-300x169.jpg?resize=350%2C200","width":350,"height":200},"classes":[]},{"id":36692,"url":"https:\/\/jornalrol.com.br\/?p=36692","url_meta":{"origin":48453,"position":4},"title":"Curta brasileiro &#039;CARNE&#039; conquista pr\u00eamios e est\u00e1 qualificado para o Oscar 2021","author":"Sergio Diniz da Costa","date":"13 de janeiro de 2021","format":false,"excerpt":"'CARNE', doc animado dirigido por Camila Kater est\u00e1 dispon\u00edvel em formato online e gratuito no New York Times Op-Docs Filme de estreia da diretora Camila Kater, o document\u00e1rio animado de 12 minutos \u201cCARNE\u201d, est\u00e1 qualificado para concorrer ao\u00a0Oscar\u00ae de 2021\u00a0na categoria de curta-metragem documental e tamb\u00e9m est\u00e1 na shortlist dos\u00a0Pr\u00eamios\u2026","rel":"","context":"Em &quot;Comunica\u00e7\u00e3o&quot;","block_context":{"text":"Comunica\u00e7\u00e3o","link":"https:\/\/jornalrol.com.br\/?cat=7"},"img":{"alt_text":"","src":"https:\/\/i0.wp.com\/www.jornalrol.com.br\/wp-content\/uploads\/2021\/01\/unnamed-1-300x170.png?resize=350%2C200","width":350,"height":200},"classes":[]},{"id":51275,"url":"https:\/\/jornalrol.com.br\/?p=51275","url_meta":{"origin":48453,"position":5},"title":"&#039;Aquilo que nunca perdi&#039;, sobre a cantora e compositora Alzira E, chega aos cinemas em 08 de setembro","author":"Veronica Moreira","date":"26 de julho de 2022","format":false,"excerpt":"Dirigido por Marina Thom\u00e9, document\u00e1rio que recebeu o pr\u00eamio de Melhor Filme no Festival In-Edit Brasil, traz a intimidade e o processo criativo da artista Vida e obra da artista Alzira E s\u00e3o o foco do document\u00e1rio\u00a0AQUILO QUE EU NUNCA PERDI, dirigido por Marina Thom\u00e9, e vencedor do Festival IN-EDIT\u2026","rel":"","context":"Em &quot;Comunica\u00e7\u00e3o&quot;","block_context":{"text":"Comunica\u00e7\u00e3o","link":"https:\/\/jornalrol.com.br\/?cat=7"},"img":{"alt_text":"","src":"https:\/\/i0.wp.com\/jornalrol.com.br\/wp-content\/uploads\/2022\/07\/setembro.jpg?resize=350%2C200&ssl=1","width":350,"height":200,"srcset":"https:\/\/i0.wp.com\/jornalrol.com.br\/wp-content\/uploads\/2022\/07\/setembro.jpg?resize=350%2C200&ssl=1 1x, https:\/\/i0.wp.com\/jornalrol.com.br\/wp-content\/uploads\/2022\/07\/setembro.jpg?resize=525%2C300&ssl=1 1.5x, https:\/\/i0.wp.com\/jornalrol.com.br\/wp-content\/uploads\/2022\/07\/setembro.jpg?resize=700%2C400&ssl=1 2x"},"classes":[]}],"_links":{"self":[{"href":"https:\/\/jornalrol.com.br\/index.php?rest_route=\/wp\/v2\/posts\/48453","targetHints":{"allow":["GET"]}}],"collection":[{"href":"https:\/\/jornalrol.com.br\/index.php?rest_route=\/wp\/v2\/posts"}],"about":[{"href":"https:\/\/jornalrol.com.br\/index.php?rest_route=\/wp\/v2\/types\/post"}],"author":[{"embeddable":true,"href":"https:\/\/jornalrol.com.br\/index.php?rest_route=\/wp\/v2\/users\/34"}],"replies":[{"embeddable":true,"href":"https:\/\/jornalrol.com.br\/index.php?rest_route=%2Fwp%2Fv2%2Fcomments&post=48453"}],"version-history":[{"count":0,"href":"https:\/\/jornalrol.com.br\/index.php?rest_route=\/wp\/v2\/posts\/48453\/revisions"}],"wp:attachment":[{"href":"https:\/\/jornalrol.com.br\/index.php?rest_route=%2Fwp%2Fv2%2Fmedia&parent=48453"}],"wp:term":[{"taxonomy":"category","embeddable":true,"href":"https:\/\/jornalrol.com.br\/index.php?rest_route=%2Fwp%2Fv2%2Fcategories&post=48453"},{"taxonomy":"post_tag","embeddable":true,"href":"https:\/\/jornalrol.com.br\/index.php?rest_route=%2Fwp%2Fv2%2Ftags&post=48453"}],"curies":[{"name":"wp","href":"https:\/\/api.w.org\/{rel}","templated":true}]}}