{"id":48898,"date":"2022-03-03T14:23:24","date_gmt":"2022-03-03T17:23:24","guid":{"rendered":"http:\/\/www.jornalrol.com.br\/?p=48898"},"modified":"2022-03-03T14:23:24","modified_gmt":"2022-03-03T17:23:24","slug":"48898-2","status":"publish","type":"post","link":"https:\/\/jornalrol.com.br\/?p=48898","title":{"rendered":""},"content":{"rendered":"<div class=\"pdfprnt-buttons pdfprnt-buttons-post pdfprnt-top-right\"><a href=\"https:\/\/jornalrol.com.br\/index.php?rest_route=%2Fwp%2Fv2%2Fposts%2F48898&print=pdf\" class=\"pdfprnt-button pdfprnt-button-pdf\" target=\"_blank\" ><\/a><a href=\"https:\/\/jornalrol.com.br\/index.php?rest_route=%2Fwp%2Fv2%2Fposts%2F48898&print=print\" class=\"pdfprnt-button pdfprnt-button-print\" target=\"_blank\" ><img decoding=\"async\" src=\"https:\/\/jornalrol.com.br\/wp-content\/plugins\/pdf-print\/images\/print.png\" alt=\"image_print\" title=\"Conte\u00fado de impress\u00e3o\" \/><\/a><\/div><p style=\"text-align: center;\"><a href=\"http:\/\/www.jornalrol.com.br\/sandra-albuquerque-presta-homenagem-em-versos-ao-inter-net-jornal\/internet-jornal-novo-logo-300x300\/\" rel=\"attachment wp-att-36291\"><img loading=\"lazy\" decoding=\"async\" class=\"attachment-266x266 size-266x266\" src=\"http:\/\/jornalrol.com.br\/wp-content\/uploads\/2021\/12\/Etiqueta-na-cor-certa-atualizada-em-jun21-300x300.jpg\" sizes=\"auto, (max-width: 266px) 100vw, 266px\" srcset=\"http:\/\/jornalrol.com.br\/wp-content\/uploads\/2021\/12\/Etiqueta-na-cor-certa-atualizada-em-jun21-300x300.jpg 300w, http:\/\/jornalrol.com.br\/wp-content\/uploads\/2021\/12\/Etiqueta-na-cor-certa-atualizada-em-jun21-150x150.jpg 150w, http:\/\/jornalrol.com.br\/wp-content\/uploads\/2021\/12\/Etiqueta-na-cor-certa-atualizada-em-jun21-55x55.jpg 55w, http:\/\/jornalrol.com.br\/wp-content\/uploads\/2021\/12\/Etiqueta-na-cor-certa-atualizada-em-jun21-160x160.jpg 160w, http:\/\/jornalrol.com.br\/wp-content\/uploads\/2021\/12\/Etiqueta-na-cor-certa-atualizada-em-jun21-310x309.jpg 310w, http:\/\/jornalrol.com.br\/wp-content\/uploads\/2021\/12\/Etiqueta-na-cor-certa-atualizada-em-jun21.jpg 468w\" alt=\"\" width=\"266\" height=\"266\" \/><\/a><\/p>\n<h1 style=\"text-align: center;\"><strong>EDI\u00c7\u00c3O 140<\/strong><\/h1>\n<p><!--more--><\/p>\n<p>&nbsp;<\/p>\n<h3 style=\"text-align: center;\">Eis a\u00ed, amigos leitores e leitoras, a nova edi\u00e7\u00e3o (n\u00famero 140) do Internet Jornal.<br \/>\nMais informativa do que nunca, com grande participa\u00e7\u00e3o dos membros da<br \/>\n<strong>Equipe IJ de Jornalismo<\/strong><br \/>\n(que s\u00e3o &#8216;identific\u00e1veis&#8217; bastando clicar nos nomes deles)<br \/>\ne com varias opini\u00f5es sobre os mais diversos assuntos da atualidade.<br \/>\nVoc\u00ea pode acessar a nova edi\u00e7\u00e3o clicando em um dos linques abaixo.<br \/>\nE depois, se gostar (achamos que vai gostar), compartilhe esta mensagem com seus amigos<br \/>\ne colegas para apoiar uma tentativa de fazer um bom jornalismo.<\/h3>\n<h3 style=\"text-align: center;\">https:\/\/drive.google.com\/file\/d\/1FnFALJK2QRu_nLG6zyaPQc6EpPieVHjz\/view?usp=sharing<br \/>\nou<br \/>\nhttps:\/\/1drv.ms\/b\/s!AqbLAyuV1dAPilT1sh9pMByr4VWZ?e=YJO8hP<\/h3>\n<p><!--more--><\/p>\n","protected":false},"excerpt":{"rendered":"<p>EDI\u00c7\u00c3O 140<\/p>\n","protected":false},"author":3,"featured_media":47872,"comment_status":"closed","ping_status":"closed","sticky":false,"template":"","format":"standard","meta":{"_jetpack_newsletter_access":"","_jetpack_dont_email_post_to_subs":false,"_jetpack_newsletter_tier_id":0,"_jetpack_memberships_contains_paywalled_content":false,"_jetpack_memberships_contains_paid_content":false,"footnotes":""},"categories":[7],"tags":[],"class_list":["post-48898","post","type-post","status-publish","format-standard","has-post-thumbnail","hentry","category-comunicacao"],"aioseo_notices":[],"views":413,"jetpack_featured_media_url":"https:\/\/jornalrol.com.br\/wp-content\/uploads\/2021\/12\/Etiqueta-na-cor-certa-atualizada-em-jun21.jpg","jetpack_sharing_enabled":true,"jetpack_likes_enabled":true,"jetpack-related-posts":[{"id":9007,"url":"https:\/\/jornalrol.com.br\/?p=9007","url_meta":{"origin":48898,"position":0},"title":"O livro &#039;Teorias da Comunica\u00e7\u00e3o Hoje&#039; prop\u00f5e uma nova forma de se estudar e pesquisar a comunica\u00e7\u00e3o.","author":"Helio Rubens","date":"27 de mar\u00e7o de 2017","format":false,"excerpt":"LIVRO SUGERE UMA NOVA FORMA DE ESTUDAR E PESQUISAR A COMUNICA\u00c7\u00c3O O autor Ciro Marcondes Filho justifica que a maioria das teorias da comunica\u00e7\u00e3o j\u00e1 caiu na obsolesc\u00eancia e no ostracismo. Para ele, poucas carregam certa atualidade. Ciro afirma que o momento comunicacional n\u00e3o para e est\u00e1 sempre em constante\u2026","rel":"","context":"Em &quot;Comunica\u00e7\u00e3o&quot;","block_context":{"text":"Comunica\u00e7\u00e3o","link":"https:\/\/jornalrol.com.br\/?cat=7"},"img":{"alt_text":"","src":"","width":0,"height":0},"classes":[]},{"id":68054,"url":"https:\/\/jornalrol.com.br\/?p=68054","url_meta":{"origin":48898,"position":1},"title":"Comunica\u00e7\u00e3o: inevitabilidade cultural e antropol\u00f3gica","author":"Diamantino Bartolo","date":"14 de julho de 2024","format":false,"excerpt":"A comunica\u00e7\u00e3o \u00e9 uma daquelas atividades humanas que todos conhecem, mas poucos conseguem definir, pelo menos no seu sentido mais abrangente, desde logo...","rel":"","context":"Em &quot;artigos&quot;","block_context":{"text":"artigos","link":"https:\/\/jornalrol.com.br\/?cat=9398"},"img":{"alt_text":"\"'Comunica\u00e7\u00e3o: inevitabilidade cultural e antropol\u00f3gica","src":"https:\/\/i0.wp.com\/jornalrol.com.br\/wp-content\/uploads\/2024\/07\/OIG2.jpg?resize=350%2C200&ssl=1","width":350,"height":200},"classes":[]},{"id":3139,"url":"https:\/\/jornalrol.com.br\/?p=3139","url_meta":{"origin":48898,"position":2},"title":"Artigo de Maraisa Lima: &#039;O que a comunica\u00e7\u00e3o tem a ver com a sua carreira?&#039;","author":"Helio Rubens","date":"6 de setembro de 2015","format":false,"excerpt":"Voc\u00ea tem ideia de quanto a habilidade de comunica\u00e7\u00e3o contribui para o posicionamento de sua carreira? \u00a0Este n\u00e3o \u00e9 um artigo publicit\u00e1rio, embora eu acredite que \u201cvender\u201d uma boa imagem profissional seja uma a\u00e7\u00e3o muito importante nos dias de hoje. Mas, para ser visto como um comunicador assertivo - aquele\u2026","rel":"","context":"Em &quot;Comunica\u00e7\u00e3o&quot;","block_context":{"text":"Comunica\u00e7\u00e3o","link":"https:\/\/jornalrol.com.br\/?cat=7"},"img":{"alt_text":"Mara\u00edsa Lima","src":"https:\/\/i0.wp.com\/www.jornalrol.com.br\/wp-content\/uploads\/2015\/09\/Mara%C3%ADsa-Lima-200x300.jpg?resize=350%2C200","width":350,"height":200},"classes":[]},{"id":35937,"url":"https:\/\/jornalrol.com.br\/?p=35937","url_meta":{"origin":48898,"position":3},"title":"SUELLEN CECILIO","author":"Helio Rubens","date":"22 de dezembro de 2020","format":false,"excerpt":"MINI-CURRICULO SUELLEN CECILIO \u00a0 Mestre em Ci\u00eancias da Comunica\u00e7\u00e3o - Perfil de Jornalismo pela Universidade dos A\u00e7ores (2013) e Bacharel em Comunica\u00e7\u00e3o Social - Habilita\u00e7\u00e3o em Publicidade e Propaganda pelo Instituto de Educa\u00e7\u00e3o Superior de Bras\u00edlia (2007). Tem experi\u00eancia e interesse nas \u00e1reas de Divulga\u00e7\u00e3o Cient\u00edfica, Infografia Jornal\u00edstica, Comunica\u00e7\u00e3o, Marketing\u2026","rel":"","context":"Em &quot;Comunica\u00e7\u00e3o&quot;","block_context":{"text":"Comunica\u00e7\u00e3o","link":"https:\/\/jornalrol.com.br\/?cat=7"},"img":{"alt_text":"","src":"https:\/\/i0.wp.com\/www.jornalrol.com.br\/wp-content\/uploads\/2020\/12\/IMG_0835-270x300.jpg?resize=350%2C200","width":350,"height":200},"classes":[]},{"id":70269,"url":"https:\/\/jornalrol.com.br\/?p=70269","url_meta":{"origin":48898,"position":4},"title":"Gest\u00e3o da comunica\u00e7\u00e3o","author":"Diamantino Bartolo","date":"21 de outubro de 2024","format":false,"excerpt":"Gerir a comunica\u00e7\u00e3o, competentemente, \u00e9 uma tarefa de todos, nas suas rela\u00e7\u00f5es interpessoais e intergrupais e, mais exigentemente, naqueles que exercem...","rel":"","context":"Em &quot;artigos&quot;","block_context":{"text":"artigos","link":"https:\/\/jornalrol.com.br\/?cat=9398"},"img":{"alt_text":"Gest\u00e3o da comunica\u00e7\u00e3o Imagem gerada por IA do Bing - 21 de outubro de 2024 \u00e0s 6:29 PM","src":"https:\/\/i0.wp.com\/jornalrol.com.br\/wp-content\/uploads\/2024\/10\/OIG1.zrW0V9kX3L.jpeg?resize=350%2C200&ssl=1","width":350,"height":200,"srcset":"https:\/\/i0.wp.com\/jornalrol.com.br\/wp-content\/uploads\/2024\/10\/OIG1.zrW0V9kX3L.jpeg?resize=350%2C200&ssl=1 1x, https:\/\/i0.wp.com\/jornalrol.com.br\/wp-content\/uploads\/2024\/10\/OIG1.zrW0V9kX3L.jpeg?resize=525%2C300&ssl=1 1.5x, https:\/\/i0.wp.com\/jornalrol.com.br\/wp-content\/uploads\/2024\/10\/OIG1.zrW0V9kX3L.jpeg?resize=700%2C400&ssl=1 2x"},"classes":[]},{"id":1731,"url":"https:\/\/jornalrol.com.br\/?p=1731","url_meta":{"origin":48898,"position":5},"title":"CONGRESSO DE COMUNICA\u00c7\u00c3O CORPORATIVA","author":"Helio Rubens","date":"4 de maio de 2015","format":false,"excerpt":"Congresso Brasileiro de Comunica\u00e7\u00e3o Corporativa segue com inscri\u00e7\u00f5es abertas Evento marcado para os dias 26, 27 e 28 de maio, em S\u00e3o Paulo, debater\u00e1 as Rupturas e conex\u00f5es da nova Comunica\u00e7\u00e3o Corporativa A 18\u00aa edi\u00e7\u00e3o do Congresso Brasileiro de Comunica\u00e7\u00e3o Corporativa 2015, marcada para os dias 26, 27 e 28\u2026","rel":"","context":"Em &quot;Comunica\u00e7\u00e3o&quot;","block_context":{"text":"Comunica\u00e7\u00e3o","link":"https:\/\/jornalrol.com.br\/?cat=7"},"img":{"alt_text":"","src":"https:\/\/i0.wp.com\/www.megabrasil.com.br\/NovoJCC\/img\/noticias\/23926.jpg?resize=350%2C200","width":350,"height":200},"classes":[]}],"_links":{"self":[{"href":"https:\/\/jornalrol.com.br\/index.php?rest_route=\/wp\/v2\/posts\/48898","targetHints":{"allow":["GET"]}}],"collection":[{"href":"https:\/\/jornalrol.com.br\/index.php?rest_route=\/wp\/v2\/posts"}],"about":[{"href":"https:\/\/jornalrol.com.br\/index.php?rest_route=\/wp\/v2\/types\/post"}],"author":[{"embeddable":true,"href":"https:\/\/jornalrol.com.br\/index.php?rest_route=\/wp\/v2\/users\/3"}],"replies":[{"embeddable":true,"href":"https:\/\/jornalrol.com.br\/index.php?rest_route=%2Fwp%2Fv2%2Fcomments&post=48898"}],"version-history":[{"count":0,"href":"https:\/\/jornalrol.com.br\/index.php?rest_route=\/wp\/v2\/posts\/48898\/revisions"}],"wp:featuredmedia":[{"embeddable":true,"href":"https:\/\/jornalrol.com.br\/index.php?rest_route=\/wp\/v2\/media\/47872"}],"wp:attachment":[{"href":"https:\/\/jornalrol.com.br\/index.php?rest_route=%2Fwp%2Fv2%2Fmedia&parent=48898"}],"wp:term":[{"taxonomy":"category","embeddable":true,"href":"https:\/\/jornalrol.com.br\/index.php?rest_route=%2Fwp%2Fv2%2Fcategories&post=48898"},{"taxonomy":"post_tag","embeddable":true,"href":"https:\/\/jornalrol.com.br\/index.php?rest_route=%2Fwp%2Fv2%2Ftags&post=48898"}],"curies":[{"name":"wp","href":"https:\/\/api.w.org\/{rel}","templated":true}]}}