{"id":48908,"date":"2022-03-04T20:18:06","date_gmt":"2022-03-04T23:18:06","guid":{"rendered":"http:\/\/www.jornalrol.com.br\/?p=48908"},"modified":"2022-03-04T20:18:06","modified_gmt":"2022-03-04T23:18:06","slug":"paulo-siuves-carnaval-do-ze-ninguem","status":"publish","type":"post","link":"https:\/\/jornalrol.com.br\/?p=48908","title":{"rendered":"Paulo Siuves: &#039;Carnaval do Z\u00e9 Ningu\u00e9m&#039;"},"content":{"rendered":"<div class=\"pdfprnt-buttons pdfprnt-buttons-post pdfprnt-top-right\"><a href=\"https:\/\/jornalrol.com.br\/index.php?rest_route=%2Fwp%2Fv2%2Fposts%2F48908&print=pdf\" class=\"pdfprnt-button pdfprnt-button-pdf\" target=\"_blank\" ><\/a><a href=\"https:\/\/jornalrol.com.br\/index.php?rest_route=%2Fwp%2Fv2%2Fposts%2F48908&print=print\" class=\"pdfprnt-button pdfprnt-button-print\" target=\"_blank\" ><img decoding=\"async\" src=\"https:\/\/jornalrol.com.br\/wp-content\/plugins\/pdf-print\/images\/print.png\" alt=\"image_print\" title=\"Conte\u00fado de impress\u00e3o\" \/><\/a><\/div><figure id=\"attachment_41142\" aria-describedby=\"caption-attachment-41142\" style=\"width: 112px\" class=\"wp-caption aligncenter\"><a href=\"http:\/\/www.jornalrol.com.br\/wp-content\/uploads\/2021\/05\/IMG-20201015-WA00891.jpg\"><img loading=\"lazy\" decoding=\"async\" data-attachment-id=\"41142\" data-permalink=\"https:\/\/jornalrol.com.br\/?attachment_id=41142\" data-orig-file=\"https:\/\/jornalrol.com.br\/wp-content\/uploads\/2021\/05\/IMG-20201015-WA00891.jpg\" data-orig-size=\"546,1280\" data-comments-opened=\"0\" data-image-meta=\"{&quot;aperture&quot;:&quot;0&quot;,&quot;credit&quot;:&quot;&quot;,&quot;camera&quot;:&quot;&quot;,&quot;caption&quot;:&quot;&quot;,&quot;created_timestamp&quot;:&quot;0&quot;,&quot;copyright&quot;:&quot;&quot;,&quot;focal_length&quot;:&quot;0&quot;,&quot;iso&quot;:&quot;0&quot;,&quot;shutter_speed&quot;:&quot;0&quot;,&quot;title&quot;:&quot;&quot;,&quot;orientation&quot;:&quot;0&quot;}\" data-image-title=\"IMG-20201015-WA0089(1)\" data-image-description=\"\" data-image-caption=\"&lt;p&gt;Paulo Siuves&lt;\/p&gt;\n\" data-large-file=\"https:\/\/jornalrol.com.br\/wp-content\/uploads\/2021\/05\/IMG-20201015-WA00891.jpg\" class=\"wp-image-41142 \" src=\"http:\/\/www.jornalrol.com.br\/wp-content\/uploads\/2021\/05\/IMG-20201015-WA00891-150x150.jpg\" alt=\"\" width=\"112\" height=\"112\" \/><\/a><figcaption id=\"caption-attachment-41142\" class=\"wp-caption-text\">Paulo Siuves<\/figcaption><\/figure>\n<h2 style=\"text-align: center;\">Carnaval do Z\u00e9 Ningu\u00e9m<\/h2>\n<p><!--more--><\/p>\n<p style=\"text-align: center;\">O carnaval, para mim, parece m\u00e1gico.<\/p>\n<p style=\"text-align: center;\">L\u00e1 est\u00e3o homens e mulheres pern\u00f3sticos,<\/p>\n<p style=\"text-align: center;\">Divertem-se ao som das marchas c\u00e9lebres;<\/p>\n<p style=\"text-align: center;\">Das composi\u00e7\u00f5es com car\u00e1ter l\u00fagubre,<\/p>\n<p style=\"text-align: center;\">\u00c0s m\u00fasicas cantadas por vozes l\u00e2nguidas.<\/p>\n<p style=\"text-align: center;\">Nas ruas onde janelas assistem b\u00eabedas,<\/p>\n<p style=\"text-align: center;\">Homens s\u00e3o mulheres, e mulheres? T\u00e3o p\u00e1rvulas&#8230;<\/p>\n<p style=\"text-align: center;\">O carnaval, assim, parece tr\u00e1gico.<\/p>\n<p style=\"text-align: center;\">E homens e mulheres divertem-se l\u00e9pidos&#8230;<\/p>\n<p>&nbsp;<\/p>\n<p style=\"text-align: center;\">L\u00e1 vai o Z\u00e9 Ningu\u00e9m cheio de \u00e2nimo,<\/p>\n<p style=\"text-align: center;\">Depois de um dia passado ins\u00edpido,<\/p>\n<p style=\"text-align: center;\">Maquiado e vestido de maneira ins\u00f3lita,<\/p>\n<p style=\"text-align: center;\">Perseguindo curvas nas curvas \u00edngremes<\/p>\n<p style=\"text-align: center;\">Dos bairros animados pelas recentes b\u00e1tegas<\/p>\n<p style=\"text-align: center;\">E os rios descem v\u00e2ndalos,<\/p>\n<p style=\"text-align: center;\">Mas a festa desce inc\u00f3lume.<\/p>\n<p style=\"text-align: center;\">N\u00e3o vamos apenas chorar as cat\u00e1strofes.<\/p>\n<p>&nbsp;<\/p>\n<p style=\"text-align: center;\">Vamos rir o nosso estado ef\u00eamero,<\/p>\n<p style=\"text-align: center;\">Balan\u00e7ando bandeirolas, Brasil brasileiro!<\/p>\n<p style=\"text-align: center;\">Pr\u00e9stitos cora\u00e7\u00f5es em festas de rua.<\/p>\n<p style=\"text-align: center;\">\u00cdntimos s\u00e3o os artes\u00e3os da alegria.<\/p>\n<p style=\"text-align: center;\">Acr\u00f3batas, colombinas, pierrots e arlequins.<\/p>\n<p style=\"text-align: center;\">Art\u00edfices poetas dir\u00e3o:<\/p>\n<p style=\"text-align: center;\">&#8216;Abram alas para mim, um buf\u00e3o,<\/p>\n<p style=\"text-align: center;\">Um triste e apaixonado foli\u00e3o.&#8217;;<\/p>\n<p style=\"text-align: center;\">\u00c2nimo! Tudo \u00e9 festa no sal\u00e3o,<\/p>\n<p style=\"text-align: center;\">E o ano j\u00e1 vai come\u00e7ar&#8230;<\/p>\n<p>&nbsp;<\/p>\n<h3 style=\"text-align: center;\">Paulo Siuves<\/h3>\n<p style=\"text-align: center;\">paulosiuves@yahoo.com.br<\/p>\n<p>&nbsp;<\/p>\n<p>&nbsp;<\/p>\n","protected":false},"excerpt":{"rendered":"<p>Carnaval do Z\u00e9 Ningu\u00e9m<\/p>\n","protected":false},"author":38,"featured_media":0,"comment_status":"closed","ping_status":"closed","sticky":false,"template":"","format":"standard","meta":{"_jetpack_newsletter_access":"","_jetpack_dont_email_post_to_subs":false,"_jetpack_newsletter_tier_id":0,"_jetpack_memberships_contains_paywalled_content":false,"_jetpack_memberships_contains_paid_content":false,"footnotes":""},"categories":[7],"tags":[1673,6649,6854],"class_list":["post-48908","post","type-post","status-publish","format-standard","hentry","category-comunicacao","tag-carnaval-do-ze-ninguem","tag-paulo-siuves","tag-poesia"],"aioseo_notices":[],"views":544,"jetpack_featured_media_url":"","jetpack_sharing_enabled":true,"jetpack_likes_enabled":true,"jetpack-related-posts":[{"id":4192,"url":"https:\/\/jornalrol.com.br\/?p=4192","url_meta":{"origin":48908,"position":0},"title":"Artigo de Pedro Novaes: &#039;Voltando ao trabalho&#039;","author":"Helio Rubens","date":"11 de fevereiro de 2016","format":false,"excerpt":"\u00a0 Pedro Israel Novaes de Almeida - VOLTANDO AO TRABALHO \u00a0 \u00a0 \u00a0 Acabou o carnaval ! De quarta a domingo, \u00e9 o per\u00edodo de concentra\u00e7\u00e3o para o trabalho de segunda-feira, que por uma trag\u00e9dia do destino n\u00e3o \u00e9 feriado. A TV aberta prepara a pauta dos pr\u00f3ximos dias, quando\u2026","rel":"","context":"Em &quot;Comunica\u00e7\u00e3o&quot;","block_context":{"text":"Comunica\u00e7\u00e3o","link":"https:\/\/jornalrol.com.br\/?cat=7"},"img":{"alt_text":"colunista do ROL","src":"https:\/\/i0.wp.com\/www.jornalrol.com.br\/wp-content\/uploads\/2014\/11\/Foto-close1.jpg?resize=350%2C200","width":350,"height":200},"classes":[]},{"id":16553,"url":"https:\/\/jornalrol.com.br\/?p=16553","url_meta":{"origin":48908,"position":1},"title":"Carlos Carvalho Cavalheiro: &#039;Carnaval e reminisc\u00eancias: o boizinho&#039;","author":"Sergio Diniz da Costa","date":"19 de fevereiro de 2018","format":false,"excerpt":"No Brasil s\u00e3o infinitas as manifesta\u00e7\u00f5es culturais que apresentam o boi ou o touro como tema principal. Temos o Boi de Reis, o Bumba-meu-boi, o Boi Bumb\u00e1, o Boi de Mam\u00e3o, o Boi do Maranh\u00e3o, entre outros.\" \u00a0 Uma das tradi\u00e7\u00f5es mais interessantes do carnaval de Porto Feliz e que\u2026","rel":"","context":"Em &quot;Comunica\u00e7\u00e3o&quot;","block_context":{"text":"Comunica\u00e7\u00e3o","link":"https:\/\/jornalrol.com.br\/?cat=7"},"img":{"alt_text":"","src":"https:\/\/i0.wp.com\/www.jornalrol.com.br\/wp-content\/uploads\/2017\/01\/carlos-cavalheiro.jpg?resize=350%2C200","width":350,"height":200},"classes":[]},{"id":8492,"url":"https:\/\/jornalrol.com.br\/?p=8492","url_meta":{"origin":48908,"position":2},"title":"Celio Pezza: cronica &#039;Carnaval&#039;","author":"Helio Rubens","date":"2 de mar\u00e7o de 2017","format":false,"excerpt":"Celio Pezza - Cr\u00f4nica # 346 -\u00a0Carnaval \u00a0 \u00a0 Acabou o Carnaval, a hora de sambar e esquecer os problemas do dia a dia, por\u00e9m quantos sabem de sua origem? Alguns historiadores contam que dez mil anos antes de Cristo, homens e mulheres se reuniam uma vez ao ano com\u2026","rel":"","context":"Em &quot;Comunica\u00e7\u00e3o&quot;","block_context":{"text":"Comunica\u00e7\u00e3o","link":"https:\/\/jornalrol.com.br\/?cat=7"},"img":{"alt_text":"","src":"https:\/\/i0.wp.com\/www.jornalrol.com.br\/wp-content\/uploads\/2017\/01\/Imagem-close-Google-1.jpeg?resize=350%2C200","width":350,"height":200},"classes":[]},{"id":8361,"url":"https:\/\/jornalrol.com.br\/?p=8361","url_meta":{"origin":48908,"position":3},"title":"Pedro Novaes: &#039;Carnaval&#039;","author":"Helio Rubens","date":"22 de fevereiro de 2017","format":false,"excerpt":"Pedro Israel Novaes de Almeida - CARNAVAL \u00a0 O carnaval \u00e9 a tr\u00e9gua que o pa\u00eds est\u00e1 merecendo. Por quatro dias, os tr\u00eas poderes estar\u00e3o inoperantes, embora persistam as tramas e conversa\u00e7\u00f5es de sempre. A ind\u00fastria estar\u00e1 parada, enquanto os setores de servi\u00e7os e turismo acelerar\u00e3o o ritmo. Crian\u00e7as brincar\u00e3o\u2026","rel":"","context":"Em &quot;Comunica\u00e7\u00e3o&quot;","block_context":{"text":"Comunica\u00e7\u00e3o","link":"https:\/\/jornalrol.com.br\/?cat=7"},"img":{"alt_text":"colunista do ROL","src":"https:\/\/i0.wp.com\/www.jornalrol.com.br\/wp-content\/uploads\/2014\/11\/Foto-close1.jpg?resize=350%2C200","width":350,"height":200},"classes":[]},{"id":16403,"url":"https:\/\/jornalrol.com.br\/?p=16403","url_meta":{"origin":48908,"position":4},"title":"Deu na Tv Tem: &#039;Museu Paulo Set\u00fabal ficar\u00e1 aberto em Tatu\u00ed durante o carnaval&#039;","author":"Helio Rubens","date":"12 de fevereiro de 2018","format":false,"excerpt":"Objetivo \u00e9 atender turistas que visitam a cidade durante os dias de folia. Por G1 Itapetininga e Regi\u00e3o 11\/02\/2018 13h30\u00a0\u00a0Atualizado 11\/02\/2018 13h30 \u00a0Museu Paulo Set\u00fabal ficar\u00e1 aberto em Tatu\u00ed durante o carnaval O Museu Hist\u00f3rico \u201cPaulo Set\u00fabal\u201d ficar\u00e1 aberto ao p\u00fablico, das 9h \u00e0s 17h, nos dias de carnaval. A\u2026","rel":"","context":"Em &quot;Comunica\u00e7\u00e3o&quot;","block_context":{"text":"Comunica\u00e7\u00e3o","link":"https:\/\/jornalrol.com.br\/?cat=7"},"img":{"alt_text":"Museu Paulo Set\u00fabal ficar\u00e1 aberto em Tatu\u00ed durante o carnaval","src":"https:\/\/i0.wp.com\/s01.video.glbimg.com\/x720\/6491956.jpg?resize=350%2C200&ssl=1","width":350,"height":200},"classes":[]},{"id":25113,"url":"https:\/\/jornalrol.com.br\/?p=25113","url_meta":{"origin":48908,"position":5},"title":"Claudio Bloch: &#039;O Dia Internacional das Mulheres&#039;","author":"Helio Rubens","date":"9 de mar\u00e7o de 2019","format":false,"excerpt":"O DIA INTERNACIONAL DAS MULHERES A luta das mulheres contra o fim da viol\u00eancia Nunca recebi e postei tantas mensagens de apoio e celebra\u00e7\u00e3o pelo Dia Internacional da Mulher, comemorado ontem, dia 8 de mar\u00e7o. Mas h\u00e1 ainda muita luta pela frente para que seja apenas motivo de comemora\u00e7\u00e3o. N\u00fameros\u2026","rel":"","context":"Em &quot;Comunica\u00e7\u00e3o&quot;","block_context":{"text":"Comunica\u00e7\u00e3o","link":"https:\/\/jornalrol.com.br\/?cat=7"},"img":{"alt_text":"","src":"https:\/\/i0.wp.com\/www.jornalrol.com.br\/wp-content\/uploads\/2018\/11\/Claudio-close-reduzido2.png?resize=350%2C200","width":350,"height":200},"classes":[]}],"_links":{"self":[{"href":"https:\/\/jornalrol.com.br\/index.php?rest_route=\/wp\/v2\/posts\/48908","targetHints":{"allow":["GET"]}}],"collection":[{"href":"https:\/\/jornalrol.com.br\/index.php?rest_route=\/wp\/v2\/posts"}],"about":[{"href":"https:\/\/jornalrol.com.br\/index.php?rest_route=\/wp\/v2\/types\/post"}],"author":[{"embeddable":true,"href":"https:\/\/jornalrol.com.br\/index.php?rest_route=\/wp\/v2\/users\/38"}],"replies":[{"embeddable":true,"href":"https:\/\/jornalrol.com.br\/index.php?rest_route=%2Fwp%2Fv2%2Fcomments&post=48908"}],"version-history":[{"count":0,"href":"https:\/\/jornalrol.com.br\/index.php?rest_route=\/wp\/v2\/posts\/48908\/revisions"}],"wp:attachment":[{"href":"https:\/\/jornalrol.com.br\/index.php?rest_route=%2Fwp%2Fv2%2Fmedia&parent=48908"}],"wp:term":[{"taxonomy":"category","embeddable":true,"href":"https:\/\/jornalrol.com.br\/index.php?rest_route=%2Fwp%2Fv2%2Fcategories&post=48908"},{"taxonomy":"post_tag","embeddable":true,"href":"https:\/\/jornalrol.com.br\/index.php?rest_route=%2Fwp%2Fv2%2Ftags&post=48908"}],"curies":[{"name":"wp","href":"https:\/\/api.w.org\/{rel}","templated":true}]}}