{"id":48911,"date":"2022-03-05T03:16:09","date_gmt":"2022-03-05T06:16:09","guid":{"rendered":"http:\/\/www.jornalrol.com.br\/?p=48911"},"modified":"2022-03-05T03:16:09","modified_gmt":"2022-03-05T06:16:09","slug":"revista-internacional-the-bard-ja-esta-organizando-o-proximo-edital-que-sera-lancado-em-marco-e-abril-de-2022","status":"publish","type":"post","link":"https:\/\/jornalrol.com.br\/?p=48911","title":{"rendered":"Revista Internacional The Bard j\u00e1 est\u00e1 organizando o pr\u00f3ximo edital que ser\u00e1 lan\u00e7ado em mar\u00e7o e abril de 2022"},"content":{"rendered":"<div class=\"pdfprnt-buttons pdfprnt-buttons-post pdfprnt-top-right\"><a href=\"https:\/\/jornalrol.com.br\/index.php?rest_route=%2Fwp%2Fv2%2Fposts%2F48911&print=pdf\" class=\"pdfprnt-button pdfprnt-button-pdf\" target=\"_blank\" ><\/a><a href=\"https:\/\/jornalrol.com.br\/index.php?rest_route=%2Fwp%2Fv2%2Fposts%2F48911&print=print\" class=\"pdfprnt-button pdfprnt-button-print\" target=\"_blank\" ><img decoding=\"async\" src=\"https:\/\/jornalrol.com.br\/wp-content\/plugins\/pdf-print\/images\/print.png\" alt=\"image_print\" title=\"Conte\u00fado de impress\u00e3o\" \/><\/a><\/div><p><a href=\"http:\/\/www.jornalrol.com.br\/revista-internacional-the-bard-ja-esta-organizando-o-proximo-edital-que-sera-lancado-em-marco-e-abril-de-2022\/01c2b803-1b6c-4efd-bbb1-3b7c33a45ea0\/\" rel=\"attachment wp-att-48913\"><img loading=\"lazy\" decoding=\"async\" class=\"aligncenter wp-image-48913\" src=\"http:\/\/www.jornalrol.com.br\/wp-content\/uploads\/2022\/03\/01c2b803-1b6c-4efd-bbb1-3b7c33a45ea0.jpeg\" alt=\"\" width=\"327\" height=\"335\" \/><\/a><\/p>\n<h2 style=\"text-align: center;\"><em>Por sua presen\u00e7a expressiva em um portal de not\u00edcias e dez redes sociais, destaca-se no segmento por ser a \u00fanica publica\u00e7\u00e3o no mundo que utiliza de tecnologia com links de direcionamento e Feed RSS em PDF interativo<\/em><\/h2>\n<p><!--more--><\/p>\n<p>A Revista Internacional &#8216;The Bard&#8217; visa promover a Arte e a Cultura em suas diversas express\u00f5es.<\/p>\n<p>A iniciativa &#8216;<strong>The Wolf Bard&#8217;<\/strong>\u00a0est\u00e1 presente em 24 pa\u00edses de tr\u00eas continentes e re\u00fane artistas, poetas e escritores dos mais variados estilos.<\/p>\n<p>Por sua presen\u00e7a expressiva em um portal de not\u00edcias e dez redes sociais, destaca-se no segmento por ser a \u00fanica publica\u00e7\u00e3o no mundo que utiliza de tecnologia com links de direcionamento e Feed RSS em PDF interativo. Trata-se de um movimento de incentivo e valoriza\u00e7\u00e3o das artes e da literatura, por meio de participa\u00e7\u00e3o gratuita, colaborativa, volunt\u00e1ria e sem fins lucrativos.<\/p>\n<p>A Revista The Bard \u00e9 bimestral e disp\u00f5e de um edital a cada edi\u00e7\u00e3o para submiss\u00f5es que ser\u00e3o analisadas e avaliadas para publica\u00e7\u00e3o.<\/p>\n<p><strong>J.B. Wolf\u00a0<\/strong>\u00e9 o\u00a0idealizador do <strong>Projeto<\/strong> <strong>The Wolf Bard<\/strong>\u00a0 e\u00a0 diretor da <strong>Revista The Bard<\/strong>, e, com evidente entusiasmo pela receptividade do projeto e da revista,\u00a0demonstra um profundo agradecimento a todos que apoiam a iniciativa, colocando-se \u00e0 disposi\u00e7\u00e3o para quaisquer esclarecimentos.<\/p>\n<p><strong>J. B. Wolf<\/strong><\/p>\n<p><a href=\"http:\/\/www.jornalrol.com.br\/revista-internacional-the-bard-ja-esta-organizando-o-proximo-edital-que-sera-lancado-em-marco-e-abril-de-2022\/jbwolf-30-branco-2\/\" rel=\"attachment wp-att-48914\"><img loading=\"lazy\" decoding=\"async\" class=\"wp-image-48914 alignleft\" src=\"http:\/\/www.jornalrol.com.br\/wp-content\/uploads\/2022\/03\/JBWOLF-30-Branco-1-1.png\" alt=\"\" width=\"210\" height=\"215\" \/><\/a>Natural de Bel\u00e9m do Par\u00e1 e radicado em Niter\u00f3i\/RJ, \u00e9 monarquista, poeta, escritor, m\u00fasico erudito instrumentista e compositor, enamorado da vida e amante das artes. Graduado em Hist\u00f3ria pela UFF\/ Rio de Janeiro. Graduando em Filosofia pela UNIFCV; Psicologia pela IESB\/Bras\u00edlia; Graduando em Filosofia e graduando em Letras pela Universidade Cat\u00f3lica de Bras\u00edlia; An\u00e1lises e Desenvolvimento de Sistemas-Cederj\/Est\u00e1cio; Webdesigner Infnet\/ RJ e Funcion\u00e1rio P\u00fablico Federal em exerc\u00edcio; Peacekeepers da ONU. Participou de miss\u00f5es humanit\u00e1rias, miss\u00f5es de paz e miss\u00f5es internacionais humanit\u00e1rias. Idealizador e Editor Chefe da Revista The Bard. Designer gr\u00e1fico, Recebeu Certificado da Adobe, \u00e9 editor de v\u00eddeo, diagramador e capista da Revista. Escritor da trilogia Esta\u00e7\u00f5es: Atos po\u00e9ticos Drama I \u2022 Invernos; Drama II \u2022 Primaveras; Drama III\u2022 Outonos; Escritor do Livro 280 Caracteres Po\u00e9ticos; Estudou na Escola de M\u00fasica Vila Lobos\/RJ e no Conservat\u00f3rio Carlos Gomes\/ Bel\u00e9m \u2013PA; Compositor e m\u00fasico finalista do Pr\u00eamio FASG de M\u00fasica em S\u00e3o Gon\u00e7alo\/RJ e do FestVilla da Escola de M\u00fasica Vila Lobos; Membro Acad\u00eamico Imortal Internacional da FEBACLA &#8211; Federa\u00e7\u00e3o Brasileira dos Acad\u00eamicos das Ci\u00eancias Letras e Artes. Cadeira n 226, Patrono: Lord Byron. Recebeu pela FEBACLA: T\u00edtulo de Honor\u00e1vel Mestre da Literatura Brasileira, Destaque Caneta de Ouro 2020, Medalha M\u00e9rito Acad\u00eamico, Medalha Not\u00f3rio Saber Cultural, Medalha Comemorativa do Bicenten\u00e1rio de Nascimento de Anita Garibaldi, o T\u00edtulo Honor\u00edfico de Comendador Guanabara, e do Supremo Consist\u00f3rio Internacional dos Embaixadores da Paz o Titulo Honor\u00edfico de Embaixador da Paz.<br \/>\nJos\u00e9 Bento Wolf dedica-se fielmente a promover a cultura e os artistas por meio da Revista Internacional The Bard. coloco-me \u00e0 disposi\u00e7\u00e3o para quaisquer esclarecimentos. Com\u00a0os\u00a0melhores\u00a0cumprimentos.<\/p>\n<p><strong>LINK DE ACESSO:<\/strong>\u00a0\u00a0<a href=\"https:\/\/l.instagram.com\/?u=https%3A%2F%2Fthewolfbard.com%2Fwp-content%2Fuploads%2F2021%2F11%2FNOVO-PORTAL-THE-BARD.pdf&amp;e=ATPnWdLDJP2txN18IeYoZR1t1ecKXjmn-FHDOlRCQ9I8bVoO6pNK3Z9LLGQcOmFQ49BTmqYUGxeA3uP-WSBrcVyMao6P7VBVHDoThw&amp;s=1\">https:\/\/l.instagram.com\/?u=https%3A%2F%2Fthewolfbard.com%2Fwp-content%2Fuploads%2F2021%2F11%2FNOVO-PORTAL-THE-BARD.pdf&amp;e=ATPnWdLDJP2txN18IeYoZR1t1ecKXjmn-FHDOlRCQ9I8bVoO6pNK3Z9LLGQcOmFQ49BTmqYUGxeA3uP-WSBrcVyMao6P7VBVHDoThw&amp;s=1<\/a><\/p>\n<p>&nbsp;<\/p>\n","protected":false},"excerpt":{"rendered":"<p>Por sua presen\u00e7a expressiva em um portal de not\u00edcias e dez redes sociais, destaca-se no segmento por ser a \u00fanica publica\u00e7\u00e3o no mundo que utiliza de tecnologia com links de direcionamento e Feed RSS em PDF interativo<\/p>\n","protected":false},"author":34,"featured_media":48913,"comment_status":"closed","ping_status":"closed","sticky":false,"template":"","format":"standard","meta":{"_jetpack_newsletter_access":"","_jetpack_dont_email_post_to_subs":false,"_jetpack_newsletter_tier_id":0,"_jetpack_memberships_contains_paywalled_content":false,"_jetpack_memberships_contains_paid_content":false,"footnotes":""},"categories":[7,11],"tags":[1057,2510,2921,7524],"class_list":["post-48911","post","type-post","status-publish","format-standard","has-post-thumbnail","hentry","category-comunicacao","category-cultura","tag-arte","tag-cultura","tag-diversas-expressoes","tag-revista-internacional-the-bard"],"aioseo_notices":[],"views":0,"jetpack_featured_media_url":"","jetpack_sharing_enabled":true,"jetpack_likes_enabled":true,"jetpack-related-posts":[{"id":49314,"url":"https:\/\/jornalrol.com.br\/?p=49314","url_meta":{"origin":48911,"position":0},"title":"Edital de maio e junho da revista The Wolf Bard 2022 j\u00e1 est\u00e1 aberto para receber inscri\u00e7\u00f5es de participa\u00e7\u00e3o","author":"Veronica Moreira","date":"25 de mar\u00e7o de 2022","format":false,"excerpt":"A Revista The Bard \u00e9 Bimestral e a participa\u00e7\u00e3o \u00e9 gratuita, colaborativa, volunt\u00e1ria e sem fins lucrativos A Revista Internacional The Bard visa promover a Arte e a Cultura em suas diversas express\u00f5es. A iniciativa The Wolf Bard, idealizada por J.B.Wolf, est\u00e1 presente em 24 pa\u00edses de tr\u00eas continentes e\u2026","rel":"","context":"Em &quot;Comunica\u00e7\u00e3o&quot;","block_context":{"text":"Comunica\u00e7\u00e3o","link":"https:\/\/jornalrol.com.br\/?cat=7"},"img":{"alt_text":"","src":"https:\/\/i0.wp.com\/www.jornalrol.com.br\/wp-content\/uploads\/2022\/03\/62cfbfdc-d623-4a42-8582-e721750d5c13.jpeg?resize=350%2C200","width":350,"height":200},"classes":[]},{"id":62120,"url":"https:\/\/jornalrol.com.br\/?p=62120","url_meta":{"origin":48911,"position":1},"title":"No Quadro do ROL, Ana Kelly, uma navegante das poesias g\u00f3ticas, melanc\u00f3licas e sombrias","author":"Sergio Diniz da Costa","date":"13 de outubro de 2023","format":false,"excerpt":"Quando a \u00faltima l\u00e1grima cair, quando a \u00faltima borboleta bater as asas e o verde n\u00e3o mais existir, O que ser\u00e1 de nossas casas? Quando a abund\u00e2ncia for um mito...","rel":"","context":"Em &quot;Literatura&quot;","block_context":{"text":"Literatura","link":"https:\/\/jornalrol.com.br\/?cat=9285"},"img":{"alt_text":"","src":"https:\/\/i0.wp.com\/jornalrol.com.br\/wp-content\/uploads\/2023\/10\/OIG-6.jpg?resize=350%2C200&ssl=1","width":350,"height":200,"srcset":"https:\/\/i0.wp.com\/jornalrol.com.br\/wp-content\/uploads\/2023\/10\/OIG-6.jpg?resize=350%2C200&ssl=1 1x, https:\/\/i0.wp.com\/jornalrol.com.br\/wp-content\/uploads\/2023\/10\/OIG-6.jpg?resize=525%2C300&ssl=1 1.5x, https:\/\/i0.wp.com\/jornalrol.com.br\/wp-content\/uploads\/2023\/10\/OIG-6.jpg?resize=700%2C400&ssl=1 2x"},"classes":[]},{"id":53017,"url":"https:\/\/jornalrol.com.br\/?p=53017","url_meta":{"origin":48911,"position":2},"title":"J. H. Martins, um escritor carioca que veio para ficar!","author":"Sergio Diniz da Costa","date":"17 de dezembro de 2022","format":false,"excerpt":"Da engenharia de software para as letras, a compet\u00eancia de quem tem o que escrever Jos\u00e9 Henriques Martins, ou J. H. Martins, como assina seus textos, natural do Rio de Janeiro\/RJ, 59 anos, \u00e9 filho de portugueses, casado, e tem tr\u00eas filhos e dois netos. Profissionalmente, \u00e9 p\u00f3s-graduado em engenharia\u2026","rel":"","context":"Em &quot;Comunica\u00e7\u00e3o&quot;","block_context":{"text":"Comunica\u00e7\u00e3o","link":"https:\/\/jornalrol.com.br\/?cat=7"},"img":{"alt_text":"","src":"https:\/\/i0.wp.com\/jornalrol.com.br\/wp-content\/uploads\/2022\/12\/8543a4eb-dfc0-4b3d-b65c-4856cc9662d8-5-1-1.jpg?resize=350%2C200&ssl=1","width":350,"height":200,"srcset":"https:\/\/i0.wp.com\/jornalrol.com.br\/wp-content\/uploads\/2022\/12\/8543a4eb-dfc0-4b3d-b65c-4856cc9662d8-5-1-1.jpg?resize=350%2C200&ssl=1 1x, https:\/\/i0.wp.com\/jornalrol.com.br\/wp-content\/uploads\/2022\/12\/8543a4eb-dfc0-4b3d-b65c-4856cc9662d8-5-1-1.jpg?resize=525%2C300&ssl=1 1.5x"},"classes":[]},{"id":67756,"url":"https:\/\/jornalrol.com.br\/?p=67756","url_meta":{"origin":48911,"position":3},"title":"No Quadro do ROL, as multifaces de Zenaide dos Santos","author":"Sergio Diniz da Costa","date":"27 de junho de 2024","format":false,"excerpt":"Zenaide dos Santos, natural de Araguari (MG) e atualmente residente em Guarulhos (SP), \u00e9 jornalista, escritora, ativista humanit\u00e1ria e ambientalista.","rel":"","context":"Em &quot;Apresenta\u00e7\u00e3o de colunista&quot;","block_context":{"text":"Apresenta\u00e7\u00e3o de colunista","link":"https:\/\/jornalrol.com.br\/?cat=10981"},"img":{"alt_text":"Zenaide dos Santos","src":"https:\/\/i0.wp.com\/jornalrol.com.br\/wp-content\/uploads\/2024\/06\/zena1.jpg?resize=350%2C200&ssl=1","width":350,"height":200,"srcset":"https:\/\/i0.wp.com\/jornalrol.com.br\/wp-content\/uploads\/2024\/06\/zena1.jpg?resize=350%2C200&ssl=1 1x, https:\/\/i0.wp.com\/jornalrol.com.br\/wp-content\/uploads\/2024\/06\/zena1.jpg?resize=525%2C300&ssl=1 1.5x, https:\/\/i0.wp.com\/jornalrol.com.br\/wp-content\/uploads\/2024\/06\/zena1.jpg?resize=700%2C400&ssl=1 2x, https:\/\/i0.wp.com\/jornalrol.com.br\/wp-content\/uploads\/2024\/06\/zena1.jpg?resize=1050%2C600&ssl=1 3x"},"classes":[]},{"id":54668,"url":"https:\/\/jornalrol.com.br\/?p=54668","url_meta":{"origin":48911,"position":4},"title":"Ver\u00f4nica Moreira Lan\u00e7a livro infantil: Vekinha Em&#8230; O Mist\u00e9rio do Coco","author":"Sergio Diniz da Costa","date":"22 de abril de 2023","format":false,"excerpt":"Vekinha \u00e9 uma menina muito esperta e curiosa, que vive grandes aventuras na rua do sapo, onde mora com a sua fam\u00edlia.\u00a0Adora brincar com seus amigos(as) at\u00e9 o entardecer, ouvindo o cri-cri dos grilos e as melodias dos sapos A escritora e colunista do Jornal Cultural Rol Ver\u00f4nica Moreira, autora\u2026","rel":"","context":"Em &quot;Comunica\u00e7\u00e3o&quot;","block_context":{"text":"Comunica\u00e7\u00e3o","link":"https:\/\/jornalrol.com.br\/?cat=7"},"img":{"alt_text":"","src":"https:\/\/i0.wp.com\/jornalrol.com.br\/wp-content\/uploads\/2023\/04\/Capa-Vekinha.jpg?resize=350%2C200&ssl=1","width":350,"height":200,"srcset":"https:\/\/i0.wp.com\/jornalrol.com.br\/wp-content\/uploads\/2023\/04\/Capa-Vekinha.jpg?resize=350%2C200&ssl=1 1x, https:\/\/i0.wp.com\/jornalrol.com.br\/wp-content\/uploads\/2023\/04\/Capa-Vekinha.jpg?resize=525%2C300&ssl=1 1.5x, https:\/\/i0.wp.com\/jornalrol.com.br\/wp-content\/uploads\/2023\/04\/Capa-Vekinha.jpg?resize=700%2C400&ssl=1 2x"},"classes":[]},{"id":1706,"url":"https:\/\/jornalrol.com.br\/?p=1706","url_meta":{"origin":48911,"position":5},"title":"MINC QUER REGULAMENTAR A ATIVIDADE DE ARTES\u00c3O","author":"Helio Rubens","date":"27 de abril de 2015","format":false,"excerpt":"Audi\u00eancia p\u00fablica discute regulamenta\u00e7\u00e3o da atividade de artes\u00e3o 13.4.2015 - 16:00 \u00a0Audi\u00eancia P\u00fablica no Senado Federal.\u00a0(Foto: Ag\u00eancia Senado) A regulamenta\u00e7\u00e3o da atividade de artes\u00e3o foi tema de audi\u00eancia p\u00fablica no Senado Federal, nesta quarta-feira (22\/4), e contou com a presen\u00e7a da diretora da Secretaria de Pol\u00edticas Culturais do Minist\u00e9rio da\u2026","rel":"","context":"Em &quot;Comunica\u00e7\u00e3o&quot;","block_context":{"text":"Comunica\u00e7\u00e3o","link":"https:\/\/jornalrol.com.br\/?cat=7"},"img":{"alt_text":"","src":"","width":0,"height":0},"classes":[]}],"_links":{"self":[{"href":"https:\/\/jornalrol.com.br\/index.php?rest_route=\/wp\/v2\/posts\/48911","targetHints":{"allow":["GET"]}}],"collection":[{"href":"https:\/\/jornalrol.com.br\/index.php?rest_route=\/wp\/v2\/posts"}],"about":[{"href":"https:\/\/jornalrol.com.br\/index.php?rest_route=\/wp\/v2\/types\/post"}],"author":[{"embeddable":true,"href":"https:\/\/jornalrol.com.br\/index.php?rest_route=\/wp\/v2\/users\/34"}],"replies":[{"embeddable":true,"href":"https:\/\/jornalrol.com.br\/index.php?rest_route=%2Fwp%2Fv2%2Fcomments&post=48911"}],"version-history":[{"count":0,"href":"https:\/\/jornalrol.com.br\/index.php?rest_route=\/wp\/v2\/posts\/48911\/revisions"}],"wp:featuredmedia":[{"embeddable":true,"href":"https:\/\/jornalrol.com.br\/index.php?rest_route=\/"}],"wp:attachment":[{"href":"https:\/\/jornalrol.com.br\/index.php?rest_route=%2Fwp%2Fv2%2Fmedia&parent=48911"}],"wp:term":[{"taxonomy":"category","embeddable":true,"href":"https:\/\/jornalrol.com.br\/index.php?rest_route=%2Fwp%2Fv2%2Fcategories&post=48911"},{"taxonomy":"post_tag","embeddable":true,"href":"https:\/\/jornalrol.com.br\/index.php?rest_route=%2Fwp%2Fv2%2Ftags&post=48911"}],"curies":[{"name":"wp","href":"https:\/\/api.w.org\/{rel}","templated":true}]}}