{"id":49361,"date":"2022-03-27T07:34:02","date_gmt":"2022-03-27T10:34:02","guid":{"rendered":"http:\/\/www.jornalrol.com.br\/?p=49361"},"modified":"2022-03-27T07:34:02","modified_gmt":"2022-03-27T10:34:02","slug":"jose-bembo-manuel-paraiso-vergonhoso-gera-poeta","status":"publish","type":"post","link":"https:\/\/jornalrol.com.br\/?p=49361","title":{"rendered":"Jos\u00e9 Bembo Manuel: &quot;&#039;Para\u00edso Vergonhoso&#039; gera poeta&quot;"},"content":{"rendered":"<div class=\"pdfprnt-buttons pdfprnt-buttons-post pdfprnt-top-right\"><a href=\"https:\/\/jornalrol.com.br\/index.php?rest_route=%2Fwp%2Fv2%2Fposts%2F49361&print=pdf\" class=\"pdfprnt-button pdfprnt-button-pdf\" target=\"_blank\" ><\/a><a href=\"https:\/\/jornalrol.com.br\/index.php?rest_route=%2Fwp%2Fv2%2Fposts%2F49361&print=print\" class=\"pdfprnt-button pdfprnt-button-print\" target=\"_blank\" ><img decoding=\"async\" src=\"https:\/\/jornalrol.com.br\/wp-content\/plugins\/pdf-print\/images\/print.png\" alt=\"image_print\" title=\"Conte\u00fado de impress\u00e3o\" \/><\/a><\/div><figure id=\"attachment_42926\" aria-describedby=\"caption-attachment-42926\" style=\"width: 144px\" class=\"wp-caption aligncenter\"><a href=\"http:\/\/www.jornalrol.com.br\/wp-content\/uploads\/2021\/07\/0f5c132b-bc93-4205-8bf6-e1c0d5e791a4.jpg\"><img loading=\"lazy\" decoding=\"async\" data-attachment-id=\"42926\" data-permalink=\"https:\/\/jornalrol.com.br\/?attachment_id=42926\" data-orig-file=\"https:\/\/jornalrol.com.br\/wp-content\/uploads\/2021\/07\/0f5c132b-bc93-4205-8bf6-e1c0d5e791a4.jpg\" data-orig-size=\"480,480\" data-comments-opened=\"0\" data-image-meta=\"{&quot;aperture&quot;:&quot;0&quot;,&quot;credit&quot;:&quot;&quot;,&quot;camera&quot;:&quot;&quot;,&quot;caption&quot;:&quot;&quot;,&quot;created_timestamp&quot;:&quot;0&quot;,&quot;copyright&quot;:&quot;&quot;,&quot;focal_length&quot;:&quot;0&quot;,&quot;iso&quot;:&quot;0&quot;,&quot;shutter_speed&quot;:&quot;0&quot;,&quot;title&quot;:&quot;&quot;,&quot;orientation&quot;:&quot;0&quot;}\" data-image-title=\"0f5c132b-bc93-4205-8bf6-e1c0d5e791a4\" data-image-description=\"\" data-image-caption=\"&lt;p&gt;Jose Bembo Manuel&lt;\/p&gt;\n\" data-large-file=\"https:\/\/jornalrol.com.br\/wp-content\/uploads\/2021\/07\/0f5c132b-bc93-4205-8bf6-e1c0d5e791a4.jpg\" class=\" wp-image-42926\" src=\"http:\/\/www.jornalrol.com.br\/wp-content\/uploads\/2021\/07\/0f5c132b-bc93-4205-8bf6-e1c0d5e791a4-300x300.jpg\" alt=\"\" width=\"144\" height=\"144\" \/><\/a><figcaption id=\"caption-attachment-42926\" class=\"wp-caption-text\">Jose Bembo Manuel<\/figcaption><\/figure>\n<h2 style=\"text-align: center;\"><strong><em>Para\u00edso Vergonhoso<\/em> gera poeta<\/strong><\/h2>\n<p><!--more--><\/p>\n<p><a href=\"http:\/\/jornalrol.com.br\/wp-content\/uploads\/2022\/03\/FB_IMG_16481558534590005.jpg\"><img loading=\"lazy\" decoding=\"async\" data-attachment-id=\"49362\" data-permalink=\"https:\/\/jornalrol.com.br\/?attachment_id=49362\" data-orig-file=\"https:\/\/jornalrol.com.br\/wp-content\/uploads\/2022\/03\/FB_IMG_16481558534590005.jpg\" data-orig-size=\"612,816\" data-comments-opened=\"0\" data-image-meta=\"{&quot;aperture&quot;:&quot;0&quot;,&quot;credit&quot;:&quot;&quot;,&quot;camera&quot;:&quot;&quot;,&quot;caption&quot;:&quot;&quot;,&quot;created_timestamp&quot;:&quot;0&quot;,&quot;copyright&quot;:&quot;&quot;,&quot;focal_length&quot;:&quot;0&quot;,&quot;iso&quot;:&quot;0&quot;,&quot;shutter_speed&quot;:&quot;0&quot;,&quot;title&quot;:&quot;&quot;,&quot;orientation&quot;:&quot;0&quot;}\" data-image-title=\"FB_IMG_16481558534590005\" data-image-description=\"\" data-image-caption=\"\" data-large-file=\"https:\/\/jornalrol.com.br\/wp-content\/uploads\/2022\/03\/FB_IMG_16481558534590005.jpg\" class=\"size-medium wp-image-49362 alignleft\" src=\"http:\/\/jornalrol.com.br\/wp-content\/uploads\/2022\/03\/FB_IMG_16481558534590005-225x300.jpg\" alt=\"\" width=\"225\" height=\"300\" \/><\/a>Desde a fase colonial, a escrita e a leitura sempre ficaram confinadas a um grupo restrito, associado \u00e0 elite. A elitiza\u00e7\u00e3o ficou marcada tanto no acesso ao livro, quanto no acesso \u00e0 escrita de textos liter\u00e1rios. Entre n\u00f3s, em Angola, provavelmente, porque o centro continuou a ser a oralidade.<\/p>\n<p>\u201cMudam-se os tempos, mudam-se as vontades\u201d. Trata-se do primeiro verso de um dos bel\u00edssimos registos da l\u00edrica camoniana, cuja aplica\u00e7\u00e3o tem sido feita a variad\u00edssimos contextos. Por exemplo, com o advento da paz, em 2004, aumenta a escolariza\u00e7\u00e3o e com isso, as iniciativas de registar, atrav\u00e9s da escrita, viv\u00eancias, utopias e distopias. Hoje, em novos tempos, a sa\u00edda encontrada para derrubar o muro de uma viol\u00eancia toda ela simb\u00f3lica s\u00e3o as edi\u00e7\u00f5es independentes, as publica\u00e7\u00f5es virtuais e as editoras predadoras. Estas impulsionaram e muito as produ\u00e7\u00f5es liter\u00e1rias no pa\u00eds, embora o sonho da escrita se reduza ao ter paka<a href=\"#_ftn1\" name=\"_ftnref1\">[1]<\/a>.<\/p>\n<p>A \u00e2nsia por publicar deu asas a uma pr\u00e1tica cada dia mais l\u00edquida se comparado aos ensinamentos de Zigmunt Bauman. Afinal, o que interessa \u00e9 ser lido de alguma forma e por quem quer que seja. Quando a casa n\u00e3o est\u00e1 arrumada e o crivo, orientado por quem tem a kumbu<a href=\"#_ftn2\" name=\"_ftnref2\">[2]<\/a> e pelos mixeiros<a href=\"#_ftn3\" name=\"_ftnref3\">[3]<\/a>, milagres acontecem. Por\u00e9m, como nos lega Terry Eagleton, na obra <em>Teoria da Literatura<\/em>, caber\u00e1 aos leitores a responsabilidade de expurgar os anjos dentre os demoniados dessa terra cujo nome foi legado por Ngola<a href=\"#_ftn4\" name=\"_ftnref4\">[4]<\/a>.<\/p>\n<p>\u00c9 nesse contexto que o poem\u00e1rio, intitulado <em>Para<\/em><em>\u00ed<\/em><em>so Vergonhoso<\/em> marca, oficialmente, o nascimento de Ant\u00f3nio Nzala Camalandua &#8220;Igor&#8221; na arte das palavras, no dia 18 de mar\u00e7o de 2022, no Sal\u00e3o de festas Tia F\u00e1tima, no Kifangondo, periferia do munic\u00edpio de Cacuaco, em Luanda.<\/p>\n<p><a href=\"http:\/\/jornalrol.com.br\/wp-content\/uploads\/2022\/03\/FB_IMG_16481557628317467.jpg\"><img loading=\"lazy\" decoding=\"async\" data-attachment-id=\"49363\" data-permalink=\"https:\/\/jornalrol.com.br\/?attachment_id=49363\" data-orig-file=\"https:\/\/jornalrol.com.br\/wp-content\/uploads\/2022\/03\/FB_IMG_16481557628317467.jpg\" data-orig-size=\"612,816\" data-comments-opened=\"0\" data-image-meta=\"{&quot;aperture&quot;:&quot;0&quot;,&quot;credit&quot;:&quot;&quot;,&quot;camera&quot;:&quot;&quot;,&quot;caption&quot;:&quot;&quot;,&quot;created_timestamp&quot;:&quot;0&quot;,&quot;copyright&quot;:&quot;&quot;,&quot;focal_length&quot;:&quot;0&quot;,&quot;iso&quot;:&quot;0&quot;,&quot;shutter_speed&quot;:&quot;0&quot;,&quot;title&quot;:&quot;&quot;,&quot;orientation&quot;:&quot;0&quot;}\" data-image-title=\"FB_IMG_16481557628317467\" data-image-description=\"\" data-image-caption=\"\" data-large-file=\"https:\/\/jornalrol.com.br\/wp-content\/uploads\/2022\/03\/FB_IMG_16481557628317467.jpg\" class=\"size-medium wp-image-49363 alignright\" src=\"http:\/\/jornalrol.com.br\/wp-content\/uploads\/2022\/03\/FB_IMG_16481557628317467-225x300.jpg\" alt=\"\" width=\"225\" height=\"300\" \/><\/a>O espa\u00e7o, o desconhecido sal\u00e3o da Tia F\u00e1tima, s\u00edmbolo de resist\u00eancia \u00e0s estrat\u00e9gias de domina\u00e7\u00e3o, na medida em que, segundo Tuan (1983:66), citado por Manuel (2021:206), \u00e9 um recurso que produz riqueza e poder naquela regi\u00e3o. Afinal, o espa\u00e7o \u00e9, mundialmente, um s\u00edmbolo de prest\u00edgio. Regra geral, os escritores, estreantes ou n\u00e3o, apresentam, ao mundo, seus rebentos em institui\u00e7\u00f5es de ensino, associa\u00e7\u00f5es e organiza\u00e7\u00f5es culturais de algum prest\u00edgio a fim de a legitimarem o mais novo escriba e a sua obra. O poem\u00e1rio <em>Para\u00edso Vergonhoso<\/em> faz o percurso inverso. D\u00e1-se a conhecer ao mundo a partir da periferia por via dos marginalizados, que de forma direta ou indireta, certamente, levar\u00e3o o mujimbo<a href=\"#_ftn5\" name=\"_ftnref5\">[5]<\/a> ao centro, marcadamente elitista.<\/p>\n<p>O t\u00edtulo do poem\u00e1rio, de Ant\u00f3nio Nzala Camalandua, num olhar mais atento, sugere-nos a descri\u00e7\u00e3o de uma Angola cuja vergonha emerge dos malef\u00edcios, das fraturas sociais e da aus\u00eancia de equidade na distribui\u00e7\u00e3o das benesses do pa\u00eds. Estas raz\u00f5es tornam o <em>Para\u00edso<\/em> &#8211; Angola &#8211; \u00a0um espa\u00e7o vergonhoso, onde se fomentam os malef\u00edcios \u201c<em>Larapiam-no ao tocar dos acalantos\/ Para\u00edso dos peculatos\/criador dos peculatos\/ criador de negros\/ brancos e mulatos<\/em>\u201d (Camalandua, 2022: 14).<\/p>\n<p>O terceto que encerra o poema, que d\u00e1 t\u00edtulo ao poem\u00e1rio, \u00e9 perempt\u00f3rio \u201c<em>Meu para\u00edso vergonhoso\/ \u00d3h! Para\u00edso Vergonhoso!\/ Meu para\u00edso vergonhoso\u2026<\/em>\u201d (Camalandua, 2022: 14). Nestes versos, depreende-se que Angola (o <em>Para\u00edso<\/em>) \u00e9 um lugar indecoroso, porquanto confere inseguran\u00e7a e tem no leme pecadores e dem\u00f3nios. O outor op\u00f5e-se, por via da sua obra, ao conceito segundo o qual para\u00edso \u00e9 um lugar de del\u00edcias, morada de anjos e bem-aventurados.<\/p>\n<p style=\"text-align: left;\"><a href=\"http:\/\/jornalrol.com.br\/wp-content\/uploads\/2022\/03\/FB_IMG_16481558176810855.jpg\"><img loading=\"lazy\" decoding=\"async\" data-attachment-id=\"49364\" data-permalink=\"https:\/\/jornalrol.com.br\/?attachment_id=49364\" data-orig-file=\"https:\/\/jornalrol.com.br\/wp-content\/uploads\/2022\/03\/FB_IMG_16481558176810855.jpg\" data-orig-size=\"612,816\" data-comments-opened=\"0\" data-image-meta=\"{&quot;aperture&quot;:&quot;0&quot;,&quot;credit&quot;:&quot;&quot;,&quot;camera&quot;:&quot;&quot;,&quot;caption&quot;:&quot;&quot;,&quot;created_timestamp&quot;:&quot;0&quot;,&quot;copyright&quot;:&quot;&quot;,&quot;focal_length&quot;:&quot;0&quot;,&quot;iso&quot;:&quot;0&quot;,&quot;shutter_speed&quot;:&quot;0&quot;,&quot;title&quot;:&quot;&quot;,&quot;orientation&quot;:&quot;0&quot;}\" data-image-title=\"FB_IMG_16481558176810855\" data-image-description=\"\" data-image-caption=\"\" data-large-file=\"https:\/\/jornalrol.com.br\/wp-content\/uploads\/2022\/03\/FB_IMG_16481558176810855.jpg\" class=\"size-medium wp-image-49364 alignleft\" src=\"http:\/\/jornalrol.com.br\/wp-content\/uploads\/2022\/03\/FB_IMG_16481558176810855-225x300.jpg\" alt=\"\" width=\"225\" height=\"300\" \/><\/a>O poem\u00e1rio gira em torno de seis palavras-chave. O i) monstro, ora encapuzado de covid-19 \u201c<em>confinamente deixava de ser social\/ A nossa calamidade era mortal\/ cobrir o <\/em><em>rosto <\/em><em>era cart\u00e3o de vida ou morte tiravam do povo a pouca sorte<\/em>\u201d. (Camalandua, 2022:27), ora pelo poder das institui\u00e7\u00f5es do Estado, como por exemplo a pol\u00edcia, ii) a mulher descrita nas facetas de geradora e criadora al\u00e9m de n\u00facleo da fam\u00edlia, iii) a sobreviv\u00eancia, receita di\u00e1ria da maioria dos anjos e dem\u00f4nios do <em>Para\u00edso<\/em>. Quando a sobreiv\u00eancia n\u00e3o \u00e9 poss\u00edvel, iv) o fracasso e v) o Choro \u00ab<strong><em>(Angola)<\/em><\/strong><em> Terra doce\/ de um povo bravo\/ M\u00e3e que hoje chora\/ Para o bem dos seus filhos implora<\/em>\u201d. (Camalandua, 2022:26, <strong><em>nosso grifo<\/em><\/strong>) anunciam a Morte da vergonha no Para\u00edso.<\/p>\n<p>A estreia de Ant\u00f3nio Nzala Camalandua &#8220;Igor&#8221; \u00e9, de acordo com os ensinamentos de Arist\u00f3teles e Plat\u00e3o, do g\u00e9nero l\u00edrico ou po\u00e9tico. Nele, n\u00e3o h\u00e1 um elaborado trabalho oficinal quer no tratamento est\u00e9tico, quer no trabalho lingu\u00edstico, embora a variedade do Portugu\u00eas de Angola tenha, no poem\u00e1rio, seu espa\u00e7o. O autor, cujas origem est\u00e3o ligadas ao grupo etnolingu\u00edstico mukongo, recupera refer\u00eancias do bantu tanto para homenagear seus entes queridos quanto para elevar os esfor\u00e7os de seus parentes.<\/p>\n<p>Considerando a linguagem utilizada, o conte\u00fado e a extens\u00e3o, podemos inserir o poem\u00e1rio no rol de obras infanto-juvenis.<\/p>\n<p>Por fim, sugere-se o fim da robotiza\u00e7\u00e3o, ou seja, da milit\u00e2ncia partid\u00e1ria cega porquanto nada acrescenta sen\u00e3o ilus\u00f5es. O poema <em>A independ\u00eancia falhou<\/em> insere-se no que Joaquim Martinho denomina Narrativa de Espera ao mesmo tempo que dialoga com Frantz Fanon, na sua obra <em>Pele Negra, M\u00e1scaras Brancas<\/em>. Sen\u00e3o, vejamos \u201c<em>A independ\u00eancia fez uns filhos de Deus\/ Outros de satan\u00e1s\/ A independ\u00eancia n\u00e3o trouxe a PAZ<\/em>\u201d. (Camalandua, 2022:28). Fica, assim, evidente que os prop\u00f3sitos da independ\u00eancia n\u00e3o foram alcan\u00e7ados porque as divis\u00f5es sociais existentes antes continuam em propor\u00e7\u00f5es vergonhosas.<\/p>\n<p><a href=\"#_ftnref1\" name=\"_ftn1\">[1]<\/a> Dinheiro.<\/p>\n<p><a href=\"#_ftnref2\" name=\"_ftn2\">[2]<\/a> Dinheiro.<\/p>\n<p><a href=\"#_ftnref3\" name=\"_ftn3\">[3]<\/a> Intermedi\u00e1rio.<\/p>\n<p><a href=\"#_ftnref4\" name=\"_ftn4\">[4]<\/a> De Ngola Kiluanji.<\/p>\n<p><a href=\"#_ftnref5\" name=\"_ftn5\">[5]<\/a> Recado ou informa\u00e7\u00e3o.<\/p>\n<p>&nbsp;<\/p>\n<p>&nbsp;<\/p>\n<p>&nbsp;<\/p>\n<p>&nbsp;<\/p>\n<p>&nbsp;<\/p>\n<p>&nbsp;<\/p>\n<p>&nbsp;<\/p>\n<p>&nbsp;<\/p>\n","protected":false},"excerpt":{"rendered":"<p>Para\u00edso Vergonhoso gera poeta<\/p>\n","protected":false},"author":41,"featured_media":49362,"comment_status":"closed","ping_status":"closed","sticky":false,"template":"","format":"standard","meta":{"_jetpack_newsletter_access":"","_jetpack_dont_email_post_to_subs":false,"_jetpack_newsletter_tier_id":0,"_jetpack_memberships_contains_paywalled_content":false,"_jetpack_memberships_contains_paid_content":false,"footnotes":""},"categories":[7],"tags":[1094,4865,5145,6564],"class_list":["post-49361","post","type-post","status-publish","format-standard","has-post-thumbnail","hentry","category-comunicacao","tag-artigo","tag-jose-bembo-manuel","tag-livro","tag-paraiso-vergonhoso"],"aioseo_notices":[],"views":443,"jetpack_featured_media_url":"https:\/\/jornalrol.com.br\/wp-content\/uploads\/2022\/03\/FB_IMG_16481558534590005.jpg","jetpack_sharing_enabled":true,"jetpack_likes_enabled":true,"jetpack-related-posts":[{"id":54638,"url":"https:\/\/jornalrol.com.br\/?p=54638","url_meta":{"origin":49361,"position":0},"title":"Jos\u00e9 Bembo Manuel: &#039;Abrilena&#039;","author":"Jose Bembo Manuel","date":"20 de abril de 2023","format":false,"excerpt":"Abrilena Abril de chuvas mil Que cora\u00e7\u00f5es inundas Emo\u00e7\u00f5es desabam Certezas extenuantes. \u00a0 Tu \u00e9s... \u00a0 Simples mente vida humana Uma deusa, m\u00e3e zona Z\u00e1s de bravura e determina\u00e7\u00e3o Exemplo \u00e9s tu, ente que brota vidas Tudo que a vida acompanha Honesta emocional mente. \u00a0 Herdeira de ritos Especiais atributos\u2026","rel":"","context":"Em &quot;Comunica\u00e7\u00e3o&quot;","block_context":{"text":"Comunica\u00e7\u00e3o","link":"https:\/\/jornalrol.com.br\/?cat=7"},"img":{"alt_text":"","src":"https:\/\/i0.wp.com\/www.jornalrol.com.br\/wp-content\/uploads\/2023\/01\/f1ad1ab1-448a-45e2-aa1c-171638dc8425-1-225x300.jpg?resize=350%2C200","width":350,"height":200},"classes":[]},{"id":48667,"url":"https:\/\/jornalrol.com.br\/?p=48667","url_meta":{"origin":49361,"position":1},"title":"Jos\u00e9 Bembo Manuel: &#039;Mudan\u00e7as&#039;","author":"Jose Bembo Manuel","date":"22 de fevereiro de 2022","format":false,"excerpt":"Mudan\u00e7as Eu, Mulher historica mente vem sida social mente rendida biol\u00f3gica mente com pensada. \u00a0 Eu, Donzela, tributada em 3D varre dura saciadora atratora de olhares m\u00faltiplos toca quem tem sacia-se quem pode delicia-se o empoderamento. \u00a0 Eu, Amada desejada cobi\u00e7ada e, por isso, odiada surda-muda, lombongo[1], l'argent mwenhu-o-wami[2]. \u00a0\u2026","rel":"","context":"Em &quot;Comunica\u00e7\u00e3o&quot;","block_context":{"text":"Comunica\u00e7\u00e3o","link":"https:\/\/jornalrol.com.br\/?cat=7"},"img":{"alt_text":"","src":"https:\/\/i0.wp.com\/jornalrol.com.br\/wp-content\/uploads\/2022\/02\/FB_IMG_1622556750950-300x300.jpg?resize=350%2C200","width":350,"height":200},"classes":[]},{"id":71565,"url":"https:\/\/jornalrol.com.br\/?p=71565","url_meta":{"origin":49361,"position":2},"title":"Quando a morte a mim vier me visitar","author":"Jose Bembo Manuel","date":"17 de janeiro de 2025","format":false,"excerpt":"Quando a morte a mim vier visitar, intrusa e arruaceira, sedutora, estrondosa mente deixar\u00e1 cora\u00e7\u00f5es divididos estar\u00e3o. Substitua-se o amargo pelo doce da...","rel":"","context":"Em &quot;Literatura&quot;","block_context":{"text":"Literatura","link":"https:\/\/jornalrol.com.br\/?cat=9285"},"img":{"alt_text":"Imagem criada por IA do Bing - 17 de janeiro de 2025 \u00e0s 9:46 AM","src":"https:\/\/i0.wp.com\/jornalrol.com.br\/wp-content\/uploads\/2025\/01\/OIG4.jpeg?resize=350%2C200&ssl=1","width":350,"height":200,"srcset":"https:\/\/i0.wp.com\/jornalrol.com.br\/wp-content\/uploads\/2025\/01\/OIG4.jpeg?resize=350%2C200&ssl=1 1x, https:\/\/i0.wp.com\/jornalrol.com.br\/wp-content\/uploads\/2025\/01\/OIG4.jpeg?resize=525%2C300&ssl=1 1.5x, https:\/\/i0.wp.com\/jornalrol.com.br\/wp-content\/uploads\/2025\/01\/OIG4.jpeg?resize=700%2C400&ssl=1 2x"},"classes":[]},{"id":45053,"url":"https:\/\/jornalrol.com.br\/?p=45053","url_meta":{"origin":49361,"position":3},"title":"Jos\u00e9 Bembo Manuel: &#039;Rosa linda rosada&#039;","author":"Jose Bembo Manuel","date":"25 de setembro de 2021","format":false,"excerpt":"Rosa linda rosada distinta na selecta seiva humana esplenderosa, a natureza pura fica alma ferida e no cativeiro entregue lustros de idade a sucumbir lenta mente m\u00e1gica morta, c\u00e9u enegrecido eclipses v\u00eam e v\u00e3o, vidas se soltam se instintiva mente viver sobre divergente, partida, dividida ar mortal, temor social chega\u2026","rel":"","context":"Em &quot;Comunica\u00e7\u00e3o&quot;","block_context":{"text":"Comunica\u00e7\u00e3o","link":"https:\/\/jornalrol.com.br\/?cat=7"},"img":{"alt_text":"","src":"https:\/\/i0.wp.com\/www.jornalrol.com.br\/wp-content\/uploads\/2021\/07\/0f5c132b-bc93-4205-8bf6-e1c0d5e791a4-300x300.jpg?resize=350%2C200","width":350,"height":200},"classes":[]},{"id":53221,"url":"https:\/\/jornalrol.com.br\/?p=53221","url_meta":{"origin":49361,"position":4},"title":"Jos\u00e9 Bembo Manuel: &#039;Estrada&#039;","author":"Jose Bembo Manuel","date":"2 de janeiro de 2023","format":false,"excerpt":"Estrada m\u00faltiplos destinos leva marca do tempo carrega solit\u00e1ria com gente viajada em la\u00e7ada cansada vezes sem conta estuprada destinada a companheira ser fiel e presente da preta esculpida ou do avermelhado areal camuflada ora por sangue banhada pisada pela negrura dos homens In dolor \u00e9 ladeada por org\u00e2nicos verdejantes\u2026","rel":"","context":"Em &quot;Comunica\u00e7\u00e3o&quot;","block_context":{"text":"Comunica\u00e7\u00e3o","link":"https:\/\/jornalrol.com.br\/?cat=7"},"img":{"alt_text":"Jos\u00e9 Bembo Manuel","src":"https:\/\/i0.wp.com\/jornalrol.com.br\/wp-content\/uploads\/2023\/01\/f1ad1ab1-448a-45e2-aa1c-171638dc8425-1.jpg?resize=350%2C200&ssl=1","width":350,"height":200,"srcset":"https:\/\/i0.wp.com\/jornalrol.com.br\/wp-content\/uploads\/2023\/01\/f1ad1ab1-448a-45e2-aa1c-171638dc8425-1.jpg?resize=350%2C200&ssl=1 1x, https:\/\/i0.wp.com\/jornalrol.com.br\/wp-content\/uploads\/2023\/01\/f1ad1ab1-448a-45e2-aa1c-171638dc8425-1.jpg?resize=525%2C300&ssl=1 1.5x, https:\/\/i0.wp.com\/jornalrol.com.br\/wp-content\/uploads\/2023\/01\/f1ad1ab1-448a-45e2-aa1c-171638dc8425-1.jpg?resize=700%2C400&ssl=1 2x"},"classes":[]},{"id":46430,"url":"https:\/\/jornalrol.com.br\/?p=46430","url_meta":{"origin":49361,"position":5},"title":"Jos\u00e9 Bembo Manuel: &#039;Momentos&#039;","author":"Jose Bembo Manuel","date":"14 de novembro de 2021","format":false,"excerpt":"Momentos Acordo Joelho dobrado Abro as janelas Rolo o cortinado U\u00e1\u00e1\u00e1\u00e1\u00e1\u00e1\u00e1\u00e1\u00e1\u00e1\u00e1\u00e1\u00e1\u00e1\u00e1\u00e1\u00e1 \u00a0 Come\u00e7a a vida A cria\u00e7\u00e3o o espa\u00e7o conquista A vida invade o espa\u00e7o Total arejo Smack! O fraterno emerge Afetos sufocam a saudade \u00a0 BUM! BUA! O sil\u00eancio irrompe a vida Espreito \u00e0 janela Corpos desvalorizados, ca\u00eddos Amores\u2026","rel":"","context":"Em &quot;Comunica\u00e7\u00e3o&quot;","block_context":{"text":"Comunica\u00e7\u00e3o","link":"https:\/\/jornalrol.com.br\/?cat=7"},"img":{"alt_text":"","src":"https:\/\/i0.wp.com\/www.jornalrol.com.br\/wp-content\/uploads\/2021\/07\/0f5c132b-bc93-4205-8bf6-e1c0d5e791a4-150x150.jpg?resize=350%2C200","width":350,"height":200},"classes":[]}],"_links":{"self":[{"href":"https:\/\/jornalrol.com.br\/index.php?rest_route=\/wp\/v2\/posts\/49361","targetHints":{"allow":["GET"]}}],"collection":[{"href":"https:\/\/jornalrol.com.br\/index.php?rest_route=\/wp\/v2\/posts"}],"about":[{"href":"https:\/\/jornalrol.com.br\/index.php?rest_route=\/wp\/v2\/types\/post"}],"author":[{"embeddable":true,"href":"https:\/\/jornalrol.com.br\/index.php?rest_route=\/wp\/v2\/users\/41"}],"replies":[{"embeddable":true,"href":"https:\/\/jornalrol.com.br\/index.php?rest_route=%2Fwp%2Fv2%2Fcomments&post=49361"}],"version-history":[{"count":0,"href":"https:\/\/jornalrol.com.br\/index.php?rest_route=\/wp\/v2\/posts\/49361\/revisions"}],"wp:featuredmedia":[{"embeddable":true,"href":"https:\/\/jornalrol.com.br\/index.php?rest_route=\/wp\/v2\/media\/49362"}],"wp:attachment":[{"href":"https:\/\/jornalrol.com.br\/index.php?rest_route=%2Fwp%2Fv2%2Fmedia&parent=49361"}],"wp:term":[{"taxonomy":"category","embeddable":true,"href":"https:\/\/jornalrol.com.br\/index.php?rest_route=%2Fwp%2Fv2%2Fcategories&post=49361"},{"taxonomy":"post_tag","embeddable":true,"href":"https:\/\/jornalrol.com.br\/index.php?rest_route=%2Fwp%2Fv2%2Ftags&post=49361"}],"curies":[{"name":"wp","href":"https:\/\/api.w.org\/{rel}","templated":true}]}}