{"id":53601,"date":"2023-02-03T20:01:20","date_gmt":"2023-02-03T23:01:20","guid":{"rendered":"http:\/\/www.jornalrol.com.br\/?p=53601"},"modified":"2023-02-03T20:01:20","modified_gmt":"2023-02-03T23:01:20","slug":"eliana-hoenhe-pereira-nao-cabe-na-minha-mente","status":"publish","type":"post","link":"https:\/\/jornalrol.com.br\/?p=53601","title":{"rendered":"Eliana Hoenhe Pereira: &#039;N\u00e3o cabe na minha mente&#039;"},"content":{"rendered":"<div class=\"pdfprnt-buttons pdfprnt-buttons-post pdfprnt-top-right\"><a href=\"https:\/\/jornalrol.com.br\/index.php?rest_route=%2Fwp%2Fv2%2Fposts%2F53601&print=pdf\" class=\"pdfprnt-button pdfprnt-button-pdf\" target=\"_blank\" ><\/a><a href=\"https:\/\/jornalrol.com.br\/index.php?rest_route=%2Fwp%2Fv2%2Fposts%2F53601&print=print\" class=\"pdfprnt-button pdfprnt-button-print\" target=\"_blank\" ><img decoding=\"async\" src=\"https:\/\/jornalrol.com.br\/wp-content\/plugins\/pdf-print\/images\/print.png\" alt=\"image_print\" title=\"Conte\u00fado de impress\u00e3o\" \/><\/a><\/div><figure id=\"attachment_35787\" aria-describedby=\"caption-attachment-35787\" style=\"width: 150px\" class=\"wp-caption aligncenter\"><a href=\"http:\/\/www.jornalrol.com.br\/wp-content\/uploads\/2020\/12\/Foto-2.jpg\"><img loading=\"lazy\" decoding=\"async\" data-attachment-id=\"35787\" data-permalink=\"https:\/\/jornalrol.com.br\/?attachment_id=35787\" data-orig-file=\"https:\/\/jornalrol.com.br\/wp-content\/uploads\/2020\/12\/Foto-2.jpg\" data-orig-size=\"540,540\" data-comments-opened=\"0\" data-image-meta=\"{&quot;aperture&quot;:&quot;0&quot;,&quot;credit&quot;:&quot;&quot;,&quot;camera&quot;:&quot;&quot;,&quot;caption&quot;:&quot;&quot;,&quot;created_timestamp&quot;:&quot;0&quot;,&quot;copyright&quot;:&quot;&quot;,&quot;focal_length&quot;:&quot;0&quot;,&quot;iso&quot;:&quot;0&quot;,&quot;shutter_speed&quot;:&quot;0&quot;,&quot;title&quot;:&quot;&quot;,&quot;orientation&quot;:&quot;0&quot;}\" data-image-title=\"Foto 2\" data-image-description=\"\" data-image-caption=\"&lt;p&gt;Eliana Hoenhe Pereira&lt;\/p&gt;\n\" data-large-file=\"https:\/\/jornalrol.com.br\/wp-content\/uploads\/2020\/12\/Foto-2.jpg\" class=\"size-thumbnail wp-image-35787\" src=\"http:\/\/www.jornalrol.com.br\/wp-content\/uploads\/2020\/12\/Foto-2-150x150.jpg\" alt=\"\" width=\"150\" height=\"150\" \/><\/a><figcaption id=\"caption-attachment-35787\" class=\"wp-caption-text\">Eliana Hoenhe Pereira<\/figcaption><\/figure>\n<h2 style=\"text-align: center\">N\u00e3o cabe na minha mente<\/h2>\n<p><!--more--><\/p>\n<p style=\"text-align: center\">N\u00e3o cabe na minha mente<\/p>\n<p style=\"text-align: center\">E nenhuma cultura \u00e9 suficiente<\/p>\n<p style=\"text-align: center\">Para frear um combate<\/p>\n<p style=\"text-align: center\">E evitar os piores momentos da humanidade.<\/p>\n<p style=\"text-align: center\">Infelizmente experi\u00eancias passadas<\/p>\n<p style=\"text-align: center\">N\u00e3o nos levou ao aprendizado.<\/p>\n<p style=\"text-align: center\">Triste arena para afirma\u00e7\u00e3o de poder<\/p>\n<p style=\"text-align: center\">Onde o di\u00e1logo fica distante de acontecer!<\/p>\n<p style=\"text-align: center\">Enfim, uma escalada de tens\u00f5es.<\/p>\n<p style=\"text-align: center\">Assola as na\u00e7\u00f5es,<\/p>\n<p style=\"text-align: center\">A arte silenciada,<\/p>\n<p style=\"text-align: center\">Vidas s\u00e3o ceifadas,<\/p>\n<p style=\"text-align: center\">Perdas generalizadas,<\/p>\n<p style=\"text-align: center\">Direitos violados,<\/p>\n<p style=\"text-align: center\">Sonhos roubados.<\/p>\n<p style=\"text-align: center\">A vida perde o valor<\/p>\n<p style=\"text-align: center\">E o poder se instala na frente do amor.<\/p>\n<p>&nbsp;<\/p>\n<h3 style=\"text-align: center\">Eliana Hoenhe Pereira<\/h3>\n<p style=\"text-align: center\">eliana.hoenhe1@hotmail.com<\/p>\n<p>&nbsp;<\/p>\n","protected":false},"excerpt":{"rendered":"<p>N\u00e3o cabe na minha mente<\/p>\n","protected":false},"author":37,"featured_media":0,"comment_status":"closed","ping_status":"closed","sticky":false,"template":"","format":"standard","meta":{"_jetpack_newsletter_access":"","_jetpack_dont_email_post_to_subs":false,"_jetpack_newsletter_tier_id":0,"_jetpack_memberships_contains_paywalled_content":false,"_jetpack_memberships_contains_paid_content":false,"footnotes":""},"categories":[7],"tags":[3162,9145,6854],"class_list":["post-53601","post","type-post","status-publish","format-standard","hentry","category-comunicacao","tag-eliana-hoenhe-pereira","tag-nao-cabe-na-minha-mente","tag-poesia"],"aioseo_notices":[],"views":456,"jetpack_featured_media_url":"","jetpack_sharing_enabled":true,"jetpack_likes_enabled":true,"jetpack-related-posts":[{"id":53397,"url":"https:\/\/jornalrol.com.br\/?p=53397","url_meta":{"origin":53601,"position":0},"title":"Eliana Hoenhe Pereira: &#039;Reciprocidade&#039;","author":"Eliana Hoenhe Pereira","date":"13 de janeiro de 2023","format":false,"excerpt":"Reciprocidade O que n\u00e3o \u00e9 rec\u00edproco cansa, A rela\u00e7\u00e3o balan\u00e7a, O descaso n\u00e3o acontece por acaso. Gestos n\u00e3o correspondidos; La\u00e7os s\u00e3o perdidos com tais comportamentos. O efeito \u00e9 o afastamento, Que poderia ser evitado se prez\u00e1ssemos mais pela\u00a0 lealdade e por menos vaidade. \u00a0\u00c9 dan\u00e7a da vida... Das voltas e\u2026","rel":"","context":"Em &quot;Comunica\u00e7\u00e3o&quot;","block_context":{"text":"Comunica\u00e7\u00e3o","link":"https:\/\/jornalrol.com.br\/?cat=7"},"img":{"alt_text":"","src":"https:\/\/i0.wp.com\/www.jornalrol.com.br\/wp-content\/uploads\/2020\/12\/Foto-2-150x150.jpg?resize=350%2C200","width":350,"height":200},"classes":[]},{"id":53949,"url":"https:\/\/jornalrol.com.br\/?p=53949","url_meta":{"origin":53601,"position":1},"title":"Eliana Hoenhe Pereira: &#039;Sussurro do vento&#039;","author":"Eliana Hoenhe Pereira","date":"5 de mar\u00e7o de 2023","format":false,"excerpt":"Sussurro do vento O vento soprou no meu sorriso, Colorido e florido. Sussurrou no meu ouvido Sentimentos que carrego no tempo, Que n\u00e3o cabem no momento, Meu rosto acariciou, e pelos caminhos do meu corpo aventurou, Deixei-me levar pelos seus movimentos, Suaves e lentos, Como tocar na areia branca do\u2026","rel":"","context":"Em &quot;Comunica\u00e7\u00e3o&quot;","block_context":{"text":"Comunica\u00e7\u00e3o","link":"https:\/\/jornalrol.com.br\/?cat=7"},"img":{"alt_text":"","src":"https:\/\/i0.wp.com\/www.jornalrol.com.br\/wp-content\/uploads\/2020\/12\/Foto-2-150x150.jpg?resize=350%2C200","width":350,"height":200},"classes":[]},{"id":71494,"url":"https:\/\/jornalrol.com.br\/?p=71494","url_meta":{"origin":53601,"position":2},"title":"Florescendo os pensamentos","author":"Eliana Hoenhe Pereira","date":"8 de janeiro de 2025","format":false,"excerpt":"A vida \u00e9 feita de la\u00e7os. Abra\u00e7o meus n\u00f3s desatados, liberto-me do passado e ou\u00e7o a minha intui\u00e7\u00e3o com afago. Deixo ir o que n\u00e3o traz significado, pois...","rel":"","context":"Em &quot;Literatura&quot;","block_context":{"text":"Literatura","link":"https:\/\/jornalrol.com.br\/?cat=9285"},"img":{"alt_text":"Imagem do saite Pixabay.com","src":"https:\/\/i0.wp.com\/jornalrol.com.br\/wp-content\/uploads\/2025\/01\/IMG-20250107-WA0040-1.jpg?resize=350%2C200&ssl=1","width":350,"height":200},"classes":[]},{"id":49853,"url":"https:\/\/jornalrol.com.br\/?p=49853","url_meta":{"origin":53601,"position":3},"title":"Eliana Hoenhe Pereira: &#039;M\u00e3e&#039;","author":"Eliana Hoenhe Pereira","date":"26 de abril de 2022","format":false,"excerpt":"M\u00e3e Em outros tempos n\u00e3o existia contratempo. O dia nem raiava; abria as janelas E come\u00e7ava a brigar com as panelas. Ligava a vitrola para ouvir m\u00fasicas de viola. Mesmo diante das dificuldades, Buscava pela lealdade. E, com a do\u00e7ura no olhar, Dizia: \u2018Tudo vai passar!\u2019. Hoje, o passado \u00e9\u2026","rel":"","context":"Em &quot;Comunica\u00e7\u00e3o&quot;","block_context":{"text":"Comunica\u00e7\u00e3o","link":"https:\/\/jornalrol.com.br\/?cat=7"},"img":{"alt_text":"","src":"https:\/\/i0.wp.com\/www.jornalrol.com.br\/wp-content\/uploads\/2020\/12\/Foto-2-150x150.jpg?resize=350%2C200","width":350,"height":200},"classes":[]},{"id":52069,"url":"https:\/\/jornalrol.com.br\/?p=52069","url_meta":{"origin":53601,"position":4},"title":"Eliana Hoenhe Pereira: &#039;Envio-te todas as estrelas do Universo&#039;","author":"Eliana Hoenhe Pereira","date":"29 de setembro de 2022","format":false,"excerpt":"Envio-te todas as estrelas do Universo Claudio Ronconi Envio-te todas as estrelas do Universo Fico a s\u00f3s alguns momentos Com saudosos pensamentos E tu me vens \u00e0 mente. Foste meu amigo do cora\u00e7\u00e3o, Minha eterna admira\u00e7\u00e3o. Amizade com cumplicidade Que deixa infinda saudade. Teu jeito calmo com leveza na alma,\u2026","rel":"","context":"Em &quot;Comunica\u00e7\u00e3o&quot;","block_context":{"text":"Comunica\u00e7\u00e3o","link":"https:\/\/jornalrol.com.br\/?cat=7"},"img":{"alt_text":"","src":"https:\/\/i0.wp.com\/www.jornalrol.com.br\/wp-content\/uploads\/2020\/12\/Foto-2-150x150.jpg?resize=350%2C200","width":350,"height":200},"classes":[]},{"id":51234,"url":"https:\/\/jornalrol.com.br\/?p=51234","url_meta":{"origin":53601,"position":5},"title":"Eliana Hoenhe Pereira: &#039;Lembran\u00e7as&#039;","author":"Eliana Hoenhe Pereira","date":"23 de julho de 2022","format":false,"excerpt":"Lembran\u00e7as Regresso no passado. Apaixonada, passeio pela inf\u00e2ncia e me afago nas lembran\u00e7as. Certas ou incertas, pareciam t\u00e3o perto que, por alguns momentos, sentimentos intensos guardados na mente, s\u00e3o revividos no presente. Tinha a simplicidade da imaturidade. Chego a sentir o gosto do seu beijo, simples e sem jeito, por\u00e9m,\u2026","rel":"","context":"Em &quot;Comunica\u00e7\u00e3o&quot;","block_context":{"text":"Comunica\u00e7\u00e3o","link":"https:\/\/jornalrol.com.br\/?cat=7"},"img":{"alt_text":"","src":"https:\/\/i0.wp.com\/www.jornalrol.com.br\/wp-content\/uploads\/2020\/12\/Foto-2-150x150.jpg?resize=350%2C200","width":350,"height":200},"classes":[]}],"_links":{"self":[{"href":"https:\/\/jornalrol.com.br\/index.php?rest_route=\/wp\/v2\/posts\/53601","targetHints":{"allow":["GET"]}}],"collection":[{"href":"https:\/\/jornalrol.com.br\/index.php?rest_route=\/wp\/v2\/posts"}],"about":[{"href":"https:\/\/jornalrol.com.br\/index.php?rest_route=\/wp\/v2\/types\/post"}],"author":[{"embeddable":true,"href":"https:\/\/jornalrol.com.br\/index.php?rest_route=\/wp\/v2\/users\/37"}],"replies":[{"embeddable":true,"href":"https:\/\/jornalrol.com.br\/index.php?rest_route=%2Fwp%2Fv2%2Fcomments&post=53601"}],"version-history":[{"count":0,"href":"https:\/\/jornalrol.com.br\/index.php?rest_route=\/wp\/v2\/posts\/53601\/revisions"}],"wp:attachment":[{"href":"https:\/\/jornalrol.com.br\/index.php?rest_route=%2Fwp%2Fv2%2Fmedia&parent=53601"}],"wp:term":[{"taxonomy":"category","embeddable":true,"href":"https:\/\/jornalrol.com.br\/index.php?rest_route=%2Fwp%2Fv2%2Fcategories&post=53601"},{"taxonomy":"post_tag","embeddable":true,"href":"https:\/\/jornalrol.com.br\/index.php?rest_route=%2Fwp%2Fv2%2Ftags&post=53601"}],"curies":[{"name":"wp","href":"https:\/\/api.w.org\/{rel}","templated":true}]}}