{"id":54936,"date":"2015-08-26T17:21:11","date_gmt":"2015-08-26T20:21:11","guid":{"rendered":"http:\/\/www.jornalrol.com.br\/?p=3076"},"modified":"2015-08-26T17:21:11","modified_gmt":"2015-08-26T20:21:11","slug":"artigo-de-celso-lungaretti-a-recessao-ja-era-uma-certeza-para-2016-mz-agora-a-embromacao-correta-solta-2","status":"publish","type":"post","link":"https:\/\/jornalrol.com.br\/?p=54936","title":{"rendered":"Artigo de Celso Lungaretti: &#039;A recess\u00e3o j\u00e1 era uma certeza para 2016, m\\z agora a embroma\u00e7\u00e3o corret\u00e1 solta&#8230;&#039;"},"content":{"rendered":"<div class=\"pdfprnt-buttons pdfprnt-buttons-post pdfprnt-top-right\"><a href=\"https:\/\/jornalrol.com.br\/index.php?rest_route=%2Fwp%2Fv2%2Fposts%2F54936&print=pdf\" class=\"pdfprnt-button pdfprnt-button-pdf\" target=\"_blank\" ><\/a><a href=\"https:\/\/jornalrol.com.br\/index.php?rest_route=%2Fwp%2Fv2%2Fposts%2F54936&print=print\" class=\"pdfprnt-button pdfprnt-button-print\" target=\"_blank\" ><img decoding=\"async\" src=\"https:\/\/jornalrol.com.br\/wp-content\/plugins\/pdf-print\/images\/print.png\" alt=\"image_print\" title=\"Conte\u00fado de impress\u00e3o\" \/><\/a><\/div><h1 style=\"text-align: center;\"><strong>&#8220;A CULPA \u00c9 DA CHINA!&#8221;. ME ENGANA QUE EU GOSTO&#8230;<\/strong><\/h1>\n<p>Celso Lungaretti, n<strong>o blogue\u00a0<a href=\"http:\/\/naufrago-da-utopia.blogspot.com.br\/\">N\u00e1ufrago da Utopia<\/a><\/strong><\/p>\n<h2><img loading=\"lazy\" decoding=\"async\" class=\" alignleft\" src=\"https:\/\/ci3.googleusercontent.com\/proxy\/SDtjfx2IOP4EFCItLodE5Zvcb2WLPTO4Fa1wZDQUaRmCNluOw3Ii6JngGnZm-Q8n2SelM47cdh9E-kflU4RqILMLdoEj9ShTjG9801ibZ_ci046bzar_RexPvCOYHrxAcjQpyHh42g-kuy93puGMvLkab_i1S2oVdkq5kqoxeN8ILLXx1DGXmBCq5JktSnZpJpyaTaxxXZ18VdoZvbrA4tcgUujOEm0SH7iPG7bWok6ig39lVpny0yxUTVDkyfFFvmsGYUbYVKHycLXyDS-DAAsvNavXfdzIKN7p1Zf0LB8eFwYPiXmOeBfK1AFt5GoQ5v8bdBSYUa-5-tDXkLCAHMjBvUDBMttEtqo=s0-d-e1-ft#https:\/\/images-blogger-opensocial.googleusercontent.com\/gadgets\/proxy?url=http%3A%2F%2Fwww.oestadoce.com.br%2Fsites%2Fdefault%2Ffiles%2Fnoticias%2Fgalerias%2FDilma-Rousseff-economia-salvador.jpg&amp;container=blogger&amp;gadget=a&amp;rewriteMime=image%2F*\" alt=\"\" width=\"434\" height=\"289\" \/><strong>Est\u00e1 na\u00a0<u>Folha de S. Paulo<\/u>\u00a0desta 3\u00aa feira, 25<\/strong><\/h2>\n<p><strong>&#8220;<\/strong>Em mais um dia de fortes turbul\u00eancias na China, o Pal\u00e1cio do Planalto considerou preocupantes os efeitos da piora do cen\u00e1rio externo sobre o Brasil porque v\u00e3o dificultar ainda mais a recupera\u00e7\u00e3o da economia brasileira neste ano e no pr\u00f3ximo.<\/p>\n<p>O receio da equipe presidencial \u00e9 que uma desacelera\u00e7\u00e3o chinesa acentue a retra\u00e7\u00e3o da economia brasileira em 2015 e gere risco real de o pa\u00eds continuar em recess\u00e3o em 2016, algo que o governo vinha descartando<strong>&#8220;<\/strong>.<\/p>\n<p>Uma gracinha, n\u00e3o? Eis que cai do c\u00e9u uma desculpa para a recess\u00e3o que inevitavelmente ocorreria tamb\u00e9m em 2016.\u00a0<strong><em>A culpa \u00e9 da China!<\/em><\/strong>, dir\u00e1 a Dilma. Como, ali\u00e1s, j\u00e1 est\u00e1 dizendo:<\/p>\n<p><strong>&#8220;<\/strong>At\u00e9 eu voltar [da reuni\u00e3o] dos Brics [em julho], estava achando que [a crise econ\u00f4mica no exterior] era super\u00e1vel. S\u00f3 n\u00e3o contava com essa queda sistem\u00e1tica. Estava achando que era super\u00e1vel por tudo que eu sabia. Ia ter dificuldade, mas n\u00e3o ia ter uma situa\u00e7\u00e3o muito dif\u00edcil. A partir de hoje, n\u00e3o sei. Ningu\u00e9m sabe<strong>&#8220;<\/strong>.<\/p>\n<p><img decoding=\"async\" class=\" alignright\" src=\"https:\/\/ci3.googleusercontent.com\/proxy\/ZrwMJ0mZzVi6F8M9gRphTijlNoyRzS1mRCAiG9TVOTyPgieREhkB1OVu4JCFJqXRBN3UcM1KyV_gQGUgluqF6lyMCaWvwKezRORn2q9R_mLX6gyMuDcxkTPsjl0L1p0hJmOulL4rUewZXBKPPiXuvIt8HQ4kC2G2ykehxNSPEtZd4tWr45rdFXHts4i7nrLGt9MxkfssfLJq0-o7b7LDpeD_7sjtoi-i5jtvesvJ-G8sWsZEMRZXAe599AAkeh1xhfKO85tjJmTe2Py9GHokybgp4Av8qE95iqbksN2d=s0-d-e1-ft#https:\/\/images-blogger-opensocial.googleusercontent.com\/gadgets\/proxy?url=http%3A%2F%2Fwww.tamanhop.com%2Fwp-content%2Fuploads%2F2013%2F09%2FMITOS.jpg&amp;container=blogger&amp;gadget=a&amp;rewriteMime=image%2F*\" alt=\"\" \/>Ou seja, desse &#8220;tudo&#8221; que ela, como presidenta, &#8220;estava achando&#8221; em\u00a0<strong><u>julho<\/u><\/strong>, ficou de fora a avalia\u00e7\u00e3o do FMI na sua reuni\u00e3o de\u00a0<strong><u>abril<\/u><\/strong>, sobre a qual eu escrevi no dia 23\/04:<\/p>\n<p><strong>&#8220;<\/strong>O Fundo Monet\u00e1rio Internacional, no seu encontro da semana passada, colocou os pingos nos ii: o PIB brasileiro dever\u00e1 ter evolu\u00e7\u00e3o negativa em 2015 (-1%) e baixo crescimento no restante da d\u00e9cada: 0,9% em 2016, 2,2% em 2017, 2,3% em 2018, 2,4% em 2019 e 2,5% em 2020.<\/p>\n<p>Segundo as previs\u00f5es do FMI, que costumam dar certo ou chegarem perto disto, a tend\u00eancia \u00e9 de que n\u00e3o atinjamos, na atual d\u00e9cada, nem sequer metade do crescimento alcan\u00e7ado na d\u00e9cada passada, que foi de 3,6% ao ano.<\/p>\n<p>A recess\u00e3o ser\u00e1 brava em 2015 e 2016, com os quatro anos seguintes trazendo algum al\u00edvio, mas ainda nos deixando bem longe dos cen\u00e1rios comparativamente auspiciosos da d\u00e9cada anterior<strong>&#8220;<\/strong>.<\/p>\n<p>Conclus\u00e3o \u00f3bvia: se em julho a Dilma n\u00e3o levava em conta um quadro negativo que o FMI escancara tr\u00eas meses antes, \u00e9 melhor colocarmos as barbas de molho. Pode ser que tenhamos uma Edward John Smith (o comandante do Titanic) na Presid\u00eancia. E o iceberg est\u00e1 cada vez mais pr\u00f3ximo&#8230;<\/p>\n<p>Mais: na 2\u00aa feira da semana passada, sete dias antes do crack da bolsa chinesa,\u00a0<strong><u>O Estado de S. Paulo<\/u><\/strong>\u00a0informava que\u00a0<a href=\"http:\/\/ow.ly\/QZJKn\"><strong>analistas agora projetam dois anos de recess\u00e3o na economia<\/strong><\/a>. Eis os par\u00e1grafos iniciais:<\/p>\n<p><strong><img decoding=\"async\" class=\" alignleft\" src=\"https:\/\/ci5.googleusercontent.com\/proxy\/3Orwpa39Ql98OwoaaL9rQ3QLoVhN-UkffWWvOLqa_-y4L8CfiyIKn-_odgYsgLHZVhNT2gxxhbzNdmwUdEH1yichlt2qPyhz92q9HN5RjQnCNAGeSCDz0YGbtr8=s0-d-e1-ft#https:\/\/vozdoceara.files.wordpress.com\/2014\/09\/charge2009-pib-rato.jpg\" alt=\"\" \/>&#8220;<\/strong>Pela primeira vez no Relat\u00f3rio de Mercado Focus, analistas do setor privado estimam queda da atividade tamb\u00e9m em 2016. Al\u00e9m disso, os analistas mais pessimistas tamb\u00e9m renovaram suas apostas para baixo no caso da infla\u00e7\u00e3o e d\u00f3lar. A estimativa mais negativa agora mostra uma infla\u00e7\u00e3o na casa de dois d\u00edgitos em 2015 e o d\u00f3lar em R$ 4, tamb\u00e9m pela primeira vez no relat\u00f3rio.<\/p>\n<p>De acordo com o documento divulgado pelo Banco Central, a mediana das previs\u00f5es para o Produto Interno Bruto (PIB) do ano que vem passou de 0% da semana passada para um recuo de 0,15%. H\u00e1 quatro semanas, a taxa vista era de alta de 0,33% para esse indicador.<\/p>\n<p>Para este ano, a deteriora\u00e7\u00e3o das previs\u00f5es do mercado financeiro para a atividade no Pa\u00eds tamb\u00e9m est\u00e1 cada vez mais forte. De acordo com o boletim Focus, as proje\u00e7\u00f5es para o PIB de 2015 foram revisadas de uma queda de 1,97% para uma baixa de 2,01% agora. H\u00e1 um m\u00eas, a previs\u00e3o estava negativa em 1,70%<strong>&#8220;<\/strong>.<\/p>\n<p>Ou seja, as perspectivas j\u00e1 eram bem ruins em abril e pioraram ainda mais nos meses seguintes, de forma que, com ou sem crack na China, Deus e o mundo j\u00e1 sabiam que a continuidade da recess\u00e3o era uma\u00a0<strong><u>certeza<\/u><\/strong>\u00a0para 2016. Menos a Dilma, que agora tem um \u00f3timo pretexto para jogar a culpa dos seus fracassos nos cen\u00e1rios externos, como sempre faz.<\/p>\n<p>&nbsp;<\/p>\n<p>&nbsp;<\/p>\n<h1 style=\"text-align: center;\"><strong>ALV\u00cdSSARAS! GOVERNO PRETENDE EXTINGUIR MINIST\u00c9RIOS.<\/strong><\/h1>\n<p>Celso Lungaretti, n<strong>o blogue\u00a0<a href=\"http:\/\/naufrago-da-utopia.blogspot.com.br\/\">N\u00e1ufrago da Utopia<\/a><\/strong><\/p>\n<p><strong><img decoding=\"async\" class=\" alignleft\" src=\"https:\/\/4.bp.blogspot.com\/-q1GUVpvhoyU\/T5BjnMz3gBI\/AAAAAAAAB9M\/lMKMyK3pnlw\/s640\/1133909907bfcf1ec1810572cae960d23a70b646.jpg\" alt=\"\" \/>G<\/strong>overno anuncia a extin\u00e7\u00e3o, at\u00e9 setembro, de 10 dos atuais 39 minist\u00e9rios, que nos colocam no terceiro lugar mundial, entre as na\u00e7\u00f5es com mais Pastas.<\/p>\n<p>Apoio, aplaudo e aguardo ansioso o an\u00fancio do fim de outros 10. E de mais 10, para dar sorte.<\/p>\n<p>Pois, descartada a utiliza\u00e7\u00e3o esp\u00faria como cabides de empregos, moedas de troca pol\u00edtica, gazua para arrombar os cofres p\u00fablicos e centro de planejamento e execu\u00e7\u00e3o de maracutaias, at\u00e9 as pedras sabem que as Pastas realmente necess\u00e1rias s\u00e3o estas:<\/p>\n<p><strong>Cultura<\/strong><\/p>\n<p><strong>Defesa<\/strong><\/p>\n<p><strong>Economia<\/strong><\/p>\n<p><strong>Educa\u00e7\u00e3o<\/strong><\/p>\n<p><strong>Interior<\/strong><\/p>\n<p><strong>Justi\u00e7a<\/strong><\/p>\n<p><strong>Rela\u00e7\u00f5es Exteriores<\/strong><\/p>\n<p><strong>Sa\u00fade<\/strong><\/p>\n<p><strong>Trabalho<\/strong><br \/>\nAs demais poderiam ser por elas absorvidas ou, simplesmente, ser deletadas, sem deixarem nenhuma saudade.<\/p>\n<p><img decoding=\"async\" class=\" alignleft\" src=\"https:\/\/ci3.googleusercontent.com\/proxy\/owdddMjXbJmCEG2T2Mgn9GotRfD_tPpglWjwNgf2NE9aepdBFR90PZRrIkpjxKHa06yShEP2ePo-PdF2g5DRtKzBrFsj_vzUdFSjZIKyjhqM-GA_lL_3NBbHssqS5bNncab8tM3sDSVu1v0ce_Ol_ep7GqAUdenoX4Y9ZYX_awEzrC33sVTaeTjxK4Ed6CJq2u1s6GDWDjpXN9jhSJulxq4k9lX0tCAZARUCOQqI82QPjUAlxj_tXxuDoTOxWWcpMyKswr18q3cniqg79EhSQUNAFcOTs1uGhPNI1DNuJMAOTwhJGkSixd4EusPMOXiQxI_xaDRewxw1wHH7IdYhmQEx8-Zq05EM2yDhdgrB9RQKPk0rDvqGr72Kd2tFvvCPQkG8fac4=s0-d-e1-ft#https:\/\/images-blogger-opensocial.googleusercontent.com\/gadgets\/proxy?url=http%3A%2F%2Fmunicipiosbaianos.com.br%2Fpainel%2Fnoticias%2Fimagens%2Ffotos%2Fa%2520charge%2520da%2520quantidade%2520de%2520minist%25C3%25A9rios.jpg&amp;container=blogger&amp;gadget=a&amp;rewriteMime=image%2F*\" alt=\"\" \/>O marechal Deodoro da Fonseca governou com apenas oito minist\u00e9rios, mas seus sucessores os fizeram brotar como cogumelos (e t\u00e3o venenosos como os piores deles!).<\/p>\n<p>Para nos atermos ao passado recente, Tancredo Neves pretendia contar com 23 ministros, Sarney elevou o n\u00famero para 31, Collor operou com 30 nomes no primeiro escal\u00e3o (17 minist\u00e9rios e 13 secretarias ligadas \u00e0 Presid\u00eancia), FHC aumentou para 34 e Lula para 38.<\/p>\n<p>Um \u00f3timo exemplo nos \u00e9 dado pelos\u00a0<strong><em>hermanos<\/em><\/strong>\u00a0da Argentina: s\u00f3 10 ministros e tr\u00eas secret\u00e1rios com status ministerial.<\/p>\n<p>J\u00e1 os EUA, que os brasileiros adoramos macaquear, t\u00eam 15 ministros. Por que n\u00e3o imit\u00e1-los tamb\u00e9m quanto a isto?<\/p>\n<p>Se Dilma se limitar a reduzir o n\u00famero para 29, ficaremos com quase o dobro dos EUA, o que ser\u00e1 um desprop\u00f3sito, levando-se em conta o quanto diferem, em termos de complexidade de atua\u00e7\u00e3o, os respectivos governos.<\/p>\n<p>Enfim, ser\u00e1 um primeiro passo na dire\u00e7\u00e3o correta, e isto deve ser reconhecido.<\/p>\n<p>Mas, muito aqu\u00e9m do necess\u00e1rio, se ficar s\u00f3 nisso.<\/p>\n<p><strong>OUTROS POSTS RECENTES DO BLOGUE\u00a0<a href=\"http:\/\/naufrago-da-utopia.blogspot.com.br\/\">N\u00c1UFRAGO DA UTOPIA<\/a>\u00a0(clique p\/ abrir):<\/strong><\/p>\n<p><a href=\"http:\/\/naufrago-da-utopia.blogspot.com.br\/2015\/08\/getulio-vargas-receita-caseira-para-uma.html\"><strong><u>GET\u00daLIO VARGAS: RECEITA CASEIRA PARA UMA DOCE DITADURA<\/u><\/strong><\/a><\/p>\n<p><a href=\"http:\/\/naufrago-da-utopia.blogspot.com.br\/2015\/08\/ditadores-nao-merecem-lagrimas.html\"><strong><u>DITADORES N\u00c3O MERECEM L\u00c1GRIMAS<\/u><\/strong><\/a><\/p>\n<p><a href=\"http:\/\/naufrago-da-utopia.blogspot.com.br\/2015\/08\/temos-o-prazer-de-anunciar-o-grande.html\"><strong><u>TEMOS O PRAZER DE ANUNCIAR O GRANDE VENCEDOR DO TROF\u00c9U BRANCALEONE 2015: EVO MORALES!!!<\/u><\/strong><\/a><\/p>\n<p><a href=\"http:\/\/naufrago-da-utopia.blogspot.com.br\/2015\/08\/dilma-rousseff-preferida-por-11-entre.html\"><strong><u>DILMA, A PRESIDENTA PREFERIDA POR 11 ENTRE 10 GRANDES BANQUEIROS&#8230;<\/u><\/strong><\/a><\/p>\n<p><a href=\"http:\/\/naufrago-da-utopia.blogspot.com.br\/2015\/08\/o-grande-capital-atira-uma-boia-para.html\"><strong><u>O GRANDE CAPITAL ATIRA UMA BOIA PARA DILMA. ELA MERECE SER SALVA?<\/u><\/strong><\/a><\/p>\n<p><a href=\"http:\/\/naufrago-da-utopia.blogspot.com.br\/2015\/08\/nos-quarteis-lhes-ensinam-antigas.html\"><strong><u>NOS QUART\u00c9IS LHES ENSINAM ANTIGAS LI\u00c7\u00d5ES&#8221;. E TAMB\u00c9M NAS ESCOLAS?!<\/u><\/strong><\/a><\/p>\n","protected":false},"excerpt":{"rendered":"<p>&#8220;A CULPA \u00c9 DA CHINA!&#8221;. ME ENGANA QUE EU GOSTO&#8230; Celso Lungaretti, no blogue\u00a0N\u00e1ufrago da Utopia Est\u00e1 na\u00a0Folha de S. Paulo\u00a0desta 3\u00aa feira, 25 &#8220;Em mais um dia de fortes turbul\u00eancias na China, o Pal\u00e1cio do Planalto considerou preocupantes os efeitos da<\/p>\n<p class=\"link-more\"><a class=\"myButt \" href=\"https:\/\/jornalrol.com.br\/?p=54936\">Read More<\/a><\/p>\n","protected":false},"author":3,"featured_media":0,"comment_status":"closed","ping_status":"closed","sticky":false,"template":"","format":"standard","meta":{"_jetpack_newsletter_access":"","_jetpack_dont_email_post_to_subs":false,"_jetpack_newsletter_tier_id":0,"_jetpack_memberships_contains_paywalled_content":false,"_jetpack_memberships_contains_paid_content":false,"footnotes":""},"categories":[7],"tags":[1797],"class_list":["post-54936","post","type-post","status-publish","format-standard","hentry","category-comunicacao","tag-celso-lungaretti"],"aioseo_notices":[],"views":0,"jetpack_featured_media_url":"","jetpack_sharing_enabled":true,"jetpack_likes_enabled":true,"jetpack-related-posts":[{"id":25832,"url":"https:\/\/jornalrol.com.br\/?p=25832","url_meta":{"origin":54936,"position":0},"title":"Celso Lungaretti: &#039;Miss\u00e3o cumprida, presidente! Agora nada lhe falta para matas as saudades dos ignaros velhos tempos&#8230;&#039;","author":"Helio Rubens","date":"1 de abril de 2019","format":false,"excerpt":"\u00a0REUNIMOS 21 TEXTOS PARA SERVIREM DE ANT\u00cdDOTOS \u00c0\u00a0DITADURA. UM PARA CADA ANO QUE O PESADELO DUROU O\u00a0Encontro com a ditadura\u00a0j\u00e1 atingiu seu objetivo, o de oferecer farto material de leitura e consulta para quem busca informa\u00e7\u00e3o isenta e consistente sobre o arb\u00edtrio que se abateu sobre o Brasil no dia\u2026","rel":"","context":"Em &quot;Comunica\u00e7\u00e3o&quot;","block_context":{"text":"Comunica\u00e7\u00e3o","link":"https:\/\/jornalrol.com.br\/?cat=7"},"img":{"alt_text":"","src":"https:\/\/i0.wp.com\/www.jornalrol.com.br\/wp-content\/uploads\/2019\/03\/Celso5.jpg?resize=350%2C200","width":350,"height":200},"classes":[]},{"id":25731,"url":"https:\/\/jornalrol.com.br\/?p=25731","url_meta":{"origin":54936,"position":1},"title":"Celso lungaretti: &#039;O Capit\u00e3o est\u00e1 com saudades? Ent\u00e3o vamos ajud\u00e1-lo a rememorar os velhos e bons tempos&#8230;&#039;","author":"Helio Rubens","date":"31 de mar\u00e7o de 2019","format":false,"excerpt":"ENCONTRO COM A DITADURA. VENHA PARTICIPAR! Unindo-se \u00e0 nostalgia do presidente Bolsonaro, o\u00a0Direto da Reda\u00e7\u00e3o\u00a0e o\u00a0N\u00e1ufrago da Utopia\u00a0v\u00e3o revisitar\u00a0O\u00a0GOLPE DE 1964 E OS 21 ANOS DE DITADURA Participe voc\u00ea tamb\u00e9m desta jornada de recorda\u00e7\u00f5es. Conte como viveu os dias do Golpe e o que representaram na sua vida. Iremos publicando\u2026","rel":"","context":"Em &quot;Comunica\u00e7\u00e3o&quot;","block_context":{"text":"Comunica\u00e7\u00e3o","link":"https:\/\/jornalrol.com.br\/?cat=7"},"img":{"alt_text":"","src":"https:\/\/i0.wp.com\/www.jornalrol.com.br\/wp-content\/uploads\/2019\/03\/Celso5.jpg?resize=350%2C200","width":350,"height":200},"classes":[]},{"id":38274,"url":"https:\/\/jornalrol.com.br\/?p=38274","url_meta":{"origin":54936,"position":2},"title":"Celso Lungaretti: &#039;Matamos a cobra e mostramos o pau: com um presidente de verdade, o Brasil poderia ter uns 100 mil brasileiros a menos mortos pela Covid&#039;","author":"ADM","date":"3 de mar\u00e7o de 2021","format":false,"excerpt":"Celso Lungaretti Calculamos quantas mortes por Covid poderiam ser evitadas\u00a0 sem o negacionismo do Bolsonaro. o resultado \u00e9 chocante No s\u00e9culo passado os economistas gostavam de comparar o Brasil a uma\u00a0Bel\u00edndia: os impostos aqui existentes seriam t\u00e3o elevados quanto os da rica B\u00e9lgica, mas a mis\u00e9ria que suport\u00e1vamos equivaleria \u00e0\u2026","rel":"","context":"Em &quot;Comunica\u00e7\u00e3o&quot;","block_context":{"text":"Comunica\u00e7\u00e3o","link":"https:\/\/jornalrol.com.br\/?cat=7"},"img":{"alt_text":"","src":"https:\/\/i0.wp.com\/www.jornalrol.com.br\/wp-content\/uploads\/2020\/04\/celso-5-300x169-300x169.jpg?resize=350%2C200","width":350,"height":200},"classes":[]},{"id":27244,"url":"https:\/\/jornalrol.com.br\/?p=27244","url_meta":{"origin":54936,"position":3},"title":"Celso Lungaretti: &#039;O ogro Bolsonaro, o Olavo sem cabe\u00e7a, os pr\u00edncipes-herdeiros das trevas e os ministros zumbis s\u00e3o um halloween querendo se prolongar meses adentro&#039;","author":"Helio Rubens","date":"16 de maio de 2019","format":false,"excerpt":"O GOVERNO BOLSONARO J\u00c1 DERRETEU. S\u00d3 FALTA, TAPANDO\u00a0O NARIZ, EMPURRAR A GOSMA\u00a0NAUSEABUNDA PARA O RALO Foi bonita a festa, mo\u00e7ada, fiquei contente! \u00a0Era exatamente do que precis\u00e1vamos, esse tsunami de jovens despertando para a pol\u00edtica (o pesadelo do Bolsonaro na v\u00e9spera!), tomando a Paulista e tantas outras avenidas e pra\u00e7as\u2026","rel":"","context":"Em &quot;Comunica\u00e7\u00e3o&quot;","block_context":{"text":"Comunica\u00e7\u00e3o","link":"https:\/\/jornalrol.com.br\/?cat=7"},"img":{"alt_text":"","src":"https:\/\/i0.wp.com\/www.jornalrol.com.br\/wp-content\/uploads\/2019\/03\/Celso5.jpg?resize=350%2C200","width":350,"height":200},"classes":[]},{"id":4487,"url":"https:\/\/jornalrol.com.br\/?p=4487","url_meta":{"origin":54936,"position":4},"title":"Artigo de Celso Lungaretti: &#039;DILMA, LULA E MORO: N\u00c3O H\u00c1 INOCENTE NESTE IMBROGLIO!&#039;","author":"Helio Rubens","date":"21 de mar\u00e7o de 2016","format":false,"excerpt":"Celso Lungaretti -\u00a0TR\u00caS PERDIDOS NUMA NOITE SUJA O\u00a0que ocorreu na \u00faltima 4\u00aa feira (16\/03) foi o abuso de poder de um juiz reagindo ao abuso de poder de uma presidente da Rep\u00fablica para livrar a cara de um ex-presidente da Rep\u00fablica. Por Celso Lungaretti, no blogue\u00a0N\u00e1ufrago da Utopia. Mesmo que\u2026","rel":"","context":"Em &quot;Comunica\u00e7\u00e3o&quot;","block_context":{"text":"Comunica\u00e7\u00e3o","link":"https:\/\/jornalrol.com.br\/?cat=7"},"img":{"alt_text":"","src":"","width":0,"height":0},"classes":[]},{"id":31726,"url":"https:\/\/jornalrol.com.br\/?p=31726","url_meta":{"origin":54936,"position":5},"title":"Celso Lungaretti: &#039;CESAR BENJAMIN ALERTA PARA ENXURRADA DE NOMEA\u00c7\u00d5ES NA POL\u00cdCIA FEDERAL; A CRISE ATINGE OUTRO PATAMAR&#039;","author":"ADM","date":"1 de junho de 2020","format":false,"excerpt":"CESAR BENJAMIN ALERTA PARA ENXURRADA DE NOMEA\u00c7\u00d5ES NA POL\u00cdCIA FEDERAL; A CRISE ATINGE OUTRO PATAMAR Est\u00e1 no\u00a0Di\u00e1rio do Centro do Mundo: \"O novo chefe da Pol\u00edcia Federal publicou nesta 4\u00aa feira (26), poucos dias depois de assumir, 99 portarias de uma s\u00f3 vez, preenchendo 16 p\u00e1ginas do Di\u00e1rio Oficial.\u00a0\u00a0 Cada\u2026","rel":"","context":"Em &quot;Comunica\u00e7\u00e3o&quot;","block_context":{"text":"Comunica\u00e7\u00e3o","link":"https:\/\/jornalrol.com.br\/?cat=7"},"img":{"alt_text":"","src":"https:\/\/i0.wp.com\/www.jornalrol.com.br\/wp-content\/uploads\/2020\/04\/celso-5-300x169-300x169.jpg?resize=350%2C200","width":350,"height":200},"classes":[]}],"_links":{"self":[{"href":"https:\/\/jornalrol.com.br\/index.php?rest_route=\/wp\/v2\/posts\/54936","targetHints":{"allow":["GET"]}}],"collection":[{"href":"https:\/\/jornalrol.com.br\/index.php?rest_route=\/wp\/v2\/posts"}],"about":[{"href":"https:\/\/jornalrol.com.br\/index.php?rest_route=\/wp\/v2\/types\/post"}],"author":[{"embeddable":true,"href":"https:\/\/jornalrol.com.br\/index.php?rest_route=\/wp\/v2\/users\/3"}],"replies":[{"embeddable":true,"href":"https:\/\/jornalrol.com.br\/index.php?rest_route=%2Fwp%2Fv2%2Fcomments&post=54936"}],"version-history":[{"count":0,"href":"https:\/\/jornalrol.com.br\/index.php?rest_route=\/wp\/v2\/posts\/54936\/revisions"}],"wp:attachment":[{"href":"https:\/\/jornalrol.com.br\/index.php?rest_route=%2Fwp%2Fv2%2Fmedia&parent=54936"}],"wp:term":[{"taxonomy":"category","embeddable":true,"href":"https:\/\/jornalrol.com.br\/index.php?rest_route=%2Fwp%2Fv2%2Fcategories&post=54936"},{"taxonomy":"post_tag","embeddable":true,"href":"https:\/\/jornalrol.com.br\/index.php?rest_route=%2Fwp%2Fv2%2Ftags&post=54936"}],"curies":[{"name":"wp","href":"https:\/\/api.w.org\/{rel}","templated":true}]}}