{"id":54951,"date":"2023-05-15T13:12:12","date_gmt":"2023-05-15T16:12:12","guid":{"rendered":"http:\/\/www.jornalrol.com.br\/?p=54949"},"modified":"2023-05-29T10:29:08","modified_gmt":"2023-05-29T13:29:08","slug":"celso-ricardo-de-almeida-entrevista-o-colunista-do-rol-marcelo-augusto-paiva-pereira","status":"publish","type":"post","link":"https:\/\/jornalrol.com.br\/?p=54951","title":{"rendered":"Celso Ricardo de Almeida entrevista o colunista do ROL Marcelo Augusto Paiva Pereira"},"content":{"rendered":"<div class=\"pdfprnt-buttons pdfprnt-buttons-post pdfprnt-top-right\"><a href=\"https:\/\/jornalrol.com.br\/index.php?rest_route=%2Fwp%2Fv2%2Fposts%2F54951&print=pdf\" class=\"pdfprnt-button pdfprnt-button-pdf\" target=\"_blank\" ><\/a><a href=\"https:\/\/jornalrol.com.br\/index.php?rest_route=%2Fwp%2Fv2%2Fposts%2F54951&print=print\" class=\"pdfprnt-button pdfprnt-button-print\" target=\"_blank\" ><img decoding=\"async\" src=\"https:\/\/jornalrol.com.br\/wp-content\/plugins\/pdf-print\/images\/print.png\" alt=\"image_print\" title=\"Conte\u00fado de impress\u00e3o\" \/><\/a><\/div><div class=\"wp-block-image\">\n<figure class=\"aligncenter is-resized\"><a href=\"http:\/\/www.jornalrol.com.br\/wp-content\/uploads\/2023\/05\/Logo.png\"><img loading=\"lazy\" decoding=\"async\" src=\"http:\/\/www.jornalrol.com.br\/wp-content\/uploads\/2023\/05\/Logo.png\" alt=\"\" class=\"wp-image-54950\" width=\"227\" height=\"248\"\/><\/a><\/figure>\n<\/div>\n\n\n<h2 class=\"wp-block-heading\"><em>&#8220;Escrever faz parte de qualquer atividade profissional. Em umas influi mais, noutras menos, mas h\u00e1 sempre algum v\u00ednculo entre escrever e a outra atividade. Muitas vezes fazemos uso da escrita para abordarmos correntes art\u00edsticas ou arquitet\u00f4nicas com o escopo de desenvolver o conhecimento na mencionada carreira profissional&#8221;.<\/em><\/h2>\n\n\n\n<!--more-->\n\n\n<div class=\"wp-block-image is-style-rounded\">\n<figure class=\"alignright is-resized\"><a href=\"http:\/\/www.jornalrol.com.br\/celso-ricardo-de-almeida-entrevista-o-colunista-do-rol-marcelo-augusto-paiva-pereira\/whatsapp-image-2023-05-09-at-20-36-56\/\" rel=\"attachment wp-att-54951\"><img loading=\"lazy\" decoding=\"async\" src=\"http:\/\/www.jornalrol.com.br\/wp-content\/uploads\/2023\/05\/WhatsApp-Image-2023-05-09-at-20.36.56.jpeg\" alt=\"\" class=\"wp-image-54951\" width=\"180\" height=\"235\"\/><\/a><\/figure>\n<\/div>\n\n\n<p>Marcelo Augusto Paiva Pereira, natural de S\u00e3o Paulo\/SP e residente em Votorantim\/SP, \u00e9 arquiteto, urbanista,&nbsp; autor&nbsp; do livro de poesias \u2018Tinta &amp; Papel\u2019 (Editora Dial\u00e9tica) e colunista do&nbsp;&nbsp;Jornal Cultural ROL desde 2014, tendo participado em abril desde ano da laive comemorativa dos&nbsp; 29 anos do ROL, na condi\u00e7\u00e3o de colunista mais antigo do jornal.<\/p>\n\n\n\n<p><strong>1) Como voc\u00ea come\u00e7ou sua carreira como escritor e poeta?<\/strong><\/p>\n\n\n\n<p>Aos 19 anos escrevi minha primeira poesia, intitulada &#8216;Intimamente&#8217;, na forma de soneto. A carreira de escritor \u00e9 mais recente, aconteceu por acaso, ap\u00f3s ter reunido v\u00e1rias poesias, cr\u00f4nicas e contos que escrevi h\u00e1 alguns anos e estavam espalhados nos arquivos do meu laptop.<\/p>\n\n\n\n<p><strong>2) Qual foi a inspira\u00e7\u00e3o por tr\u00e1s do seu livro de poesias &#8216;Tinta &amp; Papel&#8217;?<\/strong><\/p>\n\n\n\n<p>Foi o conjunto de poesias, poemas, contos e cr\u00f4nicas que reuni h\u00e1 algum tempo. Verifiquei que a quantidade era suficiente para publicar um livro de bolso, pequeno, de r\u00e1pida leitura a qualquer pessoa.<\/p>\n\n\n\n<p><strong>3) Como \u00e9 ser um colunista do Jornal Cultural ROL? Quais s\u00e3o os principais temas que voc\u00ea aborda em sua coluna?<\/strong><\/p>\n\n\n\n<p>\u00c9 estar compromissado com o prop\u00f3sito do jornal, que \u00e9 divulgar a cultura a qualquer pessoa. Deve atravessar todas as barreiras, reais e virtuais, porque a cultura n\u00e3o tem limites. Os principais temas s\u00e3o sobre arquitetura e urbanismo, al\u00e9m de outros.<\/p>\n\n\n\n<p><strong>4) Como foi participar da laive de 29 anos do Jornal Cultural ROL? Poderia compartilhar alguma experi\u00eancia memor\u00e1vel desse evento?<\/strong><\/p>\n\n\n\n<p>Foi \u00f3timo, reuniu v\u00e1rios membros do jornal os quais formaram uma &#8216;grande fam\u00edlia virtual&#8217;, ocasi\u00e3o em que expusemos nossas opini\u00f5es, sentimentos e perspectivas para a continuidade do jornal. Fomos un\u00e2nimes em acolher a cultura como objeto de nossos temas, tanto na forma de cr\u00f4nicas, entrevistas, reportagens, artigos, poemas e poesias.<\/p>\n\n\n\n<p><strong>5) Al\u00e9m de escrever, voc\u00ea tamb\u00e9m trabalha como arquiteto e urbanista. Como voc\u00ea concilia essas duas paix\u00f5es? Elas se influenciam mutuamente?<\/strong><\/p>\n\n\n\n<p>Escrever faz parte de qualquer atividade profissional. Em umas influi mais, noutras menos, mas h\u00e1 sempre algum v\u00ednculo entre escrever e a outra atividade. Muitas vezes fazemos uso da escrita para abordarmos correntes art\u00edsticas ou arquitet\u00f4nicas com o escopo de desenvolver o conhecimento na mencionada carreira profissional.<\/p>\n\n\n\n<p><strong>6) Quais s\u00e3o seus planos futuros como escritor? Voc\u00ea est\u00e1 trabalhando em algum novo projeto liter\u00e1rio?<\/strong><\/p>\n\n\n\n<p>Pretendo desenvolver esse vi\u00e9s liter\u00e1rio, mesmo com publica\u00e7\u00f5es modestas. \u00c9 uma atividade que me agrada porque \u00e9 um meio de difundir a cultura e o conhecimento a muitas pessoas. Sim, terminei recentemente mais uma obra, no estilo da anterior, com poesias, poemas, cr\u00f4nicas e contos.<\/p>\n\n\n\n<p><strong>7) Como voc\u00ea come\u00e7ou sua trajet\u00f3ria como colunista do Jornal Cultural ROL? O que o motivou a se juntar \u00e0 equipe?<\/strong><\/p>\n\n\n\n<p>Foi ao acaso. Em novembro de 2014 encontrei-me com o H\u00e9lio Rubens no shopping center de Itapetininga e ele me convidou para escrever no jornal dele \u2013 o ROL \u2013 o qual somente publicava mat\u00e9rias de cunho cultural. Meu primeiro artigo chamava-se &#8216;<em>Megacidades: desafio para o futuro&#8217;<\/em>&nbsp;e foi&nbsp; publicado em janeiro de 2015. Motivou-me o espa\u00e7o de liberdade dado para a publica\u00e7\u00e3o de textos que concorram para a difus\u00e3o da cultura. Fundamental.<\/p>\n\n\n\n<p><strong>8) Quais s\u00e3o os principais temas que voc\u00ea aborda em sua coluna no jornal? Existe algum assunto que seja particularmente importante para voc\u00ea?<\/strong><\/p>\n\n\n\n<p>Os temas que mais abordo s\u00e3o de arquitetura e urbanismo, mas tamb\u00e9m fatos hist\u00f3ricos, os quais devem sempre ser lembrados para que nunca esque\u00e7amos que existimos como somos porque nossa esp\u00e9cie passou pelos mais diversos percal\u00e7os que a Hist\u00f3ria registrou. A Hist\u00f3ria \u00e9 importante para mim.<\/p>\n\n\n\n<p><strong>9) Quais s\u00e3o os desafios e as recompensas de ser um colunista? Existe alguma experi\u00eancia ou artigo espec\u00edfica que tenha sido especialmente marcante para voc\u00ea?<\/strong><\/p>\n\n\n\n<p>Os desafios s\u00e3o estar sempre conectado com o passado e o presente, com vistas para o futuro. Apesar de n\u00e3o se ter bola de cristal, podemos presumir como ser\u00e3o os anos (ou s\u00e9culos) vindouros. Dif\u00edcil responder, por serem muitas as colunas interessantes, devido \u00e0 diversidade de autores e assuntos. De qualquer modo minha experi\u00eancia como membro e colunista do aludido jornal tem sido gratificante.<\/p>\n\n\n\n<p><strong>10) Como voc\u00ea v\u00ea o papel do jornalismo cultural na sociedade contempor\u00e2nea? Qual a import\u00e2ncia desse tipo de m\u00eddia para promover a cultura e as artes?<\/strong><\/p>\n\n\n\n<p>O papel do jornalismo cultural ainda \u00e9 tratado de seletivo, &#8216;nicho&#8217; destinado aos intelectuais, ainda que n\u00e3o seja esse o papel do referido jornalismo. Ele \u00e9 muito mais, tem o escopo de atingir toda a sociedade. \u00c9 fundamental para promover a cultura e as artes, por ser o meio mais r\u00e1pido de transmiss\u00e3o de informa\u00e7\u00f5es, inclusive visuais, sejam elas culturais ou n\u00e3o.<\/p>\n\n\n\n<p><strong>11) Al\u00e9m de escrever para o Jornal Cultural ROL, voc\u00ea est\u00e1 envolvido em outros projetos relacionados \u00e0 divulga\u00e7\u00e3o cultural? Se sim, poderia compartilhar um pouco sobre eles?<\/strong><\/p>\n\n\n\n<p>Por enquanto n\u00e3o. Tenho limitado minha vida cultural aos meus artigos, ao livro que publiquei e ao pr\u00f3ximo a ser lan\u00e7ado, ainda sem previs\u00e3o de data.<\/p>\n\n\n\n<p><strong>12) Como \u00e9 o feedback dos leitores em rela\u00e7\u00e3o seus textos? Voc\u00ea recebe muitas intera\u00e7\u00f5es e coment\u00e1rios dos leitores?<\/strong><\/p>\n\n\n\n<p>N\u00e3o tenho recebido respostas dos leitores. Mas, independentemente de qualquer opini\u00e3o, melhor \u00e9 a divulga\u00e7\u00e3o do conhecimento para qualquer pessoa. \u00c9 salutar essa expans\u00e3o, na medida do alcance da internet e na raz\u00e3o de cada publica\u00e7\u00e3o, seja minha ou de outrem.<\/p>\n\n\n\n<p><strong>13) Que conselhos voc\u00ea daria para aqueles que desejam se tornar colunistas ou jornalistas culturais? Quais habilidades e conhecimentos s\u00e3o essenciais nessa \u00e1rea?<\/strong><\/p>\n\n\n\n<p>Tem que estudar muito, inclusive sobre fatos hist\u00f3ricos e ter muito conhecimento de reda\u00e7\u00e3o e regras gramaticais. Quem se prop\u00f5em a difundir a cultura tem que dar o exemplo aos leitores e leitoras e dever\u00e1 ter escrita muito bem elaborada, sem erros nem palavras &#8216;chulas&#8217; ou impr\u00f3prias para a finalidade a que destinam o jornal e as mat\u00e9rias (a serem) publicadas. Ler obras de Machado de Assis, E\u00e7a de Queiroz e Jos\u00e9 de Alencar s\u00e3o apropriadas ao conhecimento do nosso idioma, al\u00e9m de agu\u00e7ar a criatividade. Quem prop\u00f5e \u2013 ou escreve \u2013 sobre cultura tem a obriga\u00e7\u00e3o de t\u00ea-la. N\u00e3o pode fingir que a tem.<\/p>\n","protected":false},"excerpt":{"rendered":"<p>&#8220;Escrever faz parte de qualquer atividade profissional. Em umas influi mais, noutras menos, mas h\u00e1 sempre algum v\u00ednculo entre escrever e a outra atividade. Muitas vezes fazemos uso da escrita para abordarmos correntes art\u00edsticas ou arquitet\u00f4nicas com o escopo de desenvolver o<\/p>\n<p class=\"link-more\"><a class=\"myButt \" href=\"https:\/\/jornalrol.com.br\/?p=54951\">Read More<\/a><\/p>\n","protected":false},"author":15,"featured_media":0,"comment_status":"open","ping_status":"closed","sticky":false,"template":"","format":"standard","meta":{"_jetpack_newsletter_access":"","_jetpack_dont_email_post_to_subs":false,"_jetpack_newsletter_tier_id":0,"_jetpack_memberships_contains_paywalled_content":false,"_jetpack_memberships_contains_paid_content":false,"footnotes":""},"categories":[7],"tags":[1805,3307,3314,5349],"class_list":["post-54951","post","type-post","status-publish","format-standard","hentry","category-comunicacao","tag-celso-ricardo-de-almeida","tag-entrevista","tag-entrevistas-rolianas","tag-marcelo-augusto-paiva-pereira"],"aioseo_notices":[],"views":752,"jetpack_featured_media_url":"","jetpack_sharing_enabled":true,"jetpack_likes_enabled":true,"jetpack-related-posts":[{"id":45837,"url":"https:\/\/jornalrol.com.br\/?p=45837","url_meta":{"origin":54951,"position":0},"title":"Marcelo Augusto Paiva Pereira: &#039;Aldravia&#039;","author":"Marcelo Paiva Pereira","date":"23 de outubro de 2021","format":false,"excerpt":"Aldravia em avenida movimentada telefone p\u00fablico ignorado \u00a0 Marcelo Augusto Paiva Pereira secondo.appendino@gmail.com","rel":"","context":"Em &quot;Comunica\u00e7\u00e3o&quot;","block_context":{"text":"Comunica\u00e7\u00e3o","link":"https:\/\/jornalrol.com.br\/?cat=7"},"img":{"alt_text":"","src":"https:\/\/i0.wp.com\/www.jornalrol.com.br\/wp-content\/uploads\/2020\/04\/Nova-foto-em-7-de-agosto-2019-207x300-1-150x150.jpg?resize=350%2C200","width":350,"height":200},"classes":[]},{"id":52275,"url":"https:\/\/jornalrol.com.br\/?p=52275","url_meta":{"origin":54951,"position":1},"title":"Marcelo Paiva Pereira","author":"Helio Rubens","date":"16 de outubro de 2022","format":false,"excerpt":"MARCELO PAIVA PEREIRA \u00a0 CURR\u00cdCULO Marcelo Augusto Paiva Pereira \u00e9 natural de S\u00e3o Paulo\/SP, divorciado, arquiteto e urbanista, mora em Votorantim\/SP, escreve no Jornal Cultural ROL e \u00e9 autor do livro de poesias 'Tinta & Papel', publicado pela editora dial\u00e9tica. \u00a0","rel":"","context":"Em &quot;Comunica\u00e7\u00e3o&quot;","block_context":{"text":"Comunica\u00e7\u00e3o","link":"https:\/\/jornalrol.com.br\/?cat=7"},"img":{"alt_text":"","src":"https:\/\/i0.wp.com\/jornalrol.com.br\/wp-content\/uploads\/2022\/10\/Close-Marcelo-em-set2022-209x300.png?resize=350%2C200","width":350,"height":200},"classes":[]},{"id":31162,"url":"https:\/\/jornalrol.com.br\/?p=31162","url_meta":{"origin":54951,"position":2},"title":"Marcelo Augusto Paiva Pereira: &#039;A poesia de um poema&#039;","author":"Marcelo Paiva Pereira","date":"21 de abril de 2020","format":false,"excerpt":"A poesia de um poema \u00a0 A poesia tem uma fun\u00e7\u00e3o deveras importante, Visa quem a l\u00ea para estimular a reflex\u00e3o; Tamb\u00e9m causa devaneios ou exalta a raz\u00e3o. \u00a0 Quer transmitir algo sem ser inoperante Oculto em versos e estrofes por vezes rimados, Mas com a clareza de ideais adjetivados.\u2026","rel":"","context":"Em &quot;Comunica\u00e7\u00e3o&quot;","block_context":{"text":"Comunica\u00e7\u00e3o","link":"https:\/\/jornalrol.com.br\/?cat=7"},"img":{"alt_text":"","src":"https:\/\/i0.wp.com\/www.jornalrol.com.br\/wp-content\/uploads\/2020\/04\/Nova-foto-em-7-de-agosto-2019-207x300-1-207x300.jpg?resize=350%2C200","width":350,"height":200},"classes":[]},{"id":49282,"url":"https:\/\/jornalrol.com.br\/?p=49282","url_meta":{"origin":54951,"position":3},"title":"Marcelo Augusto Paiva Pereira: &#039;Reden\u00e7\u00e3o&#039;","author":"Marcelo Paiva Pereira","date":"24 de mar\u00e7o de 2022","format":false,"excerpt":"Reden\u00e7\u00e3o Jesus amado Quero-O ao meu lado Jesus temido Quero-O comigo \u00a0 Amo e temo a Ti Acolho Tua palavra Nada tem melhor lavra Ainda que nunca O vi \u00a0 Sei que sou falho Tamb\u00e9m cometo erros Quero a Ti um atalho Ap\u00f3s o meu enterro... \u00a0 Marcelo Augusto Paiva\u2026","rel":"","context":"Em &quot;Comunica\u00e7\u00e3o&quot;","block_context":{"text":"Comunica\u00e7\u00e3o","link":"https:\/\/jornalrol.com.br\/?cat=7"},"img":{"alt_text":"","src":"https:\/\/i0.wp.com\/www.jornalrol.com.br\/wp-content\/uploads\/2020\/04\/Nova-foto-em-7-de-agosto-2019-207x300-1-150x150.jpg?resize=350%2C200","width":350,"height":200},"classes":[]},{"id":37598,"url":"https:\/\/jornalrol.com.br\/?p=37598","url_meta":{"origin":54951,"position":4},"title":"Marcelo Augusto Paiva Pereira: &#039;Algu\u00e9m para quem&#039;","author":"Marcelo Paiva Pereira","date":"9 de fevereiro de 2021","format":false,"excerpt":"Algu\u00e9m para quem Algu\u00e9m Ou ningu\u00e9m. N\u00e3o sei muito bem Quem \u00e9 quem. \u00a0 Mas o que sei \u00c9 que algu\u00e9m existe Em lugar que inexiste Ou que jamais procurei. \u00a0 Pode n\u00e3o haver ningu\u00e9m, Ou estar al\u00e9m do al\u00e9m. Mas, estando por l\u00e1 Algu\u00e9m ser\u00e1. \u00a0 A aus\u00eancia de\u2026","rel":"","context":"Em &quot;Comunica\u00e7\u00e3o&quot;","block_context":{"text":"Comunica\u00e7\u00e3o","link":"https:\/\/jornalrol.com.br\/?cat=7"},"img":{"alt_text":"","src":"https:\/\/i0.wp.com\/www.jornalrol.com.br\/wp-content\/uploads\/2020\/04\/Nova-foto-em-7-de-agosto-2019-207x300-1-150x150.jpg?resize=350%2C200","width":350,"height":200},"classes":[]},{"id":31012,"url":"https:\/\/jornalrol.com.br\/?p=31012","url_meta":{"origin":54951,"position":5},"title":"Marcelo Augusto Paiva Pereira: &#039;Amor proibido&#039;","author":"Marcelo Paiva Pereira","date":"15 de abril de 2020","format":false,"excerpt":"Amor proibido O amor proibido \u00e9 um sentimento Que deixa o amante perdido. Mesmo que por um momento, Vive-se em devaneios Sob o perigo de olhos alheios. \u00a0 Portas, janelas e paredes Se transformam em olhos e redes Capturam toda e qualquer manobra Dos amantes que se entrela\u00e7am em boa\u2026","rel":"","context":"Em &quot;Comunica\u00e7\u00e3o&quot;","block_context":{"text":"Comunica\u00e7\u00e3o","link":"https:\/\/jornalrol.com.br\/?cat=7"},"img":{"alt_text":"","src":"https:\/\/i0.wp.com\/www.jornalrol.com.br\/wp-content\/uploads\/2020\/04\/Nova-foto-em-7-de-agosto-2019-207x300-1-207x300.jpg?resize=350%2C200","width":350,"height":200},"classes":[]}],"_links":{"self":[{"href":"https:\/\/jornalrol.com.br\/index.php?rest_route=\/wp\/v2\/posts\/54951","targetHints":{"allow":["GET"]}}],"collection":[{"href":"https:\/\/jornalrol.com.br\/index.php?rest_route=\/wp\/v2\/posts"}],"about":[{"href":"https:\/\/jornalrol.com.br\/index.php?rest_route=\/wp\/v2\/types\/post"}],"author":[{"embeddable":true,"href":"https:\/\/jornalrol.com.br\/index.php?rest_route=\/wp\/v2\/users\/15"}],"replies":[{"embeddable":true,"href":"https:\/\/jornalrol.com.br\/index.php?rest_route=%2Fwp%2Fv2%2Fcomments&post=54951"}],"version-history":[{"count":4,"href":"https:\/\/jornalrol.com.br\/index.php?rest_route=\/wp\/v2\/posts\/54951\/revisions"}],"predecessor-version":[{"id":56285,"href":"https:\/\/jornalrol.com.br\/index.php?rest_route=\/wp\/v2\/posts\/54951\/revisions\/56285"}],"wp:attachment":[{"href":"https:\/\/jornalrol.com.br\/index.php?rest_route=%2Fwp%2Fv2%2Fmedia&parent=54951"}],"wp:term":[{"taxonomy":"category","embeddable":true,"href":"https:\/\/jornalrol.com.br\/index.php?rest_route=%2Fwp%2Fv2%2Fcategories&post=54951"},{"taxonomy":"post_tag","embeddable":true,"href":"https:\/\/jornalrol.com.br\/index.php?rest_route=%2Fwp%2Fv2%2Ftags&post=54951"}],"curies":[{"name":"wp","href":"https:\/\/api.w.org\/{rel}","templated":true}]}}