{"id":556,"date":"2015-01-15T21:03:41","date_gmt":"2015-01-15T23:03:41","guid":{"rendered":"http:\/\/www.jornalrol.com.br\/?p=556"},"modified":"2015-01-15T21:03:41","modified_gmt":"2015-01-15T23:03:41","slug":"a-prioridades-do-novo-ministro-da-cultura","status":"publish","type":"post","link":"https:\/\/jornalrol.com.br\/?p=556","title":{"rendered":"A PRIORIDADES DO NOVO MINISTRO DA CULTURA"},"content":{"rendered":"<div class=\"pdfprnt-buttons pdfprnt-buttons-post pdfprnt-top-right\"><a href=\"https:\/\/jornalrol.com.br\/index.php?rest_route=%2Fwp%2Fv2%2Fposts%2F556&print=pdf\" class=\"pdfprnt-button pdfprnt-button-pdf\" target=\"_blank\" ><\/a><a href=\"https:\/\/jornalrol.com.br\/index.php?rest_route=%2Fwp%2Fv2%2Fposts%2F556&print=print\" class=\"pdfprnt-button pdfprnt-button-print\" target=\"_blank\" ><img decoding=\"async\" src=\"https:\/\/jornalrol.com.br\/wp-content\/plugins\/pdf-print\/images\/print.png\" alt=\"image_print\" title=\"Conte\u00fado de impress\u00e3o\" \/><\/a><\/div><p><a href=\"http:\/\/www.jornalrol.com.br\/wp-content\/uploads\/2015\/01\/Juca.jpg\"><img loading=\"lazy\" decoding=\"async\" class=\"alignleft size-medium wp-image-557\" src=\"http:\/\/www.jornalrol.com.br\/wp-content\/uploads\/2015\/01\/Juca-300x200.jpg\" alt=\"Juca\" width=\"300\" height=\"200\" \/><\/a>Trabalhar com amplo di\u00e1logo e participa\u00e7\u00e3o social, aprimorar o sistema de financiamento da cultura, modernizar a legisla\u00e7\u00e3o de direitos autorais, buscar a aprova\u00e7\u00e3o da PEC da Cultura, refor\u00e7ar parcerias culturais com outros pa\u00edses, criar uma pol\u00edtica nacional para as artes e ampliar o acesso aos bens culturais via ambiente digital. Com esses compromissos, o soci\u00f3logo Juca Ferreira iniciou hoje (12\/1) sua segunda gest\u00e3o frente ao Minist\u00e9rio da Cultura (MinC).<\/p>\n<div class=\"journal-content-article\">\n<div><\/div>\n<div>Com presen\u00e7a maci\u00e7a de artistas, produtores culturais, grupos e coletivos culturais, ministros de Estado, parlamentares e outras autoridades, Ferreira recebeu o cargo da ent\u00e3o ministra interina, Ana Cristina Wanzeler, em solenidade realizada nesta manh\u00e3, no Teatro Funarte Pl\u00ednio Marcos, em Bras\u00edlia.<\/div>\n<div><\/div>\n<div>&#8220;O di\u00e1logo ser\u00e1 um pressuposto da nossa gest\u00e3o. E o realizaremos por meio de um amplo programa de participa\u00e7\u00e3o social. Conto com a ajuda dos criadores, de todos os artistas, ativistas e fazedores de cultura para ampliarmos a capacidade de realiza\u00e7\u00e3o do Minist\u00e9rio&#8221;, destacou o novo ministro.<\/div>\n<div><\/div>\n<div>Ferreira informou que a participa\u00e7\u00e3o social ser\u00e1 exercida por meio de uma reativa\u00e7\u00e3o &#8220;vigorosa&#8221; do Conselho Nacional de Pol\u00edticas Culturais, do fomento \u00e0 realiza\u00e7\u00e3o de Confer\u00eancias de Cultura, da presen\u00e7a constante no di\u00e1logo com o parlamento e tamb\u00e9m com a implanta\u00e7\u00e3o de mecanismos contempor\u00e2neos de constru\u00e7\u00e3o e delibera\u00e7\u00e3o on-line. Um desses mecanismos ser\u00e1 um Gabinete Digital, que ter\u00e1 os objetivos de dar &#8220;transpar\u00eancia absoluta&#8221; \u00e0s atividades do MinC e de ser uma interface de cogest\u00e3o, aberta e colaborativa, com os cidad\u00e3os.<\/div>\n<h2>Mais recursos<\/h2>\n<div>No discurso, o novo ministro tamb\u00e9m se comprometeu a trabalhar pela aprova\u00e7\u00e3o da PEC da Cultura. &#8220;Seria um grande passo conquistarmos essa aprova\u00e7\u00e3o&#8221;, afirmou, sob fortes aplausos. A proposta prev\u00ea o repasse anual de 2% do or\u00e7amento federal, 1,5% do or\u00e7amento dos estados e do Distrito Federal e 1% do or\u00e7amento dos munic\u00edpios, de receitas resultantes de impostos, para a cultura.<\/div>\n<div><\/div>\n<div>Outro ponto citado por Ferreira foi a necessidade de mudan\u00e7as no atual sistema de financiamento da cultura. &#8220;Faremos um esfor\u00e7o conjunto com o Congresso Nacional nos pr\u00f3ximos meses para aprova\u00e7\u00e3o do ProCultura&#8221;, destacou Juca Ferreira.<\/div>\n<div><\/div>\n<div>&#8220;A cultura brasileira n\u00e3o pode ficar dependente dos departamentos de marketing das grandes corpora\u00e7\u00f5es. Queremos mais investimento na cultura e esta tamb\u00e9m deve ser uma das responsabilidades sociais da iniciativa privada. Mas queremos que essa conta seja paga com responsabilidades partilhadas&#8221;, afirmou.<\/div>\n<h2>Procultura<\/h2>\n<div>Atualmente em tramita\u00e7\u00e3o no Senado Federal, o Programa Nacional de Fomento e Incentivo \u00e0 Cultura (ProCultura), previsto para substituir a Lei Rouanet, trar\u00e1 um novo modelo de financiamento federal \u00e0 cultura e mudan\u00e7as substanciais no mecanismo de incentivo cultural por meio de ren\u00fancia fiscal.<\/div>\n<div><\/div>\n<div>Juca Ferreira ressaltou ainda que ir\u00e1 retomar a agenda de moderniza\u00e7\u00e3o da legisla\u00e7\u00e3o de direito autoral. &#8220;O ambiente digital se desenvolve e se transforma rapidamente, e nossas leis devem acompanhar as novas pr\u00e1ticas sociais que surgiram com as novas tecnologias&#8221;, afirmou. &#8220;Implementaremos a lei que prev\u00ea a supervis\u00e3o do Estado sobre as atividades de gest\u00e3o coletiva de direitos autorais. Essa lei foi uma conquista da mobiliza\u00e7\u00e3o de autores e artistas, que entenderam que o Estado pode e deve auxiliar os criadores na garantia de seus direitos&#8221;, ressaltou.<\/div>\n<div><\/div>\n<div>A amplia\u00e7\u00e3o do acesso aos bens culturais proporcionada pelo ambiente digital \u00e9 outro objetivo priorit\u00e1rio para a nova gest\u00e3o, destacou Ferreira. &#8220;\u00c9 um mito que isso s\u00f3 pode ocorrer causando preju\u00edzo aos criadores&#8221;, afirmou. &#8220;O ambiente digital pode sim ser regulado de forma que os criadores tenham novas formas de remunera\u00e7\u00e3o pelo seu trabalho criativo. A moderniza\u00e7\u00e3o da legisla\u00e7\u00e3o pode beneficiar tanto aos criadores quanto atender \u00e0s demandas dos cidad\u00e3os de acessar e compartilhar cultura e conhecimento&#8221;, completou.<\/div>\n<h2>Pol\u00edtica das Artes<\/h2>\n<div>O ministro afirmou estar convicto de que o Brasil precisa de uma pol\u00edtica &#8220;vigorosa&#8221; para as artes, em escala nacional e com efetiva capacidade de penetra\u00e7\u00e3o em todos os cantos do pa\u00eds. &#8220;\u00c9 por via deste caminho que afirmaremos definitivamente o Brasil como uma pot\u00eancia est\u00e9tica global, surgida do encontro entre todas as humanidades, da orgulhosa mesti\u00e7agem das culturas que aqui coexistem e que mutuamente se transformam neste nosso pa\u00eds do remix&#8221;, destacou.<\/div>\n<div><\/div>\n<div>&#8220;Nada, nada deve ficar de fora de nossa aten\u00e7\u00e3o: da literatura \u00e0s artes visuais, \u00e0s express\u00f5es identit\u00e1rias, aos conhecimentos, \u00e0 mem\u00f3ria; dos valores \u00e0 economia da cultura; bem como a moda, a arquitetura, a cultura digital, a cultura alimentar, o design&#8221;, enumerou.<\/div>\n<div><\/div>\n<div>A transforma\u00e7\u00e3o do Programa Cultura Viva em pol\u00edtica de Estado, em julho de 2014, foi comemorada por Juca Ferreira. &#8220;Volto ao MinC com a Lei Cultura Viva vitoriosamente aprovada por for\u00e7a de mobiliza\u00e7\u00e3o da sociedade. Esta lei abre o horizonte para uma maior seguran\u00e7a jur\u00eddica no relacionamento entre organiza\u00e7\u00f5es da sociedade e o Estado, e nos possibilita criar fluxos muitos mais horizontais e transparentes de gest\u00e3o da pol\u00edtica p\u00fablica em rede&#8221;, afirmou.<\/div>\n<div><\/div>\n<div>Os servidores do MinC tamb\u00e9m ser\u00e3o valorizados na nova gest\u00e3o, garantiu o novo ministro. &#8220;Estou a par de muitas das dificuldades enfrentadas pelos servidores, das demandas por melhoria nas condi\u00e7\u00f5es de trabalho e remunera\u00e7\u00e3o. Precisaremos de um esfor\u00e7o de planejamento capaz de dotar o Minist\u00e9rio da Cultura das condi\u00e7\u00f5es de realiza\u00e7\u00e3o de sua miss\u00e3o institucional, qualificando e modernizando a gest\u00e3o. Eu acredito em um Estado eficiente e eficaz. Essa ser\u00e1 uma luta que teremos que enfrentar juntos&#8221;, destacou.<\/div>\n<h2>Educa\u00e7\u00e3o<\/h2>\n<div>Juca Ferreira afirmou ter recebido com &#8220;entusiasmo&#8221; a sinaliza\u00e7\u00e3o da presidenta Dilma Rousseff de que a educa\u00e7\u00e3o \u00e9 a grande prioridade do novo mandato. &#8220;N\u00e3o existe educa\u00e7\u00e3o democr\u00e1tica e libertadora sem o que a cultura pode oferecer. A produ\u00e7\u00e3o e frui\u00e7\u00e3o cultural se qualificam a partir de pr\u00e1ticas educacionais abrangentes e inovadoras&#8221;, afirmou.<\/div>\n<div><\/div>\n<div>O ministro ressaltou ainda que, na nova gest\u00e3o, o Minist\u00e9rio da Cultura voltar\u00e1 a ser espa\u00e7o para experimenta\u00e7\u00e3o de novos rumos. &#8220;O MinC est\u00e1 de volta para o futuro. O lugar da mem\u00f3ria e da inova\u00e7\u00e3o, das ra\u00edzes tradicionais e da nova ousadia criativa, da imagina\u00e7\u00e3o e da inven\u00e7\u00e3o, reconvocadas a colaborar com o Brasil. Viva o povo e a cultura brasileira!&#8221;, concluiu.<\/div>\n<div><\/div>\n<div>Assessoria de Comunica\u00e7\u00e3o<\/div>\n<div>Minist\u00e9rio da Cultura<\/div>\n<\/div>\n<div id=\"ykmt_socialBookmarks\" class=\"taglib-social-bookmarks\"><\/div>\n","protected":false},"excerpt":{"rendered":"<p>Trabalhar com amplo di\u00e1logo e participa\u00e7\u00e3o social, aprimorar o sistema de financiamento da cultura, modernizar a legisla\u00e7\u00e3o de direitos autorais, buscar a aprova\u00e7\u00e3o da PEC da Cultura, refor\u00e7ar parcerias culturais com outros pa\u00edses, criar uma pol\u00edtica nacional para as artes e ampliar<\/p>\n<p class=\"link-more\"><a class=\"myButt \" href=\"https:\/\/jornalrol.com.br\/?p=556\">Read More<\/a><\/p>\n","protected":false},"author":3,"featured_media":0,"comment_status":"closed","ping_status":"closed","sticky":false,"template":"","format":"standard","meta":{"_jetpack_newsletter_access":"","_jetpack_dont_email_post_to_subs":false,"_jetpack_newsletter_tier_id":0,"_jetpack_memberships_contains_paywalled_content":false,"_jetpack_memberships_contains_paid_content":false,"footnotes":""},"categories":[7],"tags":[],"class_list":["post-556","post","type-post","status-publish","format-standard","hentry","category-comunicacao"],"aioseo_notices":[],"views":0,"jetpack_featured_media_url":"","jetpack_sharing_enabled":true,"jetpack_likes_enabled":true,"jetpack-related-posts":[{"id":1326,"url":"https:\/\/jornalrol.com.br\/?p=1326","url_meta":{"origin":556,"position":0},"title":"Noticia: PRESIDENTE FRANC\u00caS VISITOU SAL\u00c3O DO LIVRO DO BRASIL","author":"Helio Rubens","date":"27 de mar\u00e7o de 2015","format":false,"excerpt":"Presidente franc\u00eas visitou Sal\u00e3o do Livro e conversou com Juca Ferreira 21.3.2015 - 9:30 O presidente da Fran\u00e7a, Fran\u00e7ois Hollande, visitou o estande brasileiro da 35\u00aa edi\u00e7\u00e3o do Sal\u00e3o do Livro de Paris, um dos maiores eventos de literatura do mundo, na manh\u00e3 deste s\u00e1bado (21\/3). O ministro da Cultura,\u2026","rel":"","context":"Em &quot;Comunica\u00e7\u00e3o&quot;","block_context":{"text":"Comunica\u00e7\u00e3o","link":"https:\/\/jornalrol.com.br\/?cat=7"},"img":{"alt_text":"hOLLANDE","src":"https:\/\/i0.wp.com\/www.jornalrol.com.br\/wp-content\/uploads\/2015\/03\/hOLLANDE.jpg?resize=350%2C200","width":350,"height":200},"classes":[]},{"id":861,"url":"https:\/\/jornalrol.com.br\/?p=861","url_meta":{"origin":556,"position":1},"title":"BRASIL TEM POTENCIAL PARA SE TORNAR GRANDE PRODUTOR DE GAMES","author":"Helio Rubens","date":"6 de fevereiro de 2015","format":false,"excerpt":"A opini\u00e3o \u00e9 do ministro da Cultura 4.2.2015 - 19:16 Em visita \u00e0 Campus Party, o ministro da Cultura, Juca Ferreira, falou ao\u00a0site Gera\u00e7\u00e3o Gamer\u00a0sobre a perspectiva de apoio do Minist\u00e9rio da Cultura (MinC) \u00e0 ind\u00fastria dos games. \"O Brasil n\u00e3o pode ficar de fora desta mudan\u00e7a, porque ele tem\u2026","rel":"","context":"Em &quot;Comunica\u00e7\u00e3o&quot;","block_context":{"text":"Comunica\u00e7\u00e3o","link":"https:\/\/jornalrol.com.br\/?cat=7"},"img":{"alt_text":"potencial","src":"https:\/\/i0.wp.com\/www.jornalrol.com.br\/wp-content\/uploads\/2015\/02\/potencial.jpg?resize=350%2C200","width":350,"height":200},"classes":[]},{"id":731,"url":"https:\/\/jornalrol.com.br\/?p=731","url_meta":{"origin":556,"position":2},"title":"LAN\u00c7ADA EM S\u00c3O PAULO A EMPRESA SPCINE DO GOVERNO FEDERAL","author":"Helio Rubens","date":"29 de janeiro de 2015","format":false,"excerpt":"SPCine \u00e9 lan\u00e7ada em S\u00e3o Paulo O setor audiovisual da cidade de S\u00e3o Paulo, incluindo cinema, TV, games e conte\u00fados audiovisuais para web, ganhou uma parceria de peso no desenvolvimento de suas atividades. Nesta quarta-feira 28, foi lan\u00e7ada a SPCine - Empresa de Cinema e Audiovisual de S\u00e3o Paulo. O\u2026","rel":"","context":"Em &quot;Comunica\u00e7\u00e3o&quot;","block_context":{"text":"Comunica\u00e7\u00e3o","link":"https:\/\/jornalrol.com.br\/?cat=7"},"img":{"alt_text":"","src":"http:\/\/www.cultura.gov.br\/documents\/10883\/1171222\/spcine-1000.jpg\/e0a759ca-2f0f-40d3-8a50-c1308b0520b5?t=1422500995994","width":350,"height":200},"classes":[]},{"id":883,"url":"https:\/\/jornalrol.com.br\/?p=883","url_meta":{"origin":556,"position":3},"title":"CAMPUS PARTY &#8211; CULTURA DO S\u00c9CULO 21","author":"Helio Rubens","date":"8 de fevereiro de 2015","format":false,"excerpt":"Cultura do s\u00e9culo 21 tem muito a ver com a Campus Party, diz ministro \u00a0 A participa\u00e7\u00e3o de Juca Ferreira na noite de abertura da\u00a08\u00aa edi\u00e7\u00e3o da Campus Party Brasil \u00e9 uma sinaliza\u00e7\u00e3o da import\u00e2ncia que a cultura digital ter\u00e1 em sua segunda gest\u00e3o no Minist\u00e9rio da Cultura. (Fotos de\u2026","rel":"","context":"Em &quot;Comunica\u00e7\u00e3o&quot;","block_context":{"text":"Comunica\u00e7\u00e3o","link":"https:\/\/jornalrol.com.br\/?cat=7"},"img":{"alt_text":"","src":"","width":0,"height":0},"classes":[]},{"id":2324,"url":"https:\/\/jornalrol.com.br\/?p=2324","url_meta":{"origin":556,"position":4},"title":"A Secretaria da Cidadania e Diversidade Cultural do Minist\u00e9rio da Cultura lan\u00e7ar\u00e1 no dia 2 de julho tr\u00eas editais, parte de suas a\u00e7\u00f5es para a gest\u00e3o 2015.","author":"Helio Rubens","date":"27 de junho de 2015","format":false,"excerpt":"\u00a0 Os primeiros editais priorizam a\u00e7\u00f5es de cultura transversais, m\u00eddia livre e redes culturais, e pol\u00edticas espec\u00edficas para grupos vulner\u00e1veis como o dos povos ind\u00edgenas. \u00a0 S\u00e3o editais que sinalizam o compromisso do MinC em apoiar de maneira cont\u00ednua e descentralizada as iniciativas culturais que est\u00e3o na base da sociedade\u2026","rel":"","context":"Em &quot;Comunica\u00e7\u00e3o&quot;","block_context":{"text":"Comunica\u00e7\u00e3o","link":"https:\/\/jornalrol.com.br\/?cat=7"},"img":{"alt_text":"editais","src":"https:\/\/i0.wp.com\/www.jornalrol.com.br\/wp-content\/uploads\/2015\/06\/editais-300x300.jpg?resize=350%2C200","width":350,"height":200},"classes":[]},{"id":4604,"url":"https:\/\/jornalrol.com.br\/?p=4604","url_meta":{"origin":556,"position":5},"title":"Itapetininga ter\u00e1 Revis\u00e3o da Confer\u00eancia Municipal de Cultura e Elabora\u00e7\u00e3o de Documento do Plano Municipal de Cultura","author":"Helio Rubens","date":"7 de abril de 2016","format":false,"excerpt":"O soci\u00f3logo Tony Nakatani ministrar\u00e1 as oficinas \u00a0 A Secretaria de Cultura e Turismo e o Conselho Municipal de Cultura realizar\u00e3o a Revis\u00e3o da Confer\u00eancia Municipal de Cultura e Elabora\u00e7\u00e3o de Documento do Plano Municipal de Cultura, que ter\u00e1 car\u00e1ter de lei. As oficinas ser\u00e3o ministradas pelo soci\u00f3logo, especialista em\u2026","rel":"","context":"Em &quot;Comunica\u00e7\u00e3o&quot;","block_context":{"text":"Comunica\u00e7\u00e3o","link":"https:\/\/jornalrol.com.br\/?cat=7"},"img":{"alt_text":"","src":"","width":0,"height":0},"classes":[]}],"_links":{"self":[{"href":"https:\/\/jornalrol.com.br\/index.php?rest_route=\/wp\/v2\/posts\/556","targetHints":{"allow":["GET"]}}],"collection":[{"href":"https:\/\/jornalrol.com.br\/index.php?rest_route=\/wp\/v2\/posts"}],"about":[{"href":"https:\/\/jornalrol.com.br\/index.php?rest_route=\/wp\/v2\/types\/post"}],"author":[{"embeddable":true,"href":"https:\/\/jornalrol.com.br\/index.php?rest_route=\/wp\/v2\/users\/3"}],"replies":[{"embeddable":true,"href":"https:\/\/jornalrol.com.br\/index.php?rest_route=%2Fwp%2Fv2%2Fcomments&post=556"}],"version-history":[{"count":0,"href":"https:\/\/jornalrol.com.br\/index.php?rest_route=\/wp\/v2\/posts\/556\/revisions"}],"wp:attachment":[{"href":"https:\/\/jornalrol.com.br\/index.php?rest_route=%2Fwp%2Fv2%2Fmedia&parent=556"}],"wp:term":[{"taxonomy":"category","embeddable":true,"href":"https:\/\/jornalrol.com.br\/index.php?rest_route=%2Fwp%2Fv2%2Fcategories&post=556"},{"taxonomy":"post_tag","embeddable":true,"href":"https:\/\/jornalrol.com.br\/index.php?rest_route=%2Fwp%2Fv2%2Ftags&post=556"}],"curies":[{"name":"wp","href":"https:\/\/api.w.org\/{rel}","templated":true}]}}