{"id":60128,"date":"2023-08-16T09:31:40","date_gmt":"2023-08-16T12:31:40","guid":{"rendered":"https:\/\/www.jornalrol.com.br\/?p=60128"},"modified":"2023-08-16T10:12:37","modified_gmt":"2023-08-16T13:12:37","slug":"diego-figueiredo-apresenta-o-show-gratuito-violao-e-orquestra-na-fundec-de-sorocaba","status":"publish","type":"post","link":"https:\/\/jornalrol.com.br\/?p=60128","title":{"rendered":"Diego Figueiredo apresenta o show gratuito \u2018Viol\u00e3o e Orquestra\u2019 na Fundec de Sorocaba"},"content":{"rendered":"<div class=\"pdfprnt-buttons pdfprnt-buttons-post pdfprnt-top-right\"><a href=\"https:\/\/jornalrol.com.br\/index.php?rest_route=%2Fwp%2Fv2%2Fposts%2F60128&print=pdf\" class=\"pdfprnt-button pdfprnt-button-pdf\" target=\"_blank\" ><\/a><a href=\"https:\/\/jornalrol.com.br\/index.php?rest_route=%2Fwp%2Fv2%2Fposts%2F60128&print=print\" class=\"pdfprnt-button pdfprnt-button-print\" target=\"_blank\" ><img decoding=\"async\" src=\"https:\/\/jornalrol.com.br\/wp-content\/plugins\/pdf-print\/images\/print.png\" alt=\"image_print\" title=\"Conte\u00fado de impress\u00e3o\" \/><\/a><\/div>\n<h2 class=\"wp-block-heading has-text-align-center\"><em>O renomado instrumentista, com carreira internacional, e indicado ao Grammy Award 2019, estar\u00e1 acompanhado de um quinteto de cordas; show, \u00e0s 20h, celebra lan\u00e7amento de novo disco no Brasil<\/em><br><br><\/h2>\n\n\n<div class=\"wp-block-image\">\n<figure class=\"aligncenter size-full is-resized\"><img loading=\"lazy\" decoding=\"async\" data-attachment-id=\"60130\" data-permalink=\"https:\/\/jornalrol.com.br\/?attachment_id=60130\" data-orig-file=\"https:\/\/jornalrol.com.br\/wp-content\/uploads\/2023\/08\/DiegoFigueiredo_Foto_JoaoHenriqueSteffen01.jpg\" data-orig-size=\"2048,1365\" data-comments-opened=\"1\" data-image-meta=\"{&quot;aperture&quot;:&quot;0&quot;,&quot;credit&quot;:&quot;JONATHAN LAMARCA SEGURA&quot;,&quot;camera&quot;:&quot;&quot;,&quot;caption&quot;:&quot;&quot;,&quot;created_timestamp&quot;:&quot;0&quot;,&quot;copyright&quot;:&quot;ESTA FOTO PERTENCE A JONATHAN LAMARCA SEGURA&quot;,&quot;focal_length&quot;:&quot;0&quot;,&quot;iso&quot;:&quot;0&quot;,&quot;shutter_speed&quot;:&quot;0&quot;,&quot;title&quot;:&quot;&quot;,&quot;orientation&quot;:&quot;0&quot;}\" data-image-title=\"DiegoFigueiredo_Foto_JoaoHenriqueSteffen01\" data-image-description=\"\" data-image-caption=\"\" data-large-file=\"https:\/\/jornalrol.com.br\/wp-content\/uploads\/2023\/08\/DiegoFigueiredo_Foto_JoaoHenriqueSteffen01.jpg\" src=\"https:\/\/www.jornalrol.com.br\/wp-content\/uploads\/2023\/08\/DiegoFigueiredo_Foto_JoaoHenriqueSteffen01.jpg\" alt=\"Diego Figueiredo. Foto Jo\u00e3o Henrique Steffen\" class=\"wp-image-60130\" width=\"656\" height=\"436\"\/><figcaption class=\"wp-element-caption\">Diego Figueiredo. <em>Foto Jo\u00e3o Henrique Steffen<\/em><\/figcaption><\/figure>\n<\/div>\n\n\n<p><\/p>\n\n\n\n<p class=\"has-drop-cap\">D<strong>iego Figueiredo<\/strong>, considerado g\u00eanio do viol\u00e3o e da guitarra e um dos maiores instrumentistas no cen\u00e1rio mundial atual &#8211; sendo indicado ao Grammy Awards 2019, na categoria de melhor arranjo &#8211; apresenta em <strong>Sorocaba (SP)<\/strong> a turn\u00ea &#8216;Viol\u00e3o e Orquestra&#8217; com <strong>show gratuito neste s\u00e1bado (19\/08), \u00e0s 20h, na Fundec (Funda\u00e7\u00e3o de Desenvolvimento Cultural de Sorocaba)<\/strong>. A apresenta\u00e7\u00e3o celebra o lan\u00e7amento no Brasil do novo \u00e1lbum autoral, de mesmo nome, que nos EUA est\u00e1 entre os 20 discos mais tocados nas r\u00e1dios de jazz. No palco, um quinteto de cordas acompanha o violonista, que tamb\u00e9m far\u00e1 um workshop com jovens.<\/p>\n\n\n\n<p>Com 30 CDs e 3 DVDs lan\u00e7ados, al\u00e9m de shows em mais de 60 pa\u00edses, o francano Diego Figueiredo mora atualmente nos EUA e acaba de desembarcar de uma turn\u00ea por Los Angeles (Calif\u00f3rnia), Washington DC, Cleveland (Ohio), Oberlin (Ohio) e Sarasota (Fl\u00f3rida), direto para o show em Sorocaba, uma das cidades escolhidas para receber o projeto \u201cViol\u00e3o e Orquestra\u201d.<\/p>\n\n\n\n<p>No novo \u00e1lbum, Diego apresenta m\u00fasicas autorais &#8211; cl\u00e1ssicos, jazz e bossa nova &#8211; gravadas com a participa\u00e7\u00e3o de um quinteto de cordas formado por m\u00fasicos de Campinas: Samuel Lima (violino), Danielle Lessa (violino), Elinar Albuquerque (viola), Daniel Lessa (cello) e Virg\u00ednia Almeida &#8211; Guigui (contrabaixo). Eles tamb\u00e9m acompanham o violonista na turn\u00ea.<\/p>\n\n\n\n<p>O CD j\u00e1 foi lan\u00e7ado nos EUA, em 2022, com imenso sucesso e est\u00e1 entre os 20 discos mais tocados nas r\u00e1dios de jazz do pa\u00eds, fato in\u00e9dito para um artista brasileiro. \u201cEu compus as m\u00fasicas j\u00e1 pensando na forma\u00e7\u00e3o de viol\u00e3o com quinteto de cordas. A ideia de produzir este trabalho com os m\u00fasicos paulistas foi inspirada a partir de um arranjo que fiz para a cantora de jazz francesa Cyrille Aim\u00e9e junto a um quinteto de cordas de Nova Iorque, e que foi a m\u00fasica indicada ao Grammy\u201d, diz Diego Figueiredo.<\/p>\n\n\n\n<p>O show desta turn\u00ea traz ainda um repert\u00f3rio autoral de bossa nova, jazz e blues, e tamb\u00e9m m\u00fasicas conhecidas do grande p\u00fablico, de mestres como Tom Jobim, Villa-Lobos e Vinicius de Moraes, al\u00e9m de obras cl\u00e1ssicas do cancioneiro popular como Luiz Gonzaga.<br><br><\/p>\n\n\n<div class=\"wp-block-image\">\n<figure class=\"aligncenter size-full is-resized\"><img loading=\"lazy\" decoding=\"async\" data-attachment-id=\"60132\" data-permalink=\"https:\/\/jornalrol.com.br\/?attachment_id=60132\" data-orig-file=\"https:\/\/jornalrol.com.br\/wp-content\/uploads\/2023\/08\/DiegoFigueiredo_Foto_JoaoHenriqueSteffen-1.jpg\" data-orig-size=\"1000,667\" data-comments-opened=\"1\" data-image-meta=\"{&quot;aperture&quot;:&quot;0&quot;,&quot;credit&quot;:&quot;&quot;,&quot;camera&quot;:&quot;&quot;,&quot;caption&quot;:&quot;&quot;,&quot;created_timestamp&quot;:&quot;0&quot;,&quot;copyright&quot;:&quot;&quot;,&quot;focal_length&quot;:&quot;0&quot;,&quot;iso&quot;:&quot;0&quot;,&quot;shutter_speed&quot;:&quot;0&quot;,&quot;title&quot;:&quot;&quot;,&quot;orientation&quot;:&quot;0&quot;}\" data-image-title=\"DiegoFigueiredo_Foto_JoaoHenriqueSteffen-1\" data-image-description=\"\" data-image-caption=\"\" data-large-file=\"https:\/\/jornalrol.com.br\/wp-content\/uploads\/2023\/08\/DiegoFigueiredo_Foto_JoaoHenriqueSteffen-1.jpg\" src=\"https:\/\/www.jornalrol.com.br\/wp-content\/uploads\/2023\/08\/DiegoFigueiredo_Foto_JoaoHenriqueSteffen-1.jpg\" alt=\"Diego Figueiredo. Foto Jo\u00e3o Henrique Steffen\" class=\"wp-image-60132\" width=\"659\" height=\"439\"\/><figcaption class=\"wp-element-caption\">Diego Figueiredo. <em>Foto Jo\u00e3o Henrique Steffen<\/em><\/figcaption><\/figure>\n<\/div>\n\n\n<p><\/p>\n\n\n\n<p>Diego Figueiredo \u00e9 reconhecido por sua maneira \u00fanica de tocar, extremamente virtuosa, moderna e inovadora, unindo a m\u00fasica brasileira ao jazz. \u201cA m\u00fasica instrumental brasileira \u00e9 riqu\u00edssima e talvez seja nosso maior patrim\u00f4nio. No exterior, \u00e9 o g\u00eanero que mais nos representa, por isso, neste projeto, vamos priorizar a excel\u00eancia musical oferecendo ao p\u00fablico um show de n\u00edvel internacional, ressaltando a m\u00fasica instrumental em sua ess\u00eancia e mais alta relev\u00e2ncia\u201d, diz o m\u00fasico.<\/p>\n\n\n\n<p>O projeto &#8216;<strong>Viol\u00e3o e Orquestra<\/strong>&#8216; tem como objetivo democratizar a m\u00fasica e a cultura, formar plateia, fomentar a m\u00fasica instrumental e construir perspectivas de amplia\u00e7\u00e3o e valoriza\u00e7\u00e3o do instrumentista brasileiro. Por isso, no s\u00e1bado (19\/08), \u00e0s 16h30, Diego realiza um workshop gratuito para jovens no Fundec, compartilhando as suas t\u00e9cnicas e estilo pr\u00f3prio que abriu as portas para o mundo.<\/p>\n\n\n\n<p>\u201cNo encontro vou abordar a hist\u00f3ria e o resgate do viol\u00e3o brasileiro, passando por todas as suas vertentes, e a import\u00e2ncia do viol\u00e3o no cen\u00e1rio nacional como instrumento de socializa\u00e7\u00e3o e desenvolvimento humano. Vamos discutir ainda o tema sobre \u2018ser poss\u00edvel viver de m\u00fasica instrumental no Brasil\u2019\u201d, explica Diego Figueiredo.<\/p>\n\n\n\n<p>Premiado pelo ProAC, com realiza\u00e7\u00e3o da Secretaria de Cultura e Economia Criativa e do Governo do Estado de S\u00e3o Paulo, o projeto conta com o apoio da Prefeitura de Sorocaba, por meio da Secretaria de Cultura (Secult) e do Fundec (Funda\u00e7\u00e3o de Desenvolvimento Cultural de Sorocaba).<\/p>\n\n\n\n<p>A turn\u00ea contempla 12 cidades do interior do estado de S\u00e3o Paulo: Franca, Ribeir\u00e3o Preto, S\u00e3o Jos\u00e9 do Rio Preto, Rio Claro, Bauru, Santos, Campinas, Sorocaba, Botucatu, Caieiras, Artur Nogueira e S\u00e3o Jos\u00e9 dos Campos. Al\u00e9m disso, todos os munic\u00edpios receber\u00e3o uma doa\u00e7\u00e3o de discos f\u00edsicos de Diego Figueiredo.<\/p>\n\n\n\n<p><br><strong>SERVI\u00c7O<\/strong><\/p>\n\n\n\n<p><strong>Show \u2018Viol\u00e3o e Orquestra\u2019 &#8211; Diego Figueiredo e quinteto de cordas<\/strong><\/p>\n\n\n\n<p><strong>Data: <\/strong>s\u00e1bado (19\/08) &#8211; 20h<\/p>\n\n\n\n<p><strong>Local: <\/strong>Fundec (Funda\u00e7\u00e3o de Desenvolvimento Cultural de Sorocaba) &#8211; Rua Brigadeiro Tobias, 73 &#8211; Centro &#8211; Sorocaba\/SP<\/p>\n\n\n\n<p><strong>Informa\u00e7\u00f5es: <\/strong>(15) 3233-2220<\/p>\n\n\n\n<p><strong>Evento gratuito<\/strong>: 200 lugares &#8211; ingressos ser\u00e3o disponibilizados a partir das 19h, no local<\/p>\n\n\n\n<p><strong>No mesmo dia, \u00e0s 16h30 na Fundec, Diego Figueiredo ministrar\u00e1 Workshop gratuito para jovens<\/strong><\/p>\n\n\n\n<div class=\"wp-block-columns is-layout-flex wp-container-core-columns-is-layout-9d6595d7 wp-block-columns-is-layout-flex\">\n<div class=\"wp-block-column is-layout-flow wp-block-column-is-layout-flow\">\n<h4 class=\"wp-block-heading has-text-align-center has-pale-ocean-gradient-background has-background\"><a href=\"https:\/\/www.diegofigueiredo.com\/\" title=\"NAS REDES\">NAS REDES<\/a><\/h4>\n<\/div>\n<\/div>\n\n\n\n<p><br><\/p>\n\n\n\n<h4 class=\"wp-block-heading has-text-align-center\">SOBRE DIEGO FIGUEIREDO<\/h4>\n\n\n<div class=\"wp-block-image\">\n<figure class=\"alignright size-full is-resized\"><img loading=\"lazy\" decoding=\"async\" data-attachment-id=\"60131\" data-permalink=\"https:\/\/jornalrol.com.br\/?attachment_id=60131\" data-orig-file=\"https:\/\/jornalrol.com.br\/wp-content\/uploads\/2023\/08\/DiegoFigueiredo_Foto_JoaoHenriqueSteffen03.jpg\" data-orig-size=\"497,749\" data-comments-opened=\"1\" data-image-meta=\"{&quot;aperture&quot;:&quot;0&quot;,&quot;credit&quot;:&quot;&quot;,&quot;camera&quot;:&quot;&quot;,&quot;caption&quot;:&quot;&quot;,&quot;created_timestamp&quot;:&quot;0&quot;,&quot;copyright&quot;:&quot;&quot;,&quot;focal_length&quot;:&quot;0&quot;,&quot;iso&quot;:&quot;0&quot;,&quot;shutter_speed&quot;:&quot;0&quot;,&quot;title&quot;:&quot;&quot;,&quot;orientation&quot;:&quot;1&quot;}\" data-image-title=\"DiegoFigueiredo_Foto_JoaoHenriqueSteffen03\" data-image-description=\"\" data-image-caption=\"\" data-large-file=\"https:\/\/jornalrol.com.br\/wp-content\/uploads\/2023\/08\/DiegoFigueiredo_Foto_JoaoHenriqueSteffen03.jpg\" src=\"https:\/\/www.jornalrol.com.br\/wp-content\/uploads\/2023\/08\/DiegoFigueiredo_Foto_JoaoHenriqueSteffen03.jpg\" alt=\"Diego Figueiredo. Foto Jo\u00e3o Henrique Steffen\" class=\"wp-image-60131\" width=\"322\" height=\"486\"\/><figcaption class=\"wp-element-caption\"><em>Diego Figueiredo. <em>Foto Jo\u00e3o Henrique Steffen<\/em><\/em><\/figcaption><\/figure>\n<\/div>\n\n\n<p><em>G\u00eanio do viol\u00e3o e da guitarra, <strong>Diego Figueiredo<\/strong> \u00e9 um dos maiores instrumentistas no cen\u00e1rio mundial atual, sendo indicado ao Grammy Awards 2019, na categoria de melhor arranjo, e premiado no Montreux Jazz Festival na Su\u00ed\u00e7a, em 2005 e 2007, como um dos tr\u00eas maiores guitarristas do mundo.<\/em><\/p>\n\n\n\n<p><em>Aos 43 anos, Diego j\u00e1 lan\u00e7ou 30 CDs, 3 DVDs e j\u00e1 se apresentou em mais de 60 pa\u00edses, de v\u00e1rios continentes. Seus discos foram lan\u00e7ados no Jap\u00e3o, China, EUA, Canad\u00e1, Su\u00e9cia, Noruega, Alemanha, Portugal, Fran\u00e7a, Dinamarca e Espanha, Chile, Argentina, Bol\u00edvia e M\u00e9xico.<\/em><\/p>\n\n\n\n<p><em>Diego Figueiredo \u00e9 considerado um m\u00fasico brilhante, que conserva a tradi\u00e7\u00e3o da verdadeira ess\u00eancia da m\u00fasica brasileira e, ao mesmo tempo, consegue ser extremamente virtuoso, moderno e inovador. Sua maneira \u00fanica de tocar, unindo a m\u00fasica brasileira ao jazz, conquistou definitivamente os EUA, pa\u00eds do jazz, onde o m\u00fasico j\u00e1 realizou mais de dois mil concertos.<\/em><\/p>\n\n\n\n<p><em>Al\u00e9m de grande guitarrista e compositor, Diego Figueiredo \u00e9 um showman que explode no palco e coloca o p\u00fablico em suas m\u00e3os. Seu espet\u00e1culo j\u00e1 arrancou cr\u00edticas nos mais importantes jornais do mundo e impressionou as mais distintas plateias. Entre seus admiradores est\u00e3o o ator e diretor Robin Williams, o humorista Mort Sahl e os artistas Kenny G, George Benson, Pat Metheny e Al Di Meola.<\/em><\/p>\n\n\n\n<p><em>Diego j\u00e1 se apresentou com Gilberto Gil, Toquinho, Jo\u00e3o Bosco, Roberto Menescal, \u00c2ngela Maria, Faf\u00e1 de Bel\u00e9m, Renato Teixeira, S\u00e9rgio Reis, Sandra de S\u00e1, Belchior, Margareth Menezes, Carlinhos Brown, Luiz Caldas, Eduardo Ara\u00fajo, Geraldo Azevedo, Oswaldo Montenegro, Kenny G, Larry Corryel, John Hart, Terell Stafford, John Clayton, Cyrille Aim\u00e9e, Matt Wilson, Antony Wilson, Ken Peplowski, Lewis Nash, Tamir Heldelman, Jeff Hamilton, Janis Seagel (The Manhattan Transfer), Stacey Kent, Wycliffe Gordon, entre muitos outros.<\/em><\/p>\n\n\n\n<div class=\"wp-block-columns is-layout-flex wp-container-core-columns-is-layout-9d6595d7 wp-block-columns-is-layout-flex\">\n<div class=\"wp-block-column has-pale-ocean-gradient-background has-background is-layout-flow wp-block-column-is-layout-flow\">\n<h4 class=\"wp-block-heading has-text-align-center\"><a href=\"https:\/\/www.diegofigueiredo.com\/\" title=\"SAITE\">SAITE<\/a><\/h4>\n<\/div>\n<\/div>\n\n\n\n<div class=\"wp-block-columns is-layout-flex wp-container-core-columns-is-layout-9d6595d7 wp-block-columns-is-layout-flex\">\n<div class=\"wp-block-column is-layout-flow wp-block-column-is-layout-flow\">\n<h4 class=\"wp-block-heading has-text-align-center has-blush-light-purple-gradient-background has-background\"><a href=\"https:\/\/drive.google.com\/drive\/folders\/1MjUXuU73yQet5Vctbg7zOY98KTH8yQDn\" title=\"FOTOS\">FOTOS<\/a><\/h4>\n<\/div>\n<\/div>\n\n\n\n<div class=\"wp-block-columns is-layout-flex wp-container-core-columns-is-layout-9d6595d7 wp-block-columns-is-layout-flex\">\n<div class=\"wp-block-column is-layout-flow wp-block-column-is-layout-flow\">\n<h4 class=\"wp-block-heading has-text-align-center has-electric-grass-gradient-background has-background\"><a href=\"https:\/\/m.youtube.com\/watch?v=HFTtWL2ar_o&amp;pp=ygURRGllZ28gZmlndWVpcmVkbyA%3D\" target=\"_blank\" rel=\"noopener\" title=\"V\u00cdDEO\">V\u00cdDEO<\/a><\/h4>\n<\/div>\n\n\n\n<div class=\"wp-block-column is-layout-flow wp-block-column-is-layout-flow\">\n<h4 class=\"wp-block-heading has-text-align-center has-electric-grass-gradient-background has-background\"><a href=\"https:\/\/m.youtube.com\/watch?v=N4cobIgB-Xk&amp;pp=ygUYZGllZ28gZmlndWVpcmVkbyBwcm9qZXRv\" title=\"V\u00cdDEO\">V\u00cdDEO<\/a><\/h4>\n<\/div>\n<\/div>\n\n\n\n<p><br><br>Voltar: <a href=\"http:\/\/www.jornalrol.com.br\" title=\"\">http:\/\/www.jornalrol.com.br<\/a><\/p>\n","protected":false},"excerpt":{"rendered":"<p>Diego Figueiredo, indicado ao Grammy Awards 2019, na categoria de melhor arranjo, apresenta em Sorocaba a turn\u00ea &#8216;Viol\u00e3o e Orquestra&#8217; com show gratuito na Fundec<\/p>\n","protected":false},"author":6,"featured_media":60130,"comment_status":"open","ping_status":"closed","sticky":false,"template":"","format":"standard","meta":{"_jetpack_newsletter_access":"","_jetpack_dont_email_post_to_subs":false,"_jetpack_newsletter_tier_id":0,"_jetpack_memberships_contains_paywalled_content":false,"_jetpack_memberships_contains_paid_content":false,"footnotes":""},"categories":[9266],"tags":[10045,10046,10047,10048,10049],"class_list":["post-60128","post","type-post","status-publish","format-standard","has-post-thumbnail","hentry","category-musica","tag-diego-figueiredo","tag-fundec-sorocaba","tag-grammy-award-2019","tag-montreux-jazz-festival","tag-violao-e-orquestra"],"aioseo_notices":[],"views":884,"jetpack_featured_media_url":"https:\/\/jornalrol.com.br\/wp-content\/uploads\/2023\/08\/DiegoFigueiredo_Foto_JoaoHenriqueSteffen01.jpg","jetpack_sharing_enabled":true,"jetpack_likes_enabled":true,"jetpack-related-posts":[{"id":24592,"url":"https:\/\/jornalrol.com.br\/?p=24592","url_meta":{"origin":60128,"position":0},"title":"Diego Maluffe: um jovem de 19 anos, com seu violino e seus sonhos","author":"Sergio Diniz da Costa","date":"18 de fevereiro de 2019","format":false,"excerpt":"\u00a0 Diego Maluffe - Foto por Te\u00f3filo Negr\u00e3o A vassoura era uma guitarra; os baldes, uma bateria. A M\u00fasica estava em sua alma... e pedia para ser executada! Diego, aos 2 anos de idade\u00a0 O sorocabano Diego Maluffe era um menino que se distinguia das crian\u00e7as, em geral. Aos 7\u2026","rel":"","context":"Em &quot;Comunica\u00e7\u00e3o&quot;","block_context":{"text":"Comunica\u00e7\u00e3o","link":"https:\/\/jornalrol.com.br\/?cat=7"},"img":{"alt_text":"","src":"https:\/\/i0.wp.com\/jornalrol.com.br\/wp-content\/uploads\/2019\/02\/52082328_957931407747592_8676069237703311360_o.jpg?resize=350%2C200&ssl=1","width":350,"height":200,"srcset":"https:\/\/i0.wp.com\/jornalrol.com.br\/wp-content\/uploads\/2019\/02\/52082328_957931407747592_8676069237703311360_o.jpg?resize=350%2C200&ssl=1 1x, https:\/\/i0.wp.com\/jornalrol.com.br\/wp-content\/uploads\/2019\/02\/52082328_957931407747592_8676069237703311360_o.jpg?resize=525%2C300&ssl=1 1.5x, https:\/\/i0.wp.com\/jornalrol.com.br\/wp-content\/uploads\/2019\/02\/52082328_957931407747592_8676069237703311360_o.jpg?resize=700%2C400&ssl=1 2x"},"classes":[]},{"id":69066,"url":"https:\/\/jornalrol.com.br\/?p=69066","url_meta":{"origin":60128,"position":1},"title":"Diego Maluffe: O Violino de Ouro!","author":"Sergio Diniz da Costa","date":"27 de agosto de 2024","format":false,"excerpt":"Diego Maluffe \u00e9 um 'velho' jovem conhecido do Jornal ROL. Em 2019, quando seu talento despontava, a primeira mat\u00e9ria. Dessa \u00e9poca para os tempos atuais...","rel":"","context":"Em &quot;Arte&quot;","block_context":{"text":"Arte","link":"https:\/\/jornalrol.com.br\/?cat=9286"},"img":{"alt_text":"Diego Maluffe","src":"https:\/\/i0.wp.com\/jornalrol.com.br\/wp-content\/uploads\/2024\/08\/cd1ab6ac-cc0d-42af-8205-1b7bc2712bb4.jpg?resize=350%2C200&ssl=1","width":350,"height":200,"srcset":"https:\/\/i0.wp.com\/jornalrol.com.br\/wp-content\/uploads\/2024\/08\/cd1ab6ac-cc0d-42af-8205-1b7bc2712bb4.jpg?resize=350%2C200&ssl=1 1x, https:\/\/i0.wp.com\/jornalrol.com.br\/wp-content\/uploads\/2024\/08\/cd1ab6ac-cc0d-42af-8205-1b7bc2712bb4.jpg?resize=525%2C300&ssl=1 1.5x"},"classes":[]},{"id":24910,"url":"https:\/\/jornalrol.com.br\/?p=24910","url_meta":{"origin":60128,"position":2},"title":"A 2\u00aa Festa Rotary das Na\u00e7\u00f5es, contou com a participa\u00e7\u00e3o do jovem violinista Diego Maluffe","author":"Sergio Diniz da Costa","date":"2 de mar\u00e7o de 2019","format":false,"excerpt":"Ainda estudante de violino, Diego Maluffe recebeu, recentemente, o t\u00edtulo 'Not\u00f3rio Saber Cultural e Social', outorgado por Sua Alteza Real e Imperial Pr\u00edncipe Dom Alexandre da Silva Cam\u00ealo Rurikovich Carvalho, presidente da FEBACLA Nos dias 22, 23 e 24 de fevereiro, aconteceu a 2\u00aa Festa Rotary das Na\u00e7\u00f5es, no Recreativo\u2026","rel":"","context":"Em &quot;Comunica\u00e7\u00e3o&quot;","block_context":{"text":"Comunica\u00e7\u00e3o","link":"https:\/\/jornalrol.com.br\/?cat=7"},"img":{"alt_text":"","src":"https:\/\/i0.wp.com\/jornalrol.com.br\/wp-content\/uploads\/2019\/03\/52759604_2118832081740491_2251866359908532224_n.jpg?resize=350%2C200&ssl=1","width":350,"height":200,"srcset":"https:\/\/i0.wp.com\/jornalrol.com.br\/wp-content\/uploads\/2019\/03\/52759604_2118832081740491_2251866359908532224_n.jpg?resize=350%2C200&ssl=1 1x, https:\/\/i0.wp.com\/jornalrol.com.br\/wp-content\/uploads\/2019\/03\/52759604_2118832081740491_2251866359908532224_n.jpg?resize=525%2C300&ssl=1 1.5x"},"classes":[]},{"id":26413,"url":"https:\/\/jornalrol.com.br\/?p=26413","url_meta":{"origin":60128,"position":3},"title":"Show gratuito de Zelia Duncan em Sorocaba dia 27","author":"Helio Rubens","date":"23 de abril de 2019","format":false,"excerpt":"13\u00aa temporada de m\u00fasica instrumental brasileira de Sorocaba 2019 No dia 27 de abril, \u00e0s 20h30, os sorocabanos ter\u00e3o a oportunidade de conferir um show gratuito da cantora e compositora Z\u00e9lia Duncan no Teatro Municipal Teot\u00f4nio Vilela (TMTV). Considerada uma das maiores artistas da m\u00fasica popular brasileira, com mais de\u2026","rel":"","context":"Em &quot;Comunica\u00e7\u00e3o&quot;","block_context":{"text":"Comunica\u00e7\u00e3o","link":"https:\/\/jornalrol.com.br\/?cat=7"},"img":{"alt_text":"","src":"https:\/\/i0.wp.com\/www.jornalrol.com.br\/wp-content\/uploads\/2019\/04\/Zelia-210x300.jpg?resize=350%2C200","width":350,"height":200},"classes":[]},{"id":31390,"url":"https:\/\/jornalrol.com.br\/?p=31390","url_meta":{"origin":60128,"position":4},"title":"Obras do compositor brasileiro Almeida Prado s\u00e3o lan\u00e7adas em primeira grava\u00e7\u00e3o mundial","author":"Sergio Diniz da Costa","date":"12 de maio de 2020","format":false,"excerpt":"Orquestra Filarm\u00f4nica de Minas Gerais, o maestro Fabio Mechetti e a pianista vencedora do GRAMMY Latino S\u00f4nia Rubinsky s\u00e3o os int\u00e9rpretes do lan\u00e7amento pelo selo Naxos O santista Jos\u00e9 Ant\u00f4nio de Almeida Prado \u00e9 o compositor escolhido para o quarto volume da s\u00e9rie \u201cA M\u00fasica do Brasil\u201d, uma iniciativa do\u2026","rel":"","context":"Em &quot;Comunica\u00e7\u00e3o&quot;","block_context":{"text":"Comunica\u00e7\u00e3o","link":"https:\/\/jornalrol.com.br\/?cat=7"},"img":{"alt_text":"","src":"https:\/\/i0.wp.com\/www.jornalrol.com.br\/wp-content\/uploads\/2020\/05\/unnamed-60-300x300.jpg?resize=350%2C200","width":350,"height":200},"classes":[]},{"id":6931,"url":"https:\/\/jornalrol.com.br\/?p=6931","url_meta":{"origin":60128,"position":5},"title":"Itapetininga ter\u00e1 Concerto de Viol\u00e3o dia 29","author":"Helio Rubens","date":"21 de novembro de 2016","format":false,"excerpt":"Duo Favoriti apresentar\u00e1 m\u00fasicas do per\u00edodo Cl\u00e1ssico e Rom\u00e2ntico \u00a0 A Secretaria de Cultura e Turismo j\u00e1 preparou mais uma atra\u00e7\u00e3o para a pr\u00f3xima Ter\u00e7a Cultural, que acontecer\u00e1 dia 29. O Duo Favoriti, composto pelas violonistas Patr\u00edcia Nogueira e Dagma Eid, far\u00e1 um Concerto de Viol\u00e3o. O show ser\u00e1 no\u2026","rel":"","context":"Em &quot;Comunica\u00e7\u00e3o&quot;","block_context":{"text":"Comunica\u00e7\u00e3o","link":"https:\/\/jornalrol.com.br\/?cat=7"},"img":{"alt_text":"duo-favoriti","src":"https:\/\/i0.wp.com\/www.jornalrol.com.br\/wp-content\/uploads\/2016\/11\/duo-favoriti-300x300.jpg?resize=350%2C200","width":350,"height":200},"classes":[]}],"_links":{"self":[{"href":"https:\/\/jornalrol.com.br\/index.php?rest_route=\/wp\/v2\/posts\/60128","targetHints":{"allow":["GET"]}}],"collection":[{"href":"https:\/\/jornalrol.com.br\/index.php?rest_route=\/wp\/v2\/posts"}],"about":[{"href":"https:\/\/jornalrol.com.br\/index.php?rest_route=\/wp\/v2\/types\/post"}],"author":[{"embeddable":true,"href":"https:\/\/jornalrol.com.br\/index.php?rest_route=\/wp\/v2\/users\/6"}],"replies":[{"embeddable":true,"href":"https:\/\/jornalrol.com.br\/index.php?rest_route=%2Fwp%2Fv2%2Fcomments&post=60128"}],"version-history":[{"count":5,"href":"https:\/\/jornalrol.com.br\/index.php?rest_route=\/wp\/v2\/posts\/60128\/revisions"}],"predecessor-version":[{"id":60138,"href":"https:\/\/jornalrol.com.br\/index.php?rest_route=\/wp\/v2\/posts\/60128\/revisions\/60138"}],"wp:featuredmedia":[{"embeddable":true,"href":"https:\/\/jornalrol.com.br\/index.php?rest_route=\/wp\/v2\/media\/60130"}],"wp:attachment":[{"href":"https:\/\/jornalrol.com.br\/index.php?rest_route=%2Fwp%2Fv2%2Fmedia&parent=60128"}],"wp:term":[{"taxonomy":"category","embeddable":true,"href":"https:\/\/jornalrol.com.br\/index.php?rest_route=%2Fwp%2Fv2%2Fcategories&post=60128"},{"taxonomy":"post_tag","embeddable":true,"href":"https:\/\/jornalrol.com.br\/index.php?rest_route=%2Fwp%2Fv2%2Ftags&post=60128"}],"curies":[{"name":"wp","href":"https:\/\/api.w.org\/{rel}","templated":true}]}}