{"id":60670,"date":"2023-09-03T09:54:40","date_gmt":"2023-09-03T12:54:40","guid":{"rendered":"https:\/\/www.jornalrol.com.br\/?p=60670"},"modified":"2023-09-03T09:54:48","modified_gmt":"2023-09-03T12:54:48","slug":"hino-ao-caf-banco-de-desenvolvimento-da-america-latina-e-caribe","status":"publish","type":"post","link":"https:\/\/jornalrol.com.br\/?p=60670","title":{"rendered":"Hino ao CAF- Banco de Desenvolvimento da Am\u00e9rica Latina e Caribe"},"content":{"rendered":"<div class=\"pdfprnt-buttons pdfprnt-buttons-post pdfprnt-top-right\"><a href=\"https:\/\/jornalrol.com.br\/index.php?rest_route=%2Fwp%2Fv2%2Fposts%2F60670&print=pdf\" class=\"pdfprnt-button pdfprnt-button-pdf\" target=\"_blank\" ><\/a><a href=\"https:\/\/jornalrol.com.br\/index.php?rest_route=%2Fwp%2Fv2%2Fposts%2F60670&print=print\" class=\"pdfprnt-button pdfprnt-button-print\" target=\"_blank\" ><img decoding=\"async\" src=\"https:\/\/jornalrol.com.br\/wp-content\/plugins\/pdf-print\/images\/print.png\" alt=\"image_print\" title=\"Conte\u00fado de impress\u00e3o\" \/><\/a><\/div>\n<h2 class=\"wp-block-heading has-text-align-center\">Suziene Cavalcante: Hino ao CAF- Baco de Desenvolvimento da Am\u00e9rica Latina e Caribe<br><br><\/h2>\n\n\n<div class=\"wp-block-image is-style-rounded\">\n<figure class=\"aligncenter size-full is-resized\"><img loading=\"lazy\" decoding=\"async\" data-attachment-id=\"56032\" data-permalink=\"https:\/\/jornalrol.com.br\/?attachment_id=56032\" data-orig-file=\"https:\/\/jornalrol.com.br\/wp-content\/uploads\/2022\/12\/IMG-20221218-WA0057-1.jpg\" data-orig-size=\"693,872\" data-comments-opened=\"0\" data-image-meta=\"{&quot;aperture&quot;:&quot;0&quot;,&quot;credit&quot;:&quot;&quot;,&quot;camera&quot;:&quot;&quot;,&quot;caption&quot;:&quot;&quot;,&quot;created_timestamp&quot;:&quot;0&quot;,&quot;copyright&quot;:&quot;&quot;,&quot;focal_length&quot;:&quot;0&quot;,&quot;iso&quot;:&quot;0&quot;,&quot;shutter_speed&quot;:&quot;0&quot;,&quot;title&quot;:&quot;&quot;,&quot;orientation&quot;:&quot;0&quot;}\" data-image-title=\"IMG-20221218-WA0057\" data-image-description=\"&lt;p&gt;Suziene Cavalcante&lt;\/p&gt;\n\" data-image-caption=\"&lt;p&gt;Suziene Cavalcante&lt;\/p&gt;\n\" data-large-file=\"https:\/\/jornalrol.com.br\/wp-content\/uploads\/2022\/12\/IMG-20221218-WA0057-1.jpg\" src=\"https:\/\/www.jornalrol.com.br\/wp-content\/uploads\/2022\/12\/IMG-20221218-WA0057-1.jpg\" alt=\"Suziene Cavalcante\" class=\"wp-image-56032\" width=\"118\" height=\"148\"\/><\/figure>\n<\/div>\n\n\n<p><\/p>\n\n\n\n<figure class=\"wp-block-image size-full is-resized\"><img loading=\"lazy\" decoding=\"async\" data-attachment-id=\"60690\" data-permalink=\"https:\/\/jornalrol.com.br\/?attachment_id=60690\" data-orig-file=\"https:\/\/jornalrol.com.br\/wp-content\/uploads\/2023\/09\/6657da1d-e07b-4533-9ff8-c8a88cad3f2b.jpg\" data-orig-size=\"913,1280\" data-comments-opened=\"1\" data-image-meta=\"{&quot;aperture&quot;:&quot;0&quot;,&quot;credit&quot;:&quot;&quot;,&quot;camera&quot;:&quot;&quot;,&quot;caption&quot;:&quot;&quot;,&quot;created_timestamp&quot;:&quot;0&quot;,&quot;copyright&quot;:&quot;&quot;,&quot;focal_length&quot;:&quot;0&quot;,&quot;iso&quot;:&quot;0&quot;,&quot;shutter_speed&quot;:&quot;0&quot;,&quot;title&quot;:&quot;&quot;,&quot;orientation&quot;:&quot;0&quot;}\" data-image-title=\"6657da1d-e07b-4533-9ff8-c8a88cad3f2b\" data-image-description=\"\" data-image-caption=\"\" data-large-file=\"https:\/\/jornalrol.com.br\/wp-content\/uploads\/2023\/09\/6657da1d-e07b-4533-9ff8-c8a88cad3f2b.jpg\" src=\"https:\/\/www.jornalrol.com.br\/wp-content\/uploads\/2023\/09\/6657da1d-e07b-4533-9ff8-c8a88cad3f2b.jpg\" alt=\"\" class=\"wp-image-60690\" width=\"938\" height=\"1315\"\/><\/figure>\n\n\n\n<p><br><br><\/p>\n\n\n\n<h3 class=\"wp-block-heading has-text-align-center\">Contatos com a autora<\/h3>\n\n\n\n<div class=\"wp-block-columns is-layout-flex wp-container-core-columns-is-layout-9d6595d7 wp-block-columns-is-layout-flex\">\n<div class=\"wp-block-column is-layout-flow wp-block-column-is-layout-flow\">\n<h4 class=\"wp-block-heading has-text-align-center has-blush-light-purple-gradient-background has-background\"><a href=\"https:\/\/facebook.com\/suzienecavalcante\" title=\"Facebook\">Facebook<\/a><\/h4>\n<\/div>\n\n\n\n<div class=\"wp-block-column is-layout-flow wp-block-column-is-layout-flow\">\n<h4 class=\"wp-block-heading has-text-align-center has-blush-light-purple-gradient-background has-background\"><a href=\"https:\/\/wa.me\/66\/9645-3389\" title=\"WhatsApp\">WhatsApp<\/a><\/h4>\n<\/div>\n<\/div>\n\n\n\n<p><br><br>Voltar: <a href=\"http:\/\/www.jornalrol.com.br\" title=\"\">http:\/\/www.jornalrol.com.br<\/a><\/p>\n","protected":false},"excerpt":{"rendered":"<p>O Presidente Executivo do Banco de Desenvolvimento da Am\u00e9rica Latina e Caribe Sergio D\u00edaz Granado apresenta a todas as na\u00e7\u00f5es dos seis continentes O Hino ao CAF<\/p>\n","protected":false},"author":71,"featured_media":56032,"comment_status":"open","ping_status":"closed","sticky":false,"template":"","format":"standard","meta":{"_jetpack_newsletter_access":"","_jetpack_dont_email_post_to_subs":false,"_jetpack_newsletter_tier_id":0,"_jetpack_memberships_contains_paywalled_content":false,"_jetpack_memberships_contains_paid_content":false,"footnotes":""},"categories":[9285],"tags":[10216,5122,8170],"class_list":["post-60670","post","type-post","status-publish","format-standard","has-post-thumbnail","hentry","category-literatura","tag-hino-ao-caf-banco-de-desenvolvimento-da-america-latina-e-caribe","tag-literatura","tag-suziene-cavalcante"],"aioseo_notices":[],"views":839,"jetpack_featured_media_url":"https:\/\/jornalrol.com.br\/wp-content\/uploads\/2022\/12\/IMG-20221218-WA0057-1.jpg","jetpack_sharing_enabled":true,"jetpack_likes_enabled":true,"jetpack-related-posts":[{"id":74741,"url":"https:\/\/jornalrol.com.br\/?p=74741","url_meta":{"origin":60670,"position":0},"title":"Hino da Hist\u00f3ria ao Rio Amazonas","author":"Sergio Diniz da Costa","date":"7 de agosto de 2025","format":false,"excerpt":"Em um feito in\u00e9dito e relev\u00e2ncia nacional, a poeta brasileira Suziene Cavalcante comp\u00f4s o primeiro hino da Hist\u00f3ria dedicado exclusivamente ao Rio Amazonas.","rel":"","context":"Em &quot;Hino&quot;","block_context":{"text":"Hino","link":"https:\/\/jornalrol.com.br\/?cat=14774"},"img":{"alt_text":"","src":"https:\/\/i0.wp.com\/jornalrol.com.br\/wp-content\/uploads\/2025\/08\/pexels-jeangc-28587130-2-scaled.jpg?resize=350%2C200&ssl=1","width":350,"height":200,"srcset":"https:\/\/i0.wp.com\/jornalrol.com.br\/wp-content\/uploads\/2025\/08\/pexels-jeangc-28587130-2-scaled.jpg?resize=350%2C200&ssl=1 1x, https:\/\/i0.wp.com\/jornalrol.com.br\/wp-content\/uploads\/2025\/08\/pexels-jeangc-28587130-2-scaled.jpg?resize=525%2C300&ssl=1 1.5x, https:\/\/i0.wp.com\/jornalrol.com.br\/wp-content\/uploads\/2025\/08\/pexels-jeangc-28587130-2-scaled.jpg?resize=700%2C400&ssl=1 2x, https:\/\/i0.wp.com\/jornalrol.com.br\/wp-content\/uploads\/2025\/08\/pexels-jeangc-28587130-2-scaled.jpg?resize=1050%2C600&ssl=1 3x, https:\/\/i0.wp.com\/jornalrol.com.br\/wp-content\/uploads\/2025\/08\/pexels-jeangc-28587130-2-scaled.jpg?resize=1400%2C800&ssl=1 4x"},"classes":[]},{"id":2675,"url":"https:\/\/jornalrol.com.br\/?p=2675","url_meta":{"origin":60670,"position":1},"title":"Mulheres negras ser\u00e3o destacadas em Sorocaba","author":"Helio Rubens","date":"19 de julho de 2015","format":false,"excerpt":"Bate-papo abordar\u00e1 a mem\u00f3ria das mulheres negras \u00a0 Na semana em que se comemora o 'Dia da Mulher Negra da Am\u00e9rica Latina e do Caribe', o historiador Carlos Carvalho Cavalheiro realizar\u00e1 a apresenta\u00e7\u00e3o de biografias de mulheres negras de Sorocaba, com um bate-papo sobre a import\u00e2ncia dessas mulheres na hist\u00f3ria.\u2026","rel":"","context":"Em &quot;Comunica\u00e7\u00e3o&quot;","block_context":{"text":"Comunica\u00e7\u00e3o","link":"https:\/\/jornalrol.com.br\/?cat=7"},"img":{"alt_text":"","src":"","width":0,"height":0},"classes":[]},{"id":53547,"url":"https:\/\/jornalrol.com.br\/?p=53547","url_meta":{"origin":60670,"position":2},"title":"Escritora brasileira \u00e9 convidada a compor o Hino da Ordem dos Advogados de Portugal","author":"Sergio Diniz da Costa","date":"31 de janeiro de 2023","format":false,"excerpt":"A escritora e poetisa Suziene Cavalcante recebeu o convite da Dra. Fernanda Pinheiro de Almeida, presidente da Ordem dos Advogados de Portugal Colunista do Jornal ROL, a escritora e poetisa Suziene Cavalcante, natural de Rondon\u00f3polis (MT),\u00a0\u00e9 bacharel em Direito, Letras e Teologia e, profissionalmente, policial estadual em Mato Grosso. Na\u2026","rel":"","context":"Em &quot;Comunica\u00e7\u00e3o&quot;","block_context":{"text":"Comunica\u00e7\u00e3o","link":"https:\/\/jornalrol.com.br\/?cat=7"},"img":{"alt_text":"","src":"https:\/\/i0.wp.com\/www.jornalrol.com.br\/wp-content\/uploads\/2022\/12\/IMG-20221218-WA0057-1.jpg?resize=350%2C200&ssl=1","width":350,"height":200},"classes":[]},{"id":75213,"url":"https:\/\/jornalrol.com.br\/?p=75213","url_meta":{"origin":60670,"position":3},"title":"O primeiro hino \u00e0 Mona Lisa","author":"Sergio Diniz da Costa","date":"28 de agosto de 2025","format":false,"excerpt":"A literatura mundial acaba de ganhar um marco in\u00e9dito. A poeta brasileira Suziene Cavalcante assina a cria\u00e7\u00e3o do primeiro hino j\u00e1 escrito \u00e0 Mona Lisa...","rel":"","context":"Em &quot;Literatura&quot;","block_context":{"text":"Literatura","link":"https:\/\/jornalrol.com.br\/?cat=9285"},"img":{"alt_text":"Mona Lisa","src":"https:\/\/i0.wp.com\/jornalrol.com.br\/wp-content\/uploads\/2025\/08\/3a7342d6-2b94-4079-b685-4e017ebec076-1.jpeg?resize=350%2C200&ssl=1","width":350,"height":200,"srcset":"https:\/\/i0.wp.com\/jornalrol.com.br\/wp-content\/uploads\/2025\/08\/3a7342d6-2b94-4079-b685-4e017ebec076-1.jpeg?resize=350%2C200&ssl=1 1x, https:\/\/i0.wp.com\/jornalrol.com.br\/wp-content\/uploads\/2025\/08\/3a7342d6-2b94-4079-b685-4e017ebec076-1.jpeg?resize=525%2C300&ssl=1 1.5x"},"classes":[]},{"id":74504,"url":"https:\/\/jornalrol.com.br\/?p=74504","url_meta":{"origin":60670,"position":4},"title":"Hino po\u00e9tico ao Bras\u00e3o de Armas Nacionais","author":"Suziene Cavalcante","date":"24 de julho de 2025","format":false,"excerpt":"A escritora e poeta brasileira Suziene Cavalcante acaba de consagrar um feito in\u00e9dito na literatura brasileira: a cria\u00e7\u00e3o do \u2018Hino ao Bras\u00e3o de Armas Nacionais\u2019","rel":"","context":"Em &quot;Literatura&quot;","block_context":{"text":"Literatura","link":"https:\/\/jornalrol.com.br\/?cat=9285"},"img":{"alt_text":"","src":"https:\/\/i0.wp.com\/jornalrol.com.br\/wp-content\/uploads\/2025\/07\/756c99f3-8d08-4a7e-a07d-fb3f855cf52f.jpg?resize=350%2C200&ssl=1","width":350,"height":200,"srcset":"https:\/\/i0.wp.com\/jornalrol.com.br\/wp-content\/uploads\/2025\/07\/756c99f3-8d08-4a7e-a07d-fb3f855cf52f.jpg?resize=350%2C200&ssl=1 1x, https:\/\/i0.wp.com\/jornalrol.com.br\/wp-content\/uploads\/2025\/07\/756c99f3-8d08-4a7e-a07d-fb3f855cf52f.jpg?resize=525%2C300&ssl=1 1.5x, https:\/\/i0.wp.com\/jornalrol.com.br\/wp-content\/uploads\/2025\/07\/756c99f3-8d08-4a7e-a07d-fb3f855cf52f.jpg?resize=700%2C400&ssl=1 2x, https:\/\/i0.wp.com\/jornalrol.com.br\/wp-content\/uploads\/2025\/07\/756c99f3-8d08-4a7e-a07d-fb3f855cf52f.jpg?resize=1050%2C600&ssl=1 3x"},"classes":[]},{"id":74734,"url":"https:\/\/jornalrol.com.br\/?p=74734","url_meta":{"origin":60670,"position":5},"title":"Hino ao Selo Nacional da hist\u00f3ria do Brasil","author":"Sergio Diniz da Costa","date":"7 de agosto de 2025","format":false,"excerpt":"Em um feito liter\u00e1rio e c\u00edvico de grande relev\u00e2ncia, a poeta brasileira Suziene Cavalcante acaba de compor o primeiro Hino ao Selo Nacional da Hist\u00f3ria do...","rel":"","context":"Em &quot;Sem categoria&quot;","block_context":{"text":"Sem categoria","link":"https:\/\/jornalrol.com.br\/?cat=1"},"img":{"alt_text":"Poeta Suziene Cavalcante inaugura novo g\u00eanero liter\u00e1rio e ressignifica s\u00edmbolo oficial da Rep\u00fablica com lirismo patri\u00f3tico e originalidade in\u00e9dita","src":"https:\/\/i0.wp.com\/jornalrol.com.br\/wp-content\/uploads\/2025\/08\/Selo-nacional-simbolo-patrio-Foto-Divulgacao-570x570-1.png?resize=350%2C200&ssl=1","width":350,"height":200,"srcset":"https:\/\/i0.wp.com\/jornalrol.com.br\/wp-content\/uploads\/2025\/08\/Selo-nacional-simbolo-patrio-Foto-Divulgacao-570x570-1.png?resize=350%2C200&ssl=1 1x, https:\/\/i0.wp.com\/jornalrol.com.br\/wp-content\/uploads\/2025\/08\/Selo-nacional-simbolo-patrio-Foto-Divulgacao-570x570-1.png?resize=525%2C300&ssl=1 1.5x"},"classes":[]}],"_links":{"self":[{"href":"https:\/\/jornalrol.com.br\/index.php?rest_route=\/wp\/v2\/posts\/60670","targetHints":{"allow":["GET"]}}],"collection":[{"href":"https:\/\/jornalrol.com.br\/index.php?rest_route=\/wp\/v2\/posts"}],"about":[{"href":"https:\/\/jornalrol.com.br\/index.php?rest_route=\/wp\/v2\/types\/post"}],"author":[{"embeddable":true,"href":"https:\/\/jornalrol.com.br\/index.php?rest_route=\/wp\/v2\/users\/71"}],"replies":[{"embeddable":true,"href":"https:\/\/jornalrol.com.br\/index.php?rest_route=%2Fwp%2Fv2%2Fcomments&post=60670"}],"version-history":[{"count":8,"href":"https:\/\/jornalrol.com.br\/index.php?rest_route=\/wp\/v2\/posts\/60670\/revisions"}],"predecessor-version":[{"id":60695,"href":"https:\/\/jornalrol.com.br\/index.php?rest_route=\/wp\/v2\/posts\/60670\/revisions\/60695"}],"wp:featuredmedia":[{"embeddable":true,"href":"https:\/\/jornalrol.com.br\/index.php?rest_route=\/wp\/v2\/media\/56032"}],"wp:attachment":[{"href":"https:\/\/jornalrol.com.br\/index.php?rest_route=%2Fwp%2Fv2%2Fmedia&parent=60670"}],"wp:term":[{"taxonomy":"category","embeddable":true,"href":"https:\/\/jornalrol.com.br\/index.php?rest_route=%2Fwp%2Fv2%2Fcategories&post=60670"},{"taxonomy":"post_tag","embeddable":true,"href":"https:\/\/jornalrol.com.br\/index.php?rest_route=%2Fwp%2Fv2%2Ftags&post=60670"}],"curies":[{"name":"wp","href":"https:\/\/api.w.org\/{rel}","templated":true}]}}