{"id":60750,"date":"2023-09-04T21:50:23","date_gmt":"2023-09-05T00:50:23","guid":{"rendered":"https:\/\/www.jornalrol.com.br\/?p=60750"},"modified":"2023-09-04T21:51:28","modified_gmt":"2023-09-05T00:51:28","slug":"reflexao-na-jornada-pessoal","status":"publish","type":"post","link":"https:\/\/jornalrol.com.br\/?p=60750","title":{"rendered":"Reflex\u00e3o na jornada pessoal"},"content":{"rendered":"<div class=\"pdfprnt-buttons pdfprnt-buttons-post pdfprnt-top-right\"><a href=\"https:\/\/jornalrol.com.br\/index.php?rest_route=%2Fwp%2Fv2%2Fposts%2F60750&print=pdf\" class=\"pdfprnt-button pdfprnt-button-pdf\" target=\"_blank\" ><\/a><a href=\"https:\/\/jornalrol.com.br\/index.php?rest_route=%2Fwp%2Fv2%2Fposts%2F60750&print=print\" class=\"pdfprnt-button pdfprnt-button-print\" target=\"_blank\" ><img decoding=\"async\" src=\"https:\/\/jornalrol.com.br\/wp-content\/plugins\/pdf-print\/images\/print.png\" alt=\"image_print\" title=\"Conte\u00fado de impress\u00e3o\" \/><\/a><\/div>\n<h2 class=\"wp-block-heading has-text-align-center\">Paulo Siuves: Poema &#8216;Reflex\u00e3o na jornada pessoal&#8217;<br><br><\/h2>\n\n\n<div class=\"wp-block-image\">\n<figure class=\"aligncenter size-full is-resized\"><img loading=\"lazy\" decoding=\"async\" data-attachment-id=\"55657\" data-permalink=\"https:\/\/jornalrol.com.br\/?attachment_id=55657\" data-orig-file=\"https:\/\/jornalrol.com.br\/wp-content\/uploads\/2023\/05\/Paulo-Siuves.jpg\" data-orig-size=\"120,120\" data-comments-opened=\"1\" data-image-meta=\"{&quot;aperture&quot;:&quot;0&quot;,&quot;credit&quot;:&quot;&quot;,&quot;camera&quot;:&quot;&quot;,&quot;caption&quot;:&quot;&quot;,&quot;created_timestamp&quot;:&quot;0&quot;,&quot;copyright&quot;:&quot;&quot;,&quot;focal_length&quot;:&quot;0&quot;,&quot;iso&quot;:&quot;0&quot;,&quot;shutter_speed&quot;:&quot;0&quot;,&quot;title&quot;:&quot;&quot;,&quot;orientation&quot;:&quot;0&quot;}\" data-image-title=\"Paulo-Siuves\" data-image-description=\"&lt;p&gt;Paulo Siuves&lt;\/p&gt;\n\" data-image-caption=\"&lt;p&gt;Paulo Siuves&lt;\/p&gt;\n\" data-large-file=\"https:\/\/jornalrol.com.br\/wp-content\/uploads\/2023\/05\/Paulo-Siuves.jpg\" src=\"https:\/\/www.jornalrol.com.br\/wp-content\/uploads\/2023\/05\/Paulo-Siuves.jpg\" alt=\"Paulo Siuves\" class=\"wp-image-55657\" width=\"146\" height=\"146\"\/><figcaption class=\"wp-element-caption\">Paulo Siuves<\/figcaption><\/figure>\n<\/div>\n\n\n<p><\/p>\n\n\n\n<p class=\"has-text-align-center\">Que cada amanhecer me traga a for\u00e7a para enfrentar o dia,<\/p>\n\n\n\n<p class=\"has-text-align-center\">Que o amor seja meu guia, a luz que me irradia.<\/p>\n\n\n\n<p class=\"has-text-align-center\">Que, mesmo nas corridas da vida, eu encontre calma,<\/p>\n\n\n\n<p class=\"has-text-align-center\">E que o medo da morte jamais roube minha alma.<\/p>\n\n\n\n<p class=\"has-text-align-center\"><br><br>Que eu compreenda o que realmente importa,<\/p>\n\n\n\n<p class=\"has-text-align-center\">Mesmo nos desafios que a vida comporta.<\/p>\n\n\n\n<p class=\"has-text-align-center\">Que eu estenda a m\u00e3o a quem mais precisa,<\/p>\n\n\n\n<p class=\"has-text-align-center\">E que eu nunca recue, mesmo em meio \u00e0 briga.<\/p>\n\n\n\n<p class=\"has-text-align-center\"><br><br>Que eu siga meu pr\u00f3prio caminho, com firmeza,<\/p>\n\n\n\n<p class=\"has-text-align-center\">Sem me perder na correnteza da incerteza.<\/p>\n\n\n\n<p class=\"has-text-align-center\">Que eu aprenda, cres\u00e7a, e que cada experi\u00eancia,<\/p>\n\n\n\n<p class=\"has-text-align-center\">Seja vista como uma d\u00e1diva, uma valiosa viv\u00eancia.<\/p>\n\n\n\n<p class=\"has-text-align-center\"><br><br>Que eu jamais me venda, mantenha minha ess\u00eancia,<\/p>\n\n\n\n<p class=\"has-text-align-center\">E ame com sabedoria e consci\u00eancia.<\/p>\n\n\n\n<p class=\"has-text-align-center\">Que eu possa curar, n\u00e3o s\u00f3 a mim mesmo, mas tamb\u00e9m ao mundo,<\/p>\n\n\n\n<p class=\"has-text-align-center\">De forma completa, com um amor profundo.<\/p>\n\n\n\n<p class=\"has-text-align-center\"><br><br>Que minha jornada nesta Terra tenha sentido,<\/p>\n\n\n\n<p class=\"has-text-align-center\">E que ao retornar ao meu mundo, seja reconhecido,<\/p>\n\n\n\n<p class=\"has-text-align-center\">Que minha alma nunca tenha sido pequena,<\/p>\n\n\n\n<p class=\"has-text-align-center\">Mas sim, uma luz intensa e serena.<\/p>\n\n\n\n<p class=\"has-text-align-center\"><br><br>Que eu possa inspirar outros a trilhar sua pr\u00f3pria estrada,<\/p>\n\n\n\n<p class=\"has-text-align-center\">E que minha jornada seja uma can\u00e7\u00e3o sem fim,<\/p>\n\n\n\n<p class=\"has-text-align-center\">Na melodia da vida, uma aventura aben\u00e7oada,<\/p>\n\n\n\n<p class=\"has-text-align-center\">Para encontrarmos nosso caminho, em cada verso, refr\u00e3o, enfim.<\/p>\n\n\n\n<p class=\"has-text-align-center\"><br><strong>Paulo Siuves<\/strong><\/p>\n\n\n\n<h3 class=\"wp-block-heading has-text-align-center\"><br>Contatos com o autor<\/h3>\n\n\n\n<div class=\"wp-block-columns is-layout-flex wp-container-core-columns-is-layout-9d6595d7 wp-block-columns-is-layout-flex\">\n<div class=\"wp-block-column is-layout-flow wp-block-column-is-layout-flow\">\n<h4 class=\"wp-block-heading has-text-align-center has-pale-ocean-gradient-background has-background\"><a href=\"https:\/\/facebook.com\/paulosiuves\" target=\"_blank\" rel=\"noopener\" title=\"Facebook\">Facebook<\/a><\/h4>\n<\/div>\n\n\n\n<div class=\"wp-block-column is-layout-flow wp-block-column-is-layout-flow\">\n<h4 class=\"wp-block-heading has-text-align-center has-pale-ocean-gradient-background has-background\"><a href=\"https:\/\/Twitter.com@PauloSiuves\" title=\"Twitter\">Twitter<\/a><\/h4>\n<\/div>\n<\/div>\n\n\n\n<div class=\"wp-block-columns is-layout-flex wp-container-core-columns-is-layout-9d6595d7 wp-block-columns-is-layout-flex\">\n<div class=\"wp-block-column is-layout-flow wp-block-column-is-layout-flow\">\n<h4 class=\"wp-block-heading has-text-align-center has-pale-ocean-gradient-background has-background\"><a href=\"https:\/\/paulosiuves.blogspot.com\/\" target=\"_blank\" rel=\"noopener\" title=\"Blog\">Blog<\/a><\/h4>\n<\/div>\n\n\n\n<div class=\"wp-block-column is-layout-flow wp-block-column-is-layout-flow\">\n<h4 class=\"wp-block-heading has-text-align-center has-pale-ocean-gradient-background has-background\"><a href=\"https:\/\/www.recantodasletras.com.br\/autores\/paulosiuves\" title=\"Recanto das Letras\">Recanto das Letras<\/a><\/h4>\n<\/div>\n<\/div>\n\n\n\n<p><br><br>Voltar: <a href=\"http:\/\/www.jornalrol.com.br\" title=\"\">http:\/\/www.jornalrol.com.br<\/a><\/p>\n","protected":false},"excerpt":{"rendered":"<p>Que cada amanhecer me traga a for\u00e7a para enfrentar o dia, que o amor seja meu guia, a luz que me irradia. Que, mesmo nas corridas da vida, eu encontre calma&#8230;<\/p>\n","protected":false},"author":38,"featured_media":55657,"comment_status":"open","ping_status":"closed","sticky":false,"template":"","format":"standard","meta":{"_jetpack_newsletter_access":"","_jetpack_dont_email_post_to_subs":false,"_jetpack_newsletter_tier_id":0,"_jetpack_memberships_contains_paywalled_content":false,"_jetpack_memberships_contains_paid_content":false,"footnotes":""},"categories":[9285,58],"tags":[801,10242,10241,5122,6649,6854,7403],"class_list":["post-60750","post","type-post","status-publish","format-standard","has-post-thumbnail","hentry","category-literatura","category-poesias","tag-amanhecer","tag-calma","tag-jornada-pessoal","tag-literatura","tag-paulo-siuves","tag-poesia","tag-reflexao"],"aioseo_notices":[],"views":615,"jetpack_featured_media_url":"https:\/\/jornalrol.com.br\/wp-content\/uploads\/2023\/05\/Paulo-Siuves.jpg","jetpack_sharing_enabled":true,"jetpack_likes_enabled":true,"jetpack-related-posts":[{"id":61343,"url":"https:\/\/jornalrol.com.br\/?p=61343","url_meta":{"origin":60750,"position":0},"title":"Almas armadas (\u00e0 reden\u00e7\u00e3o da Na\u00e7\u00e3o)","author":"Paulo Siuves","date":"20 de setembro de 2023","format":false,"excerpt":"Nos cora\u00e7\u00f5es, a chama incendiando a arte. Almas armadas, na busca, na retid\u00e3o contra o sossego falso e a injusti\u00e7a que reparte, em prol da justi\u00e7a e da reden\u00e7\u00e3o","rel":"","context":"Em &quot;Literatura&quot;","block_context":{"text":"Literatura","link":"https:\/\/jornalrol.com.br\/?cat=9285"},"img":{"alt_text":"Paulo Siuves","src":"https:\/\/i0.wp.com\/www.jornalrol.com.br\/wp-content\/uploads\/2023\/05\/Paulo-Siuves.jpg?resize=350%2C200&ssl=1","width":350,"height":200},"classes":[]},{"id":59497,"url":"https:\/\/jornalrol.com.br\/?p=59497","url_meta":{"origin":60750,"position":1},"title":"No sil\u00eancio da ins\u00f4nia","author":"Paulo Siuves","date":"30 de julho de 2023","format":false,"excerpt":"S\u00e3o nas horas insones que os pensamentos ganham vida pr\u00f3pria, dan\u00e7ando em meio \u00e0s estrelas e sussurrando mist\u00e9rios ao vento. As preocupa\u00e7\u00f5es do dia se...","rel":"","context":"Em &quot;Cr\u00f4nicas&quot;","block_context":{"text":"Cr\u00f4nicas","link":"https:\/\/jornalrol.com.br\/?cat=9392"},"img":{"alt_text":"Foto do autor da cr\u00f4nica, o colunista Paulo Siuves","src":"https:\/\/i0.wp.com\/www.jornalrol.com.br\/wp-content\/uploads\/2023\/05\/Paulo-Siuves.jpg?resize=350%2C200&ssl=1","width":350,"height":200},"classes":[]},{"id":62369,"url":"https:\/\/jornalrol.com.br\/?p=62369","url_meta":{"origin":60750,"position":2},"title":"Voo ao sabor da ins\u00f4nia","author":"Paulo Siuves","date":"21 de outubro de 2023","format":false,"excerpt":"No sil\u00eancio da noite, minha mente desperta, enquanto o mundo se perde nos bra\u00e7os do sono. As sombras dan\u00e7am, enigmas na escurid\u00e3o, enquanto o rel\u00f3gio...","rel":"","context":"Em &quot;Literatura&quot;","block_context":{"text":"Literatura","link":"https:\/\/jornalrol.com.br\/?cat=9285"},"img":{"alt_text":"O rel\u00f3gio sussurra as horas, uma a uma","src":"https:\/\/i0.wp.com\/jornalrol.com.br\/wp-content\/uploads\/2023\/10\/OIG-2-1.jpg?resize=350%2C200&ssl=1","width":350,"height":200,"srcset":"https:\/\/i0.wp.com\/jornalrol.com.br\/wp-content\/uploads\/2023\/10\/OIG-2-1.jpg?resize=350%2C200&ssl=1 1x, https:\/\/i0.wp.com\/jornalrol.com.br\/wp-content\/uploads\/2023\/10\/OIG-2-1.jpg?resize=525%2C300&ssl=1 1.5x, https:\/\/i0.wp.com\/jornalrol.com.br\/wp-content\/uploads\/2023\/10\/OIG-2-1.jpg?resize=700%2C400&ssl=1 2x"},"classes":[]},{"id":73064,"url":"https:\/\/jornalrol.com.br\/?p=73064","url_meta":{"origin":60750,"position":3},"title":"Outra can\u00e7\u00e3o para voc\u00ea","author":"Paulo Siuves","date":"30 de abril de 2025","format":false,"excerpt":"Trago outra can\u00e7\u00e3o, t\u00edmida e secreta, digo, entre acordes, o que n\u00e3o ouso falar. Um viol\u00e3o silente em minhas m\u00e3os espera, e \u00e9 seu nome que faz cada corda vibrar.","rel":"","context":"Em &quot;Literatura&quot;","block_context":{"text":"Literatura","link":"https:\/\/jornalrol.com.br\/?cat=9285"},"img":{"alt_text":"Imagem gerada por IA do ChatGPT","src":"https:\/\/i0.wp.com\/jornalrol.com.br\/wp-content\/uploads\/2025\/04\/ChatGPT-Image-29-de-abr.-de-2025-04_44_45.png?resize=350%2C200&ssl=1","width":350,"height":200,"srcset":"https:\/\/i0.wp.com\/jornalrol.com.br\/wp-content\/uploads\/2025\/04\/ChatGPT-Image-29-de-abr.-de-2025-04_44_45.png?resize=350%2C200&ssl=1 1x, https:\/\/i0.wp.com\/jornalrol.com.br\/wp-content\/uploads\/2025\/04\/ChatGPT-Image-29-de-abr.-de-2025-04_44_45.png?resize=525%2C300&ssl=1 1.5x, https:\/\/i0.wp.com\/jornalrol.com.br\/wp-content\/uploads\/2025\/04\/ChatGPT-Image-29-de-abr.-de-2025-04_44_45.png?resize=700%2C400&ssl=1 2x"},"classes":[]},{"id":66867,"url":"https:\/\/jornalrol.com.br\/?p=66867","url_meta":{"origin":60750,"position":4},"title":"Sou noite sem Lua e sem voc\u00ea","author":"Paulo Siuves","date":"25 de maio de 2024","format":false,"excerpt":"Anoiteci em minha alma, tornei-me denso e solit\u00e1rio. Noite sem Lua, brisa ou risos, noite vazia. Toldei sem o amor da mulher amada, a quem entreguei meu ser","rel":"","context":"Em &quot;Literatura&quot;","block_context":{"text":"Literatura","link":"https:\/\/jornalrol.com.br\/?cat=9285"},"img":{"alt_text":"\"Anoiteci em minha alma, Tornei-me denso e solit\u00e1rio\"","src":"https:\/\/i0.wp.com\/jornalrol.com.br\/wp-content\/uploads\/2024\/05\/OIG1-6.jpg?resize=350%2C200&ssl=1","width":350,"height":200,"srcset":"https:\/\/i0.wp.com\/jornalrol.com.br\/wp-content\/uploads\/2024\/05\/OIG1-6.jpg?resize=350%2C200&ssl=1 1x, https:\/\/i0.wp.com\/jornalrol.com.br\/wp-content\/uploads\/2024\/05\/OIG1-6.jpg?resize=525%2C300&ssl=1 1.5x, https:\/\/i0.wp.com\/jornalrol.com.br\/wp-content\/uploads\/2024\/05\/OIG1-6.jpg?resize=700%2C400&ssl=1 2x"},"classes":[]},{"id":66451,"url":"https:\/\/jornalrol.com.br\/?p=66451","url_meta":{"origin":60750,"position":5},"title":"Dan\u00e7a insone entre a mente e o repouso","author":"Paulo Siuves","date":"13 de maio de 2024","format":false,"excerpt":"No sil\u00eancio da noite, minha mente desperta, enquanto o mundo se perde nos bra\u00e7os do sono. As sombras dan\u00e7am, enigmas na escurid\u00e3o. Enquanto o rel\u00f3gio sussurra","rel":"","context":"Em &quot;Literatura&quot;","block_context":{"text":"Literatura","link":"https:\/\/jornalrol.com.br\/?cat=9285"},"img":{"alt_text":"\"Dan\u00e7a insone entre a mente e o repouso\"","src":"https:\/\/i0.wp.com\/jornalrol.com.br\/wp-content\/uploads\/2024\/05\/OIG2.nGL_.jpg?resize=350%2C200&ssl=1","width":350,"height":200,"srcset":"https:\/\/i0.wp.com\/jornalrol.com.br\/wp-content\/uploads\/2024\/05\/OIG2.nGL_.jpg?resize=350%2C200&ssl=1 1x, https:\/\/i0.wp.com\/jornalrol.com.br\/wp-content\/uploads\/2024\/05\/OIG2.nGL_.jpg?resize=525%2C300&ssl=1 1.5x, https:\/\/i0.wp.com\/jornalrol.com.br\/wp-content\/uploads\/2024\/05\/OIG2.nGL_.jpg?resize=700%2C400&ssl=1 2x"},"classes":[]}],"_links":{"self":[{"href":"https:\/\/jornalrol.com.br\/index.php?rest_route=\/wp\/v2\/posts\/60750","targetHints":{"allow":["GET"]}}],"collection":[{"href":"https:\/\/jornalrol.com.br\/index.php?rest_route=\/wp\/v2\/posts"}],"about":[{"href":"https:\/\/jornalrol.com.br\/index.php?rest_route=\/wp\/v2\/types\/post"}],"author":[{"embeddable":true,"href":"https:\/\/jornalrol.com.br\/index.php?rest_route=\/wp\/v2\/users\/38"}],"replies":[{"embeddable":true,"href":"https:\/\/jornalrol.com.br\/index.php?rest_route=%2Fwp%2Fv2%2Fcomments&post=60750"}],"version-history":[{"count":2,"href":"https:\/\/jornalrol.com.br\/index.php?rest_route=\/wp\/v2\/posts\/60750\/revisions"}],"predecessor-version":[{"id":60752,"href":"https:\/\/jornalrol.com.br\/index.php?rest_route=\/wp\/v2\/posts\/60750\/revisions\/60752"}],"wp:featuredmedia":[{"embeddable":true,"href":"https:\/\/jornalrol.com.br\/index.php?rest_route=\/wp\/v2\/media\/55657"}],"wp:attachment":[{"href":"https:\/\/jornalrol.com.br\/index.php?rest_route=%2Fwp%2Fv2%2Fmedia&parent=60750"}],"wp:term":[{"taxonomy":"category","embeddable":true,"href":"https:\/\/jornalrol.com.br\/index.php?rest_route=%2Fwp%2Fv2%2Fcategories&post=60750"},{"taxonomy":"post_tag","embeddable":true,"href":"https:\/\/jornalrol.com.br\/index.php?rest_route=%2Fwp%2Fv2%2Ftags&post=60750"}],"curies":[{"name":"wp","href":"https:\/\/api.w.org\/{rel}","templated":true}]}}