{"id":63252,"date":"2023-11-24T08:00:00","date_gmt":"2023-11-24T11:00:00","guid":{"rendered":"https:\/\/www.jornalrol.com.br\/?p=63252"},"modified":"2023-11-24T08:41:45","modified_gmt":"2023-11-24T11:41:45","slug":"dia-da-consciencia-negra","status":"publish","type":"post","link":"https:\/\/jornalrol.com.br\/?p=63252","title":{"rendered":"Dia da Consci\u00eancia Negra"},"content":{"rendered":"<div class=\"pdfprnt-buttons pdfprnt-buttons-post pdfprnt-top-right\"><a href=\"https:\/\/jornalrol.com.br\/index.php?rest_route=%2Fwp%2Fv2%2Fposts%2F63252&print=pdf\" class=\"pdfprnt-button pdfprnt-button-pdf\" target=\"_blank\" ><\/a><a href=\"https:\/\/jornalrol.com.br\/index.php?rest_route=%2Fwp%2Fv2%2Fposts%2F63252&print=print\" class=\"pdfprnt-button pdfprnt-button-print\" target=\"_blank\" ><img decoding=\"async\" src=\"https:\/\/jornalrol.com.br\/wp-content\/plugins\/pdf-print\/images\/print.png\" alt=\"image_print\" title=\"Conte\u00fado de impress\u00e3o\" \/><\/a><\/div>\n<h2 class=\"wp-block-heading has-text-align-center\">Sergio Diniz da Costa:<\/h2>\n\n\n\n<h2 class=\"wp-block-heading has-text-align-center\"> Pensamentos-homenagem ao Dia da Consci\u00eancia Negra<br><br><\/h2>\n\n\n<div class=\"wp-block-image\">\n<figure class=\"aligncenter size-full is-resized\"><img loading=\"lazy\" decoding=\"async\" width=\"642\" height=\"960\" data-attachment-id=\"63253\" data-permalink=\"https:\/\/jornalrol.com.br\/?attachment_id=63253\" data-orig-file=\"https:\/\/jornalrol.com.br\/wp-content\/uploads\/2023\/11\/IMG-20220331-WA0086.jpg\" data-orig-size=\"642,960\" data-comments-opened=\"0\" data-image-meta=\"{&quot;aperture&quot;:&quot;0&quot;,&quot;credit&quot;:&quot;&quot;,&quot;camera&quot;:&quot;&quot;,&quot;caption&quot;:&quot;&quot;,&quot;created_timestamp&quot;:&quot;0&quot;,&quot;copyright&quot;:&quot;&quot;,&quot;focal_length&quot;:&quot;0&quot;,&quot;iso&quot;:&quot;0&quot;,&quot;shutter_speed&quot;:&quot;0&quot;,&quot;title&quot;:&quot;&quot;,&quot;orientation&quot;:&quot;0&quot;}\" data-image-title=\"IMG-20220331-WA0086\" data-image-description=\"\" data-image-caption=\"\" data-large-file=\"https:\/\/jornalrol.com.br\/wp-content\/uploads\/2023\/11\/IMG-20220331-WA0086.jpg\" src=\"https:\/\/www.jornalrol.com.br\/wp-content\/uploads\/2023\/11\/IMG-20220331-WA0086.jpg\" alt=\"\" class=\"wp-image-63253\" style=\"aspect-ratio:0.66875;width:94px;height:auto\"\/><figcaption class=\"wp-element-caption\"><em>Sergio Diniz<\/em><\/figcaption><\/figure>\n<\/div>\n\n<div class=\"wp-block-image\">\n<figure class=\"aligncenter size-full is-resized\"><img loading=\"lazy\" decoding=\"async\" width=\"512\" height=\"512\" data-attachment-id=\"63254\" data-permalink=\"https:\/\/jornalrol.com.br\/?attachment_id=63254\" data-orig-file=\"https:\/\/jornalrol.com.br\/wp-content\/uploads\/2023\/11\/OIG-17.jpg\" data-orig-size=\"512,512\" data-comments-opened=\"0\" data-image-meta=\"{&quot;aperture&quot;:&quot;0&quot;,&quot;credit&quot;:&quot;&quot;,&quot;camera&quot;:&quot;&quot;,&quot;caption&quot;:&quot;&quot;,&quot;created_timestamp&quot;:&quot;0&quot;,&quot;copyright&quot;:&quot;&quot;,&quot;focal_length&quot;:&quot;0&quot;,&quot;iso&quot;:&quot;0&quot;,&quot;shutter_speed&quot;:&quot;0&quot;,&quot;title&quot;:&quot;&quot;,&quot;orientation&quot;:&quot;1&quot;}\" data-image-title=\"OIG-17\" data-image-description=\"\" data-image-caption=\"\" data-large-file=\"https:\/\/jornalrol.com.br\/wp-content\/uploads\/2023\/11\/OIG-17.jpg\" src=\"https:\/\/www.jornalrol.com.br\/wp-content\/uploads\/2023\/11\/OIG-17.jpg\" alt=\"\" class=\"wp-image-63254\" style=\"aspect-ratio:1;width:362px;height:auto\"\/><figcaption class=\"wp-element-caption\">&#8220;A ra\u00e7a negra, em contraste com a ra\u00e7a branca, \u00e9 apenas como o dia e a noite:&#8230;&#8221;<br><em>Criador de imagens do Bing<\/em><\/figcaption><\/figure>\n<\/div>\n\n\n<p class=\"has-drop-cap\"> Muitas pessoas t\u00eam preconceito de ra\u00e7a, como se a ra\u00e7a branca, ou a negra, ou a amarela, fosse a ra\u00e7a mais pura, a mais perfeita. Isso nos faz lembrar as bel\u00edssimas pinturas de Da Vinci, ou de Rafael, em que o visitante de uma galeria de arte destacasse o azul, ou o vermelho, ou o amarelo deste ou daquele quadro, se esquecendo, contudo, que foram todas as cores reunidas que imortalizaram essas obras. <\/p>\n\n\n\n<p><\/p>\n\n\n\n<p>A ra\u00e7a negra, em contraste com a ra\u00e7a branca, \u00e9 apenas como o dia e a noite: de dia, com o Sol, externamos a alegria; de noite, com a Lua e as estrelas, sonhamos.<\/p>\n\n\n\n<p class=\"has-text-align-center\"><br><strong>Sergio Diniz da Costa <\/strong><\/p>\n\n\n\n<p class=\"has-text-align-center\">(<strong>Pensamentos soltos na brisa das tardes<\/strong>. Vol. 2. Sorocaba, SP: Crearte Editora, 2014)<\/p>\n\n\n\n<p><\/p>\n\n\n\n<h3 class=\"wp-block-heading has-text-align-center\"><br>Contatos com o autor<\/h3>\n\n\n\n<div class=\"wp-block-columns is-layout-flex wp-container-core-columns-is-layout-9d6595d7 wp-block-columns-is-layout-flex\">\n<div class=\"wp-block-column is-layout-flow wp-block-column-is-layout-flow\">\n<h4 class=\"wp-block-heading has-text-align-center has-pale-ocean-gradient-background has-background\"><a href=\"https:\/\/www.facebook.com\/sergio.dinizdacosta.79?locale=pt_BR\" target=\"_blank\" rel=\"noopener\" title=\"Facebook\">Facebook<\/a><\/h4>\n<\/div>\n\n\n\n<div class=\"wp-block-column is-layout-flow wp-block-column-is-layout-flow\">\n<h4 class=\"wp-block-heading has-text-align-center has-pale-ocean-gradient-background has-background\"><a href=\"https:\/\/www.recantodasletras.com.br\/autor_textos.php?id=173342\" target=\"_blank\" rel=\"noopener\" title=\"Recanto das Letras\">Recanto das Letras<\/a><\/h4>\n<\/div>\n\n\n\n<div class=\"wp-block-column is-layout-flow wp-block-column-is-layout-flow\">\n<h4 class=\"wp-block-heading has-text-align-center has-pale-ocean-gradient-background has-background\"><a href=\"https:\/\/www.pensador.com\/autor\/sergio_diniz_da_costa\/\" title=\"Pensador\">Pensador<\/a><\/h4>\n<\/div>\n<\/div>\n\n\n\n<p><br>Voltar:<a href=\"http:\/\/www.jornalrol.com.br\" title=\"\">http:\/\/www.jornalrol.com.br<\/a><\/p>\n\n\n\n<p>Facebook: <a href=\"https:\/\/facebook.com\/JCulturalRol\/\" title=\"\">https:\/\/facebook.com\/JCulturalRol\/<\/a><\/p>\n","protected":false},"excerpt":{"rendered":"<p>Muitas pessoas t\u00eam preconceito de ra\u00e7a, como se a ra\u00e7a branca, ou a negra, ou a amarela, fosse a ra\u00e7a mais pura, a mais perfeita. Isso nos faz lembrar as&#8230; <\/p>\n","protected":false},"author":6,"featured_media":63254,"comment_status":"open","ping_status":"closed","sticky":false,"template":"","format":"standard","meta":{"_jetpack_newsletter_access":"","_jetpack_dont_email_post_to_subs":false,"_jetpack_newsletter_tier_id":0,"_jetpack_memberships_contains_paywalled_content":false,"_jetpack_memberships_contains_paid_content":false,"footnotes":""},"categories":[9285],"tags":[],"class_list":["post-63252","post","type-post","status-publish","format-standard","has-post-thumbnail","hentry","category-literatura"],"aioseo_notices":[],"views":607,"jetpack_featured_media_url":"https:\/\/jornalrol.com.br\/wp-content\/uploads\/2023\/11\/OIG-17.jpg","jetpack_sharing_enabled":true,"jetpack_likes_enabled":true,"jetpack-related-posts":[{"id":76807,"url":"https:\/\/jornalrol.com.br\/?p=76807","url_meta":{"origin":63252,"position":0},"title":"Dia Nacional da Consci\u00eancia Negra","author":"Sergio Diniz da Costa","date":"20 de novembro de 2025","format":false,"excerpt":"A ra\u00e7a negra, em contraste com a ra\u00e7a branca, \u00e9 apenas como o dia e a noite: de dia, com o sol, externamos a alegria; de noite, com a lua e as estrelas...","rel":"","context":"Em &quot;Literatura&quot;","block_context":{"text":"Literatura","link":"https:\/\/jornalrol.com.br\/?cat=9285"},"img":{"alt_text":"Imagem criada por IA do Grok","src":"https:\/\/i0.wp.com\/jornalrol.com.br\/wp-content\/uploads\/2025\/11\/download-1-1.jpg?resize=350%2C200&ssl=1","width":350,"height":200,"srcset":"https:\/\/i0.wp.com\/jornalrol.com.br\/wp-content\/uploads\/2025\/11\/download-1-1.jpg?resize=350%2C200&ssl=1 1x, https:\/\/i0.wp.com\/jornalrol.com.br\/wp-content\/uploads\/2025\/11\/download-1-1.jpg?resize=525%2C300&ssl=1 1.5x, https:\/\/i0.wp.com\/jornalrol.com.br\/wp-content\/uploads\/2025\/11\/download-1-1.jpg?resize=700%2C400&ssl=1 2x"},"classes":[]},{"id":35074,"url":"https:\/\/jornalrol.com.br\/?p=35074","url_meta":{"origin":63252,"position":1},"title":"Jairo Valio: &#039;Negra&#039;","author":"Jairo Valio","date":"19 de novembro de 2020","format":false,"excerpt":"Negra Altiva, bela, cativante, s\u00f3 sorrisos, Porte esbelto, desperta at\u00e9 invejas, Pelo andar, corpo escultural, perfeita, Como se fosse por artista desenhada, Nas formas curvil\u00edneas com caprichos, E nas telas expusesse as perfei\u00e7\u00f5es. \u00a0 N\u00e3o tem reinados ou exuber\u00e2ncias, Sua moradia pode at\u00e9 ser na periferia, Pela condi\u00e7\u00e3o social que\u2026","rel":"","context":"Em &quot;Comunica\u00e7\u00e3o&quot;","block_context":{"text":"Comunica\u00e7\u00e3o","link":"https:\/\/jornalrol.com.br\/?cat=7"},"img":{"alt_text":"","src":"https:\/\/i0.wp.com\/jornalrol.com.br\/wp-content\/uploads\/2020\/11\/0fa43253b5089b5a0c215bb619fdce2e.jpg?resize=350%2C200&ssl=1","width":350,"height":200,"srcset":"https:\/\/i0.wp.com\/jornalrol.com.br\/wp-content\/uploads\/2020\/11\/0fa43253b5089b5a0c215bb619fdce2e.jpg?resize=350%2C200&ssl=1 1x, https:\/\/i0.wp.com\/jornalrol.com.br\/wp-content\/uploads\/2020\/11\/0fa43253b5089b5a0c215bb619fdce2e.jpg?resize=525%2C300&ssl=1 1.5x"},"classes":[]},{"id":35117,"url":"https:\/\/jornalrol.com.br\/?p=35117","url_meta":{"origin":63252,"position":2},"title":"Jairo Valio: &#039;Mulher negra&#039;","author":"Sergio Diniz da Costa","date":"20 de novembro de 2020","format":false,"excerpt":"Mulher negra Altiva, bela, cativante, s\u00f3 sorrisos, Porte esbelto, desperta at\u00e9 invejas, Pelo andar, corpo escultural, perfeito, Como se fosse por artista desenhado, Nas formas curvil\u00edneas, com caprichos, E nas telas expusesse as perfei\u00e7\u00f5es. \u00a0 N\u00e3o tem reinados ou exuber\u00e2ncias, Suas moradias podem ser nas periferias, Pelas condi\u00e7\u00f5es sociais que\u2026","rel":"","context":"Em &quot;Comunica\u00e7\u00e3o&quot;","block_context":{"text":"Comunica\u00e7\u00e3o","link":"https:\/\/jornalrol.com.br\/?cat=7"},"img":{"alt_text":"","src":"https:\/\/i0.wp.com\/jornalrol.com.br\/wp-content\/uploads\/2020\/11\/f2355e5a87a351453c8e09040d71fa02.jpg?resize=350%2C200&ssl=1","width":350,"height":200,"srcset":"https:\/\/i0.wp.com\/jornalrol.com.br\/wp-content\/uploads\/2020\/11\/f2355e5a87a351453c8e09040d71fa02.jpg?resize=350%2C200&ssl=1 1x, https:\/\/i0.wp.com\/jornalrol.com.br\/wp-content\/uploads\/2020\/11\/f2355e5a87a351453c8e09040d71fa02.jpg?resize=525%2C300&ssl=1 1.5x, https:\/\/i0.wp.com\/jornalrol.com.br\/wp-content\/uploads\/2020\/11\/f2355e5a87a351453c8e09040d71fa02.jpg?resize=700%2C400&ssl=1 2x"},"classes":[]},{"id":46604,"url":"https:\/\/jornalrol.com.br\/?p=46604","url_meta":{"origin":63252,"position":3},"title":"Sandra Albuquerque: &#039;A pele n\u00e3o importa&#039;","author":"Sandra Albuquerque","date":"20 de novembro de 2021","format":false,"excerpt":"A pele n\u00e3o importa Um s\u00f3 Deus Basta! Zere a discrimina\u00e7\u00e3o! A pele n\u00e3o importa Todos s\u00e3o iguais \u00c9 a lei Escrita na Constitui\u00e7\u00e3o. Negro, branco, amarelo Pardo ningu\u00e9m quer ser Muita gente quer ter O famoso sangue azul. Como pode! Gente sem no\u00e7\u00e3o! Gente sem escr\u00fapulos! Insensatos s\u00e3o! Obras\u2026","rel":"","context":"Em &quot;Comunica\u00e7\u00e3o&quot;","block_context":{"text":"Comunica\u00e7\u00e3o","link":"https:\/\/jornalrol.com.br\/?cat=7"},"img":{"alt_text":"","src":"https:\/\/i0.wp.com\/www.jornalrol.com.br\/wp-content\/uploads\/2020\/06\/9f6225c2-19e8-4a60-ba2c-0f4b619632d7-296x300.jpg?resize=350%2C200","width":350,"height":200},"classes":[]},{"id":19632,"url":"https:\/\/jornalrol.com.br\/?p=19632","url_meta":{"origin":63252,"position":4},"title":"Sesi Sorocaba apresenta, nos dias 20 e 21 (sexta e s\u00e1bado), \u00e0s 20h, a pe\u00e7a &#039;Race&#039;","author":"Sergio Diniz da Costa","date":"11 de julho de 2018","format":false,"excerpt":"Inspirada no texto do autor norte-americano David Mamet e vencedora do pr\u00eamio Tony, Race retrata as rela\u00e7\u00f5es humanas e as diversas faces do preconceito \u00a0 Quando um homem branco \u00e9 acusado pelo estupro de uma mulher negra, ele aciona dois advogados de diferentes etnias para construir sua defesa. Assim, os\u2026","rel":"","context":"Em &quot;Comunica\u00e7\u00e3o&quot;","block_context":{"text":"Comunica\u00e7\u00e3o","link":"https:\/\/jornalrol.com.br\/?cat=7"},"img":{"alt_text":"","src":"https:\/\/i0.wp.com\/www.jornalrol.com.br\/wp-content\/uploads\/2018\/07\/download-1-1.png?resize=350%2C200","width":350,"height":200},"classes":[]},{"id":6541,"url":"https:\/\/jornalrol.com.br\/?p=6541","url_meta":{"origin":63252,"position":5},"title":"Sergio Diniz da Costa: &#039;Pensamentos soltos na grisa das tardes&#039; &#8211; II","author":"Helio Rubens","date":"13 de outubro de 2016","format":false,"excerpt":"Sergio Diniz da Costa - 'PENSAMENTOS SOLTOS NA GRISA DAS TARDES II' \u00a0 O ser humano \u00e9 um fragmento da grande e maravilhosa Literatura C\u00f3smica. ______ X _____ \u00a0 Quando vejo a fidelidade de um c\u00e3o em rela\u00e7\u00e3o ao homem, concluo: alguns anjos n\u00e3o t\u00eam asas! _____ X _____ \u00a0\u2026","rel":"","context":"Em &quot;Comunica\u00e7\u00e3o&quot;","block_context":{"text":"Comunica\u00e7\u00e3o","link":"https:\/\/jornalrol.com.br\/?cat=7"},"img":{"alt_text":"Sergio Diniz da Costa","src":"https:\/\/i0.wp.com\/www.jornalrol.com.br\/wp-content\/uploads\/2016\/04\/foto-close-300x300.jpg?resize=350%2C200","width":350,"height":200},"classes":[]}],"_links":{"self":[{"href":"https:\/\/jornalrol.com.br\/index.php?rest_route=\/wp\/v2\/posts\/63252","targetHints":{"allow":["GET"]}}],"collection":[{"href":"https:\/\/jornalrol.com.br\/index.php?rest_route=\/wp\/v2\/posts"}],"about":[{"href":"https:\/\/jornalrol.com.br\/index.php?rest_route=\/wp\/v2\/types\/post"}],"author":[{"embeddable":true,"href":"https:\/\/jornalrol.com.br\/index.php?rest_route=\/wp\/v2\/users\/6"}],"replies":[{"embeddable":true,"href":"https:\/\/jornalrol.com.br\/index.php?rest_route=%2Fwp%2Fv2%2Fcomments&post=63252"}],"version-history":[{"count":3,"href":"https:\/\/jornalrol.com.br\/index.php?rest_route=\/wp\/v2\/posts\/63252\/revisions"}],"predecessor-version":[{"id":63272,"href":"https:\/\/jornalrol.com.br\/index.php?rest_route=\/wp\/v2\/posts\/63252\/revisions\/63272"}],"wp:featuredmedia":[{"embeddable":true,"href":"https:\/\/jornalrol.com.br\/index.php?rest_route=\/wp\/v2\/media\/63254"}],"wp:attachment":[{"href":"https:\/\/jornalrol.com.br\/index.php?rest_route=%2Fwp%2Fv2%2Fmedia&parent=63252"}],"wp:term":[{"taxonomy":"category","embeddable":true,"href":"https:\/\/jornalrol.com.br\/index.php?rest_route=%2Fwp%2Fv2%2Fcategories&post=63252"},{"taxonomy":"post_tag","embeddable":true,"href":"https:\/\/jornalrol.com.br\/index.php?rest_route=%2Fwp%2Fv2%2Ftags&post=63252"}],"curies":[{"name":"wp","href":"https:\/\/api.w.org\/{rel}","templated":true}]}}