{"id":63315,"date":"2023-11-25T14:58:41","date_gmt":"2023-11-25T17:58:41","guid":{"rendered":"https:\/\/www.jornalrol.com.br\/?p=63315"},"modified":"2023-11-25T14:58:48","modified_gmt":"2023-11-25T17:58:48","slug":"natureza-que-acalma","status":"publish","type":"post","link":"https:\/\/jornalrol.com.br\/?p=63315","title":{"rendered":"Natureza que acalma"},"content":{"rendered":"<div class=\"pdfprnt-buttons pdfprnt-buttons-post pdfprnt-top-right\"><a href=\"https:\/\/jornalrol.com.br\/index.php?rest_route=%2Fwp%2Fv2%2Fposts%2F63315&print=pdf\" class=\"pdfprnt-button pdfprnt-button-pdf\" target=\"_blank\" ><\/a><a href=\"https:\/\/jornalrol.com.br\/index.php?rest_route=%2Fwp%2Fv2%2Fposts%2F63315&print=print\" class=\"pdfprnt-button pdfprnt-button-print\" target=\"_blank\" ><img decoding=\"async\" src=\"https:\/\/jornalrol.com.br\/wp-content\/plugins\/pdf-print\/images\/print.png\" alt=\"image_print\" title=\"Conte\u00fado de impress\u00e3o\" \/><\/a><\/div>\n<h2 class=\"wp-block-heading has-text-align-center\">Jairo Valio: Poema &#8216;Natureza que acalma&#8217;<br><br><\/h2>\n\n\n<div class=\"wp-block-image\">\n<figure class=\"aligncenter size-full\"><img loading=\"lazy\" decoding=\"async\" width=\"120\" height=\"120\" data-attachment-id=\"55568\" data-permalink=\"https:\/\/jornalrol.com.br\/?attachment_id=55568\" data-orig-file=\"https:\/\/jornalrol.com.br\/wp-content\/uploads\/2023\/05\/Jairo-Valio.jpg\" data-orig-size=\"120,120\" data-comments-opened=\"1\" data-image-meta=\"{&quot;aperture&quot;:&quot;0&quot;,&quot;credit&quot;:&quot;&quot;,&quot;camera&quot;:&quot;&quot;,&quot;caption&quot;:&quot;&quot;,&quot;created_timestamp&quot;:&quot;0&quot;,&quot;copyright&quot;:&quot;&quot;,&quot;focal_length&quot;:&quot;0&quot;,&quot;iso&quot;:&quot;0&quot;,&quot;shutter_speed&quot;:&quot;0&quot;,&quot;title&quot;:&quot;&quot;,&quot;orientation&quot;:&quot;0&quot;}\" data-image-title=\"Jairo-Valio\" data-image-description=\"&lt;p&gt;Jairo Valio&lt;\/p&gt;\n\" data-image-caption=\"&lt;p&gt;Jairo Valio&lt;\/p&gt;\n\" data-large-file=\"https:\/\/jornalrol.com.br\/wp-content\/uploads\/2023\/05\/Jairo-Valio.jpg\" src=\"https:\/\/www.jornalrol.com.br\/wp-content\/uploads\/2023\/05\/Jairo-Valio.jpg\" alt=\" Jairo Valio\" class=\"wp-image-55568\"\/><figcaption class=\"wp-element-caption\"><em>Jairo Valio<\/em><\/figcaption><\/figure>\n<\/div>\n\n<div class=\"wp-block-image\">\n<figure class=\"aligncenter size-full is-resized\"><img loading=\"lazy\" decoding=\"async\" width=\"1024\" height=\"1024\" data-attachment-id=\"63316\" data-permalink=\"https:\/\/jornalrol.com.br\/?attachment_id=63316\" data-orig-file=\"https:\/\/jornalrol.com.br\/wp-content\/uploads\/2023\/11\/OIG-1-9.jpg\" data-orig-size=\"1024,1024\" data-comments-opened=\"0\" data-image-meta=\"{&quot;aperture&quot;:&quot;0&quot;,&quot;credit&quot;:&quot;&quot;,&quot;camera&quot;:&quot;&quot;,&quot;caption&quot;:&quot;&quot;,&quot;created_timestamp&quot;:&quot;0&quot;,&quot;copyright&quot;:&quot;&quot;,&quot;focal_length&quot;:&quot;0&quot;,&quot;iso&quot;:&quot;0&quot;,&quot;shutter_speed&quot;:&quot;0&quot;,&quot;title&quot;:&quot;&quot;,&quot;orientation&quot;:&quot;0&quot;}\" data-image-title=\"OIG-1-9\" data-image-description=\"\" data-image-caption=\"\" data-large-file=\"https:\/\/jornalrol.com.br\/wp-content\/uploads\/2023\/11\/OIG-1-9.jpg\" src=\"https:\/\/www.jornalrol.com.br\/wp-content\/uploads\/2023\/11\/OIG-1-9.jpg\" alt=\"Natureza que acalma\" class=\"wp-image-63316\" style=\"aspect-ratio:1;width:348px;height:auto\"\/><figcaption class=\"wp-element-caption\">Natureza que acalma<br><em>Criador de imagens do Bing<\/em><\/figcaption><\/figure>\n<\/div>\n\n\n<p class=\"has-text-align-center\">Observo o seu descansar<br>A serenidade do rio descendo,<br>Calmo no leito que escolheu,<br>E as matas sentindo brisas,<br>Da tarde que vem chegando,<br>E eu contemplativo olho,<br>Como a natureza tem nuances,<br>Do alvorecer com o Sol despertando,<br>Emitindo raios no horizonte distante,<br>E vidas sonolentas adquirem sonoridades,<br>Como os alaridos dos p\u00e1ssaros,<br>Que em revoadas emitem lindos gorjeios,<br>Buscando alimentos para filhotes famintos,<br>E cachoeiras borbulhantes buscam remansos,<br>Mostrando entre folhagens lindos arco-\u00edris,<br>Como se fossem pintados por h\u00e1beis artes\u00e3os,<br>E das matas um brotar de vidas,<br>Despertam todas formas de seres viventes,<br>Como c\u00e9leres animais descendo dos troncos,<br>E numa magia que at\u00e9 me encantou,<br>Flores silvestres mostram cores extasiantes,<br>Num amarelo claro da cor do girassol,<br>E cores brancas que se misturam ao azul,<br>E essas tonalidades o verde das folhas t\u00eam predomin\u00e2ncias,<br>Por serem volumosas e brotarem dos galhos,<br>E entre essas magias que a natureza prepara,<br>Perfumes t\u00e3o suaves a brisa vai espalhando,<br>Em dimens\u00f5es infinitas at\u00e9 se diluir nos espa\u00e7os,<br>E quem os aspiram entram em encantamentos,<br>Com amores sublimes que surgem num repente,<br>Causados pelas magias que a natureza \u00e9 protagonista.<\/p>\n\n\n\n<p class=\"has-text-align-center\"><br><strong>Jairo Valio<\/strong><\/p>\n\n\n\n<h3 class=\"wp-block-heading has-text-align-center\">Contatos com o autor<\/h3>\n\n\n\n<div class=\"wp-block-columns is-layout-flex wp-container-core-columns-is-layout-9d6595d7 wp-block-columns-is-layout-flex\">\n<div class=\"wp-block-column is-layout-flow wp-block-column-is-layout-flow\">\n<h4 class=\"wp-block-heading has-text-align-center has-pale-ocean-gradient-background has-background\"><a href=\"https:\/\/wa.me\/997003572\" target=\"_blank\" rel=\"noopener\" title=\"WhatsApp\">WhatsApp<\/a><\/h4>\n<\/div>\n\n\n\n<div class=\"wp-block-column is-layout-flow wp-block-column-is-layout-flow\">\n<h4 class=\"wp-block-heading has-text-align-center has-pale-ocean-gradient-background has-background\"><a href=\"https:\/\/www.facebook.com\/jairo.valio?locale=pt_BR\" title=\"Facebook\">Facebook<\/a><\/h4>\n<\/div>\n<\/div>\n\n\n\n<p><br>Voltar: <a href=\"http:\/\/www.jornalrol.com.br\" title=\"\">http:\/\/www.jornalrol.com.br<\/a><\/p>\n\n\n\n<p>Facebook: <a href=\"https:\/\/facebook.com\/JCulturalRol\/\" title=\"\">https:\/\/facebook.com\/JCulturalRol\/<\/a><\/p>\n","protected":false},"excerpt":{"rendered":"<p>Observo o seu descansar, a serenidade do rio descendo, calmo no leito que escolheu. E as matas sentindo brisas, da tarde que vem chegando, e eu contemplativo&#8230;<\/p>\n","protected":false},"author":7,"featured_media":63316,"comment_status":"open","ping_status":"closed","sticky":false,"template":"","format":"standard","meta":{"_jetpack_newsletter_access":"","_jetpack_dont_email_post_to_subs":false,"_jetpack_newsletter_tier_id":0,"_jetpack_memberships_contains_paywalled_content":false,"_jetpack_memberships_contains_paid_content":false,"footnotes":""},"categories":[9285,58],"tags":[1483,4746,5122,10993,5980,6854,7553,8056],"class_list":["post-63315","post","type-post","status-publish","format-standard","has-post-thumbnail","hentry","category-literatura","category-poesias","tag-brisa","tag-jairo-valio","tag-literatura","tag-matas","tag-natureza","tag-poesia","tag-rio","tag-sol"],"aioseo_notices":[],"views":659,"jetpack_featured_media_url":"https:\/\/jornalrol.com.br\/wp-content\/uploads\/2023\/11\/OIG-1-9.jpg","jetpack_sharing_enabled":true,"jetpack_likes_enabled":true,"jetpack-related-posts":[{"id":50168,"url":"https:\/\/jornalrol.com.br\/?p=50168","url_meta":{"origin":63315,"position":0},"title":"Jairo Valio: &#039;Natureza que acalma&#039;","author":"Jairo Valio","date":"12 de maio de 2022","format":false,"excerpt":"Natureza que acalma Observo o seu descansar A serenidade do rio descendo, Calmo no leito que escolheu, E as matas sentindo brisas, Da tarde que vem chegando; E eu contemplativo olho, Como a natureza tem nuances, Do alvorecer com o Sol despertando, Emitindo raios no horizonte distante; E vidas sonolentas\u2026","rel":"","context":"Em &quot;Comunica\u00e7\u00e3o&quot;","block_context":{"text":"Comunica\u00e7\u00e3o","link":"https:\/\/jornalrol.com.br\/?cat=7"},"img":{"alt_text":"","src":"https:\/\/i0.wp.com\/jornalrol.com.br\/wp-content\/uploads\/2022\/05\/IMG-20220512-WA0072.jpg?resize=350%2C200&ssl=1","width":350,"height":200,"srcset":"https:\/\/i0.wp.com\/jornalrol.com.br\/wp-content\/uploads\/2022\/05\/IMG-20220512-WA0072.jpg?resize=350%2C200&ssl=1 1x, https:\/\/i0.wp.com\/jornalrol.com.br\/wp-content\/uploads\/2022\/05\/IMG-20220512-WA0072.jpg?resize=525%2C300&ssl=1 1.5x, https:\/\/i0.wp.com\/jornalrol.com.br\/wp-content\/uploads\/2022\/05\/IMG-20220512-WA0072.jpg?resize=700%2C400&ssl=1 2x"},"classes":[]},{"id":66931,"url":"https:\/\/jornalrol.com.br\/?p=66931","url_meta":{"origin":63315,"position":1},"title":"Natureza que acalma","author":"Jairo Valio","date":"27 de maio de 2024","format":false,"excerpt":"Observo o seu descansar. A serenidade do rio descendo, calmo no leito que escolheu. E as matas sentindo brisas, da tarde que vem chegando. E eu, contemplativo,","rel":"","context":"Em &quot;Literatura&quot;","block_context":{"text":"Literatura","link":"https:\/\/jornalrol.com.br\/?cat=9285"},"img":{"alt_text":"\"A serenidade do rio descendo, calmo no leito que escolheu,\"","src":"https:\/\/i0.wp.com\/jornalrol.com.br\/wp-content\/uploads\/2024\/05\/OIG3-2.jpg?resize=350%2C200&ssl=1","width":350,"height":200,"srcset":"https:\/\/i0.wp.com\/jornalrol.com.br\/wp-content\/uploads\/2024\/05\/OIG3-2.jpg?resize=350%2C200&ssl=1 1x, https:\/\/i0.wp.com\/jornalrol.com.br\/wp-content\/uploads\/2024\/05\/OIG3-2.jpg?resize=525%2C300&ssl=1 1.5x, https:\/\/i0.wp.com\/jornalrol.com.br\/wp-content\/uploads\/2024\/05\/OIG3-2.jpg?resize=700%2C400&ssl=1 2x"},"classes":[]},{"id":58786,"url":"https:\/\/jornalrol.com.br\/?p=58786","url_meta":{"origin":63315,"position":2},"title":"Sou um rio caudaloso","author":"Sergio Diniz da Costa","date":"14 de julho de 2023","format":false,"excerpt":"Na nascente onde nasci belo em natureza linda, onde os passarinhos cantam na madrugada surgindo, \u00e1vidos peixinhos nadam na correnteza, e des\u00e7o encachoeirado...","rel":"","context":"Em &quot;Literatura&quot;","block_context":{"text":"Literatura","link":"https:\/\/jornalrol.com.br\/?cat=9285"},"img":{"alt_text":"","src":"https:\/\/i0.wp.com\/jornalrol.com.br\/wp-content\/uploads\/2021\/06\/IMG-20210611-WA0099-1.jpg?resize=350%2C200&ssl=1","width":350,"height":200,"srcset":"https:\/\/i0.wp.com\/jornalrol.com.br\/wp-content\/uploads\/2021\/06\/IMG-20210611-WA0099-1.jpg?resize=350%2C200&ssl=1 1x, https:\/\/i0.wp.com\/jornalrol.com.br\/wp-content\/uploads\/2021\/06\/IMG-20210611-WA0099-1.jpg?resize=525%2C300&ssl=1 1.5x"},"classes":[]},{"id":54309,"url":"https:\/\/jornalrol.com.br\/?p=54309","url_meta":{"origin":63315,"position":3},"title":"Jairo Valio: &#039;Outono&#039;","author":"Jairo Valio","date":"25 de mar\u00e7o de 2023","format":false,"excerpt":"Outono Breve brisa me anuncia, Despindo o calor sufocante que cessa, E as folhas aos poucos se soltam, Cobrindo as relvas ainda umedecidas, Da madrugada serena que ent\u00e3o passou. Formam tapetes coloridos e belos, Folhas mortas que ca\u00edram inertes, Protegem p\u00e9s descal\u00e7os de espinhos, Que ferem e podem sangrar, Se\u2026","rel":"","context":"Em &quot;Comunica\u00e7\u00e3o&quot;","block_context":{"text":"Comunica\u00e7\u00e3o","link":"https:\/\/jornalrol.com.br\/?cat=7"},"img":{"alt_text":"","src":"https:\/\/i0.wp.com\/www.jornalrol.com.br\/wp-content\/uploads\/2021\/06\/IMG-20210611-WA0099-1-300x262.jpg?resize=350%2C200","width":350,"height":200},"classes":[]},{"id":31371,"url":"https:\/\/jornalrol.com.br\/?p=31371","url_meta":{"origin":63315,"position":4},"title":"Jairo Valio: &#039;Emo\u00e7\u00f5es&#039;","author":"Jairo Valio","date":"9 de maio de 2020","format":false,"excerpt":"Emo\u00e7\u00f5es N\u00e3o sei definir seus mist\u00e9rios, for\u00e7as ocultas nos sentimentos, podendo ser de intensas alegrias, num despertar do amor que chega, sem pedir licen\u00e7a para se instalar, e depois de conv\u00edvios delirantes, v\u00e3o moldando naturais defeitos, e dois cora\u00e7\u00f5es buscam emo\u00e7\u00f5es. Num olhar que antes se ausentava, agora existem motivos\u2026","rel":"","context":"Em &quot;Comunica\u00e7\u00e3o&quot;","block_context":{"text":"Comunica\u00e7\u00e3o","link":"https:\/\/jornalrol.com.br\/?cat=7"},"img":{"alt_text":"","src":"https:\/\/i0.wp.com\/www.jornalrol.com.br\/wp-content\/uploads\/2018\/07\/jairo-valio.png?resize=350%2C200","width":350,"height":200},"classes":[]},{"id":59904,"url":"https:\/\/jornalrol.com.br\/?p=59904","url_meta":{"origin":63315,"position":5},"title":"Poesias n\u00e3o vividas","author":"Jairo Valio","date":"9 de agosto de 2023","format":false,"excerpt":"Aos poucos s\u00e3o esquecidas, v\u00e3o se tornando esvaziadas pelo modernismo atual, que dilacera suas entranhas, e deixa-as abstratas e sem vida. Seus conte\u00fados...","rel":"","context":"Em &quot;Literatura&quot;","block_context":{"text":"Literatura","link":"https:\/\/jornalrol.com.br\/?cat=9285"},"img":{"alt_text":"Foto do colunista Jairo Valio","src":"https:\/\/i0.wp.com\/www.jornalrol.com.br\/wp-content\/uploads\/2023\/05\/Jairo-Valio.jpg?resize=350%2C200&ssl=1","width":350,"height":200},"classes":[]}],"_links":{"self":[{"href":"https:\/\/jornalrol.com.br\/index.php?rest_route=\/wp\/v2\/posts\/63315","targetHints":{"allow":["GET"]}}],"collection":[{"href":"https:\/\/jornalrol.com.br\/index.php?rest_route=\/wp\/v2\/posts"}],"about":[{"href":"https:\/\/jornalrol.com.br\/index.php?rest_route=\/wp\/v2\/types\/post"}],"author":[{"embeddable":true,"href":"https:\/\/jornalrol.com.br\/index.php?rest_route=\/wp\/v2\/users\/7"}],"replies":[{"embeddable":true,"href":"https:\/\/jornalrol.com.br\/index.php?rest_route=%2Fwp%2Fv2%2Fcomments&post=63315"}],"version-history":[{"count":4,"href":"https:\/\/jornalrol.com.br\/index.php?rest_route=\/wp\/v2\/posts\/63315\/revisions"}],"predecessor-version":[{"id":63321,"href":"https:\/\/jornalrol.com.br\/index.php?rest_route=\/wp\/v2\/posts\/63315\/revisions\/63321"}],"wp:featuredmedia":[{"embeddable":true,"href":"https:\/\/jornalrol.com.br\/index.php?rest_route=\/wp\/v2\/media\/63316"}],"wp:attachment":[{"href":"https:\/\/jornalrol.com.br\/index.php?rest_route=%2Fwp%2Fv2%2Fmedia&parent=63315"}],"wp:term":[{"taxonomy":"category","embeddable":true,"href":"https:\/\/jornalrol.com.br\/index.php?rest_route=%2Fwp%2Fv2%2Fcategories&post=63315"},{"taxonomy":"post_tag","embeddable":true,"href":"https:\/\/jornalrol.com.br\/index.php?rest_route=%2Fwp%2Fv2%2Ftags&post=63315"}],"curies":[{"name":"wp","href":"https:\/\/api.w.org\/{rel}","templated":true}]}}