{"id":63519,"date":"2023-12-02T10:10:04","date_gmt":"2023-12-02T13:10:04","guid":{"rendered":"https:\/\/www.jornalrol.com.br\/?p=63519"},"modified":"2023-12-02T10:10:13","modified_gmt":"2023-12-02T13:10:13","slug":"didatologia-para-utilizacao-em-redes-sociais","status":"publish","type":"post","link":"https:\/\/jornalrol.com.br\/?p=63519","title":{"rendered":"Didatologia para utiliza\u00e7\u00e3o em redes sociais"},"content":{"rendered":"<div class=\"pdfprnt-buttons pdfprnt-buttons-post pdfprnt-top-right\"><a href=\"https:\/\/jornalrol.com.br\/index.php?rest_route=%2Fwp%2Fv2%2Fposts%2F63519&print=pdf\" class=\"pdfprnt-button pdfprnt-button-pdf\" target=\"_blank\" ><\/a><a href=\"https:\/\/jornalrol.com.br\/index.php?rest_route=%2Fwp%2Fv2%2Fposts%2F63519&print=print\" class=\"pdfprnt-button pdfprnt-button-print\" target=\"_blank\" ><img decoding=\"async\" src=\"https:\/\/jornalrol.com.br\/wp-content\/plugins\/pdf-print\/images\/print.png\" alt=\"image_print\" title=\"Conte\u00fado de impress\u00e3o\" \/><\/a><\/div>\n<h2 class=\"wp-block-heading has-text-align-center\">Diamantino Louren\u00e7o Rodrigues de B\u00e1rtolo<\/h2>\n\n\n\n<h2 class=\"wp-block-heading has-text-align-center\">Artigo<\/h2>\n\n\n\n<h2 class=\"wp-block-heading has-text-align-center\">&#8216;Didatologia para utiliza\u00e7\u00e3o em redes sociais&#8217;<br><br><\/h2>\n\n\n<div class=\"wp-block-image\">\n<figure class=\"aligncenter size-full\"><img loading=\"lazy\" decoding=\"async\" width=\"120\" height=\"120\" data-attachment-id=\"55458\" data-permalink=\"https:\/\/jornalrol.com.br\/?attachment_id=55458\" data-orig-file=\"https:\/\/jornalrol.com.br\/wp-content\/uploads\/2023\/05\/Diamantino-Lourenco-R-de-Bartolo.jpg\" data-orig-size=\"120,120\" data-comments-opened=\"1\" data-image-meta=\"{&quot;aperture&quot;:&quot;0&quot;,&quot;credit&quot;:&quot;&quot;,&quot;camera&quot;:&quot;&quot;,&quot;caption&quot;:&quot;&quot;,&quot;created_timestamp&quot;:&quot;0&quot;,&quot;copyright&quot;:&quot;&quot;,&quot;focal_length&quot;:&quot;0&quot;,&quot;iso&quot;:&quot;0&quot;,&quot;shutter_speed&quot;:&quot;0&quot;,&quot;title&quot;:&quot;&quot;,&quot;orientation&quot;:&quot;0&quot;}\" data-image-title=\"Diamantino-Lourenco-R-de-Bartolo\" data-image-description=\"\" data-image-caption=\"&lt;p&gt;Diamantino B\u00e1rtolo&lt;\/p&gt;\n\" data-large-file=\"https:\/\/jornalrol.com.br\/wp-content\/uploads\/2023\/05\/Diamantino-Lourenco-R-de-Bartolo.jpg\" src=\"https:\/\/www.jornalrol.com.br\/wp-content\/uploads\/2023\/05\/Diamantino-Lourenco-R-de-Bartolo.jpg\" alt=\"Diamantino B\u00e1rtolo\" class=\"wp-image-55458\"\/><figcaption class=\"wp-element-caption\"><em>Diamantino B\u00e1rtolo<\/em><\/figcaption><\/figure>\n<\/div>\n\n\n<p class=\"has-drop-cap\">Em tempos tive a possibilidade de assumir a responsabilidade de escrever e publicar uma reflex\u00e3o sobre os benef\u00edcios e malef\u00edcios das redes sociais, concretamente, sobre o Facebook. Critiquei, e continuarei a reprovar, intransigentemente, com profunda convic\u00e7\u00e3o, as interven\u00e7\u00f5es escritas, ic\u00f3nicas, pict\u00f3ricas que ofendem a dignidade da pessoa humana bem-formada, apesar de \u201cs\u00f3 consultar tais perfis quem assim o deseja\u201d, segundo alegam alguns utilizadores de tais incurs\u00f5es de baixo e inqualific\u00e1vel n\u00edvel \u00e9tico-moral.<\/p>\n\n\n\n<p>No mesmo artigo, manifestei, igualmente, o meu apoio a todas as pessoas que utilizam esta aplica\u00e7\u00e3o para encontrarem familiares, amigos, colegas de v\u00e1rias atividades, divulgarem conhecimentos, tecnologias, combinarem encontros, trocarem opini\u00f5es sobre os mais diversos e decentes temas, que se repercutem, universalmente: para o bem; ou para o mal, conforme as utiliza\u00e7\u00f5es que se fazem.<\/p>\n\n\n\n<p>Pretendo, nesta reflex\u00e3o, destacar as virtualidades positivas do Facebook, solidarizar-me com os utentes que escolhem este meio de comunica\u00e7\u00e3o para: divulgarem os seus conhecimentos; publicarem as mat\u00e9rias sobre os temas cient\u00edficos, culturais, liter\u00e1rios, tecnol\u00f3gicos; e quaisquer outros que acrescentem riqueza ao patrim\u00f3nio axiol\u00f3gico mundial, desde logo, ao n\u00edvel da Cidadania, Direitos Humanos, Felicidade, Paz, Bem-Comum, entre muitos outros.<\/p>\n\n\n\n<p>Naturalmente que \u00e9 aceit\u00e1vel, porventura, desej\u00e1vel, que se elaborem e publiquem trabalhos de \u00edndole cr\u00edtica, por\u00e9m, com objetivos construtivos, sem entrar no dom\u00ednio do irracional, dos \u201cesquemas da mais baixa moral\u201d e, principalmente, sem invocar\/exibir as diversas pr\u00e1ticas de pedofilia, pornografia, orgia e outras aberra\u00e7\u00f5es anti\u00e9ticas e antimorais.<\/p>\n\n\n\n<p>Os utilizadores do Facebook est\u00e3o em permanente observa\u00e7\u00e3o, em qualquer parte do mundo, no ciberespa\u00e7o, por milh\u00f5es de pessoas, entidades p\u00fablicas e\/ou privadas. \u00c9, at\u00e9, compreens\u00edvel que assim seja, para que se saiba: \u201cquem \u00e9 quem?\u201d; \u201cquem est\u00e1 com quem?\u201d; \u201cquem faz o qu\u00ea?\u201d; \u201cquem apoia, o que gosta e com quem gosta de conversar?\u201d porque a resposta a estas quest\u00f5es, conduz-nos imediatamente ao velho prov\u00e9rbio: \u201cDiz-me com quem andas, dir-te-ei quem \u00e9s\u201d.<\/p>\n\n\n\n<p>Em bom rigor, se uma determinada pessoa, sistematicamente: dialoga, acompanha, concorda, apoia, certo tipo de outras criaturas, e se estas revelam comportamentos extrovertidos, atentat\u00f3rios de princ\u00edpios, valores e sentimentos nobres, \u00e9 poss\u00edvel que, mais tarde ou mais cedo, tal pessoa venha a ser como aquela com quem se tem relacionado em atitudes de baixo n\u00edvel educacional, cultural, civilizacional e \u00e9tico-moral, podendo vir a ser prov\u00e1vel que quem regularmente se relaciona e acompanha, por exemplo, com indiv\u00edduos do mundo do crime, acabem por se afundar nesse mesmo universo tenebroso.<\/p>\n\n\n\n<p>\u00c9 muito frequente que os utilizadores do Facebook, para determinados fins legais, justos e leg\u00edtimos, de troca de informa\u00e7\u00f5es decentes, pe\u00e7am e aceitem as denominadas \u2018amizades\u2019, como se afigura de bom gosto, e educa\u00e7\u00e3o sociocultural, agradecer a aceita\u00e7\u00e3o de uma afei\u00e7\u00e3o Facebookiana, com a coloca\u00e7\u00e3o de um simples \u2018gosto\/curto\/like\/adoro\/amo\u2019, express\u00f5es universalizadas, que se colocam sobre fotos e frases de quem nos aceitou como amigo. \u00c9 uma esp\u00e9cie de cortesia.<\/p>\n\n\n\n<p>Manifestar gratid\u00e3o, elogiar educadamente, proferir uma opini\u00e3o gentil, afinal s\u00f3 \u00e9 poss\u00edvel entre pessoas cultas, educadas, de boa-forma\u00e7\u00e3o \u00e9tico-moral e, principalmente, empenhadas em rela\u00e7\u00f5es sociais de elevado n\u00edvel civilizacional, que nada t\u00eam a ver com as interven\u00e7\u00f5es de outros estratos da sociedade que, para se tornarem \u2018engra\u00e7adamente mal-educados\u2019, recorrem ao: insulto, \u00e0 insinua\u00e7\u00e3o sexista, tudo isto encoberto numa \u201cc\u00e2ndida garotice\u201d.<\/p>\n\n\n\n<p>O Facebook \u00e9, excluindo os exageros indecentes, exibicionistas e mal-educados, de algumas pessoas, de muito duvidosa reputa\u00e7\u00e3o, a todos os n\u00edveis, da dignidade humana, um recurso tecnol\u00f3gico que se julga necess\u00e1rio rentabilizar, pela positiva, ou seja: partilhar a excel\u00eancia do que de melhor existe na sociedade cultural, pol\u00edtica, religiosa, empresarial, cient\u00edfica, tecnol\u00f3gica, financeira, econ\u00f3mica, enfim, num universo que se deseja humanista, no respeito de \u201ctodos por todos\u201d, de resto, n\u00e3o se pode ignorar que as nossas crian\u00e7as, hoje em dia, s\u00e3o imensamente inteligentes e, ainda com pouca idade, j\u00e1 sabem manejar um computador e entrar na internet, bem como em todas as redes sociais.<\/p>\n\n\n\n<p class=\"has-text-align-right\"><strong>Diamantino Louren\u00e7o Rodrigues de B\u00e1rtolo<\/strong><\/p>\n\n\n\n<p class=\"has-text-align-right\"><strong>Presidente Vital\u00edcio (N\u00e3o Executivo) do N\u00facleo Acad\u00e9mico de Letras e Artes de Portuga<\/strong>l<\/p>\n\n\n\n<h3 class=\"wp-block-heading has-text-align-center\"><br>Contatos com o autor<\/h3>\n\n\n\n<div class=\"wp-block-columns is-layout-flex wp-container-core-columns-is-layout-9d6595d7 wp-block-columns-is-layout-flex\">\n<div class=\"wp-block-column is-layout-flow wp-block-column-is-layout-flow\">\n<h4 class=\"wp-block-heading has-text-align-center has-pale-ocean-gradient-background has-background\"><a href=\"mailto:diamantino.bartolo@gmail.com\" target=\"_blank\" rel=\"noopener\" title=\"E-meio\">E-meio<\/a><\/h4>\n<\/div>\n\n\n\n<div class=\"wp-block-column is-layout-flow wp-block-column-is-layout-flow\">\n<h4 class=\"wp-block-heading has-text-align-center has-pale-ocean-gradient-background has-background\"><a href=\"http:\/\/nalap.org\/Artigos.aspx\" title=\"NALAP\">NALAP<\/a><\/h4>\n<\/div>\n<\/div>\n\n\n\n<div class=\"wp-block-columns is-layout-flex wp-container-core-columns-is-layout-9d6595d7 wp-block-columns-is-layout-flex\">\n<div class=\"wp-block-column is-layout-flow wp-block-column-is-layout-flow\">\n<h4 class=\"wp-block-heading has-text-align-center has-pale-ocean-gradient-background has-background\"><a href=\"https:\/\/www.facebook.com\/diamantino.bartolo.1\" title=\"Facebook\">Facebook<\/a><\/h4>\n<\/div>\n\n\n\n<div class=\"wp-block-column is-layout-flow wp-block-column-is-layout-flow\">\n<h4 class=\"wp-block-heading has-text-align-center has-pale-ocean-gradient-background has-background\"><a href=\"http:\/\/diamantinobartolo.blogspot.com\" title=\"Blog\">Blog<\/a><\/h4>\n<\/div>\n<\/div>\n\n\n\n<p><br>Voltar: <a href=\"http:\/\/www.jornalrol.com.br\" title=\"\">http:\/\/www.jornalrol.com.br<\/a><\/p>\n\n\n\n<p>Facebook: <a href=\"https:\/\/www.facebook.com\/JCulturalRol\/\" title=\"\">https:\/\/www.facebook.com\/JCulturalRol\/<\/a><\/p>\n","protected":false},"excerpt":{"rendered":"<p>Em tempos tive a possibilidade de assumir a responsabilidade de escrever e publicar uma reflex\u00e3o sobre os benef\u00edcios e malef\u00edcios das redes sociais&#8230;<\/p>\n","protected":false},"author":16,"featured_media":55458,"comment_status":"open","ping_status":"closed","sticky":false,"template":"","format":"standard","meta":{"_jetpack_newsletter_access":"","_jetpack_dont_email_post_to_subs":false,"_jetpack_newsletter_tier_id":0,"_jetpack_memberships_contains_paywalled_content":false,"_jetpack_memberships_contains_paid_content":false,"footnotes":""},"categories":[9398,9285],"tags":[1094,2833,11041,3662,5122,7398],"class_list":["post-63519","post","type-post","status-publish","format-standard","has-post-thumbnail","hentry","category-artigos","category-literatura","tag-artigo","tag-diamantino-bartolo","tag-didatologia","tag-facebook","tag-literatura","tag-redes-sociais"],"aioseo_notices":[],"views":714,"jetpack_featured_media_url":"https:\/\/jornalrol.com.br\/wp-content\/uploads\/2023\/05\/Diamantino-Lourenco-R-de-Bartolo.jpg","jetpack_sharing_enabled":true,"jetpack_likes_enabled":true,"jetpack-related-posts":[{"id":59525,"url":"https:\/\/jornalrol.com.br\/?p=59525","url_meta":{"origin":63519,"position":0},"title":"Experi\u00eancia e teoria na equipa de trabalho","author":"Diamantino Bartolo","date":"31 de julho de 2023","format":false,"excerpt":"Na conce\u00e7\u00e3o de um projeto que vise alcan\u00e7ar o poder, \u00e9 fundamental, como primeira medida, constituir uma equipa que ofere\u00e7a garantias de modera\u00e7\u00e3o...","rel":"","context":"Em &quot;artigos&quot;","block_context":{"text":"artigos","link":"https:\/\/jornalrol.com.br\/?cat=9398"},"img":{"alt_text":"Foto do autor do texto, o colunista Diamantino B\u00e1rtolo","src":"https:\/\/i0.wp.com\/jornalrol.com.br\/wp-content\/uploads\/2020\/09\/113545633_1612205885611817_276299013388565688_o-1.jpg?resize=350%2C200&ssl=1","width":350,"height":200},"classes":[]},{"id":60834,"url":"https:\/\/jornalrol.com.br\/?p=60834","url_meta":{"origin":63519,"position":1},"title":"Dimens\u00e3o social das empresas","author":"Diamantino Bartolo","date":"8 de setembro de 2023","format":false,"excerpt":"Dentre os v\u00e1rios dom\u00ednios em que uma empresa pode ser auditada, para efeitos da respetiva certifica\u00e7\u00e3o, pela entidade competente, nas diversas \u00e1reas...","rel":"","context":"Em &quot;artigos&quot;","block_context":{"text":"artigos","link":"https:\/\/jornalrol.com.br\/?cat=9398"},"img":{"alt_text":"Foto do autor do texto, o colunista Diamantino B\u00e1rtolo","src":"https:\/\/i0.wp.com\/www.jornalrol.com.br\/wp-content\/uploads\/2023\/05\/Diamantino-Lourenco-R-de-Bartolo.jpg?resize=350%2C200&ssl=1","width":350,"height":200},"classes":[]},{"id":70446,"url":"https:\/\/jornalrol.com.br\/?p=70446","url_meta":{"origin":63519,"position":2},"title":"O homem contempor\u00e2neo na rela\u00e7\u00e3o do eu-tu!","author":"Diamantino Bartolo","date":"31 de outubro de 2024","format":false,"excerpt":"O cidad\u00e3o do mundo contempor\u00e2neo, inserido em determinada cultura, tem imensa dificuldade em escrever, assumir posi\u00e7\u00f5es, defender princ\u00edpios, ideias e...","rel":"","context":"Em &quot;artigos&quot;","block_context":{"text":"artigos","link":"https:\/\/jornalrol.com.br\/?cat=9398"},"img":{"alt_text":"Imagem gerada por IA do Bing - \u00a031 de outubro de 2024 \u00e0s 3:32 PM","src":"https:\/\/i0.wp.com\/jornalrol.com.br\/wp-content\/uploads\/2024\/10\/OIG4-8.jpeg?resize=350%2C200&ssl=1","width":350,"height":200,"srcset":"https:\/\/i0.wp.com\/jornalrol.com.br\/wp-content\/uploads\/2024\/10\/OIG4-8.jpeg?resize=350%2C200&ssl=1 1x, https:\/\/i0.wp.com\/jornalrol.com.br\/wp-content\/uploads\/2024\/10\/OIG4-8.jpeg?resize=525%2C300&ssl=1 1.5x, https:\/\/i0.wp.com\/jornalrol.com.br\/wp-content\/uploads\/2024\/10\/OIG4-8.jpeg?resize=700%2C400&ssl=1 2x"},"classes":[]},{"id":76442,"url":"https:\/\/jornalrol.com.br\/?p=76442","url_meta":{"origin":63519,"position":3},"title":"Jornalismo","author":"Diamantino Bartolo","date":"28 de outubro de 2025","format":false,"excerpt":"\u00c9 ponto assente, entre os estudiosos da filosofia da imprensa, que o direito \u00e0 informa\u00e7\u00e3o \u00e9 fundamental, numa sociedade plural e, com tal pressuposto, numa...","rel":"","context":"Em &quot;artigos&quot;","block_context":{"text":"artigos","link":"https:\/\/jornalrol.com.br\/?cat=9398"},"img":{"alt_text":"Imagem criada por IA da Meta","src":"https:\/\/i0.wp.com\/jornalrol.com.br\/wp-content\/uploads\/2025\/10\/9ff79acf-3cc0-4289-87c2-8d2072914c92.jpeg?resize=350%2C200&ssl=1","width":350,"height":200,"srcset":"https:\/\/i0.wp.com\/jornalrol.com.br\/wp-content\/uploads\/2025\/10\/9ff79acf-3cc0-4289-87c2-8d2072914c92.jpeg?resize=350%2C200&ssl=1 1x, https:\/\/i0.wp.com\/jornalrol.com.br\/wp-content\/uploads\/2025\/10\/9ff79acf-3cc0-4289-87c2-8d2072914c92.jpeg?resize=525%2C300&ssl=1 1.5x, https:\/\/i0.wp.com\/jornalrol.com.br\/wp-content\/uploads\/2025\/10\/9ff79acf-3cc0-4289-87c2-8d2072914c92.jpeg?resize=700%2C400&ssl=1 2x, https:\/\/i0.wp.com\/jornalrol.com.br\/wp-content\/uploads\/2025\/10\/9ff79acf-3cc0-4289-87c2-8d2072914c92.jpeg?resize=1050%2C600&ssl=1 3x"},"classes":[]},{"id":54810,"url":"https:\/\/jornalrol.com.br\/?p=54810","url_meta":{"origin":63519,"position":4},"title":"Diamantino Louren\u00e7o Rodrigues de B\u00e1rtolo: &#039;Inspira\u00e7\u00e3o entusiasta&#039;","author":"Diamantino Bartolo","date":"2 de maio de 2023","format":false,"excerpt":"Inspira\u00e7\u00e3o entusiasta S\u00e3o j\u00e1 algumas dezenas de anos que venho, com muita emo\u00e7\u00e3o, desenvolvendo um empreendimento que classifico de \u201cCidadania Participativa\u201d, no dom\u00ednio das Ci\u00eancias Sociais e Humanas: Filosofia, \u00c9tica, Axiologia, Direitos Humanos, Pol\u00edtica, Religi\u00e3o, Sociologia, Hist\u00f3ria, etc., que vem sendo divulgado pelos \u00d3rg\u00e3os de Comunica\u00e7\u00e3o Social digital, prosseguindo sempre\u2026","rel":"","context":"Em &quot;Comunica\u00e7\u00e3o&quot;","block_context":{"text":"Comunica\u00e7\u00e3o","link":"https:\/\/jornalrol.com.br\/?cat=7"},"img":{"alt_text":"Foto do autor do texto, o colunista Diamantino B\u00e1rtolo","src":"https:\/\/i0.wp.com\/jornalrol.com.br\/wp-content\/uploads\/2020\/09\/113545633_1612205885611817_276299013388565688_o-1.jpg?resize=350%2C200&ssl=1","width":350,"height":200},"classes":[]},{"id":53598,"url":"https:\/\/jornalrol.com.br\/?p=53598","url_meta":{"origin":63519,"position":5},"title":"Diamantino Louren\u00e7o Rodrigues de B\u00e1rtolo: &#039;Amor implica probidade&#039;","author":"Diamantino Bartolo","date":"3 de fevereiro de 2023","format":false,"excerpt":"Amor implica probidade \u00c9, provavelmente, um dos sentimentos mais nobre, altru\u00edsta, rigoroso e exigente, que importa construir, alimentar, consolidar e preservar, principalmente, quando \u00e9 verdadeiramente sincero, vivido com entusiasmo, alegria e felicidade total, entre aqueles que se amam, independentemente do estado civil, sem, contudo, se abdicar das convic\u00e7\u00f5es mais profundas,\u2026","rel":"","context":"Em &quot;Comunica\u00e7\u00e3o&quot;","block_context":{"text":"Comunica\u00e7\u00e3o","link":"https:\/\/jornalrol.com.br\/?cat=7"},"img":{"alt_text":"Foto do autor do texto, o colunista Diamantino B\u00e1rtolo","src":"https:\/\/i0.wp.com\/jornalrol.com.br\/wp-content\/uploads\/2020\/09\/113545633_1612205885611817_276299013388565688_o-1.jpg?resize=350%2C200&ssl=1","width":350,"height":200},"classes":[]}],"_links":{"self":[{"href":"https:\/\/jornalrol.com.br\/index.php?rest_route=\/wp\/v2\/posts\/63519","targetHints":{"allow":["GET"]}}],"collection":[{"href":"https:\/\/jornalrol.com.br\/index.php?rest_route=\/wp\/v2\/posts"}],"about":[{"href":"https:\/\/jornalrol.com.br\/index.php?rest_route=\/wp\/v2\/types\/post"}],"author":[{"embeddable":true,"href":"https:\/\/jornalrol.com.br\/index.php?rest_route=\/wp\/v2\/users\/16"}],"replies":[{"embeddable":true,"href":"https:\/\/jornalrol.com.br\/index.php?rest_route=%2Fwp%2Fv2%2Fcomments&post=63519"}],"version-history":[{"count":3,"href":"https:\/\/jornalrol.com.br\/index.php?rest_route=\/wp\/v2\/posts\/63519\/revisions"}],"predecessor-version":[{"id":63522,"href":"https:\/\/jornalrol.com.br\/index.php?rest_route=\/wp\/v2\/posts\/63519\/revisions\/63522"}],"wp:featuredmedia":[{"embeddable":true,"href":"https:\/\/jornalrol.com.br\/index.php?rest_route=\/wp\/v2\/media\/55458"}],"wp:attachment":[{"href":"https:\/\/jornalrol.com.br\/index.php?rest_route=%2Fwp%2Fv2%2Fmedia&parent=63519"}],"wp:term":[{"taxonomy":"category","embeddable":true,"href":"https:\/\/jornalrol.com.br\/index.php?rest_route=%2Fwp%2Fv2%2Fcategories&post=63519"},{"taxonomy":"post_tag","embeddable":true,"href":"https:\/\/jornalrol.com.br\/index.php?rest_route=%2Fwp%2Fv2%2Ftags&post=63519"}],"curies":[{"name":"wp","href":"https:\/\/api.w.org\/{rel}","templated":true}]}}