{"id":63875,"date":"2023-12-22T15:18:34","date_gmt":"2023-12-22T18:18:34","guid":{"rendered":"https:\/\/www.jornalrol.com.br\/?p=63875"},"modified":"2023-12-22T15:18:42","modified_gmt":"2023-12-22T18:18:42","slug":"eu-sou-o-que-sinto","status":"publish","type":"post","link":"https:\/\/jornalrol.com.br\/?p=63875","title":{"rendered":"Eu sou o que sinto"},"content":{"rendered":"<div class=\"pdfprnt-buttons pdfprnt-buttons-post pdfprnt-top-right\"><a href=\"https:\/\/jornalrol.com.br\/index.php?rest_route=%2Fwp%2Fv2%2Fposts%2F63875&print=pdf\" class=\"pdfprnt-button pdfprnt-button-pdf\" target=\"_blank\" ><\/a><a href=\"https:\/\/jornalrol.com.br\/index.php?rest_route=%2Fwp%2Fv2%2Fposts%2F63875&print=print\" class=\"pdfprnt-button pdfprnt-button-print\" target=\"_blank\" ><img decoding=\"async\" src=\"https:\/\/jornalrol.com.br\/wp-content\/plugins\/pdf-print\/images\/print.png\" alt=\"image_print\" title=\"Conte\u00fado de impress\u00e3o\" \/><\/a><\/div>\n<h2 class=\"wp-block-heading has-text-align-center\">Amanda Quint\u00e3o: Cr\u00f4nica &#8216;Eu sou o que sinto&#8217;<br><br><\/h2>\n\n\n<div class=\"wp-block-image is-style-rounded\">\n<figure class=\"aligncenter size-full is-resized\"><img loading=\"lazy\" decoding=\"async\" width=\"990\" height=\"1320\" data-attachment-id=\"63057\" data-permalink=\"https:\/\/jornalrol.com.br\/?attachment_id=63057\" data-orig-file=\"https:\/\/jornalrol.com.br\/wp-content\/uploads\/2023\/11\/IMG-20231109-WA0006-1.jpg\" data-orig-size=\"990,1320\" data-comments-opened=\"0\" data-image-meta=\"{&quot;aperture&quot;:&quot;0&quot;,&quot;credit&quot;:&quot;&quot;,&quot;camera&quot;:&quot;&quot;,&quot;caption&quot;:&quot;&quot;,&quot;created_timestamp&quot;:&quot;0&quot;,&quot;copyright&quot;:&quot;&quot;,&quot;focal_length&quot;:&quot;0&quot;,&quot;iso&quot;:&quot;0&quot;,&quot;shutter_speed&quot;:&quot;0&quot;,&quot;title&quot;:&quot;&quot;,&quot;orientation&quot;:&quot;0&quot;}\" data-image-title=\"IMG-20231109-WA0006\" data-image-description=\"\" data-image-caption=\"&lt;p&gt;Amanda Quint\u00e3o&lt;\/p&gt;\n\" data-large-file=\"https:\/\/jornalrol.com.br\/wp-content\/uploads\/2023\/11\/IMG-20231109-WA0006-1.jpg\" src=\"https:\/\/www.jornalrol.com.br\/wp-content\/uploads\/2023\/11\/IMG-20231109-WA0006-1.jpg\" alt=\"Amanda Quint\u00e3o\" class=\"wp-image-63057\" style=\"width:118px;height:auto\"\/><figcaption class=\"wp-element-caption\">Amanda Quint\u00e3o<\/figcaption><\/figure>\n<\/div>\n\n<div class=\"wp-block-image\">\n<figure class=\"aligncenter size-full is-resized\"><img loading=\"lazy\" decoding=\"async\" width=\"1024\" height=\"1024\" data-attachment-id=\"63871\" data-permalink=\"https:\/\/jornalrol.com.br\/?attachment_id=63871\" data-orig-file=\"https:\/\/jornalrol.com.br\/wp-content\/uploads\/2023\/12\/OIG-8-2.jpg\" data-orig-size=\"1024,1024\" data-comments-opened=\"0\" data-image-meta=\"{&quot;aperture&quot;:&quot;0&quot;,&quot;credit&quot;:&quot;&quot;,&quot;camera&quot;:&quot;&quot;,&quot;caption&quot;:&quot;&quot;,&quot;created_timestamp&quot;:&quot;0&quot;,&quot;copyright&quot;:&quot;&quot;,&quot;focal_length&quot;:&quot;0&quot;,&quot;iso&quot;:&quot;0&quot;,&quot;shutter_speed&quot;:&quot;0&quot;,&quot;title&quot;:&quot;&quot;,&quot;orientation&quot;:&quot;0&quot;}\" data-image-title=\"OIG-8-2\" data-image-description=\"\" data-image-caption=\"\" data-large-file=\"https:\/\/jornalrol.com.br\/wp-content\/uploads\/2023\/12\/OIG-8-2.jpg\" src=\"https:\/\/www.jornalrol.com.br\/wp-content\/uploads\/2023\/12\/OIG-8-2.jpg\" alt=\"&quot;Continuarei no caminho certo, por mais dif\u00edcil que seja\" class=\"wp-image-63871\" style=\"width:348px;height:auto\"\/><figcaption class=\"wp-element-caption\">&#8220;Continuarei no caminho certo, por mais dif\u00edcil que seja&#8221;<br><em>Microsoft Bing &#8211; Imagem criada pelo Designer<\/em><\/figcaption><\/figure>\n<\/div>\n\n\n<p class=\"has-drop-cap\">Prometo pra mim,\u00a0 que aproveitarei cada momento bom que\u00a0 tiver agora, pois aprendi que o tempo se encarrega de tudo mudar.<br><br>Tentarei converter meu esp\u00edrito ansioso a n\u00e3o se preocupar tanto com o que vir\u00e1.<br><br>Se hoje eu puder amar, se hoje eu puder perdoar, se hoje eu puder ajudar\u00a0 e se\u00a0 hoje eu puder ser eu mesma, tudo bem!<br><br>E se algu\u00e9m me fez mal na vida,\u00a0 o problema \u00e9 deles,\u00a0 am\u00e9m!<br><br>Prometo pra mim,\u00a0 que continuarei no caminho certo\u00a0 por mais dif\u00edcil que seja, por mais dura que seja a peleja.<br><br>Se eu jogar fora os ressentimentos , as m\u00e1goas do passado, tudo aquilo que me fez chorar, estarei me livrando de fardos que me deram, mas que nunca foram meus. Assim, com os ombros mais leves, o meu hoje aparecer\u00e1.<br><br>E se \u00e9 Deus quem escreve o futuro, minha caneta est\u00e1 em maravilhosas m\u00e3os,\u00a0 n\u00e3o tenho com que me preocupar.<br><br>Descobri, que assim como a poesia, eu sou o que sinto,\u00a0 por isso, cuidarei bem do meu cora\u00e7\u00e3o e de todos aqueles que vivem dentro dele.<\/p>\n\n\n\n<p class=\"has-text-align-center\"><br><strong>Amanda Quint\u00e3o<\/strong><\/p>\n\n\n\n<h3 class=\"wp-block-heading has-text-align-center\"><br>Contatos com a autora<\/h3>\n\n\n\n<div class=\"wp-block-columns is-layout-flex wp-container-core-columns-is-layout-9d6595d7 wp-block-columns-is-layout-flex\">\n<div class=\"wp-block-column is-layout-flow wp-block-column-is-layout-flow\">\n<h4 class=\"wp-block-heading has-text-align-center has-blush-light-purple-gradient-background has-background\"><a href=\"https:\/\/www.facebook.com\/amanda.quintao.54\" title=\"Facebook\">Facebook<\/a><\/h4>\n<\/div>\n\n\n\n<div class=\"wp-block-column is-layout-flow wp-block-column-is-layout-flow\">\n<h4 class=\"wp-block-heading has-text-align-center has-blush-light-purple-gradient-background has-background\"><a href=\"https:\/\/www.instagram.com\/amandaquintao_escritora\" title=\"Instagram\">Instagram<\/a><\/h4>\n<\/div>\n<\/div>\n\n\n\n<p><br>Voltar: <a href=\"http:\/\/www.jornalrol.com.br\" title=\"\">http:\/\/www.jornalrol.com.br<\/a><\/p>\n\n\n\n<p>Facebook: <a href=\"https:\/\/facebook.com\/JCulturalRol\/\" title=\"\">https:\/\/facebook.com\/JCulturalRol\/<\/a><\/p>\n","protected":false},"excerpt":{"rendered":"<p>Prometo pra mim, que aproveitarei cada momento bom que tiver agora, pois aprendi que o tempo se encarrega de tudo mudar. Tentarei converter meu esp\u00edrito&#8230;<\/p>\n","protected":false},"author":91,"featured_media":63871,"comment_status":"open","ping_status":"closed","sticky":false,"template":"","format":"standard","meta":{"_jetpack_newsletter_access":"","_jetpack_dont_email_post_to_subs":false,"_jetpack_newsletter_tier_id":0,"_jetpack_memberships_contains_paywalled_content":false,"_jetpack_memberships_contains_paid_content":false,"footnotes":""},"categories":[9392,9285],"tags":[11157,798,2340,2750,11158,8292],"class_list":["post-63875","post","type-post","status-publish","format-standard","has-post-thumbnail","hentry","category-cronicas","category-literatura","tag-ajudar","tag-amanda-quintao","tag-coracao","tag-deus","tag-ombros","tag-tempo"],"aioseo_notices":[],"views":813,"jetpack_featured_media_url":"https:\/\/jornalrol.com.br\/wp-content\/uploads\/2023\/12\/OIG-8-2.jpg","jetpack_sharing_enabled":true,"jetpack_likes_enabled":true,"jetpack-related-posts":[{"id":39201,"url":"https:\/\/jornalrol.com.br\/?p=39201","url_meta":{"origin":63875,"position":0},"title":"Amanda Quint\u00e3o: &#039;Por tr\u00e1s da fantasia&#039; &#8211; Parte 2","author":"Sergio Diniz da Costa","date":"2 de abril de 2021","format":false,"excerpt":"O Super Homem,\u00a0 invadiu o hospital onde estava a mulher maravilha, olhou fixamente em seus olhos e tirou a fantasia de homem de a\u00e7o. E assim , ap\u00f3s tantos anos, ela p\u00f4de ver novamente o rapaz sens\u00edvel, doce, humilde por quem se apaixonou. Ali, despido, desarmado e sangrando, ele lhe\u00a0\u2026","rel":"","context":"Em &quot;Comunica\u00e7\u00e3o&quot;","block_context":{"text":"Comunica\u00e7\u00e3o","link":"https:\/\/jornalrol.com.br\/?cat=7"},"img":{"alt_text":"","src":"https:\/\/i0.wp.com\/jornalrol.com.br\/wp-content\/uploads\/2021\/04\/unnamed-2-1.jpg?resize=350%2C200&ssl=1","width":350,"height":200,"srcset":"https:\/\/i0.wp.com\/jornalrol.com.br\/wp-content\/uploads\/2021\/04\/unnamed-2-1.jpg?resize=350%2C200&ssl=1 1x, https:\/\/i0.wp.com\/jornalrol.com.br\/wp-content\/uploads\/2021\/04\/unnamed-2-1.jpg?resize=525%2C300&ssl=1 1.5x, https:\/\/i0.wp.com\/jornalrol.com.br\/wp-content\/uploads\/2021\/04\/unnamed-2-1.jpg?resize=700%2C400&ssl=1 2x, https:\/\/i0.wp.com\/jornalrol.com.br\/wp-content\/uploads\/2021\/04\/unnamed-2-1.jpg?resize=1050%2C600&ssl=1 3x, https:\/\/i0.wp.com\/jornalrol.com.br\/wp-content\/uploads\/2021\/04\/unnamed-2-1.jpg?resize=1400%2C800&ssl=1 4x"},"classes":[]},{"id":38972,"url":"https:\/\/jornalrol.com.br\/?p=38972","url_meta":{"origin":63875,"position":1},"title":"Amanda Quint\u00e3o: &#039;Por tr\u00e1s da fantasia&#039;","author":"Sergio Diniz da Costa","date":"26 de mar\u00e7o de 2021","format":false,"excerpt":"Por tr\u00e1s da fantasia de Mulher Maravilha, existe uma menina desprotegida, que n\u00e3o se preparou para os combates da vida, mas muitas vezes venceu com a ajuda de Deus. Jaz uma pequena guerreira, vulner\u00e1vel, que perdeu uma batalha do cora\u00e7\u00e3o, por estar cansada de lutar, nem tem mais armas pra\u2026","rel":"","context":"Em &quot;Comunica\u00e7\u00e3o&quot;","block_context":{"text":"Comunica\u00e7\u00e3o","link":"https:\/\/jornalrol.com.br\/?cat=7"},"img":{"alt_text":"","src":"https:\/\/i0.wp.com\/jornalrol.com.br\/wp-content\/uploads\/2021\/03\/unnamed-11.jpg?resize=350%2C200&ssl=1","width":350,"height":200},"classes":[]},{"id":39382,"url":"https:\/\/jornalrol.com.br\/?p=39382","url_meta":{"origin":63875,"position":2},"title":"Amanda Quint\u00e3o: &#039;Conex\u00e3o&#039;","author":"Sergio Diniz da Costa","date":"7 de abril de 2021","format":false,"excerpt":"Duplos olhares suplicavam por amor... Ela banhou-se com o doce perfume das flores; ornou-se com vestes brancas, que ilustravam sua alma meiga; p\u00f4s um salto alto; passou um batom vermelho quente pra beijar a boca dele. Os olhos dele sorriram... Dan\u00e7aram ao som das melodias: Someone You Loved e Phothograph.\u2026","rel":"","context":"Em &quot;Comunica\u00e7\u00e3o&quot;","block_context":{"text":"Comunica\u00e7\u00e3o","link":"https:\/\/jornalrol.com.br\/?cat=7"},"img":{"alt_text":"","src":"https:\/\/i0.wp.com\/jornalrol.com.br\/wp-content\/uploads\/2021\/04\/unnamed-3-1.jpg?resize=350%2C200&ssl=1","width":350,"height":200,"srcset":"https:\/\/i0.wp.com\/jornalrol.com.br\/wp-content\/uploads\/2021\/04\/unnamed-3-1.jpg?resize=350%2C200&ssl=1 1x, https:\/\/i0.wp.com\/jornalrol.com.br\/wp-content\/uploads\/2021\/04\/unnamed-3-1.jpg?resize=525%2C300&ssl=1 1.5x, https:\/\/i0.wp.com\/jornalrol.com.br\/wp-content\/uploads\/2021\/04\/unnamed-3-1.jpg?resize=700%2C400&ssl=1 2x, https:\/\/i0.wp.com\/jornalrol.com.br\/wp-content\/uploads\/2021\/04\/unnamed-3-1.jpg?resize=1050%2C600&ssl=1 3x, https:\/\/i0.wp.com\/jornalrol.com.br\/wp-content\/uploads\/2021\/04\/unnamed-3-1.jpg?resize=1400%2C800&ssl=1 4x"},"classes":[]},{"id":63056,"url":"https:\/\/jornalrol.com.br\/?p=63056","url_meta":{"origin":63875,"position":3},"title":"Crian\u00e7a em tempo integral","author":"Amanda Quint\u00e3o Vitor Morais","date":"16 de novembro de 2023","format":false,"excerpt":"Ei, crian\u00e7a! Vem aqui, vou te contar, quando eu era pequena, eu n\u00e3o tinha celular. Isso a\u00ed nem existia, nada substitu\u00eda nossa arte de brincar.","rel":"","context":"Em &quot;Literatura&quot;","block_context":{"text":"Literatura","link":"https:\/\/jornalrol.com.br\/?cat=9285"},"img":{"alt_text":"Menina pulando Amarelinha","src":"https:\/\/i0.wp.com\/jornalrol.com.br\/wp-content\/uploads\/2023\/11\/OIG-1-6.jpg?resize=350%2C200&ssl=1","width":350,"height":200,"srcset":"https:\/\/i0.wp.com\/jornalrol.com.br\/wp-content\/uploads\/2023\/11\/OIG-1-6.jpg?resize=350%2C200&ssl=1 1x, https:\/\/i0.wp.com\/jornalrol.com.br\/wp-content\/uploads\/2023\/11\/OIG-1-6.jpg?resize=525%2C300&ssl=1 1.5x, https:\/\/i0.wp.com\/jornalrol.com.br\/wp-content\/uploads\/2023\/11\/OIG-1-6.jpg?resize=700%2C400&ssl=1 2x"},"classes":[]},{"id":63734,"url":"https:\/\/jornalrol.com.br\/?p=63734","url_meta":{"origin":63875,"position":4},"title":"Recorda\u00e7\u00f5es de um matuto amor","author":"Amanda Quint\u00e3o Vitor Morais","date":"15 de dezembro de 2023","format":false,"excerpt":"Que sardade daquele tempim b\u00e3o de dolescente, que nois inventava moda por a\u00ed, garrado na cacunda um do \u00f4to, pulano que nem cabrito, felizes que nem...","rel":"","context":"Em &quot;Literatura&quot;","block_context":{"text":"Literatura","link":"https:\/\/jornalrol.com.br\/?cat=9285"},"img":{"alt_text":"Amanda Quint\u00e3o","src":"https:\/\/i0.wp.com\/jornalrol.com.br\/wp-content\/uploads\/2023\/11\/IMG-20231109-WA0006-1.jpg?resize=350%2C200&ssl=1","width":350,"height":200,"srcset":"https:\/\/i0.wp.com\/jornalrol.com.br\/wp-content\/uploads\/2023\/11\/IMG-20231109-WA0006-1.jpg?resize=350%2C200&ssl=1 1x, https:\/\/i0.wp.com\/jornalrol.com.br\/wp-content\/uploads\/2023\/11\/IMG-20231109-WA0006-1.jpg?resize=525%2C300&ssl=1 1.5x, https:\/\/i0.wp.com\/jornalrol.com.br\/wp-content\/uploads\/2023\/11\/IMG-20231109-WA0006-1.jpg?resize=700%2C400&ssl=1 2x"},"classes":[]},{"id":39951,"url":"https:\/\/jornalrol.com.br\/?p=39951","url_meta":{"origin":63875,"position":5},"title":"Amanda Quint\u00e3o: &#039;Tiradentes&#039;","author":"Sergio Diniz da Costa","date":"21 de abril de 2021","format":false,"excerpt":"Muito ouro era tirado do Brasil e entregue a Portugal, Joaquim Jos\u00e9 da Silva Xavier, n\u00e3o achou isso legal.Liderou os corajosos, para o Brasil libertar, mas um outro Joaquim, resolveu atrapalhar. Contou para Portugal, a inten\u00e7\u00e3o do inconfidente, traindo seus aliados, condenando Tiradentes. Joaquim, o Tiradentes, toda responsabilidade assumiu, libertou\u2026","rel":"","context":"Em &quot;Comunica\u00e7\u00e3o&quot;","block_context":{"text":"Comunica\u00e7\u00e3o","link":"https:\/\/jornalrol.com.br\/?cat=7"},"img":{"alt_text":"","src":"https:\/\/i0.wp.com\/www.jornalrol.com.br\/wp-content\/uploads\/2021\/01\/20210105_113626-225x300.jpg?resize=350%2C200","width":350,"height":200},"classes":[]}],"_links":{"self":[{"href":"https:\/\/jornalrol.com.br\/index.php?rest_route=\/wp\/v2\/posts\/63875","targetHints":{"allow":["GET"]}}],"collection":[{"href":"https:\/\/jornalrol.com.br\/index.php?rest_route=\/wp\/v2\/posts"}],"about":[{"href":"https:\/\/jornalrol.com.br\/index.php?rest_route=\/wp\/v2\/types\/post"}],"author":[{"embeddable":true,"href":"https:\/\/jornalrol.com.br\/index.php?rest_route=\/wp\/v2\/users\/91"}],"replies":[{"embeddable":true,"href":"https:\/\/jornalrol.com.br\/index.php?rest_route=%2Fwp%2Fv2%2Fcomments&post=63875"}],"version-history":[{"count":1,"href":"https:\/\/jornalrol.com.br\/index.php?rest_route=\/wp\/v2\/posts\/63875\/revisions"}],"predecessor-version":[{"id":63876,"href":"https:\/\/jornalrol.com.br\/index.php?rest_route=\/wp\/v2\/posts\/63875\/revisions\/63876"}],"wp:featuredmedia":[{"embeddable":true,"href":"https:\/\/jornalrol.com.br\/index.php?rest_route=\/wp\/v2\/media\/63871"}],"wp:attachment":[{"href":"https:\/\/jornalrol.com.br\/index.php?rest_route=%2Fwp%2Fv2%2Fmedia&parent=63875"}],"wp:term":[{"taxonomy":"category","embeddable":true,"href":"https:\/\/jornalrol.com.br\/index.php?rest_route=%2Fwp%2Fv2%2Fcategories&post=63875"},{"taxonomy":"post_tag","embeddable":true,"href":"https:\/\/jornalrol.com.br\/index.php?rest_route=%2Fwp%2Fv2%2Ftags&post=63875"}],"curies":[{"name":"wp","href":"https:\/\/api.w.org\/{rel}","templated":true}]}}