{"id":64445,"date":"2024-01-24T13:00:00","date_gmt":"2024-01-24T16:00:00","guid":{"rendered":"https:\/\/www.jornalrol.com.br\/?p=64445"},"modified":"2024-01-24T15:54:37","modified_gmt":"2024-01-24T18:54:37","slug":"voar-no-infinito","status":"publish","type":"post","link":"https:\/\/jornalrol.com.br\/?p=64445","title":{"rendered":"Voar no infinito"},"content":{"rendered":"<div class=\"pdfprnt-buttons pdfprnt-buttons-post pdfprnt-top-right\"><a href=\"https:\/\/jornalrol.com.br\/index.php?rest_route=%2Fwp%2Fv2%2Fposts%2F64445&print=pdf\" class=\"pdfprnt-button pdfprnt-button-pdf\" target=\"_blank\" ><\/a><a href=\"https:\/\/jornalrol.com.br\/index.php?rest_route=%2Fwp%2Fv2%2Fposts%2F64445&print=print\" class=\"pdfprnt-button pdfprnt-button-print\" target=\"_blank\" ><img decoding=\"async\" src=\"https:\/\/jornalrol.com.br\/wp-content\/plugins\/pdf-print\/images\/print.png\" alt=\"image_print\" title=\"Conte\u00fado de impress\u00e3o\" \/><\/a><\/div>\n<h2 class=\"wp-block-heading has-text-align-center\">Valdina Augusto de Souza: Poema &#8216;Voar no Infinito&#8217;<br><br><\/h2>\n\n\n<div class=\"wp-block-image is-style-rounded\">\n<figure class=\"aligncenter size-full is-resized\"><img loading=\"lazy\" decoding=\"async\" width=\"640\" height=\"640\" data-attachment-id=\"64446\" data-permalink=\"https:\/\/jornalrol.com.br\/?attachment_id=64446\" data-orig-file=\"https:\/\/jornalrol.com.br\/wp-content\/uploads\/2024\/01\/78461483_102163671278562_660318872066326528_n.jpg\" data-orig-size=\"640,640\" data-comments-opened=\"0\" data-image-meta=\"{&quot;aperture&quot;:&quot;0&quot;,&quot;credit&quot;:&quot;&quot;,&quot;camera&quot;:&quot;&quot;,&quot;caption&quot;:&quot;&quot;,&quot;created_timestamp&quot;:&quot;0&quot;,&quot;copyright&quot;:&quot;&quot;,&quot;focal_length&quot;:&quot;0&quot;,&quot;iso&quot;:&quot;0&quot;,&quot;shutter_speed&quot;:&quot;0&quot;,&quot;title&quot;:&quot;&quot;,&quot;orientation&quot;:&quot;0&quot;}\" data-image-title=\"78461483_102163671278562_660318872066326528_n\" data-image-description=\"\" data-image-caption=\"\" data-large-file=\"https:\/\/jornalrol.com.br\/wp-content\/uploads\/2024\/01\/78461483_102163671278562_660318872066326528_n.jpg\" src=\"https:\/\/www.jornalrol.com.br\/wp-content\/uploads\/2024\/01\/78461483_102163671278562_660318872066326528_n.jpg\" alt=\"Foto da Poetisa Vadina Souza, autora do poema 'Voar no infinito'\" class=\"wp-image-64446\" style=\"width:114px;height:auto\"\/><figcaption class=\"wp-element-caption\">Valdina Souza<\/figcaption><\/figure>\n<\/div>\n\n<div class=\"wp-block-image\">\n<figure class=\"aligncenter size-full is-resized\"><img loading=\"lazy\" decoding=\"async\" width=\"724\" height=\"1280\" data-attachment-id=\"64450\" data-permalink=\"https:\/\/jornalrol.com.br\/?attachment_id=64450\" data-orig-file=\"https:\/\/jornalrol.com.br\/wp-content\/uploads\/2024\/01\/ai-generated-8385433_1280.jpg\" data-orig-size=\"724,1280\" data-comments-opened=\"0\" data-image-meta=\"{&quot;aperture&quot;:&quot;0&quot;,&quot;credit&quot;:&quot;&quot;,&quot;camera&quot;:&quot;&quot;,&quot;caption&quot;:&quot;&quot;,&quot;created_timestamp&quot;:&quot;0&quot;,&quot;copyright&quot;:&quot;&quot;,&quot;focal_length&quot;:&quot;0&quot;,&quot;iso&quot;:&quot;0&quot;,&quot;shutter_speed&quot;:&quot;0&quot;,&quot;title&quot;:&quot;&quot;,&quot;orientation&quot;:&quot;0&quot;}\" data-image-title=\"ai-generated-8385433_1280\" data-image-description=\"\" data-image-caption=\"\" data-large-file=\"https:\/\/jornalrol.com.br\/wp-content\/uploads\/2024\/01\/ai-generated-8385433_1280.jpg\" src=\"https:\/\/www.jornalrol.com.br\/wp-content\/uploads\/2024\/01\/ai-generated-8385433_1280.jpg\" alt=\"Imagem Pixabay gratu\u00edta de um homem contemplando o espa\u00e7o.\" class=\"wp-image-64450\" style=\"width:251px;height:auto\"\/><figcaption class=\"wp-element-caption\">Imagem Pixabay Gratu\u00edta<\/figcaption><\/figure>\n<\/div>\n\n\n<p class=\"has-text-align-center\">Pensamento<br>Voa\u2026<br>Voa livre<br>Na imensid\u00e3o<br>No infinito<br>Finito<br>Voa\u2026<br>Voa alto<br>Livre<br>Liberto<br>Sem algemas<br>Pensamento<br>Voa\u2026<br>Voa livre<br>Com asas<br>Grandes<br>No infinito<br>Voa\u2026<br>Sem pouso<br>Sem ninho<br>S\u00f3 Voa<br>Voa livre<br>Voa\u2026<br>Sem destino<br>Pensamento<br>Voa\u2026<br>Contemplando<br>A imensid\u00e3o<br>Voa\u2026<\/p>\n\n\n\n<p class=\"has-text-align-center\"><br><strong>Valdina Augusto de Souza<\/strong><\/p>\n\n\n\n<h3 class=\"wp-block-heading has-text-align-center\"><br>CONTATOS DA AUTORA<\/h3>\n\n\n\n<div class=\"wp-block-columns is-layout-flex wp-container-core-columns-is-layout-9d6595d7 wp-block-columns-is-layout-flex\">\n<div class=\"wp-block-column is-layout-flow wp-block-column-is-layout-flow\">\n<h4 class=\"wp-block-heading has-text-align-center has-blush-light-purple-gradient-background has-background\"><a href=\"http:\/\/(https:wa.me\/18988189492)\" target=\"_blank\" rel=\"noopener\" title=\"\">WhatsApp<\/a><\/h4>\n<\/div>\n\n\n\n<div class=\"wp-block-column is-layout-flow wp-block-column-is-layout-flow\">\n<h4 class=\"wp-block-heading has-text-align-center has-blush-light-purple-gradient-background has-background\"><a href=\"http:\/\/(https:\/\/www.facebook.com\/valdina.souza.3956)\" target=\"_blank\" rel=\"noopener\" title=\"\">Facebook<\/a><\/h4>\n<\/div>\n<\/div>\n\n\n\n<p>Voltar:&nbsp;<a href=\"http:\/\/www.jornalrol.com.br\/\">http:\/\/www.jornalrol.com.br<\/a><\/p>\n\n\n\n<p>Facebook:&nbsp;<a href=\"https:\/\/facebook.com\/JCulturalRol\/\">https:\/\/facebook.com\/JCulturalRol\/<\/a><\/p>\n","protected":false},"excerpt":{"rendered":"<p>Pensamento Voa\u2026 Voa livre na imensid\u00e3o. No Infinito finito voa\u2026 Voa alto, livre, liberto, sem algemas. Pensamento Voa\u2026 Voa livre com asas grandes. No infinito<\/p>\n","protected":false},"author":66,"featured_media":64450,"comment_status":"open","ping_status":"closed","sticky":false,"template":"","format":"standard","meta":{"_jetpack_newsletter_access":"","_jetpack_dont_email_post_to_subs":false,"_jetpack_newsletter_tier_id":0,"_jetpack_memberships_contains_paywalled_content":false,"_jetpack_memberships_contains_paid_content":false,"footnotes":""},"categories":[9285,58,1],"tags":[10931,11137,5084,11329,10968,6854,11328,9951],"class_list":["post-64445","post","type-post","status-publish","format-standard","has-post-thumbnail","hentry","category-literatura","category-poesias","category-sem-categoria","tag-imensidao","tag-infinito","tag-liberdade","tag-literatuta","tag-pensamento","tag-poesia","tag-valdira-santos","tag-voo"],"aioseo_notices":[],"views":1200,"jetpack_featured_media_url":"https:\/\/jornalrol.com.br\/wp-content\/uploads\/2024\/01\/ai-generated-8385433_1280.jpg","jetpack_sharing_enabled":true,"jetpack_likes_enabled":true,"jetpack-related-posts":[{"id":53015,"url":"https:\/\/jornalrol.com.br\/?p=53015","url_meta":{"origin":64445,"position":0},"title":"Ivete Rosa de Souza: &#039;Deixando o ninho&#039;","author":"Ivete Rosa de Souza","date":"16 de dezembro de 2022","format":false,"excerpt":"Deixando o ninho Como um passarinho Abriu as asas e partiu Voa passarinho, voa Vai construir outro ninho Com teu novo passarinho Sejas feliz ao voar Mas n\u00e3o te esque\u00e7as Por ti, meu amor e apre\u00e7o Sempre existir\u00e1 N\u00e3o tenha medo passarinho Vai, o mundo \u00e9 t\u00e3o grande Voa longe,\u2026","rel":"","context":"Em &quot;Comunica\u00e7\u00e3o&quot;","block_context":{"text":"Comunica\u00e7\u00e3o","link":"https:\/\/jornalrol.com.br\/?cat=7"},"img":{"alt_text":"","src":"https:\/\/i0.wp.com\/jornalrol.com.br\/wp-content\/uploads\/2022\/10\/24347a66-6eb5-4415-bdec-ba675151ace6-1-150x150.jpg?resize=350%2C200","width":350,"height":200},"classes":[]},{"id":53146,"url":"https:\/\/jornalrol.com.br\/?p=53146","url_meta":{"origin":64445,"position":1},"title":"Valdina Augusto de Souza: &#039;Sonhar&#039;","author":"Valdina Augusto de Souza","date":"28 de dezembro de 2022","format":false,"excerpt":"Sonhar Em campo Aberto Entre Rosas vermelhas E amarelas Andando... Correndo... Rodando Pensando! P\u00e9s descal\u00e7os Bra\u00e7os abertos Em paz Andando... Correndo... Rodando... Sonhando! Por entre Rosas vermelhas E amarelas Sentindo O suave Perfume Pensando Sonhando Voando... Em campo Aberto Por entre Flores E cores Andando Correndo Sonhando... Alma leve P\u00e9s\u2026","rel":"","context":"Em &quot;Comunica\u00e7\u00e3o&quot;","block_context":{"text":"Comunica\u00e7\u00e3o","link":"https:\/\/jornalrol.com.br\/?cat=7"},"img":{"alt_text":"Valdina Augusto de Souza","src":"https:\/\/i0.wp.com\/jornalrol.com.br\/wp-content\/uploads\/2022\/11\/286e9e1a-8c04-44bd-93d1-4a9b98596573.jpg?resize=350%2C200&ssl=1","width":350,"height":200,"srcset":"https:\/\/i0.wp.com\/jornalrol.com.br\/wp-content\/uploads\/2022\/11\/286e9e1a-8c04-44bd-93d1-4a9b98596573.jpg?resize=350%2C200&ssl=1 1x, https:\/\/i0.wp.com\/jornalrol.com.br\/wp-content\/uploads\/2022\/11\/286e9e1a-8c04-44bd-93d1-4a9b98596573.jpg?resize=525%2C300&ssl=1 1.5x"},"classes":[]},{"id":63081,"url":"https:\/\/jornalrol.com.br\/?p=63081","url_meta":{"origin":64445,"position":2},"title":"Vento","author":"Valdina Augusto de Souza","date":"16 de novembro de 2023","format":false,"excerpt":"Vento\u2026 Vento forte assopra, leva as folhas secas das \u00e1rvores. Folhas Voam\u2026 Assim como pensamento rumo ao infinito. Folhas secas parecem ter asas...","rel":"","context":"Em &quot;Literatura&quot;","block_context":{"text":"Literatura","link":"https:\/\/jornalrol.com.br\/?cat=9285"},"img":{"alt_text":"","src":"https:\/\/i0.wp.com\/jornalrol.com.br\/wp-content\/uploads\/2023\/11\/OIG-12.jpg?resize=350%2C200&ssl=1","width":350,"height":200,"srcset":"https:\/\/i0.wp.com\/jornalrol.com.br\/wp-content\/uploads\/2023\/11\/OIG-12.jpg?resize=350%2C200&ssl=1 1x, https:\/\/i0.wp.com\/jornalrol.com.br\/wp-content\/uploads\/2023\/11\/OIG-12.jpg?resize=525%2C300&ssl=1 1.5x, https:\/\/i0.wp.com\/jornalrol.com.br\/wp-content\/uploads\/2023\/11\/OIG-12.jpg?resize=700%2C400&ssl=1 2x"},"classes":[]},{"id":33427,"url":"https:\/\/jornalrol.com.br\/?p=33427","url_meta":{"origin":64445,"position":3},"title":"Magna Asp\u00e1sia Fontenelle: &#039;Voa, voa&#8230;&#039;","author":"Magna Aspasia Fontenelle","date":"27 de agosto de 2020","format":false,"excerpt":"Voa, voa... Andorinha solit\u00e1ria Voa por cima das cordilheiras Ao som do vento Deleita-se \u00a0 Com a beleza do horizonte Que se funde ao mar num azul profundo Pousa em maquis e garrigue Pra se alimentar \u00a0 Voa, voa livre Al\u00e9m do arco-\u00edris \u00c1guas e montanhas se entrela\u00e7am Entre passado\u2026","rel":"","context":"Em &quot;Comunica\u00e7\u00e3o&quot;","block_context":{"text":"Comunica\u00e7\u00e3o","link":"https:\/\/jornalrol.com.br\/?cat=7"},"img":{"alt_text":"","src":"https:\/\/i0.wp.com\/www.jornalrol.com.br\/wp-content\/uploads\/2020\/08\/IMG-20200718-WA0002-1-210x300.jpg?resize=350%2C200","width":350,"height":200},"classes":[]},{"id":67463,"url":"https:\/\/jornalrol.com.br\/?p=67463","url_meta":{"origin":64445,"position":4},"title":"N\u00e9voa","author":"Valdina Augusto de Souza","date":"15 de junho de 2024","format":false,"excerpt":"Caminhando por entre a n\u00e9voa fria, gelada, parece congelar o corpo. Mas ascender a alma traz lembran\u00e7as. Olhos atentos, vivos, Parecem cegar, turvar na imensid\u00e3o","rel":"","context":"Em &quot;Literatura&quot;","block_context":{"text":"Literatura","link":"https:\/\/jornalrol.com.br\/?cat=9285"},"img":{"alt_text":"Valdina Augusto de Souza","src":"https:\/\/i0.wp.com\/jornalrol.com.br\/wp-content\/uploads\/2023\/05\/Valdina-Augusto-de-Souza-1.jpg?resize=350%2C200","width":350,"height":200},"classes":[]},{"id":58972,"url":"https:\/\/jornalrol.com.br\/?p=58972","url_meta":{"origin":64445,"position":5},"title":"O tempo voa&#8230;","author":"Wanderson Reginaldo Monteiro","date":"18 de julho de 2023","format":false,"excerpt":"O tempo voa\u2026 Muitos desperdi\u00e7am a vida completamente \u00e0 toa, jogam fora todas as suas horas e dias, vivendo na ilus\u00e3o de que a sua vida \u00e9 boa. O tempo voa\u2026","rel":"","context":"Em &quot;Literatura&quot;","block_context":{"text":"Literatura","link":"https:\/\/jornalrol.com.br\/?cat=9285"},"img":{"alt_text":"","src":"https:\/\/i0.wp.com\/www.jornalrol.com.br\/wp-content\/uploads\/2023\/05\/Wanderson-Reginaldo-Monteiro.jpg?resize=350%2C200&ssl=1","width":350,"height":200},"classes":[]}],"_links":{"self":[{"href":"https:\/\/jornalrol.com.br\/index.php?rest_route=\/wp\/v2\/posts\/64445","targetHints":{"allow":["GET"]}}],"collection":[{"href":"https:\/\/jornalrol.com.br\/index.php?rest_route=\/wp\/v2\/posts"}],"about":[{"href":"https:\/\/jornalrol.com.br\/index.php?rest_route=\/wp\/v2\/types\/post"}],"author":[{"embeddable":true,"href":"https:\/\/jornalrol.com.br\/index.php?rest_route=\/wp\/v2\/users\/66"}],"replies":[{"embeddable":true,"href":"https:\/\/jornalrol.com.br\/index.php?rest_route=%2Fwp%2Fv2%2Fcomments&post=64445"}],"version-history":[{"count":6,"href":"https:\/\/jornalrol.com.br\/index.php?rest_route=\/wp\/v2\/posts\/64445\/revisions"}],"predecessor-version":[{"id":64462,"href":"https:\/\/jornalrol.com.br\/index.php?rest_route=\/wp\/v2\/posts\/64445\/revisions\/64462"}],"wp:featuredmedia":[{"embeddable":true,"href":"https:\/\/jornalrol.com.br\/index.php?rest_route=\/wp\/v2\/media\/64450"}],"wp:attachment":[{"href":"https:\/\/jornalrol.com.br\/index.php?rest_route=%2Fwp%2Fv2%2Fmedia&parent=64445"}],"wp:term":[{"taxonomy":"category","embeddable":true,"href":"https:\/\/jornalrol.com.br\/index.php?rest_route=%2Fwp%2Fv2%2Fcategories&post=64445"},{"taxonomy":"post_tag","embeddable":true,"href":"https:\/\/jornalrol.com.br\/index.php?rest_route=%2Fwp%2Fv2%2Ftags&post=64445"}],"curies":[{"name":"wp","href":"https:\/\/api.w.org\/{rel}","templated":true}]}}