{"id":64801,"date":"2024-03-05T09:17:27","date_gmt":"2024-03-05T12:17:27","guid":{"rendered":"https:\/\/jornalrol.com.br\/?p=64801"},"modified":"2024-03-05T09:18:45","modified_gmt":"2024-03-05T12:18:45","slug":"fenix","status":"publish","type":"post","link":"https:\/\/jornalrol.com.br\/?p=64801","title":{"rendered":"F\u00eanix"},"content":{"rendered":"<div class=\"pdfprnt-buttons pdfprnt-buttons-post pdfprnt-top-right\"><a href=\"https:\/\/jornalrol.com.br\/index.php?rest_route=%2Fwp%2Fv2%2Fposts%2F64801&print=pdf\" class=\"pdfprnt-button pdfprnt-button-pdf\" target=\"_blank\" ><\/a><a href=\"https:\/\/jornalrol.com.br\/index.php?rest_route=%2Fwp%2Fv2%2Fposts%2F64801&print=print\" class=\"pdfprnt-button pdfprnt-button-print\" target=\"_blank\" ><img decoding=\"async\" src=\"https:\/\/jornalrol.com.br\/wp-content\/plugins\/pdf-print\/images\/print.png\" alt=\"image_print\" title=\"Conte\u00fado de impress\u00e3o\" \/><\/a><\/div>\n<h2 class=\"wp-block-heading has-text-align-center\">Irene da Rocha: Poema &#8216;F\u00eanix&#8217;<br><br><\/h2>\n\n\n<div class=\"wp-block-image is-style-rounded\">\n<figure class=\"aligncenter size-full is-resized\"><img loading=\"lazy\" decoding=\"async\" width=\"837\" height=\"1024\" data-attachment-id=\"54498\" data-permalink=\"https:\/\/jornalrol.com.br\/?attachment_id=54498\" data-orig-file=\"https:\/\/jornalrol.com.br\/wp-content\/uploads\/2023\/04\/IMG-20230407-WA0087.jpg\" data-orig-size=\"837,1024\" data-comments-opened=\"0\" data-image-meta=\"{&quot;aperture&quot;:&quot;0&quot;,&quot;credit&quot;:&quot;&quot;,&quot;camera&quot;:&quot;&quot;,&quot;caption&quot;:&quot;&quot;,&quot;created_timestamp&quot;:&quot;0&quot;,&quot;copyright&quot;:&quot;&quot;,&quot;focal_length&quot;:&quot;0&quot;,&quot;iso&quot;:&quot;0&quot;,&quot;shutter_speed&quot;:&quot;0&quot;,&quot;title&quot;:&quot;&quot;,&quot;orientation&quot;:&quot;0&quot;}\" data-image-title=\"IMG-20230407-WA0087\" data-image-description=\"&lt;p&gt;Irene da Rocha&lt;\/p&gt;\n\" data-image-caption=\"&lt;p&gt;Irene da Rocha &lt;\/p&gt;\n\" data-large-file=\"https:\/\/jornalrol.com.br\/wp-content\/uploads\/2023\/04\/IMG-20230407-WA0087.jpg\" src=\"http:\/\/jornalrol.com.br\/wp-content\/uploads\/2023\/04\/IMG-20230407-WA0087.jpg\" alt=\"Irene da Rocha\" class=\"wp-image-54498\" style=\"width:101px;height:auto\"\/><figcaption class=\"wp-element-caption\">Irene da Rocha <\/figcaption><\/figure>\n<\/div>\n\n<div class=\"wp-block-image\">\n<figure class=\"aligncenter size-full is-resized\"><img loading=\"lazy\" decoding=\"async\" width=\"1024\" height=\"1024\" data-attachment-id=\"64802\" data-permalink=\"https:\/\/jornalrol.com.br\/?attachment_id=64802\" data-orig-file=\"https:\/\/jornalrol.com.br\/wp-content\/uploads\/2024\/03\/OIG1.QCTCaoNr4U.jpg\" data-orig-size=\"1024,1024\" data-comments-opened=\"1\" data-image-meta=\"{&quot;aperture&quot;:&quot;0&quot;,&quot;credit&quot;:&quot;&quot;,&quot;camera&quot;:&quot;&quot;,&quot;caption&quot;:&quot;&quot;,&quot;created_timestamp&quot;:&quot;0&quot;,&quot;copyright&quot;:&quot;&quot;,&quot;focal_length&quot;:&quot;0&quot;,&quot;iso&quot;:&quot;0&quot;,&quot;shutter_speed&quot;:&quot;0&quot;,&quot;title&quot;:&quot;&quot;,&quot;orientation&quot;:&quot;0&quot;}\" data-image-title=\"OIG1.QCTCaoNr4U\" data-image-description=\"\" data-image-caption=\"\" data-large-file=\"https:\/\/jornalrol.com.br\/wp-content\/uploads\/2024\/03\/OIG1.QCTCaoNr4U.jpg\" src=\"https:\/\/jornalrol.com.br\/wp-content\/uploads\/2024\/03\/OIG1.QCTCaoNr4U.jpg\" alt=\"A imortal F\u00eanix, ressurgindo das cinzas\" class=\"wp-image-64802\" style=\"width:369px;height:auto\" srcset=\"https:\/\/jornalrol.com.br\/wp-content\/uploads\/2024\/03\/OIG1.QCTCaoNr4U.jpg 1024w, https:\/\/jornalrol.com.br\/wp-content\/uploads\/2024\/03\/OIG1.QCTCaoNr4U-600x600.jpg 600w, https:\/\/jornalrol.com.br\/wp-content\/uploads\/2024\/03\/OIG1.QCTCaoNr4U-768x768.jpg 768w\" sizes=\"auto, (max-width: 1024px) 100vw, 1024px\" \/><figcaption class=\"wp-element-caption\">A imortal F\u00eanix, ressurgindo das cinzas<br><em>Microsoft Bing &#8211; Imagem criada pelo Designer<\/em><\/figcaption><\/figure>\n<\/div>\n\n\n<p class=\"has-text-align-center\">Nas asas da eternidade, a f\u00eanix voa,<br>Lend\u00e1ria criatura que o tempo esvoa\u00e7a.<br>Da mitologia grega, sua hist\u00f3ria ecoa,<br>Autocombust\u00e3o, renascimento que apraz.<\/p>\n\n\n\n<p class=\"has-text-align-center\">Ciclos de vida, cada um espet\u00e1culo,<br>Em chamas ardentes, renasce ela ent\u00e3o.<br>S\u00edmbolo de imortalidade, num voo espet\u00e1culo,<br>Nas cinzas ressurgindo, alma em expans\u00e3o.<\/p>\n\n\n\n<p class=\"has-text-align-center\">Do Oriente \u00e0 Gr\u00e9cia, seu mito se espalha,<br>Em cada chama, um eco de sua magia.<br>F\u00eanix, ave da alma, cuja luz n\u00e3o falha,<br>No ciclo sem fim, sua ess\u00eancia irradia.<\/p>\n\n\n\n<p class=\"has-text-align-center\">Em versos e em cantos, seu nome ecoa,<br>Poetas e bardos tecem sua can\u00e7\u00e3o.<br>Da vida e da morte, a f\u00eanix carrega a joia,<br>Imortalidade em sua pr\u00f3pria ascens\u00e3o.<\/p>\n\n\n\n<p class=\"has-text-align-center\">No c\u00e9u infinito, seu voo desafia,<br>As estrelas testemunham sua jornada.<br>Entre o fogo e a cinza, ela se cria,<br>Na eternidade, sua hist\u00f3ria \u00e9 contada.<\/p>\n\n\n\n<p class=\"has-text-align-center\"><br><strong>Irene Rocha<\/strong><\/p>\n\n\n\n<h3 class=\"wp-block-heading has-text-align-center\"><br>Contatos com a autora<\/h3>\n\n\n\n<div class=\"wp-block-columns is-layout-flex wp-container-core-columns-is-layout-9d6595d7 wp-block-columns-is-layout-flex\">\n<div class=\"wp-block-column is-layout-flow wp-block-column-is-layout-flow\">\n<h4 class=\"wp-block-heading has-text-align-center has-blush-light-purple-gradient-background has-background\"><a href=\"https:\/\/www.facebook.comdra.irenerochafono?locale=pt_BR\" target=\"_blank\" rel=\"noopener\" title=\"Facebook\">Facebook<\/a><\/h4>\n<\/div>\n\n\n\n<div class=\"wp-block-column is-layout-flow wp-block-column-is-layout-flow\">\n<h4 class=\"wp-block-heading has-text-align-center has-blush-light-purple-gradient-background has-background\"><a href=\"https:\/\/wa.me\/12981504242\" title=\"WhatsApp\">WhatsApp<\/a><\/h4>\n<\/div>\n<\/div>\n\n\n\n<p>Voltar: <a href=\"http:\/\/www.jornalrol.com.br\" title=\"\">http:\/\/www.jornalrol.com.br<\/a><\/p>\n\n\n\n<p>Facebook: <a href=\"https:\/\/facebook.com\/JCulturalRol\/\" title=\"\">https:\/\/facebook.com\/JCulturalRol\/<\/a><\/p>\n","protected":false},"excerpt":{"rendered":"<p>Nas asas da eternidade, a f\u00eanix voa. Lend\u00e1ria criatura que o tempo esvoa\u00e7a. Da mitologia grega, sua hist\u00f3ria ecoa, autocombust\u00e3o, renascimento que apraz.<\/p>\n","protected":false},"author":55,"featured_media":64802,"comment_status":"open","ping_status":"closed","sticky":false,"template":"","format":"standard","meta":{"_jetpack_newsletter_access":"","_jetpack_dont_email_post_to_subs":false,"_jetpack_newsletter_tier_id":0,"_jetpack_memberships_contains_paywalled_content":false,"_jetpack_memberships_contains_paid_content":false,"footnotes":""},"categories":[9285,58],"tags":[3792,11426,11262,7465,9951],"class_list":["post-64801","post","type-post","status-publish","format-standard","has-post-thumbnail","hentry","category-literatura","category-poesias","tag-fenix","tag-imortalidade","tag-luz","tag-renascimento","tag-voo"],"aioseo_notices":[],"views":4059,"jetpack_featured_media_url":"https:\/\/jornalrol.com.br\/wp-content\/uploads\/2024\/03\/OIG1.QCTCaoNr4U.jpg","jetpack_sharing_enabled":true,"jetpack_likes_enabled":true,"jetpack-related-posts":[{"id":9053,"url":"https:\/\/jornalrol.com.br\/?p=9053","url_meta":{"origin":64801,"position":0},"title":"S\u00f4nyah Moreira: &#039;Renascimento!&#039;","author":"Sergio Diniz da Costa","date":"29 de mar\u00e7o de 2017","format":false,"excerpt":"S\u00f4nyah Moreira: 'Renascimento!' \u00a0 A Gr\u00e9cia antiga, al\u00e9m de sua filosofia, legou-nos uma complexa e exuberante mitologia. \u00a0 Dentre elas, a da F\u00eanix, c\u00e9lebre ave que, quando morria, entrava em autocombust\u00e3o e, passado algum tempo, renascia das pr\u00f3prias cinzas. \u00a0 De acordo com a narrativa mitol\u00f3gica, a F\u00eanix teria penas\u2026","rel":"","context":"Em &quot;Comunica\u00e7\u00e3o&quot;","block_context":{"text":"Comunica\u00e7\u00e3o","link":"https:\/\/jornalrol.com.br\/?cat=7"},"img":{"alt_text":"","src":"https:\/\/i0.wp.com\/www.jornalrol.com.br\/wp-content\/uploads\/2017\/01\/sontah-moreira.jpg?resize=350%2C200","width":350,"height":200},"classes":[]},{"id":45819,"url":"https:\/\/jornalrol.com.br\/?p=45819","url_meta":{"origin":64801,"position":1},"title":"Gabriela Lopes: &#039;Como uma F\u00eanix&#039;","author":"Gabriela Lopes dos Santos","date":"23 de outubro de 2021","format":false,"excerpt":"Como uma F\u00eanix Ela sabia bem! Aquele mito... A ave de plumas douradas, em chamas; estava por surgir. Era apenas quest\u00e3o de tempo. O mito personificou-se. Algumas cinzas pairavam em volta da estrutura que se matinha de p\u00e9, mas a madrugada encerrava-se. Era apenas quest\u00e3o de tempo. Inevitavelmente o sol\u2026","rel":"","context":"Em &quot;Comunica\u00e7\u00e3o&quot;","block_context":{"text":"Comunica\u00e7\u00e3o","link":"https:\/\/jornalrol.com.br\/?cat=7"},"img":{"alt_text":"","src":"https:\/\/i0.wp.com\/www.jornalrol.com.br\/wp-content\/uploads\/2021\/04\/WhatsApp-Image-2021-04-19-at-12.13.01-181x300.jpeg?resize=350%2C200","width":350,"height":200},"classes":[]},{"id":64917,"url":"https:\/\/jornalrol.com.br\/?p=64917","url_meta":{"origin":64801,"position":2},"title":"Somos mulheres!","author":"Sandra Albuquerque","date":"8 de mar\u00e7o de 2024","format":false,"excerpt":"Somos mulheres. E por este fato, j\u00e1 somos muito importantes. Cada mulher tem um toque especial: preta, loira, ruiva, oriental\u2026 N\u00e3o importa. Somos mulheres...","rel":"","context":"Em &quot;Literatura&quot;","block_context":{"text":"Literatura","link":"https:\/\/jornalrol.com.br\/?cat=9285"},"img":{"alt_text":"\"Mulheres s\u00e3o como a f\u00eanix que renasce das cinzas, arte digital\".","src":"https:\/\/i0.wp.com\/jornalrol.com.br\/wp-content\/uploads\/2024\/03\/OIG3-2.jpg?resize=350%2C200&ssl=1","width":350,"height":200,"srcset":"https:\/\/i0.wp.com\/jornalrol.com.br\/wp-content\/uploads\/2024\/03\/OIG3-2.jpg?resize=350%2C200&ssl=1 1x, https:\/\/i0.wp.com\/jornalrol.com.br\/wp-content\/uploads\/2024\/03\/OIG3-2.jpg?resize=525%2C300&ssl=1 1.5x, https:\/\/i0.wp.com\/jornalrol.com.br\/wp-content\/uploads\/2024\/03\/OIG3-2.jpg?resize=700%2C400&ssl=1 2x"},"classes":[]},{"id":31183,"url":"https:\/\/jornalrol.com.br\/?p=31183","url_meta":{"origin":64801,"position":3},"title":"No time do Jornal Cultural ROL, mais um craque liter\u00e1rio: Brunno Schwabenland!","author":"Sergio Diniz da Costa","date":"22 de abril de 2020","format":false,"excerpt":"\u00a0Professor, pedagogo, te\u00f3logo, escritor e jornalista: Brunno Schwabenland \u00e9 o mais novo colunista do ROL! Brunno Schwabenland (Bruno Schwabenland Ramos), 39, natural de S\u00e3o Gon\u00e7alo (RJ), \u00e9. Atualmente est\u00e1 fazendo licenciatura de Hist\u00f3ria, pela modalidade Ead.\u00a0 Na \u00e1rea de educa\u00e7\u00e3o fez algumas p\u00f3s-gradua\u00e7\u00f5es. Na \u00e1rea liter\u00e1ria participou de algumas antologias\u2026","rel":"","context":"Em &quot;Comunica\u00e7\u00e3o&quot;","block_context":{"text":"Comunica\u00e7\u00e3o","link":"https:\/\/jornalrol.com.br\/?cat=7"},"img":{"alt_text":"","src":"https:\/\/i0.wp.com\/www.jornalrol.com.br\/wp-content\/uploads\/2020\/04\/FOTO-DE-PERFIL-300x258.jpg?resize=350%2C200","width":350,"height":200},"classes":[]},{"id":33427,"url":"https:\/\/jornalrol.com.br\/?p=33427","url_meta":{"origin":64801,"position":4},"title":"Magna Asp\u00e1sia Fontenelle: &#039;Voa, voa&#8230;&#039;","author":"Magna Aspasia Fontenelle","date":"27 de agosto de 2020","format":false,"excerpt":"Voa, voa... Andorinha solit\u00e1ria Voa por cima das cordilheiras Ao som do vento Deleita-se \u00a0 Com a beleza do horizonte Que se funde ao mar num azul profundo Pousa em maquis e garrigue Pra se alimentar \u00a0 Voa, voa livre Al\u00e9m do arco-\u00edris \u00c1guas e montanhas se entrela\u00e7am Entre passado\u2026","rel":"","context":"Em &quot;Comunica\u00e7\u00e3o&quot;","block_context":{"text":"Comunica\u00e7\u00e3o","link":"https:\/\/jornalrol.com.br\/?cat=7"},"img":{"alt_text":"","src":"https:\/\/i0.wp.com\/www.jornalrol.com.br\/wp-content\/uploads\/2020\/08\/IMG-20200718-WA0002-1-210x300.jpg?resize=350%2C200","width":350,"height":200},"classes":[]},{"id":38422,"url":"https:\/\/jornalrol.com.br\/?p=38422","url_meta":{"origin":64801,"position":5},"title":"Sandra Albuquerque: &#039;Os olhos de uma mulher&#039;","author":"Sandra Albuquerque","date":"8 de mar\u00e7o de 2021","format":false,"excerpt":"Os olhos de uma mulher Os olhos de uma mulher Definem o interior Escondem raros segredos Dos desejos ao desamor. Falam por si mesmos Desnudando as entranhas da alma E na calada da noite refletem O brilho da paz e da calma. Os olhos de uma mulher Despertam amor e\u2026","rel":"","context":"Em &quot;Comunica\u00e7\u00e3o&quot;","block_context":{"text":"Comunica\u00e7\u00e3o","link":"https:\/\/jornalrol.com.br\/?cat=7"},"img":{"alt_text":"","src":"https:\/\/i0.wp.com\/jornalrol.com.br\/wp-content\/uploads\/2021\/03\/IMG-20210308-WA0129.jpg?resize=350%2C200&ssl=1","width":350,"height":200,"srcset":"https:\/\/i0.wp.com\/jornalrol.com.br\/wp-content\/uploads\/2021\/03\/IMG-20210308-WA0129.jpg?resize=350%2C200&ssl=1 1x, https:\/\/i0.wp.com\/jornalrol.com.br\/wp-content\/uploads\/2021\/03\/IMG-20210308-WA0129.jpg?resize=525%2C300&ssl=1 1.5x, https:\/\/i0.wp.com\/jornalrol.com.br\/wp-content\/uploads\/2021\/03\/IMG-20210308-WA0129.jpg?resize=700%2C400&ssl=1 2x"},"classes":[]}],"_links":{"self":[{"href":"https:\/\/jornalrol.com.br\/index.php?rest_route=\/wp\/v2\/posts\/64801","targetHints":{"allow":["GET"]}}],"collection":[{"href":"https:\/\/jornalrol.com.br\/index.php?rest_route=\/wp\/v2\/posts"}],"about":[{"href":"https:\/\/jornalrol.com.br\/index.php?rest_route=\/wp\/v2\/types\/post"}],"author":[{"embeddable":true,"href":"https:\/\/jornalrol.com.br\/index.php?rest_route=\/wp\/v2\/users\/55"}],"replies":[{"embeddable":true,"href":"https:\/\/jornalrol.com.br\/index.php?rest_route=%2Fwp%2Fv2%2Fcomments&post=64801"}],"version-history":[{"count":2,"href":"https:\/\/jornalrol.com.br\/index.php?rest_route=\/wp\/v2\/posts\/64801\/revisions"}],"predecessor-version":[{"id":64805,"href":"https:\/\/jornalrol.com.br\/index.php?rest_route=\/wp\/v2\/posts\/64801\/revisions\/64805"}],"wp:featuredmedia":[{"embeddable":true,"href":"https:\/\/jornalrol.com.br\/index.php?rest_route=\/wp\/v2\/media\/64802"}],"wp:attachment":[{"href":"https:\/\/jornalrol.com.br\/index.php?rest_route=%2Fwp%2Fv2%2Fmedia&parent=64801"}],"wp:term":[{"taxonomy":"category","embeddable":true,"href":"https:\/\/jornalrol.com.br\/index.php?rest_route=%2Fwp%2Fv2%2Fcategories&post=64801"},{"taxonomy":"post_tag","embeddable":true,"href":"https:\/\/jornalrol.com.br\/index.php?rest_route=%2Fwp%2Fv2%2Ftags&post=64801"}],"curies":[{"name":"wp","href":"https:\/\/api.w.org\/{rel}","templated":true}]}}